{"id":353632,"date":"2025-08-30T03:25:17","date_gmt":"2025-08-30T03:25:17","guid":{"rendered":"https:\/\/www.europesays.com\/fr\/353632\/"},"modified":"2025-08-30T03:25:17","modified_gmt":"2025-08-30T03:25:17","slug":"fermeture-de-lespace-muraille-apres-le-suicide-deric-freymond","status":"publish","type":"post","link":"https:\/\/www.europesays.com\/fr\/353632\/","title":{"rendered":"Fermeture de l&rsquo;Espace Muraille apr\u00e8s le suicide d&rsquo;\u00c9ric Freymond"},"content":{"rendered":"<p>\u00ab\u00a0Espace Muraille, apr\u00e8s plus de dix ans d\u2019activit\u00e9 consacr\u00e9s \u00e0 des expositions d\u2019art contemporain et \u00e0 de multiples manifestations culturelles, a le regret de vous informer que sa porte sera d\u00e9sormais d\u00e9finitivement close.\u00a0\u00bb C&rsquo;est en ces mots que Caroline Freymond a annonc\u00e9 par mail le 25 ao\u00fbt la fin de l&rsquo;aventure de cette galerie d&rsquo;art lanc\u00e9e en 2014 avec son mari \u00c9ric. Alors que la pause estivale s&rsquo;annon\u00e7ait du 15 juillet au 19 ao\u00fbt, la d\u00e9cision pr\u00e9cipit\u00e9e intervient apr\u00e8s le suicide d&rsquo;\u00c9ric Freymond le 23 juillet non loin de leur ch\u00e2let de\u2026<\/p>\n","protected":false},"excerpt":{"rendered":"\u00ab\u00a0Espace Muraille, apr\u00e8s plus de dix ans d\u2019activit\u00e9 consacr\u00e9s \u00e0 des expositions d\u2019art contemporain et \u00e0 de multiples&hellip;\n","protected":false},"author":2,"featured_media":353633,"comment_status":"","ping_status":"","sticky":false,"template":"","format":"standard","meta":{"footnotes":""},"categories":[1358],"tags":[1348,1384,1385,49000,1386,58,59,49001,13407,1011,27,10868],"class_list":{"0":"post-353632","1":"post","2":"type-post","3":"status-publish","4":"format-standard","5":"has-post-thumbnail","7":"category-arts-et-design","8":"tag-arts","9":"tag-arts-and-design","10":"tag-arts-et-design","11":"tag-caroline-freymond","12":"tag-design","13":"tag-divertissement","14":"tag-entertainment","15":"tag-espace-muraille","16":"tag-fermeture","17":"tag-fr","18":"tag-france","19":"tag-geneve"},"share_on_mastodon":{"url":"https:\/\/pubeurope.com\/@fr\/115115584588143822","error":""},"_links":{"self":[{"href":"https:\/\/www.europesays.com\/fr\/wp-json\/wp\/v2\/posts\/353632","targetHints":{"allow":["GET"]}}],"collection":[{"href":"https:\/\/www.europesays.com\/fr\/wp-json\/wp\/v2\/posts"}],"about":[{"href":"https:\/\/www.europesays.com\/fr\/wp-json\/wp\/v2\/types\/post"}],"author":[{"embeddable":true,"href":"https:\/\/www.europesays.com\/fr\/wp-json\/wp\/v2\/users\/2"}],"replies":[{"embeddable":true,"href":"https:\/\/www.europesays.com\/fr\/wp-json\/wp\/v2\/comments?post=353632"}],"version-history":[{"count":0,"href":"https:\/\/www.europesays.com\/fr\/wp-json\/wp\/v2\/posts\/353632\/revisions"}],"wp:featuredmedia":[{"embeddable":true,"href":"https:\/\/www.europesays.com\/fr\/wp-json\/wp\/v2\/media\/353633"}],"wp:attachment":[{"href":"https:\/\/www.europesays.com\/fr\/wp-json\/wp\/v2\/media?parent=353632"}],"wp:term":[{"taxonomy":"category","embeddable":true,"href":"https:\/\/www.europesays.com\/fr\/wp-json\/wp\/v2\/categories?post=353632"},{"taxonomy":"post_tag","embeddable":true,"href":"https:\/\/www.europesays.com\/fr\/wp-json\/wp\/v2\/tags?post=353632"}],"curies":[{"name":"wp","href":"https:\/\/api.w.org\/{rel}","templated":true}]}}