{"id":353634,"date":"2025-08-30T03:26:28","date_gmt":"2025-08-30T03:26:28","guid":{"rendered":"https:\/\/www.europesays.com\/fr\/353634\/"},"modified":"2025-08-30T03:26:28","modified_gmt":"2025-08-30T03:26:28","slug":"pierre-andre-comte-raconte-son-roland-beguelin-dans-un-livre","status":"publish","type":"post","link":"https:\/\/www.europesays.com\/fr\/353634\/","title":{"rendered":"Pierre-Andr\u00e9 Comte raconte \u00ab son \u00bb Roland B\u00e9guelin dans un livre"},"content":{"rendered":"<p>Pierre-Andr\u00e9 Comte livre son regard sur Roland B\u00e9guelin dans un livre. Le secr\u00e9taire g\u00e9n\u00e9ral du Mouvement autonomiste jurassien (MAJ) consacre un ouvrage \u00e0 l\u2019homme d\u00e9c\u00e9d\u00e9 en 1993 et qui a incarn\u00e9 la lutte des Jurassiens pour leur ind\u00e9pendance cantonale. Le livre \u00ab Roland B\u00e9guelin, P\u00e8re de la Patrie, ma\u00eetre bienveillant \u00bb est paru aux \u00e9ditions D+P. \u00ab Le livre ne pr\u00e9tend pas \u00eatre un livre d\u2019histoire ni une biographie au sens classique \u00bb, selon Pierre-Andr\u00e9 Comte qui a voulu, avant tout, livrer \u00ab un t\u00e9moignage personnel \u00bb issu de ses exp\u00e9riences avec celui qui a \u00e9t\u00e9 secr\u00e9taire g\u00e9n\u00e9ral du Rassemblement jurassien (RJ) et \u00e0 qui il a succ\u00e9d\u00e9. L\u2019ancien maire de Vellerat a ainsi cherch\u00e9 \u00e0 \u00ab saisir l\u2019homme derri\u00e8re la figure publique \u00bb. Le livre r\u00e9v\u00e8le \u00ab un visage souvent m\u00e9connu \u00bb de Roland B\u00e9guelin avec, notamment, \u00ab ses gestes simples, ses paroles attentives, sa fermet\u00e9 tranquille, sa capacit\u00e9 \u00e0 \u00e9couter et \u00e0 encourager \u00bb. L\u2019ouvrage compte 125 pages et est divis\u00e9 en une quinzaine de courts r\u00e9cits. Pierre-Andr\u00e9 Comte indique que Roland B\u00e9guelin \u00e9tait \u00ab quelqu\u2019un de tr\u00e8s humain, de tr\u00e8s humaniste et n\u2019\u00e9tait pas celui qu\u2019on a souvent d\u00e9peint comme quelqu\u2019un de hautain et de distant \u00bb. \u00ab C\u2019\u00e9tait un homme qui savait jouir des bienfaits de la vie, qui \u00e9tait un \u00e9picurien discret, qui aimait rire, qui aimait t\u00e9moigner de son attachement \u00e0 ses proches, \u00e0 sa femme \u00bb, souligne le secr\u00e9taire g\u00e9n\u00e9ral du Mouvement autonomiste jurassien. <\/p>\n<p>Dans son livre, Pierre-Andr\u00e9 Comte raconte \u00e9galement quelques anecdotes personnelles v\u00e9cues en compagnie de Roland B\u00e9guelin. Il \u00e9voque ainsi un d\u00e9placement au motocross d\u2019Ederswiler en 1985, alors qu\u2019il \u00e9tait question d\u2019\u00e9changer la commune germanophone avec celle de Vellerat qui cherchait \u00e0 rejoindre le canton du Jura. Pierre-Andr\u00e9 Comte relate aussi la mani\u00e8re dont Roland B\u00e9guelin avait accueilli &#8211; et copieusement corrig\u00e9 &#8211; son premier texte destin\u00e9 \u00e0 \u00eatre publi\u00e9 dans \u00ab Le Jura Libre \u00bb. De m\u00eame, il raconte sa premi\u00e8re rencontre avec celui qui \u00e9tait le secr\u00e9taire g\u00e9n\u00e9ral du Rassemblement jurassien. C\u2019\u00e9tait en 1979 et Pierre-Andr\u00e9 Comte \u00e9tait alors secr\u00e9taire communal de Vellerat et Roland B\u00e9guelin lui avait imm\u00e9diatement demand\u00e9 s\u2019il songeait \u00e0 devenir maire de la commune\u2026 \u00ab Il avait tout de suite compris l\u2019int\u00e9r\u00eat que la revendication de Vellerat avait pour le Rassemblement jurassien (\u2026) qui devait \u00eatre aussi un levier pour continuer le combat dans le Jura m\u00e9ridional \u00bb, rel\u00e8ve Pierre-Andr\u00e9 Comte. <\/p>\n<p>Le livre de Pierre-Andr\u00e9 Comte, \u00ab Roland B\u00e9guelin, P\u00e8re de la Patrie, ma\u00eetre bienveillant \u00bb, sera disponible lors de la prochaine F\u00eate du peuple jurassien, du 5 au 7 septembre. Il est d\u2019ores et d\u00e9j\u00e0 en vente \u00e0 la librairie Page d\u2019Encre, \u00e0 Del\u00e9mont. \/comm-fco<\/p>\n","protected":false},"excerpt":{"rendered":"Pierre-Andr\u00e9 Comte livre son regard sur Roland B\u00e9guelin dans un livre. Le secr\u00e9taire g\u00e9n\u00e9ral du Mouvement autonomiste jurassien&hellip;\n","protected":false},"author":2,"featured_media":353635,"comment_status":"","ping_status":"","sticky":false,"template":"","format":"standard","meta":{"footnotes":""},"categories":[1357],"tags":[1829,1832,1836,1379,1827,58,59,1011,27,1830,1831,1826,1844,1840,1380,1839,1841,1838,1843,1828,1834,1825,1833,1822,1823,1824,1837,1835,1842],"class_list":{"0":"post-353634","1":"post","2":"type-post","3":"status-publish","4":"format-standard","5":"has-post-thumbnail","7":"category-livres","8":"tag-ajoie","9":"tag-animation","10":"tag-bienne","11":"tag-books","12":"tag-delemont","13":"tag-divertissement","14":"tag-entertainment","15":"tag-fr","16":"tag-france","17":"tag-franches-montagnes","18":"tag-frequence","19":"tag-jura","20":"tag-jura-bernois","21":"tag-la-chaux-de-fonds","22":"tag-livres","23":"tag-moutier","24":"tag-neuchatel","25":"tag-neuveville","26":"tag-payerne","27":"tag-porrentruy","28":"tag-publicite","29":"tag-radio","30":"tag-redaction","31":"tag-rfj","32":"tag-rjb","33":"tag-rtn","34":"tag-tavannes","35":"tag-vallon-de-st-imier","36":"tag-yverdon"},"share_on_mastodon":{"url":"https:\/\/pubeurope.com\/@fr\/115115588536489460","error":""},"_links":{"self":[{"href":"https:\/\/www.europesays.com\/fr\/wp-json\/wp\/v2\/posts\/353634","targetHints":{"allow":["GET"]}}],"collection":[{"href":"https:\/\/www.europesays.com\/fr\/wp-json\/wp\/v2\/posts"}],"about":[{"href":"https:\/\/www.europesays.com\/fr\/wp-json\/wp\/v2\/types\/post"}],"author":[{"embeddable":true,"href":"https:\/\/www.europesays.com\/fr\/wp-json\/wp\/v2\/users\/2"}],"replies":[{"embeddable":true,"href":"https:\/\/www.europesays.com\/fr\/wp-json\/wp\/v2\/comments?post=353634"}],"version-history":[{"count":0,"href":"https:\/\/www.europesays.com\/fr\/wp-json\/wp\/v2\/posts\/353634\/revisions"}],"wp:featuredmedia":[{"embeddable":true,"href":"https:\/\/www.europesays.com\/fr\/wp-json\/wp\/v2\/media\/353635"}],"wp:attachment":[{"href":"https:\/\/www.europesays.com\/fr\/wp-json\/wp\/v2\/media?parent=353634"}],"wp:term":[{"taxonomy":"category","embeddable":true,"href":"https:\/\/www.europesays.com\/fr\/wp-json\/wp\/v2\/categories?post=353634"},{"taxonomy":"post_tag","embeddable":true,"href":"https:\/\/www.europesays.com\/fr\/wp-json\/wp\/v2\/tags?post=353634"}],"curies":[{"name":"wp","href":"https:\/\/api.w.org\/{rel}","templated":true}]}}