{"id":353640,"date":"2025-08-30T03:29:18","date_gmt":"2025-08-30T03:29:18","guid":{"rendered":"https:\/\/www.europesays.com\/fr\/353640\/"},"modified":"2025-08-30T03:29:18","modified_gmt":"2025-08-30T03:29:18","slug":"avec-ces-changements-nous-nous-ouvrons-a-plus-de-possibilites-le-cinema-de-la-rochefoucauld-fait-le-plein-de-nouveautes","status":"publish","type":"post","link":"https:\/\/www.europesays.com\/fr\/353640\/","title":{"rendered":"\u00ab\u00a0Avec ces changements nous nous ouvrons \u00e0 plus de possibilit\u00e9s\u00a0\u00bb\u00a0: le cin\u00e9ma de La Rochefoucauld fait le plein de nouveaut\u00e9s"},"content":{"rendered":"<p>Parmi les principales nouveaut\u00e9s, le passage de quatre films par semaine \u00e0 huit voire dix films. Avec comme objectif d\u2019augmenter dans le m\u00eame temps le nombre de s\u00e9ances, en proposant des s\u00e9ances de rattrapage pour certains films.<\/p>\n<p>\u00ab\u00a0Nous essayons ainsi, en diversifiant la programmation de toucher un public plus large. Pour que chacun trouve un film qui lui corresponde. Nous n\u2019allons plus garder la s\u00e9ance jeunesse hebdomadaire de fa\u00e7on automatique si aucun film ne le justifie, on aura plus de libert\u00e9\u00a0\u00bb, d\u00e9taille le directeur soutenu par le comit\u00e9 de <a href=\"https:\/\/www.crcatb.fr\/\" target=\"_blank\" rel=\"nofollow noopener\">programmation du CRCATB<\/a> qui d\u00e9bat et fait des propositions sur les films \u00e0 mettre \u00e0 l\u2019affiche. Ainsi les s\u00e9ances du mercredi et samedi apr\u00e8s-midi ne seront plus exclusivement des s\u00e9ances r\u00e9serv\u00e9es aux plus jeunes. Elles pourront se rattraper pendant les vacances scolaires, et pendant certaines s\u00e9ances le samedi matin pour les plus petits.<\/p>\n<p>Autre nouveaut\u00e9 de taille\u00a0: une fois par mois, le cin\u00e9ma propose \u00e0 son public de le surprendre avec une s\u00e9ance surprise. Les cin\u00e9philes ne d\u00e9couvriront le titre du film qu\u2019ils viennent voir, qu\u2019une fois install\u00e9s dans leurs fauteuils. Une autre nouveaut\u00e9 est la modification de certains horaires. Ainsi les s\u00e9ances du soir resteront, quelle que soit la saison, fix\u00e9es \u00e0 20h30 et la s\u00e9ance du dimanche apr\u00e8s-midi, sera, elle, d\u00e9sormais \u00e0 16h.<\/p>\n<p>    La r\u00e9daction vous conseille<\/p>\n<p>Vers un nouveau label\u00a0?<\/p>\n<p>\u00ab\u00a0Avec ces changements nous nous ouvrons \u00e0 plus de possibilit\u00e9s, avec peut-\u00eatre plus de films en sortie nationale, ou de films patrimoine (films sortis il y a plus de dix ans, NDLR). Le but de tout \u00e7a c\u2019est de donner un coup de boost au cin\u00e9ma. Mais il faut encore changer certaines choses\u00a0\u00bb, confie Antoine Pasquereau. Le cin\u00e9ma, qui, ne b\u00e9n\u00e9ficie, \u00e0 ce jour, d\u2019aucune aide ou subvention de la mairie, peut compter sur les b\u00e9n\u00e9voles du CRCATB et l\u2019engagement de son directeur d\u2019exploitation, passionn\u00e9 de cin\u00e9ma, pour assurer la p\u00e9rennit\u00e9 du lieu et s\u2019adapter aux d\u00e9sirs du public.<\/p>\n<p>Le cin\u00e9ma qui jouit d\u00e9j\u00e0 des <a href=\"https:\/\/www.art-et-essai.org\/7\/le-classement-des-salles\" target=\"_blank\" rel=\"nofollow noopener\">labels Patrimoine, Art et Essai et Jeunesse<\/a>, pense \u00e0 obtenir le label 15-25\u00a0ans. \u00ab\u00a0C\u2019est un public plus difficile \u00e0 motiver pour venir au cin\u00e9ma, c\u2019est celui qui est plut\u00f4t de la g\u00e9n\u00e9ration plateformes et s\u00e9ries. Le but serait d\u2019avoir un petit comit\u00e9 d\u2019\u00e9l\u00e8ves qui travailleraient \u00e0 la programmation ou aux animations par exemple\u00a0\u00bb, d\u00e9taille le directeur qui rencontrait ce vendredi les \u00e9l\u00e8ves du coll\u00e8ge de La Rochefoucauld.<\/p>\n<p>    Les temps forts \u00e0 venir<br \/>\nJeudi 4\u00a0septembre \u00e0 21h\u00a0: projection du film prim\u00e9 du \u00ab\u00a0Valois des \u00e9tudiants\u00a0\u00bb du FFA 2025. Au tarif unique de 4\u20ac.<br \/>\nMardi 9\u00a0septembre \u00e0 20h30\u00a0: un nouveau rendez-vous mensuel fait son apparition au cin\u00e9ma. Chaque mois, en avant-premi\u00e8re un film surprise est choisi par l\u2019\u00e9quipe du cin\u00e9ma parmi une s\u00e9lection de films Art et Essai.<br \/>\nCin\u00e9 R\u00e9tro\u00a0: Deux films de patrimoine sont \u00e0 l\u2019affiche. \u00ab\u00a0Yi Yi\u00a0\u00bb le vendredi 12\u00a0septembre \u00e0 20h30 et \u00ab\u00a0Entre le ciel et l\u2019enfer\u00a0\u00bb le samedi 27\u00a0septembre \u00e0 15h. Ces films seront au tarif unique de 4\u20ac.<br \/>\nSamedi 13\u00a0septembre \u00e0 11h\u00a0: mise en place des Cin\u00e9-M\u00f4mes, des projections matinales \u00e0 l\u2019attention des 3\u00a0ans et plus. Pour cette premi\u00e8re ce sera le film \u00ab\u00a0Sens dessus dessous\u00a0\u00bb.<\/p>\n","protected":false},"excerpt":{"rendered":"Parmi les principales nouveaut\u00e9s, le passage de quatre films par semaine \u00e0 huit voire dix films. Avec comme&hellip;\n","protected":false},"author":2,"featured_media":353641,"comment_status":"","ping_status":"","sticky":false,"template":"","format":"standard","meta":{"footnotes":""},"categories":[1354],"tags":[58,59,1346,1011,27,1360],"class_list":{"0":"post-353640","1":"post","2":"type-post","3":"status-publish","4":"format-standard","5":"has-post-thumbnail","7":"category-films","8":"tag-divertissement","9":"tag-entertainment","10":"tag-films","11":"tag-fr","12":"tag-france","13":"tag-movies"},"share_on_mastodon":{"url":"","error":""},"_links":{"self":[{"href":"https:\/\/www.europesays.com\/fr\/wp-json\/wp\/v2\/posts\/353640","targetHints":{"allow":["GET"]}}],"collection":[{"href":"https:\/\/www.europesays.com\/fr\/wp-json\/wp\/v2\/posts"}],"about":[{"href":"https:\/\/www.europesays.com\/fr\/wp-json\/wp\/v2\/types\/post"}],"author":[{"embeddable":true,"href":"https:\/\/www.europesays.com\/fr\/wp-json\/wp\/v2\/users\/2"}],"replies":[{"embeddable":true,"href":"https:\/\/www.europesays.com\/fr\/wp-json\/wp\/v2\/comments?post=353640"}],"version-history":[{"count":0,"href":"https:\/\/www.europesays.com\/fr\/wp-json\/wp\/v2\/posts\/353640\/revisions"}],"wp:featuredmedia":[{"embeddable":true,"href":"https:\/\/www.europesays.com\/fr\/wp-json\/wp\/v2\/media\/353641"}],"wp:attachment":[{"href":"https:\/\/www.europesays.com\/fr\/wp-json\/wp\/v2\/media?parent=353640"}],"wp:term":[{"taxonomy":"category","embeddable":true,"href":"https:\/\/www.europesays.com\/fr\/wp-json\/wp\/v2\/categories?post=353640"},{"taxonomy":"post_tag","embeddable":true,"href":"https:\/\/www.europesays.com\/fr\/wp-json\/wp\/v2\/tags?post=353640"}],"curies":[{"name":"wp","href":"https:\/\/api.w.org\/{rel}","templated":true}]}}