{"id":353644,"date":"2025-08-30T03:31:09","date_gmt":"2025-08-30T03:31:09","guid":{"rendered":"https:\/\/www.europesays.com\/fr\/353644\/"},"modified":"2025-08-30T03:31:09","modified_gmt":"2025-08-30T03:31:09","slug":"lens-brest-le-resume-de-la-defaite-dun-stade-brestois-plombe-par-son-gardien","status":"publish","type":"post","link":"https:\/\/www.europesays.com\/fr\/353644\/","title":{"rendered":"Lens &#8211; Brest\u00a0: le r\u00e9sum\u00e9 de la d\u00e9faite d\u2019un Stade Brestois plomb\u00e9 par son gardien"},"content":{"rendered":"<p>Ligue 1 (3e journ\u00e9e). Lens &#8211; Brest : 3-1<\/p>\n<p>Cette \u00e9quipe du <a href=\"https:\/\/www.letelegramme.fr\/sports\/football\/stade-brestois\/\" target=\"_blank\" rel=\"noopener\">Stade Brestois<\/a> s\u2019est peut-\u00eatre affaiblie, comme l\u2019a regrett\u00e9 Eric Roy en conf\u00e9rence de presse mercredi, mais elle a surtout un gardien qui n\u2019est pour l\u2019instant pas au niveau. <a href=\"https:\/\/www.letelegramme.fr\/sports\/football\/stade-brestois\/lan-dernier-ca-a-ete-tres-dur-pour-moi-radoslaw-majecki-pret-pour-un-nouveau-depart-a-brest-6871870.php\" target=\"_blank\" rel=\"noopener\">Radoslaw Majecki<\/a> avait d\u00e9\u00e7u lors de ses deux premi\u00e8res sorties, face \u00e0 Lille (3-3) puis Toulouse (2-0), et il n\u2019a gu\u00e8re rassur\u00e9, ce vendredi, \u00e0 Lens o\u00f9 il est m\u00eame rentr\u00e9 un peu plus t\u00f4t que pr\u00e9vu aux vestiaires. Le gardien polonais avait pourtant tr\u00e8s bien commenc\u00e9 cette rencontre en \u00e9tant dominateur dans les airs, et en sauvant m\u00eame son \u00e9quipe sur une t\u00eate \u00e0 bout portant de Sa\u00efd (41\u2019).<\/p>\n<p>Majecki fait basculer la rencontre<\/p>\n<p>Mais il a tout g\u00e2ch\u00e9 en quelques secondes et a totalement plomb\u00e9 son \u00e9quipe. Sur un ballon c\u00f4t\u00e9 droit, qui ne pr\u00e9sentait pas un danger direct, la recrue brestoise est sortie sans r\u00e9fl\u00e9chir et a fauch\u00e9 au passage Rayan Fofana. L\u2019arbitre sortait le rouge direct, puis sifflait, \u00e0 l\u2019aide du VAR, un penalty que transformait Florian Thauvin.<\/p>\n<p>De retour en France apr\u00e8s des passages au Mexique et en Italie, le champion du monde 2018 remettait l\u00e0 les deux \u00e9quipes \u00e0 \u00e9galit\u00e9 (1-1, 60\u2019). Car c\u2019est bien Brest qui avait ouvert le score, totalement contre le cours du jeu, gr\u00e2ce \u00e0 un Mama Bald\u00e9 pour une fois chirurgical (0-1, 24\u2019). Mais comme en premi\u00e8re p\u00e9riode, o\u00f9 il a souffert \u00e9norm\u00e9ment, le Stade Brestois a donc termin\u00e9 cette rencontre en \u00e9tant accul\u00e9.<\/p>\n<p>Coudert sauve Brest<\/p>\n<p>Rentr\u00e9 au pied lev\u00e9, <a href=\"https:\/\/www.letelegramme.fr\/fiches\/foot\/stade-brestois-29\/foot\/gregoire-coudert-6759cbd03d0313f31c0d6442.php\" target=\"_blank\" rel=\"noopener\">Gr\u00e9goire Coudert<\/a> a quand m\u00eame pu montrer qu\u2019il \u00e9tait peut-\u00eatre plus qu\u2019une solution de repli. S\u2019il n\u2019avait pas forc\u00e9ment brill\u00e9 quand <a href=\"https:\/\/www.letelegramme.fr\/sports\/football\/stade-brestois\/ce-netait-pas-un-message-a-mes-dirigeants-mais-aux-supporters-eric-roy-revient-sur-ses-propos-sur-le-budget-du-stade-brestois-6877220.php\" target=\"_blank\" rel=\"noopener\">Eric Roy<\/a> avait fait appel \u00e0 lui la saison derni\u00e8re, notamment contre le Paris SG en Ligue des champions, le gardien n\u00b02, a cette fois r\u00e9pondu pr\u00e9sent. Trois minutes apr\u00e8s son entr\u00e9e en jeu, le natif de Rodez a ainsi sauv\u00e9 les siens coup sur coup, devant Fofana puis Baidoo. Ce n\u2019\u00e9tait que le d\u00e9but d\u2019une temp\u00eate qui allait se prolonger jusqu\u2019\u00e0 la 90e minute. Et \u00e0 force de reculer, Brest a craqu\u00e9, logiquement, sur un tir de Guilavogui (2-1, 78\u2019) puis de Thomasson (3-1, 90\u2019).<\/p>\n<p>La d\u00e9fense centrale solidaire<\/p>\n<p>Cette fois, il ne faudra, en revanche, pas mettre cette d\u00e9faite sur le compte de la d\u00e9fense centrale. Critiqu\u00e9e apr\u00e8s les deux premi\u00e8res rencontres, la charni\u00e8re a cette fois \u00e9t\u00e9 solidaire dans la douleur, \u00e0 d\u00e9faut d\u2019\u00eatre exceptionnelle. En l\u2019absence de Brendan Chardonnet, qui n\u2019\u00e9tait pas du voyage dans le Nord (blessure), Junior Diaz \u00e9tait titulaire et le jeune joueur (22 ans) a \u00e9t\u00e9 int\u00e9ressant, notamment dans sa capacit\u00e9 \u00e0 apporter le surnombre devant. Il a aussi \u00e9t\u00e9 rigoureux d\u00e9fensivement, comme Julien Le Cardinal, qui a fait preuve d\u2019un beau leadership. Seulement, sans un gardien au niveau, il est difficile d\u2019esp\u00e9rer quelque chose, m\u00eame avec une d\u00e9fense au diapason.<\/p>\n<p>Apr\u00e8s trois journ\u00e9es, Brest ne compte donc qu\u2019un point avant la tr\u00eave internationale. Ce d\u00e9but de saison n\u2019est pas encore inqui\u00e9tant. L\u2019an dernier, un mauvais mois d\u2019ao\u00fbt n\u2019avait pas emp\u00each\u00e9 Brest de terminer 9e de Ligue 1. Mais il est temps, quand m\u00eame, que Gr\u00e9gory Lorenzi sorte deux ou trois nouvelles recrues de son chapeau. Il a encore quelques heures pour cela.<\/p>\n<p class=\"titre-tech\">Fiche technique<\/p>\n<p class=\"tech\"><strong class=\"tech\">Arbitre <\/strong>: M. Kherradj.<\/p>\n<p class=\"tech\"><strong class=\"tech\">BUTS<\/strong>. Lens : Thauvin (60\u2019, s.p.), Guilavogui (78\u2019) Thomasson (90\u2019+2) ; Brest : Bald\u00e9 (24\u2019).<\/p>\n<p class=\"tech\"><strong class=\"tech\">Avertissements<\/strong>. Lens : Aguilar (69\u2019) ; Brest : Ajorque (44\u2019), Magnetti (48\u2019), Lala (57\u2019).<\/p>\n<p class=\"tech\"><strong class=\"tech\">Expulsions<\/strong>. Brest : Majecki (55\u2019), Roy (entr., fin du match).<\/p>\n<p class=\"tech\"><strong class=\"tech\">LENS.<\/strong> Risser &#8211; Gradit, Sarr, Udol &#8211; Aguilar (Abdulhamid, 76\u2019), Thomasson (cap), Sangar\u00e9, Machado (Baidoo, 46\u2019) &#8211; Thauvin (Bermont, 76\u2019), Sa\u00efd (Sotoca, 90\u2019+3), Fofana (Guilavogui, 75\u2019).<\/p>\n<p class=\"tech\"><strong class=\"tech\">BREST.<\/strong> Majecki &#8211; Lala, Diaz, Le Cardinal, Locko (Le Guen, 86\u2019) &#8211; Doumbia (Bourgault, 75\u2019), Chotard (Diop, 86\u2019), Magnetti &#8211; Del Castillo (Coudert, 59\u2019), Ajorque, Bald\u00e9 (Makalou, 75\u2019).<\/p>\n","protected":false},"excerpt":{"rendered":"Ligue 1 (3e journ\u00e9e). Lens &#8211; Brest : 3-1 Cette \u00e9quipe du Stade Brestois s\u2019est peut-\u00eatre affaiblie, comme&hellip;\n","protected":false},"author":2,"featured_media":353645,"comment_status":"","ping_status":"","sticky":false,"template":"","format":"standard","meta":{"footnotes":""},"categories":[9],"tags":[11,3450,63,1011,27,66,60,4449],"class_list":{"0":"post-353644","1":"post","2":"type-post","3":"status-publish","4":"format-standard","5":"has-post-thumbnail","7":"category-sports","8":"tag-actualites","9":"tag-brest","10":"tag-football","11":"tag-fr","12":"tag-france","13":"tag-ligue-1","14":"tag-sports","15":"tag-stade-brestois"},"share_on_mastodon":{"url":"https:\/\/pubeurope.com\/@fr\/115115608218225621","error":""},"_links":{"self":[{"href":"https:\/\/www.europesays.com\/fr\/wp-json\/wp\/v2\/posts\/353644","targetHints":{"allow":["GET"]}}],"collection":[{"href":"https:\/\/www.europesays.com\/fr\/wp-json\/wp\/v2\/posts"}],"about":[{"href":"https:\/\/www.europesays.com\/fr\/wp-json\/wp\/v2\/types\/post"}],"author":[{"embeddable":true,"href":"https:\/\/www.europesays.com\/fr\/wp-json\/wp\/v2\/users\/2"}],"replies":[{"embeddable":true,"href":"https:\/\/www.europesays.com\/fr\/wp-json\/wp\/v2\/comments?post=353644"}],"version-history":[{"count":0,"href":"https:\/\/www.europesays.com\/fr\/wp-json\/wp\/v2\/posts\/353644\/revisions"}],"wp:featuredmedia":[{"embeddable":true,"href":"https:\/\/www.europesays.com\/fr\/wp-json\/wp\/v2\/media\/353645"}],"wp:attachment":[{"href":"https:\/\/www.europesays.com\/fr\/wp-json\/wp\/v2\/media?parent=353644"}],"wp:term":[{"taxonomy":"category","embeddable":true,"href":"https:\/\/www.europesays.com\/fr\/wp-json\/wp\/v2\/categories?post=353644"},{"taxonomy":"post_tag","embeddable":true,"href":"https:\/\/www.europesays.com\/fr\/wp-json\/wp\/v2\/tags?post=353644"}],"curies":[{"name":"wp","href":"https:\/\/api.w.org\/{rel}","templated":true}]}}