{"id":353650,"date":"2025-08-30T03:34:13","date_gmt":"2025-08-30T03:34:13","guid":{"rendered":"https:\/\/www.europesays.com\/fr\/353650\/"},"modified":"2025-08-30T03:34:13","modified_gmt":"2025-08-30T03:34:13","slug":"a-quoi-ressemble-lhotel-cap-estel-la-riviera-revee-que-bernard-arnault-vient-de-soffrir","status":"publish","type":"post","link":"https:\/\/www.europesays.com\/fr\/353650\/","title":{"rendered":"\u00c0 quoi ressemble l\u2019h\u00f4tel Cap Estel, la Riviera r\u00eav\u00e9e que Bernard Arnault vient de s\u2019offrir ?"},"content":{"rendered":"<p>L\u2019homme d\u2019affaires a acquis cet \u00e9t\u00e9 ce joyau de la C\u00f4te d\u2019Azur, situ\u00e9 au pied du village d\u2019\u00c8ze.<\/p>\n<p class=\"fig-paragraph\">C\u2019est une bulle, un lieu hors du temps, mini-presqu\u2019\u00eele accroch\u00e9e \u00e0 la falaise, au pied du village d\u2019Eze, dans les Alpes-Maritimes. Une famille de Sud africains, qui en \u00e9tait propri\u00e9taire, en avait fait son pied \u00e0 terre, puis un\u00a0<a href=\"https:\/\/www.lefigaro.fr\/voyages\/hotels\" target=\"_blank\" data-fig-type=\"Section\" rel=\"sponsored noopener nofollow\" data-gtm-custom-categorie=\"navigation\" data-gtm-custom-action=\"crossclick\" data-gtm-custom-label=\"Contextuel\" data-gtm-event=\"customEventSPE\" data-fig-domain=\"LEFIGARO\">h\u00f4tel<\/a>\u00a0dont chaque chambre, chaque suite, \u00e9tait d\u00e9cor\u00e9e selon les go\u00fbts d\u2019un de ses membres. On passait ainsi d\u2019un univers digne du photographe Helmut Newton, tr\u00e8s marqu\u00e9 par les ann\u00e9es 1980, \u00e0 des univers africains, avec peau de z\u00e8bre et pieds d\u2019\u00e9l\u00e9phants.<\/p>\n<p class=\"fig-paragraph\">Avant, au d\u00e9but du si\u00e8cle dernier, le Cap Estel fut la propri\u00e9t\u00e9 de la comtesse Mery de la Canorgue \u00e0 qui l\u2019on doit, entre autres, les formidables jardins de cette grande maison blanche. D\u2019immenses ficus \u00e9trangleurs montent la garde, pr\u00eats \u00e0 r\u00e9gler leur compte aux importuns. Le comte Sergue\u00ef Stroganoff fut son successeur. Puis ce fut au tour d\u2019un pilote automobile, h\u00e9ritier d\u2019une famille d\u2019armateurs grecs de profiter des lieux. Depuis le 17 juillet, le Cap Estel appartient \u00e0 l\u2019homme d\u2019affaires Bernard Arnault, qui s\u2019est offert ce joyau pour la coquette somme de 200 millions d\u2019euros, selon Nice matin.<\/p>\n<p>                                    <a class=\"fig-a11y-skip a11y-hidden\" href=\"#fig-a11y-skip-main-inarticle\"><br \/>\n        Passer la publicit\u00e9<br \/>\n    <\/a><\/p>\n<p>Le secret de ce 5-\u00e9toiles\u00a0? Rester herm\u00e9tique aux modes, aux tendances<\/p>\n<p class=\"fig-paragraph\">Les artistes donn\u00e8rent \u00e0 ces deux hectares b\u00e9nis des dieux un suppl\u00e9ment d\u2019\u00e2me. Apr\u00e8s la guerre, l\u2019h\u00f4telier Squaciafichi fit rayonner l\u2019endroit et sut y attirer Greta Garbo ou Anthony Quinn. On dit que les Beatles y s\u00e9journ\u00e8rent, \u00e0 la fin des ann\u00e9es soixante, et y compos\u00e8rent Michelle. Bono, le leader de U2, adora l\u2019endroit, avant d\u2019acheter une maison dans le village, un peu plus haut.<\/p>\n<p class=\"fig-paragraph\">Le secret de ce 5-\u00e9toiles\u00a0? Rester herm\u00e9tique aux modes, aux tendances. Au Cap Estel, le temps ne s\u2019est pas contract\u00e9. On prend un petit d\u00e9jeuner sur une des nombreuses terrasses, \u00e0 peine troubl\u00e9 par le ballet des h\u00e9licopt\u00e8res qui relient Nice \u00e0 Monaco, au loin. Et puis, apr\u00e8s avoir r\u00eav\u00e9 de jeter son smartphone \u00e0 la mer, on s\u2019isole sur la fabuleuse plage de galets de l\u2019h\u00f4tel. Inutile d\u2019aller plus loin, le bonheur est ici, sous la forme de quelques transats. Plein soleil. Ni voiture, ni passant, surtout pas de musique. Le Cap Estel compte parmi ces endroits rares qui sont rest\u00e9s inchang\u00e9s depuis l\u2019\u00e9poque o\u00f9 Scott Fitzgerald et quelques autres venaient s\u2019y pr\u00e9lasser, y faire les fous. La directrice Babeth Moraglio, une enfant du pays, avait su conserver cet \u00e9tat d\u2019esprit.<\/p>\n<p class=\"fig-paragraph\">Pour une nuit au\u00a0<a href=\"https:\/\/www.capestel.com\/fr\/?_gl=1%2A1g3jjhb%2A_gcl_au%2ANDU0MTc4MjMxLjE3NTY0Nzg0MTU.\" target=\"_blank\" rel=\"sponsored noopener nofollow\" data-gtm-custom-categorie=\"navigation\" data-gtm-custom-action=\"crossclick\" data-gtm-custom-label=\"Contextuel\" data-gtm-event=\"customEventSPE\">Cap Estel<\/a> \u00a0en chambre Deluxe avec vue sur mer, il faut actuellement compter \u00e0 partir de 1950 \u20ac, petit d\u00e9jeuner inclus.<\/p>\n","protected":false},"excerpt":{"rendered":"L\u2019homme d\u2019affaires a acquis cet \u00e9t\u00e9 ce joyau de la C\u00f4te d\u2019Azur, situ\u00e9 au pied du village d\u2019\u00c8ze.&hellip;\n","protected":false},"author":2,"featured_media":353651,"comment_status":"","ping_status":"","sticky":false,"template":"","format":"standard","meta":{"footnotes":""},"categories":[6],"tags":[3820,35,7013,33,34,1011,27],"class_list":{"0":"post-353650","1":"post","2":"type-post","3":"status-publish","4":"format-standard","5":"has-post-thumbnail","7":"category-economie","8":"tag-bernard-arnault","9":"tag-business","10":"tag-cote-dazur","11":"tag-economie","12":"tag-economy","13":"tag-fr","14":"tag-france"},"share_on_mastodon":{"url":"https:\/\/pubeurope.com\/@fr\/115115620155754597","error":""},"_links":{"self":[{"href":"https:\/\/www.europesays.com\/fr\/wp-json\/wp\/v2\/posts\/353650","targetHints":{"allow":["GET"]}}],"collection":[{"href":"https:\/\/www.europesays.com\/fr\/wp-json\/wp\/v2\/posts"}],"about":[{"href":"https:\/\/www.europesays.com\/fr\/wp-json\/wp\/v2\/types\/post"}],"author":[{"embeddable":true,"href":"https:\/\/www.europesays.com\/fr\/wp-json\/wp\/v2\/users\/2"}],"replies":[{"embeddable":true,"href":"https:\/\/www.europesays.com\/fr\/wp-json\/wp\/v2\/comments?post=353650"}],"version-history":[{"count":0,"href":"https:\/\/www.europesays.com\/fr\/wp-json\/wp\/v2\/posts\/353650\/revisions"}],"wp:featuredmedia":[{"embeddable":true,"href":"https:\/\/www.europesays.com\/fr\/wp-json\/wp\/v2\/media\/353651"}],"wp:attachment":[{"href":"https:\/\/www.europesays.com\/fr\/wp-json\/wp\/v2\/media?parent=353650"}],"wp:term":[{"taxonomy":"category","embeddable":true,"href":"https:\/\/www.europesays.com\/fr\/wp-json\/wp\/v2\/categories?post=353650"},{"taxonomy":"post_tag","embeddable":true,"href":"https:\/\/www.europesays.com\/fr\/wp-json\/wp\/v2\/tags?post=353650"}],"curies":[{"name":"wp","href":"https:\/\/api.w.org\/{rel}","templated":true}]}}