{"id":353652,"date":"2025-08-30T03:35:14","date_gmt":"2025-08-30T03:35:14","guid":{"rendered":"https:\/\/www.europesays.com\/fr\/353652\/"},"modified":"2025-08-30T03:35:14","modified_gmt":"2025-08-30T03:35:14","slug":"la-france-et-lallemagne-simpatientent-tandis-que-la-russie-deploie-ses-soldats","status":"publish","type":"post","link":"https:\/\/www.europesays.com\/fr\/353652\/","title":{"rendered":"La France et l\u2019Allemagne s\u2019impatientent, tandis que la Russie d\u00e9ploie ses soldats"},"content":{"rendered":"<p>Vous avez rat\u00e9 les derniers \u00e9v\u00e9nements sur la <a href=\"https:\/\/www.20minutes.fr\/monde\/ukraine\/\" class=\"c-link c-link--is-underlined\" target=\"_blank\" rel=\"noopener\">guerre en Ukraine<\/a>\u00a0? 20 Minutes fait le point pour vous tous les soirs. Voici l\u2019essentiel de ce vendredi 29\u00a0ao\u00fbt, 1.283e jour du conflit.<\/p>\n<p>Le fait du jour<\/p>\n<p>Paris et Berlin haussent le ton. L\u2019Allemagne ont appel\u00e9 ce vendredi \u00e0 des \u00ab\u00a0sanctions suppl\u00e9mentaires\u00a0\u00bb contre la Russie face au refus de Vladimir Poutine de rencontrer Volodymyr Zelensky pour trouver une issue \u00e0 la guerre en Ukraine, contrairement \u00e0 ce qu\u2019il avait promis \u00e0 Donald Trump.<\/p>\n<p>Le 18 ao\u00fbt, le chef de l\u2019Etat russe s\u2019\u00e9tait \u00ab\u00a0engag\u00e9 aupr\u00e8s du pr\u00e9sident Trump\u00a0\u00bb \u00e0 rencontrer son homologue ukrainien, a affirm\u00e9 le pr\u00e9sident fran\u00e7ais Emmanuel Macron au c\u00f4t\u00e9 du chancelier allemand <a href=\"https:\/\/www.20minutes.fr\/politique\/friedrich-merz\/\" class=\"c-link c-link--is-underlined\" target=\"_blank\" rel=\"noopener\">Friedrich Merz<\/a>. Or si cette r\u00e9union bilat\u00e9rale ne se d\u00e9roule pas d\u2019ici \u00e0 lundi, \u00ab\u00a0je crois qu\u2019une fois encore, \u00e7a voudra dire que le pr\u00e9sident Poutine se sera jou\u00e9 du pr\u00e9sident Trump\u00a0\u00bb et \u00ab\u00a0\u00e7a ne peut pas rester sans r\u00e9ponse\u00a0\u00bb, a-t-il jug\u00e9.<\/p>\n<p>Vladimir Poutine n\u2019a \u00ab\u00a0manifestement aucune volont\u00e9 [\u2026] de rencontrer le pr\u00e9sident Zelensky, il pose des conditions pr\u00e9alables qui sont tout simplement inacceptables\u00a0\u00bb, a rench\u00e9ri le chancelier allemand \u00e0 l\u2019issue d\u2019un conseil des ministres franco-allemand \u00e0 Toulon, dans le sud-est de la France. \u00ab\u00a0Cela ne me surprend pas franchement car cela fait partie de la strat\u00e9gie de ce pr\u00e9sident russe d\u2019agir de cette mani\u00e8re\u00a0\u00bb, a-t-il confi\u00e9.<\/p>\n<p>\u00ab\u00a0Nous continuerons d\u2019exercer la pression pour que des sanctions suppl\u00e9mentaires soient prises par nous-m\u00eames, et nous y sommes pr\u00eats, mais aussi par les Etats-Unis d\u2019Am\u00e9rique pour forcer la Russie \u00e0 revenir autour de la table des discussions\u00a0\u00bb, a soulign\u00e9 Emmanuel Macron. Les deux hommes parleront chacun de leur c\u00f4t\u00e9 au pr\u00e9sident am\u00e9ricain \u00ab\u00a0ce week-end\u00a0\u00bb.<\/p>\n<p>La d\u00e9claration du jour<\/p>\n<blockquote class=\"mx-m@xs mx-xxl@md color-ultramarine c-citation\">\n<p class=\"font-weight-regular@xs text-italic font-source-serif-pro text-l@xs c-citation__content\">\u00ab\u00a0Ils d\u00e9passent les limites non seulement du raisonnable mais aussi de la d\u00e9cence, devenant des insultes vulgaires \u00e0 l\u2019\u00e9gard de la Russie et de son peuple\u00a0\u00bb<\/p>\n<\/blockquote>\n<p>La porte-parole du minist\u00e8re russe des Affaires \u00e9trang\u00e8res, Maria Zakharova, a vivement d\u00e9nonc\u00e9 ce vendredi les propos du pr\u00e9sident fran\u00e7ais Emmanuel Macron, qui avait qualifi\u00e9 la semaine derni\u00e8re Vladimir Poutine d&rsquo; \u00ab\u00a0ogre\u00a0\u00bb et de \u00ab\u00a0pr\u00e9dateur\u00a0\u00bb qui \u00ab\u00a0ne veut pas la paix\u00a0\u00bb.<\/p>\n<p>Maria Zakharova, qui s\u2019exprimait aupr\u00e8s de l\u2019agence \u00e9tatique de presse Ria Novosti, a accus\u00e9 la France d\u2019avoir une \u00ab\u00a0id\u00e9ologie de charognards\u00a0\u00bb et de \u00ab\u00a0tirer un avantage politique\u00a0\u00bb du conflit arm\u00e9 d\u00e9clench\u00e9 par l\u2019attaque russe \u00e0 grande \u00e9chelle de l\u2019Ukraine, en f\u00e9vrier\u00a02022.<\/p>\n<p>En r\u00e9ponse aux d\u00e9clarations de la diplomatie russe, <a href=\"https:\/\/www.20minutes.fr\/politique\/emmanuel-macron\/\" class=\"c-link c-link--is-underlined\" target=\"_blank\" rel=\"noopener\">Emmanuel Macron<\/a> a r\u00e9fut\u00e9 ce vendredi apr\u00e8s-midi toute insulte \u00e0 son encontre et de nouveau d\u00e9nonc\u00e9 la \u00ab\u00a0d\u00e9rive autocratique\u00a0\u00bb et \u00ab\u00a0l\u2019imp\u00e9rialisme r\u00e9visionniste\u00a0\u00bb du ma\u00eetre du <a href=\"https:\/\/www.20minutes.fr\/dossier\/kremlin\" class=\"c-link c-link--is-underlined\" target=\"_blank\" rel=\"noopener\">Kremlin<\/a>.<\/p>\n<\/p>\n<p>Le chiffre du jour<\/p>\n<p>Jusqu\u2019\u00e0 100.000. C\u2019est le nombre de soldats que l\u2019arm\u00e9e russe serait parvenue \u00e0 amasser pr\u00e8s de Pokrovsk, une ville cl\u00e9 de l\u2019est de l\u2019Ukraine, a d\u00e9clar\u00e9 ce vendredi Volodymyr Zelensky, \u00e0 un moment o\u00f9 les d\u00e9marches internationales en faveur de la paix semblent bloqu\u00e9es. La situation dans la zone de Pokrovsk \u00ab\u00a0est la plus pr\u00e9occupante aujourd\u2019hui\u00a0\u00bb, a affirm\u00e9 le pr\u00e9sident ukrainien. L\u2019arm\u00e9e russe \u00ab\u00a0pr\u00e9pare en tout cas des actions offensives\u00a0\u00bb, a-t-il ajout\u00e9.<\/p>\n<p>Cette ville, qui comptait environ 60.000 habitants avant la guerre, est un important n\u0153ud logistique pour les forces ukrainiennes, se trouvant \u00e0 l\u2019intersection de plusieurs routes de la r\u00e9gion. Les troupes russes se rapprochent de Pokrovsk depuis des mois par trois c\u00f4t\u00e9s et s\u2019en trouvent aujourd\u2019hui \u00e0 moins de cinq kilom\u00e8tres.<\/p>\n<p>La semaine derni\u00e8re, M.\u00a0Zelensky avait d\u00e9j\u00e0 affirm\u00e9 que Moscou \u00e9tait en train de masser des unit\u00e9s dans la partie occup\u00e9e de la r\u00e9gion de Zaporijjia, dans le sud de l\u2019Ukraine, en vue d\u2019une potentielle offensive.<\/p>\n<p>La tendance<\/p>\n<p>L\u2019Union europ\u00e9enne est pr\u00eate \u00e0 former l\u2019arm\u00e9e ukrainienne, en Ukraine, apr\u00e8s un cessez-le-feu ou un accord de paix mettant fin aux combats avec les forces russes, a d\u00e9clar\u00e9 ce vendredi la cheffe de la diplomatie europ\u00e9enne Kaja Kallas. \u00ab\u00a0Nous avons form\u00e9 plus de 80.000 soldats jusqu\u2019\u00e0 pr\u00e9sent, et nous devons \u00eatre pr\u00eats \u00e0 en faire davantage. Cela pourrait inclure le d\u00e9ploiement de formateurs de l\u2019UE en Ukraine\u00a0\u00bb, a-t-elle indiqu\u00e9 \u00e0 l\u2019issue d\u2019une r\u00e9union informelle des ministres de la D\u00e9fense de l\u2019UE \u00e0 <a href=\"https:\/\/www.20minutes.fr\/dossier\/copenhague\" class=\"c-link c-link--is-underlined\" target=\"_blank\" rel=\"noopener\">Copenhague<\/a>.<\/p>\n<p>Kaja Kallas s\u2019est f\u00e9licit\u00e9e du \u00ab\u00a0large soutien\u00a0\u00bb au sein des 27 pour cette extension de l\u2019actuel mandat de la mission militaire de l\u2019UE en Ukraine. Tous les pays de l\u2019Union europ\u00e9enne y sont favorables, \u00e0 l\u2019exception de la Hongrie, qu\u2019elle n\u2019a toutefois pas cit\u00e9e.<\/p>\n<p><a href=\"https:\/\/www.20minutes.fr\/monde\/ukraine\/\" class=\"c-link c-btn c-btn--primary\" target=\"_blank\" rel=\"noopener\">Notre dossier sur la guerre en Ukraine<\/a><\/p>\n<p>Les Europ\u00e9ens travaillent sur des garanties de s\u00e9curit\u00e9 \u00e0 apporter \u00e0 l\u2019Ukraine apr\u00e8s un \u00e9ventuel arr\u00eat des combats et l\u2019UE pr\u00e9voit d\u2019y contribuer, notamment en renfor\u00e7ant sa mission de formation des militaires ukrainiens.<\/p>\n<p>Les Etats-Unis, longtemps h\u00e9sitants, ont promis en ao\u00fbt de contribuer, mais sans envoyer de troupes am\u00e9ricaines sur le sol ukrainien. Ils ont \u00e9galement soulign\u00e9 la n\u00e9cessit\u00e9 pour les Europ\u00e9ens d\u2019assurer l\u2019essentiel de ces garanties de s\u00e9curit\u00e9 pour Kiev.<\/p>\n","protected":false},"excerpt":{"rendered":"Vous avez rat\u00e9 les derniers \u00e9v\u00e9nements sur la guerre en Ukraine\u00a0? 20 Minutes fait le point pour vous&hellip;\n","protected":false},"author":2,"featured_media":353653,"comment_status":"","ping_status":"","sticky":false,"template":"","format":"standard","meta":{"footnotes":""},"categories":[5],"tags":[47,11,1073,1011,27,4710,131,14,74,12,132,135,134,28],"class_list":{"0":"post-353652","1":"post","2":"type-post","3":"status-publish","4":"format-standard","5":"has-post-thumbnail","7":"category-international","8":"tag-actualite","9":"tag-actualites","10":"tag-emmanuel-macron","11":"tag-fr","12":"tag-france","13":"tag-friedrich-merz","14":"tag-guerre-en-ukraine","15":"tag-international","16":"tag-monde","17":"tag-news","18":"tag-russie","19":"tag-vladimir-poutine","20":"tag-volodymyr-zelensky","21":"tag-world"},"share_on_mastodon":{"url":"https:\/\/pubeurope.com\/@fr\/115115623933892228","error":""},"_links":{"self":[{"href":"https:\/\/www.europesays.com\/fr\/wp-json\/wp\/v2\/posts\/353652","targetHints":{"allow":["GET"]}}],"collection":[{"href":"https:\/\/www.europesays.com\/fr\/wp-json\/wp\/v2\/posts"}],"about":[{"href":"https:\/\/www.europesays.com\/fr\/wp-json\/wp\/v2\/types\/post"}],"author":[{"embeddable":true,"href":"https:\/\/www.europesays.com\/fr\/wp-json\/wp\/v2\/users\/2"}],"replies":[{"embeddable":true,"href":"https:\/\/www.europesays.com\/fr\/wp-json\/wp\/v2\/comments?post=353652"}],"version-history":[{"count":0,"href":"https:\/\/www.europesays.com\/fr\/wp-json\/wp\/v2\/posts\/353652\/revisions"}],"wp:featuredmedia":[{"embeddable":true,"href":"https:\/\/www.europesays.com\/fr\/wp-json\/wp\/v2\/media\/353653"}],"wp:attachment":[{"href":"https:\/\/www.europesays.com\/fr\/wp-json\/wp\/v2\/media?parent=353652"}],"wp:term":[{"taxonomy":"category","embeddable":true,"href":"https:\/\/www.europesays.com\/fr\/wp-json\/wp\/v2\/categories?post=353652"},{"taxonomy":"post_tag","embeddable":true,"href":"https:\/\/www.europesays.com\/fr\/wp-json\/wp\/v2\/tags?post=353652"}],"curies":[{"name":"wp","href":"https:\/\/api.w.org\/{rel}","templated":true}]}}