{"id":353658,"date":"2025-08-30T03:38:11","date_gmt":"2025-08-30T03:38:11","guid":{"rendered":"https:\/\/www.europesays.com\/fr\/353658\/"},"modified":"2025-08-30T03:38:11","modified_gmt":"2025-08-30T03:38:11","slug":"loire-ivre-il-prend-la-fuite-apres-un-accident-lautre-conducteur-le-poursuit","status":"publish","type":"post","link":"https:\/\/www.europesays.com\/fr\/353658\/","title":{"rendered":"Loire. Ivre, il prend la fuite apr\u00e8s un accident\u2026 L\u2019autre conducteur le poursuit"},"content":{"rendered":"<p>Mercredi 27\u00a0ao\u00fbt, il est 23\u00a0h\u00a030 quand les forces de police sont sollicit\u00e9es. Un homme vient d\u2019avoir un accident mat\u00e9riel avec une autre voiture, dans la commune de Saint-Genest-Lerpt. Rien de grave. Mais quand il a voulu \u00e9changer avec l\u2019autre conducteur pour r\u00e9diger un constat \u00e0 l\u2019amiable, il s\u2019est aper\u00e7u que son interlocuteur \u00e9tait ivre.<\/p>\n<p>  Il prend le v\u00e9hicule en chasse et contacte la police<\/p>\n<p>Suffisamment, en tout cas, pour prendre la fuite sans laisser de coordonn\u00e9es. L\u2019homme d\u00e9cide alors de suivre le v\u00e9hicule tout en appelant la police. Une \u00e9quipe de la Brigade anticriminalit\u00e9 se met en route et interpelle le chauffard.<\/p>\n<p>Le d\u00e9pistage d\u2019alcool indique un taux de 1,66\u00a0g par litre de sang. Plac\u00e9 en garde \u00e0 vue, cet homme de 57 ans sera convoqu\u00e9 devant le juge pour r\u00e9pondre de cette conduite sous l\u2019empire d\u2019un \u00e9tat alcoolique.<\/p>\n","protected":false},"excerpt":{"rendered":"Mercredi 27\u00a0ao\u00fbt, il est 23\u00a0h\u00a030 quand les forces de police sont sollicit\u00e9es. Un homme vient d\u2019avoir un accident&hellip;\n","protected":false},"author":2,"featured_media":353659,"comment_status":"","ping_status":"","sticky":false,"template":"","format":"standard","meta":{"footnotes":""},"categories":[9653],"tags":[1111,11,2430,271,272,7539,1777,674,274,1011,27,3367,12,25,12491,4001,17929],"class_list":{"0":"post-353658","1":"post","2":"type-post","3":"status-publish","4":"format-standard","5":"has-post-thumbnail","7":"category-saint-etienne","8":"tag-actu","9":"tag-actualites","10":"tag-auvergne-rhone-alpes","11":"tag-crime","12":"tag-delit-et-contravention","13":"tag-edition-loire-sud","14":"tag-eu","15":"tag-europe","16":"tag-faits-divers-justice","17":"tag-fr","18":"tag-france","19":"tag-loire","20":"tag-news","21":"tag-republique-francaise","22":"tag-roche-la-moliere-bassin","23":"tag-saint-etienne","24":"tag-saint-genest-lerpt"},"share_on_mastodon":{"url":"https:\/\/pubeurope.com\/@fr\/115115636041297481","error":""},"_links":{"self":[{"href":"https:\/\/www.europesays.com\/fr\/wp-json\/wp\/v2\/posts\/353658","targetHints":{"allow":["GET"]}}],"collection":[{"href":"https:\/\/www.europesays.com\/fr\/wp-json\/wp\/v2\/posts"}],"about":[{"href":"https:\/\/www.europesays.com\/fr\/wp-json\/wp\/v2\/types\/post"}],"author":[{"embeddable":true,"href":"https:\/\/www.europesays.com\/fr\/wp-json\/wp\/v2\/users\/2"}],"replies":[{"embeddable":true,"href":"https:\/\/www.europesays.com\/fr\/wp-json\/wp\/v2\/comments?post=353658"}],"version-history":[{"count":0,"href":"https:\/\/www.europesays.com\/fr\/wp-json\/wp\/v2\/posts\/353658\/revisions"}],"wp:featuredmedia":[{"embeddable":true,"href":"https:\/\/www.europesays.com\/fr\/wp-json\/wp\/v2\/media\/353659"}],"wp:attachment":[{"href":"https:\/\/www.europesays.com\/fr\/wp-json\/wp\/v2\/media?parent=353658"}],"wp:term":[{"taxonomy":"category","embeddable":true,"href":"https:\/\/www.europesays.com\/fr\/wp-json\/wp\/v2\/categories?post=353658"},{"taxonomy":"post_tag","embeddable":true,"href":"https:\/\/www.europesays.com\/fr\/wp-json\/wp\/v2\/tags?post=353658"}],"curies":[{"name":"wp","href":"https:\/\/api.w.org\/{rel}","templated":true}]}}