{"id":353670,"date":"2025-08-30T03:45:12","date_gmt":"2025-08-30T03:45:12","guid":{"rendered":"https:\/\/www.europesays.com\/fr\/353670\/"},"modified":"2025-08-30T03:45:12","modified_gmt":"2025-08-30T03:45:12","slug":"une-nouvelle-saison-souvre-pour-le-foyer-rural-de-maurin","status":"publish","type":"post","link":"https:\/\/www.europesays.com\/fr\/353670\/","title":{"rendered":"Une nouvelle saison s\u2019ouvre pour le foyer rural de Maurin"},"content":{"rendered":"<p>La rentr\u00e9e s\u2019annonce doucement pour les associations locales qui vont retrouver leurs activit\u00e9s mises en sommeil durant l\u2019\u00e9t\u00e9. Au foyer rural de Maurin, le guide des activit\u00e9s de la saison 2025 &#8211; 2026 a \u00e9t\u00e9 distribu\u00e9 dans les boites \u00e0 lettre du quartier et des changements y sont annonc\u00e9s.<\/p>\n<p>Deux nouvelles activit\u00e9s avec le yoga sur chaise dispens\u00e9 par Catherine et l\u2019anglais anim\u00e9 par C\u00e9lia.<\/p>\n<p>Une nouvelle animatrice, Coralie, se chargera du hip hop qui aura lieu le mercredi de 13 h \u00e0 16 h au lieu du samedi. L\u2019ensemble vocal sera d\u00e9sormais dirig\u00e9 par Lydia, nouvelle cheffe de ch\u0153ur.<\/p>\n<p>D\u2019autres changements avec Oswen, au tennis de table sans changement d\u2019horaire et Steeve qui prend en charge le stretching, le cardio et le renforcement musculaire. Les inscriptions seront possibles d\u00e8s la Foire aux associations, samedi 6 septembre \u00e0 Maurin et \u00e0 la Farandole des associations de Port Ariane \u00e0 Lattes, le dimanche 7 septembre. Reprise des activit\u00e9s le 8 septembre.<\/p>\n<p>Contact : 04 67 27 72 21, <a href=\"http:\/\/www.foyer-rural-maurin.fr\/newpage\" target=\"_blank\" rel=\"nofollow noopener\">www.foyer-rural-maurin.fr\/newpage<\/a>.<\/p>\n<p>Correspondant Midi Libre : 06 66 42 02 80<\/p>\n","protected":false},"excerpt":{"rendered":"La rentr\u00e9e s\u2019annonce doucement pour les associations locales qui vont retrouver leurs activit\u00e9s mises en sommeil durant l\u2019\u00e9t\u00e9.&hellip;\n","protected":false},"author":2,"featured_media":353671,"comment_status":"","ping_status":"","sticky":false,"template":"","format":"standard","meta":{"footnotes":""},"categories":[9599],"tags":[1111,11,1777,674,1011,27,2208,12,2680,25],"class_list":{"0":"post-353670","1":"post","2":"type-post","3":"status-publish","4":"format-standard","5":"has-post-thumbnail","7":"category-montpellier","8":"tag-actu","9":"tag-actualites","10":"tag-eu","11":"tag-europe","12":"tag-fr","13":"tag-france","14":"tag-montpellier","15":"tag-news","16":"tag-occitanie","17":"tag-republique-francaise"},"share_on_mastodon":{"url":"https:\/\/pubeurope.com\/@fr\/115115663409863832","error":""},"_links":{"self":[{"href":"https:\/\/www.europesays.com\/fr\/wp-json\/wp\/v2\/posts\/353670","targetHints":{"allow":["GET"]}}],"collection":[{"href":"https:\/\/www.europesays.com\/fr\/wp-json\/wp\/v2\/posts"}],"about":[{"href":"https:\/\/www.europesays.com\/fr\/wp-json\/wp\/v2\/types\/post"}],"author":[{"embeddable":true,"href":"https:\/\/www.europesays.com\/fr\/wp-json\/wp\/v2\/users\/2"}],"replies":[{"embeddable":true,"href":"https:\/\/www.europesays.com\/fr\/wp-json\/wp\/v2\/comments?post=353670"}],"version-history":[{"count":0,"href":"https:\/\/www.europesays.com\/fr\/wp-json\/wp\/v2\/posts\/353670\/revisions"}],"wp:featuredmedia":[{"embeddable":true,"href":"https:\/\/www.europesays.com\/fr\/wp-json\/wp\/v2\/media\/353671"}],"wp:attachment":[{"href":"https:\/\/www.europesays.com\/fr\/wp-json\/wp\/v2\/media?parent=353670"}],"wp:term":[{"taxonomy":"category","embeddable":true,"href":"https:\/\/www.europesays.com\/fr\/wp-json\/wp\/v2\/categories?post=353670"},{"taxonomy":"post_tag","embeddable":true,"href":"https:\/\/www.europesays.com\/fr\/wp-json\/wp\/v2\/tags?post=353670"}],"curies":[{"name":"wp","href":"https:\/\/api.w.org\/{rel}","templated":true}]}}