{"id":353674,"date":"2025-08-30T03:48:39","date_gmt":"2025-08-30T03:48:39","guid":{"rendered":"https:\/\/www.europesays.com\/fr\/353674\/"},"modified":"2025-08-30T03:48:39","modified_gmt":"2025-08-30T03:48:39","slug":"le-rmb-et-convivio-un-partenariat-fonde-sur-la-fierte-et-des-valeurs-partagees-rouen-metropole-basket","status":"publish","type":"post","link":"https:\/\/www.europesays.com\/fr\/353674\/","title":{"rendered":"Le RMB et Convivio, un partenariat fond\u00e9 sur la fiert\u00e9 et des valeurs partag\u00e9es. \u2013 Rouen M\u00e9tropole Basket"},"content":{"rendered":"<blockquote>\n<p style=\"text-align: justify;\">\u00ab\u00a0Le partenariat avec Rouen M\u00e9tropole Basket est pour le Groupe Familial Convivio une belle source d\u2019inspiration et de fiert\u00e9. Nous appr\u00e9cions particuli\u00e8rement la proximit\u00e9 et la convivialit\u00e9 qui caract\u00e9risent notre collaboration, ainsi que les valeurs communes de solidarit\u00e9 et d\u2019engagement. Ce partenariat nous permet de soutenir un projet sportif local dynamique tout en renfor\u00e7ant notre ancrage local et r\u00e9gional.\u00a0\u00bb<\/p>\n<\/blockquote>\n","protected":false},"excerpt":{"rendered":"\u00ab\u00a0Le partenariat avec Rouen M\u00e9tropole Basket est pour le Groupe Familial Convivio une belle source d\u2019inspiration et de&hellip;\n","protected":false},"author":2,"featured_media":353675,"comment_status":"","ping_status":"","sticky":false,"template":"","format":"standard","meta":{"footnotes":""},"categories":[9587],"tags":[1111,11,1777,674,1011,27,12,5161,25,9590],"class_list":{"0":"post-353674","1":"post","2":"type-post","3":"status-publish","4":"format-standard","5":"has-post-thumbnail","7":"category-rouen","8":"tag-actu","9":"tag-actualites","10":"tag-eu","11":"tag-europe","12":"tag-fr","13":"tag-france","14":"tag-news","15":"tag-normandie","16":"tag-republique-francaise","17":"tag-rouen"},"share_on_mastodon":{"url":"https:\/\/pubeurope.com\/@fr\/115115675054683406","error":""},"_links":{"self":[{"href":"https:\/\/www.europesays.com\/fr\/wp-json\/wp\/v2\/posts\/353674","targetHints":{"allow":["GET"]}}],"collection":[{"href":"https:\/\/www.europesays.com\/fr\/wp-json\/wp\/v2\/posts"}],"about":[{"href":"https:\/\/www.europesays.com\/fr\/wp-json\/wp\/v2\/types\/post"}],"author":[{"embeddable":true,"href":"https:\/\/www.europesays.com\/fr\/wp-json\/wp\/v2\/users\/2"}],"replies":[{"embeddable":true,"href":"https:\/\/www.europesays.com\/fr\/wp-json\/wp\/v2\/comments?post=353674"}],"version-history":[{"count":0,"href":"https:\/\/www.europesays.com\/fr\/wp-json\/wp\/v2\/posts\/353674\/revisions"}],"wp:featuredmedia":[{"embeddable":true,"href":"https:\/\/www.europesays.com\/fr\/wp-json\/wp\/v2\/media\/353675"}],"wp:attachment":[{"href":"https:\/\/www.europesays.com\/fr\/wp-json\/wp\/v2\/media?parent=353674"}],"wp:term":[{"taxonomy":"category","embeddable":true,"href":"https:\/\/www.europesays.com\/fr\/wp-json\/wp\/v2\/categories?post=353674"},{"taxonomy":"post_tag","embeddable":true,"href":"https:\/\/www.europesays.com\/fr\/wp-json\/wp\/v2\/tags?post=353674"}],"curies":[{"name":"wp","href":"https:\/\/api.w.org\/{rel}","templated":true}]}}