{"id":353678,"date":"2025-08-30T03:54:10","date_gmt":"2025-08-30T03:54:10","guid":{"rendered":"https:\/\/www.europesays.com\/fr\/353678\/"},"modified":"2025-08-30T03:54:10","modified_gmt":"2025-08-30T03:54:10","slug":"deux-harpistes-pour-un-voyage-de-lorient-a-loccident-a-rennes-le-chateau","status":"publish","type":"post","link":"https:\/\/www.europesays.com\/fr\/353678\/","title":{"rendered":"Deux harpistes pour un voyage de l\u2019Orient \u00e0 l\u2019Occident \u00e0 Rennes-le-Ch\u00e2teau"},"content":{"rendered":"<p>Dans le cadre du 8e festival des journ\u00e9es de la harpe de la Haute Vall\u00e9e de l\u2019Aude, deux harpistes se retrouvent \u00e0 Rennes-le-Ch\u00e2teau pour soutenir l\u2019association qui \u0153uvre pour la restauration du ch\u00e2teau de Hautpoul, ce<b> samedi 30 ao\u00fbt, <\/b>\u00e0 partir de 19 heures, avec Le\u00efla Zitouni et Ronya. <\/p>\n<p>Le\u00efla Zitouni est une artiste musicienne, n\u00e9e en banlieue parisienne, d\u2019une m\u00e8re fran\u00e7aise et d\u2019un p\u00e8re alg\u00e9rien. Elle a pass\u00e9 son enfance et son adolescence dans cette r\u00e9gion avant de s\u2019installer \u00e0 Mirepoix (Ari\u00e8ge) \u00e0 l\u2019\u00e2ge de 13 ans. Elle s\u2019est form\u00e9e de mani\u00e8re autodidacte au chant, \u00e0 la harpe, \u00e0 la guitare et aux percussions, tout en suivant des formations en ballet et en flamenco pour enrichir sa pratique artistique.<\/p>\n<p>Au cours de sa carri\u00e8re, Le\u00efla Zitouni a particip\u00e9 \u00e0 divers projets musicaux, en tant que musicienne, auteure-compositrice-interpr\u00e8te et danseuse.<\/p>\n<p>Depuis 2021, elle forme le duo Soleynia avec Barbara Lamothe, o\u00f9 elle assume les r\u00f4les de chanteuse, harpiste et guitariste. Ce duo, labellis\u00e9 par le r\u00e9seau Chanson Occitanie, propose un r\u00e9pertoire qui m\u00eale influences culturelles vari\u00e9es, avec une approche acoustique mettant en valeur des instruments tels que la harpe, le piano et le violon. Leurs performances explorent une palette d\u2019expressions musicales, allant des chants traditionnels aux compositions originales, en passant par des th\u00e8mes universels tels que l\u2019humanit\u00e9 et les \u00e9changes culturels.<\/p>\n<p>Ronya est, elle, une artiste d\u2019origine iranienne et allemande habitant la r\u00e9gion Occitanie depuis plusieurs ann\u00e9es. Issue d\u2019une famille de musiciens par sa maman, elle joue de la harpe depuis 2012. Auparavant, elle a appris le piano et la guitare, mais a d\u00e9but\u00e9 d\u00e8s l\u2019\u00e2ge de 6 ans l\u2019apprentissage de la fl\u00fbte.<\/p>\n<p>Le r\u00e9pertoire qu\u2019elle pr\u00e9sentera est issu de chants celtes, h\u00e9bra\u00efques et contes traditionnels, ceux qui parlent d\u2019amour souvent impossible, comme celui que partageait le premier fils du soleil avec une f\u00e9e. Elle ex\u00e9cute \u00e9galement ses propres compositions.<\/p>\n<p>Depuis 2022, sous l\u2019impulsion de Patrick Dhersin, avec Nashuar terre vivante, un duo a \u00e9t\u00e9 cr\u00e9\u00e9 avec Camille Taezi pour une musique spirituelle et celtique. Au cours de ce concert, l\u2019auditoire voyagera d\u2019Orient en Occident en compagnie des deux harpistes.<\/p>\n<p>Samedi 30 ao\u00fbt \u00e0 19 heures, au ch\u00e2teau Hautpoul de Rennes-le-Ch\u00e2teau, billetterie sur place ou en ligne sur helloassos (15 \u20ac).<\/p>\n","protected":false},"excerpt":{"rendered":"Dans le cadre du 8e festival des journ\u00e9es de la harpe de la Haute Vall\u00e9e de l\u2019Aude, deux&hellip;\n","protected":false},"author":2,"featured_media":353679,"comment_status":"","ping_status":"","sticky":false,"template":"","format":"standard","meta":{"footnotes":""},"categories":[2821],"tags":[1111,11,829,1777,674,1011,27,12,584,25],"class_list":{"0":"post-353678","1":"post","2":"type-post","3":"status-publish","4":"format-standard","5":"has-post-thumbnail","7":"category-rennes","8":"tag-actu","9":"tag-actualites","10":"tag-bretagne","11":"tag-eu","12":"tag-europe","13":"tag-fr","14":"tag-france","15":"tag-news","16":"tag-rennes","17":"tag-republique-francaise"},"share_on_mastodon":{"url":"https:\/\/pubeurope.com\/@fr\/115115698752722381","error":""},"_links":{"self":[{"href":"https:\/\/www.europesays.com\/fr\/wp-json\/wp\/v2\/posts\/353678","targetHints":{"allow":["GET"]}}],"collection":[{"href":"https:\/\/www.europesays.com\/fr\/wp-json\/wp\/v2\/posts"}],"about":[{"href":"https:\/\/www.europesays.com\/fr\/wp-json\/wp\/v2\/types\/post"}],"author":[{"embeddable":true,"href":"https:\/\/www.europesays.com\/fr\/wp-json\/wp\/v2\/users\/2"}],"replies":[{"embeddable":true,"href":"https:\/\/www.europesays.com\/fr\/wp-json\/wp\/v2\/comments?post=353678"}],"version-history":[{"count":0,"href":"https:\/\/www.europesays.com\/fr\/wp-json\/wp\/v2\/posts\/353678\/revisions"}],"wp:featuredmedia":[{"embeddable":true,"href":"https:\/\/www.europesays.com\/fr\/wp-json\/wp\/v2\/media\/353679"}],"wp:attachment":[{"href":"https:\/\/www.europesays.com\/fr\/wp-json\/wp\/v2\/media?parent=353678"}],"wp:term":[{"taxonomy":"category","embeddable":true,"href":"https:\/\/www.europesays.com\/fr\/wp-json\/wp\/v2\/categories?post=353678"},{"taxonomy":"post_tag","embeddable":true,"href":"https:\/\/www.europesays.com\/fr\/wp-json\/wp\/v2\/tags?post=353678"}],"curies":[{"name":"wp","href":"https:\/\/api.w.org\/{rel}","templated":true}]}}