{"id":353682,"date":"2025-08-30T03:56:28","date_gmt":"2025-08-30T03:56:28","guid":{"rendered":"https:\/\/www.europesays.com\/fr\/353682\/"},"modified":"2025-08-30T03:56:28","modified_gmt":"2025-08-30T03:56:28","slug":"voici-le-detail-des-evolutions-du-hibus","status":"publish","type":"post","link":"https:\/\/www.europesays.com\/fr\/353682\/","title":{"rendered":"voici le d\u00e9tail des \u00e9volutions du Hibus"},"content":{"rendered":"<p>            Par<br \/>\n        <strong><br \/>\n            <a href=\"https:\/\/actu.fr\/auteur\/olivia-kouassi\" title=\"Consulter tous les articles de Olivia Kouassi\" target=\"_blank\" rel=\"noopener\">Olivia Kouassi<\/a><br \/>\n        <\/strong><\/p>\n<p>        Publi\u00e9 le<\/p>\n<p>            29 ao\u00fbt 2025 \u00e0 15h58        <\/p>\n<p>Le bus de nuit traverse le Rhin. Le<a href=\"https:\/\/actu.fr\/grand-est\/strasbourg_67482\/des-bus-de-nuit-vont-etre-mis-en-place-entre-strasbourg-et-kehl-voici-quand_62413903.html\" target=\"_blank\" rel=\"noopener\"> service de transports en commun nocturne<\/a> de la <a href=\"https:\/\/actu.fr\/tag\/compagnie-des-transports-strasbourgeois-cts\" target=\"_blank\" rel=\"noopener\">compagnie de transports strasbourgeois<\/a> (CTS) se d\u00e9veloppe et proposera d\u00e8s le 1er\u00a0janvier 2026 pas moins de<strong> deux nouvelles lignes.<\/strong> <strong>Voici le d\u00e9tail des \u00e9volutions des fameux Hibus.<\/strong><\/p>\n<p>Un Hibus toutes les heures<\/p>\n<p class=\" wall-content\">D\u00e8s le 1er\u00a0janvier, ce sont <strong>donc deux nouvelles lignes de Hibus<\/strong> qui seront inaugur\u00e9es. Au total ces bus nocturnes proposeront donc<strong> cinq trajets, tous au d\u00e9part du quai Saint-Nicolas<\/strong>, \u00e0 proximit\u00e9 du Mus\u00e9e Alsacien.<\/p>\n<p class=\" wall-content\">Elles desserviront\u2009:<\/p>\n<ul class=\" wall-content\">\n<li><strong>Koenigshoffen, Hautepierre, Cronenbourg<\/strong><\/li>\n<li><strong>Neudorf et Meinau jusqu\u2019au Campus d\u2019Illkirch<\/strong><\/li>\n<li><strong>Krutenau, Robertsau jusqu\u2019au Pont Phario<\/strong><\/li>\n<li><strong>Schiltigheim, Bischeim, Hoenheim Gare<\/strong><\/li>\n<li><strong>Esplanade, Neudorf, Kehl Bahnhof<\/strong><\/li>\n<\/ul>\n<p class=\" wall-content\">Parmi les nouveaut\u00e9s de l\u2019ann\u00e9e 2026,<strong> le passage du Hibus de l\u2019autre c\u00f4t\u00e9 du Rhin \u00e0 Kehl en Allemagne<\/strong> o\u00f9 de nombreux f\u00eatards se rendent en bo\u00eete de nuit. Les lignes sont mises en place tous les jeudis, vendredis et samedis (y compris les jours f\u00e9ri\u00e9s) avec un passage toutes les heures \u00e0 chaque arr\u00eat entre 0h30 et 5h.<\/p>\n<p class=\" wall-content\">Personnalisez votre actualit\u00e9 en ajoutant vos villes et m\u00e9dias en favori avec <a href=\"https:\/\/moncompte.actu.fr\" title=\"D\u00e9couvez Mon Actu\" rel=\"nofollow noopener\" data-trk=\"{&quot;cta&quot;:{&quot;action&quot;:&quot;https:\\\/\\\/moncompte.actu.fr&quot;,&quot;category&quot;:&quot;mon compte&quot;,&quot;from&quot;:&quot;article footer&quot;,&quot;name&quot;:&quot;Mon actu&quot;,&quot;type&quot;:&quot;cta&quot;}}\" target=\"_blank\">Mon Actu<\/a>.<\/p>\n","protected":false},"excerpt":{"rendered":"Par Olivia Kouassi Publi\u00e9 le 29 ao\u00fbt 2025 \u00e0 15h58 Le bus de nuit traverse le Rhin. Le&hellip;\n","protected":false},"author":2,"featured_media":347439,"comment_status":"","ping_status":"","sticky":false,"template":"","format":"standard","meta":{"footnotes":""},"categories":[2820],"tags":[1111,11,7344,1777,674,1011,27,775,12,25,104,640,2803],"class_list":{"0":"post-353682","1":"post","2":"type-post","3":"status-publish","4":"format-standard","5":"has-post-thumbnail","7":"category-strasbourg","8":"tag-actu","9":"tag-actualites","10":"tag-compagnie-des-transports-strasbourgeois-cts","11":"tag-eu","12":"tag-europe","13":"tag-fr","14":"tag-france","15":"tag-grand-est","16":"tag-news","17":"tag-republique-francaise","18":"tag-societe","19":"tag-strasbourg","20":"tag-transport"},"share_on_mastodon":{"url":"https:\/\/pubeurope.com\/@fr\/115115706484866695","error":""},"_links":{"self":[{"href":"https:\/\/www.europesays.com\/fr\/wp-json\/wp\/v2\/posts\/353682","targetHints":{"allow":["GET"]}}],"collection":[{"href":"https:\/\/www.europesays.com\/fr\/wp-json\/wp\/v2\/posts"}],"about":[{"href":"https:\/\/www.europesays.com\/fr\/wp-json\/wp\/v2\/types\/post"}],"author":[{"embeddable":true,"href":"https:\/\/www.europesays.com\/fr\/wp-json\/wp\/v2\/users\/2"}],"replies":[{"embeddable":true,"href":"https:\/\/www.europesays.com\/fr\/wp-json\/wp\/v2\/comments?post=353682"}],"version-history":[{"count":0,"href":"https:\/\/www.europesays.com\/fr\/wp-json\/wp\/v2\/posts\/353682\/revisions"}],"wp:featuredmedia":[{"embeddable":true,"href":"https:\/\/www.europesays.com\/fr\/wp-json\/wp\/v2\/media\/347439"}],"wp:attachment":[{"href":"https:\/\/www.europesays.com\/fr\/wp-json\/wp\/v2\/media?parent=353682"}],"wp:term":[{"taxonomy":"category","embeddable":true,"href":"https:\/\/www.europesays.com\/fr\/wp-json\/wp\/v2\/categories?post=353682"},{"taxonomy":"post_tag","embeddable":true,"href":"https:\/\/www.europesays.com\/fr\/wp-json\/wp\/v2\/tags?post=353682"}],"curies":[{"name":"wp","href":"https:\/\/api.w.org\/{rel}","templated":true}]}}