{"id":353703,"date":"2025-08-30T04:09:12","date_gmt":"2025-08-30T04:09:12","guid":{"rendered":"https:\/\/www.europesays.com\/fr\/353703\/"},"modified":"2025-08-30T04:09:12","modified_gmt":"2025-08-30T04:09:12","slug":"au-coeur-de-lyon-des-artisans-poursuivent-lheritage-de-la-soie","status":"publish","type":"post","link":"https:\/\/www.europesays.com\/fr\/353703\/","title":{"rendered":"Au c\u0153ur de Lyon, des artisans poursuivent l\u2019h\u00e9ritage de la soie"},"content":{"rendered":"<p class=\"wp-block-post-excerpt__excerpt\">[Lyon au fil de la soie 5\/5] Cet \u00e9t\u00e9, nous vous proposons de reprendre avec nous le fil de l\u2019histoire de Lyon, \u00e0 travers celle de la soie. Malgr\u00e9 la crise des ann\u00e9es 80, quelques artisans perp\u00e9tuent encore ce savoir-faire ancestral de la soie lyonnaise. <\/p>\n<p><a href=\"https:\/\/www.rue89lyon.fr\/actu\/\" rel=\"tag nofollow noopener\" target=\"_blank\">Actualit\u00e9<\/a>, <a href=\"https:\/\/www.rue89lyon.fr\/edition-abonnes\/\" rel=\"tag nofollow noopener\" target=\"_blank\">\u00c9dition abonn\u00e9s<\/a><\/p>\n<p>Marine Farrugia<\/p>\n<p>Publi\u00e9 le 30 ao\u00fbt 2025\u00a0\u00a0\u00b7\u00a0\u00a0<\/p>\n<p>Imprim\u00e9 le 30 ao\u00fbt 2025 \u00e0 06h09\u00a0\u00a0\u00b7\u00a0\u00a0<\/p>\n<p>\t\t\t\t\t4\u00a0minutes\n<\/p>\n<p>Au XIXe si\u00e8cle, Lyon \u00e9tait la capitale de la soie. Mais cet h\u00e9ritage s\u00e9culaire, dont nous avons retrac\u00e9 le fil, s\u2019est \u00e9tiol\u00e9 dans la seconde moiti\u00e9 du XXe si\u00e8cle. Pourtant, les vestiges de cette histoire perdurent encore dans quelques lieux de la capitale des Gaules. Notamment, pr\u00e8s de la place des Terreaux, o\u00f9 se situe un des derniers ateliers li\u00e9 \u00e0 l\u2019\u00e9conomie de la soie en France.<\/p>\n<p>Dans ce lieu baign\u00e9 de lumi\u00e8re, haut sous plafond, les ventilateurs tournent sans rel\u00e2che, brassant l\u2019air charg\u00e9 des effluves de peinture. \u00ab Personne ne travaille comme nous \u00bb, s\u2019exclame Gabriel Hahn, imprimeur-coloriste de l\u2019atelier Brochier Soieries, o\u00f9 se perp\u00e9tue manuellement le proc\u00e9d\u00e9 traditionnel de l\u2019impression au cadre \u00e0 la lyonnaise, datant du si\u00e8cle dernier.<\/p>\n<p>Lisez la suite pour 1\u20ac<\/p>\n<p>En profitant de notre offre d\u2019essai, r\u00e9siliable en ligne \u00e0 tout moment.<\/p>\n<p><strong>Pour acc\u00e9der \u00e0 cet article, il faut \u00eatre abonn\u00e9. Pourquoi\u00a0?<\/strong><\/p>\n<p>Les informations exclusives, les enqu\u00eates et certains reportages constituent l\u2019\u00e9dition abonn\u00e9s de Rue89Lyon. En tant que m\u00e9dia ind\u00e9pendant, nos ressources proviennent de nos lectrices et lecteurs abonn\u00e9s, aucun milliardaire ni groupe bancaire ne nous finance.<\/p>\n<p>Nous demandons \u00e0 nos lecteurs une faible contribution pour disposer \u00e0 Lyon d\u2019un m\u00e9dia vigie des pouvoirs locaux, capable d\u2019enqu\u00eater et de traiter les enjeux locaux en profondeur et dans la dur\u00e9e.<\/p>\n<p>Chaque abonnement compte. Toutes nos recettes sont investies dans un journalisme local ind\u00e9pendant, dont la force et la r\u00e9activit\u00e9 d\u00e9pend directement du nombre d\u2019abonn\u00e9s actifs.<\/p>\n<p class=\"has-text-align-right\"><strong><a href=\"https:\/\/www.rue89lyon.fr\/abonnement\/\" data-type=\"page\" data-id=\"0\" rel=\"nofollow noopener\" target=\"_blank\">Je m\u2019abonne\u00a0 <\/a><\/strong><\/p>\n<p>\t\t\t<a href=\"https:\/\/www.rue89lyon.fr\/\" class=\"custom-logo-link\" rel=\"home nofollow noopener\" target=\"_blank\"><img loading=\"lazy\" decoding=\"async\" width=\"290\" height=\"89\" src=\"https:\/\/www.europesays.com\/fr\/wp-content\/uploads\/2025\/04\/1745556146_356_logo.png\" class=\"custom-logo\" alt=\"Rue89Lyon Infos, enqu\u00eates \u00e0 Lyon et dans la r\u00e9gion\"  \/><\/a><\/p>\n<p>\n\t\t\t\tAbonnez-vous maintenant pour suivre l\u2019actualit\u00e9 locale.\t\t\t<\/p>\n<p class=\"font-bold font-serif-heading mb-2 text-4xl\">\n\t\t\t\t\t\tL\u2019investigation locale \u00e0 port\u00e9e de main.\n\t\t\t\t\t<\/p>\n<p>\n\t\t\t\t\t\tAbonnez-vous et profitez d\u2019un acc\u00e8s illimit\u00e9 \u00e0 Rue89 Lyon. Annulez quand vous voulez.\n\t\t\t\t\t<\/p>\n<p class=\"xl:text-sm\">\n\t\t\t\t\tD\u00e9j\u00e0 abonn\u00e9\u00a0?<br \/>\n\t\t\t\t\t<a class=\"border border-transparent text-center transition-colors duration-instant focus:border-info focus:rounded focus:shadow-focus cursor-pointer text-black hover:text-gray-700 active:bg-black-700 font-semibold inline-block\" href=\"https:\/\/www.rue89lyon.fr\/user\/login\/?redirect=\/2025\/08\/30\/coeur-lyon-artisans-poursuivent-heritage-soie\/\" rel=\"nofollow noopener\" target=\"_blank\">Connectez-vous<\/a>\t\t\t\t<\/p>\n<p>\n\t\t\t\tChoisissez votre formule\u00a0:\n\t\t\t<\/p>\n<p>\t\t\t\tFermer<\/p>\n","protected":false},"excerpt":{"rendered":"[Lyon au fil de la soie 5\/5] Cet \u00e9t\u00e9, nous vous proposons de reprendre avec nous le fil&hellip;\n","protected":false},"author":2,"featured_media":353704,"comment_status":"","ping_status":"","sticky":false,"template":"","format":"standard","meta":{"footnotes":""},"categories":[1889],"tags":[1111,11,2430,251,1777,674,1011,27,937,2428,12,25],"class_list":{"0":"post-353703","1":"post","2":"type-post","3":"status-publish","4":"format-standard","5":"has-post-thumbnail","7":"category-lyon","8":"tag-actu","9":"tag-actualites","10":"tag-auvergne-rhone-alpes","11":"tag-culture","12":"tag-eu","13":"tag-europe","14":"tag-fr","15":"tag-france","16":"tag-histoire","17":"tag-lyon","18":"tag-news","19":"tag-republique-francaise"},"share_on_mastodon":{"url":"https:\/\/pubeurope.com\/@fr\/115115757992630698","error":""},"_links":{"self":[{"href":"https:\/\/www.europesays.com\/fr\/wp-json\/wp\/v2\/posts\/353703","targetHints":{"allow":["GET"]}}],"collection":[{"href":"https:\/\/www.europesays.com\/fr\/wp-json\/wp\/v2\/posts"}],"about":[{"href":"https:\/\/www.europesays.com\/fr\/wp-json\/wp\/v2\/types\/post"}],"author":[{"embeddable":true,"href":"https:\/\/www.europesays.com\/fr\/wp-json\/wp\/v2\/users\/2"}],"replies":[{"embeddable":true,"href":"https:\/\/www.europesays.com\/fr\/wp-json\/wp\/v2\/comments?post=353703"}],"version-history":[{"count":0,"href":"https:\/\/www.europesays.com\/fr\/wp-json\/wp\/v2\/posts\/353703\/revisions"}],"wp:featuredmedia":[{"embeddable":true,"href":"https:\/\/www.europesays.com\/fr\/wp-json\/wp\/v2\/media\/353704"}],"wp:attachment":[{"href":"https:\/\/www.europesays.com\/fr\/wp-json\/wp\/v2\/media?parent=353703"}],"wp:term":[{"taxonomy":"category","embeddable":true,"href":"https:\/\/www.europesays.com\/fr\/wp-json\/wp\/v2\/categories?post=353703"},{"taxonomy":"post_tag","embeddable":true,"href":"https:\/\/www.europesays.com\/fr\/wp-json\/wp\/v2\/tags?post=353703"}],"curies":[{"name":"wp","href":"https:\/\/api.w.org\/{rel}","templated":true}]}}