{"id":353705,"date":"2025-08-30T04:10:10","date_gmt":"2025-08-30T04:10:10","guid":{"rendered":"https:\/\/www.europesays.com\/fr\/353705\/"},"modified":"2025-08-30T04:10:10","modified_gmt":"2025-08-30T04:10:10","slug":"lyon-la-meteo-va-vite-changer-des-orages-annonces-dans-le-rhone-a-quoi-sattendre","status":"publish","type":"post","link":"https:\/\/www.europesays.com\/fr\/353705\/","title":{"rendered":"Lyon. La m\u00e9t\u00e9o va vite changer, des orages annonc\u00e9s dans le Rh\u00f4ne : \u00e0 quoi s&rsquo;attendre"},"content":{"rendered":"<p>            Par<br \/>\n        <strong><br \/>\n            <a href=\"https:\/\/actu.fr\/auteur\/anthony-soudani\" title=\"Consulter tous les articles de Anthony Soudani\" target=\"_blank\" rel=\"noopener\">Anthony Soudani<\/a><br \/>\n        <\/strong><\/p>\n<p>        Publi\u00e9 le<\/p>\n<p>            30 ao\u00fbt 2025 \u00e0 6h06        <\/p>\n<p>Le Rh\u00f4ne risque d\u2019\u00eatre travers\u00e9 par des orages dimanche 31 ao\u00fbt. D\u2019apr\u00e8s les pr\u00e9visions de <a href=\"https:\/\/actu.fr\/tag\/meteo-france\" target=\"_blank\" rel=\"noopener\">M\u00e9t\u00e9o-France<\/a>, l\u2019ensemble des communes du d\u00e9partement, dont Lyon, pourrait \u00eatre concern\u00e9 par des <strong>averses orages d\u00e8s la fin de journ\u00e9e.\u00a0<\/strong><\/p>\n<p class=\" wall-content\">Alors que la matin\u00e9e devrait \u00eatre ensoleill\u00e9e sur tout le <a href=\"https:\/\/actu.fr\/auvergne-rhone-alpes\/rhone_69\" target=\"_blank\" rel=\"noopener\">Rh\u00f4ne<\/a> avec des temp\u00e9ratures avoisinant les 20\u00b0C, le temps changera radicalement dans l\u2019apr\u00e8s-midi.\u00a0<\/p>\n<p>Des orages sur tout le d\u00e9partement dans la soir\u00e9e<\/p>\n<p class=\" wall-content\">Des orages, parfois accompagn\u00e9s d\u2019averses, sont pr\u00e9vus dans le nord du Rh\u00f4ne, notamment dans le secteur du Beaujolais. Le risque d\u2019orages va jusqu\u2019\u00e0 L\u2019Arbresle et \u00e0 Neuville-sur-Sa\u00f4ne, dans l\u2019apr\u00e8s-midi. \u00c0 ce moment-l\u00e0, Lyon et le sud du Rh\u00f4ne pourraient \u00eatre \u00e9pargn\u00e9s.<\/p>\n<p class=\" wall-content\">Mais cela pourrait ne pas durer puisque M\u00e9t\u00e9o-France annonce des orages accompagn\u00e9s de pluies sur tout le d\u00e9partement du Rh\u00f4ne. Le temps devrait se g\u00e2ter dans la m\u00e9tropole de Lyon alors que l\u2019<a href=\"https:\/\/actu.fr\/auvergne-rhone-alpes\/lyon_69123\/lyon-on-connait-les-adversaires-de-l-ol-en-ligue-europa-un-tirage-facile_63093946.html\" target=\"_blank\" rel=\"noopener\">OL<\/a> recevra l\u2019Olympique de Marseille au Groupama Stadium de D\u00e9cines-Charpieu.<\/p>\n<p class=\" wall-content\">Les perturbations orageuses devraient se prolonger jusque dans la nuit.<\/p>\n<p>Une probabilit\u00e9 mod\u00e9r\u00e9e d\u2019orages dans le Rh\u00f4ne<\/p>\n<p class=\" wall-content\">Selon les pr\u00e9visions de l\u2019Observatoire fran\u00e7ais des tornades et orages violents, Keraunos, les <strong>conditions orageuses sont r\u00e9unies dans le Rh\u00f4ne<\/strong> avec une probabilit\u00e9 mod\u00e9r\u00e9e.\u00a0<\/p>\n<p class=\" wall-content\">Les plus gros orages devraient \u00e9pargner le d\u00e9partement.<\/p>\n<p>Votre r\u00e9gion, votre actu !<\/p>\n<p>Recevez chaque jour les infos qui comptent pour vous.<\/p>\n<p>\t<a href=\"https:\/\/actu.fr\/newsletter\" class=\"ac-btn ac-btn--corner ac-btn--medium ac-btn--blue800\" target=\"_blank\" rel=\"noopener\">S&rsquo;incrire<\/a><\/p>\n<p class=\" wall-content\">\u00ab\u00a0Dimanche, un nouveau thalweg d\u2019altitude gagnera la France. Le cyclonisme et l\u2019instabilit\u00e9 associ\u00e9s g\u00e9n\u00e9reront une activit\u00e9 orageuse dispers\u00e9e en journ\u00e9e sur la plupart des r\u00e9gions, avec des orages plus nombreux et plus puissants attendus en Occitanie en fin d\u2019apr\u00e8s-midi et en soir\u00e9e\u00a0\u00bb, pr\u00e9voit Keraunos.<\/p>\n<p class=\" wall-content\">Personnalisez votre actualit\u00e9 en ajoutant vos villes et m\u00e9dias en favori avec <a href=\"https:\/\/moncompte.actu.fr\" title=\"D\u00e9couvez Mon Actu\" rel=\"nofollow noopener\" data-trk=\"{&quot;cta&quot;:{&quot;action&quot;:&quot;https:\\\/\\\/moncompte.actu.fr&quot;,&quot;category&quot;:&quot;mon compte&quot;,&quot;from&quot;:&quot;article footer&quot;,&quot;name&quot;:&quot;Mon actu&quot;,&quot;type&quot;:&quot;cta&quot;}}\" target=\"_blank\">Mon Actu<\/a>.<\/p>\n","protected":false},"excerpt":{"rendered":"Par Anthony Soudani Publi\u00e9 le 30 ao\u00fbt 2025 \u00e0 6h06 Le Rh\u00f4ne risque d\u2019\u00eatre travers\u00e9 par des orages&hellip;\n","protected":false},"author":2,"featured_media":332195,"comment_status":"","ping_status":"","sticky":false,"template":"","format":"standard","meta":{"footnotes":""},"categories":[1889],"tags":[1111,11,2430,1777,674,1011,27,2428,2487,2357,12,4594,25],"class_list":{"0":"post-353705","1":"post","2":"type-post","3":"status-publish","4":"format-standard","5":"has-post-thumbnail","7":"category-lyon","8":"tag-actu","9":"tag-actualites","10":"tag-auvergne-rhone-alpes","11":"tag-eu","12":"tag-europe","13":"tag-fr","14":"tag-france","15":"tag-lyon","16":"tag-meteo","17":"tag-meteo-france","18":"tag-news","19":"tag-orages","20":"tag-republique-francaise"},"share_on_mastodon":{"url":"https:\/\/pubeurope.com\/@fr\/115115761484524248","error":""},"_links":{"self":[{"href":"https:\/\/www.europesays.com\/fr\/wp-json\/wp\/v2\/posts\/353705","targetHints":{"allow":["GET"]}}],"collection":[{"href":"https:\/\/www.europesays.com\/fr\/wp-json\/wp\/v2\/posts"}],"about":[{"href":"https:\/\/www.europesays.com\/fr\/wp-json\/wp\/v2\/types\/post"}],"author":[{"embeddable":true,"href":"https:\/\/www.europesays.com\/fr\/wp-json\/wp\/v2\/users\/2"}],"replies":[{"embeddable":true,"href":"https:\/\/www.europesays.com\/fr\/wp-json\/wp\/v2\/comments?post=353705"}],"version-history":[{"count":0,"href":"https:\/\/www.europesays.com\/fr\/wp-json\/wp\/v2\/posts\/353705\/revisions"}],"wp:featuredmedia":[{"embeddable":true,"href":"https:\/\/www.europesays.com\/fr\/wp-json\/wp\/v2\/media\/332195"}],"wp:attachment":[{"href":"https:\/\/www.europesays.com\/fr\/wp-json\/wp\/v2\/media?parent=353705"}],"wp:term":[{"taxonomy":"category","embeddable":true,"href":"https:\/\/www.europesays.com\/fr\/wp-json\/wp\/v2\/categories?post=353705"},{"taxonomy":"post_tag","embeddable":true,"href":"https:\/\/www.europesays.com\/fr\/wp-json\/wp\/v2\/tags?post=353705"}],"curies":[{"name":"wp","href":"https:\/\/api.w.org\/{rel}","templated":true}]}}