{"id":353712,"date":"2025-08-30T04:15:21","date_gmt":"2025-08-30T04:15:21","guid":{"rendered":"https:\/\/www.europesays.com\/fr\/353712\/"},"modified":"2025-08-30T04:15:21","modified_gmt":"2025-08-30T04:15:21","slug":"asnieres-quatre-serruriers-vereux-derriere-les-barreaux","status":"publish","type":"post","link":"https:\/\/www.europesays.com\/fr\/353712\/","title":{"rendered":"Asni\u00e8res\u00a0: quatre serruriers v\u00e9reux derri\u00e8re les barreaux"},"content":{"rendered":"<p class=\"paragraph text_align_left lp-f-body-02\">Les Serruriers de confiance. \u00c0 lui seul, le nom de leur \u00ab soci\u00e9t\u00e9 \u00bb sugg\u00e9rait un travail fiable, honn\u00eate et s\u00e9rieux. Les serruriers en question, quatre hommes, \u00e9taient pourtant loin d\u2019\u00eatre int\u00e8gres. Interpell\u00e9s les 25 et 26 ao\u00fbt derniers et plac\u00e9s en garde \u00e0 vue, ils sont soup\u00e7onn\u00e9s d\u2019avoir d\u00e9t\u00e9rior\u00e9 sciemment plus d\u2019une centaine de serrures dans plusieurs immeubles d\u2019habitations d\u2019Asni\u00e8res.<\/p>\n<p class=\"paragraph text_align_left lp-f-body-02\">Les policiers d\u2019Asni\u00e8res se sont lanc\u00e9s sur la piste de ces pr\u00e9sum\u00e9s artisans v\u00e9reux, d\u00e8s le 8 juillet. \u00ab Un tr\u00e8s grand nombre de plaintes venaient d\u2019\u00eatre d\u00e9pos\u00e9es au commissariat, confie une source polici\u00e8re. \u00c0 chaque fois, les plaignants expliquaient que la serrure de leur porte d\u2019entr\u00e9e avait \u00e9t\u00e9 d\u00e9t\u00e9rior\u00e9e. \u00bb<\/p>\n<p class=\"paragraph text_align_left lp-f-body-02\">Parmi ces victimes, beaucoup avaient adopt\u00e9 le m\u00eame r\u00e9flexe : faire appel aux Serruriers de confiance, myst\u00e9rieuse soci\u00e9t\u00e9 dont les flyers avaient justement atterri dans les bo\u00eetes aux lettres des r\u00e9sidences concern\u00e9es. De quoi alimenter les soup\u00e7ons des fonctionnaires de police en charge de l\u2019enqu\u00eate. Des soup\u00e7ons confort\u00e9s le 21 ao\u00fbt dernier par une nouvelle s\u00e9rie de plaintes d\u00e9pos\u00e9es au commissariat d\u2019Asni\u00e8res.<\/p>\n<p class=\"paragraph text_align_left lp-f-body-02\">Un important travail d\u2019investigation a \u00e9t\u00e9 men\u00e9. Notamment sur <a href=\"https:\/\/www.leparisien.fr\/hauts-de-seine-92\/a-asnieres-une-dose-dintelligence-artificielle-pour-un-dispositif-de-videosurveillance-plus-affute-10-07-2025-Z6T2J3ODK5GOBIRECR4HQLURLI.php\" target=\"_self\" rel=\"noopener\">les images de vid\u00e9oprotection<\/a>. Des images sur lesquelles les policiers ont vite rep\u00e9r\u00e9, puis identifi\u00e9, deux individus entrer et sortir des b\u00e2timents concern\u00e9s. Selon nos informations, l\u2019examen des images capt\u00e9es par les cam\u00e9ras aurait \u00e9galement permis d\u2019identifier le v\u00e9hicule utilis\u00e9 par les suspects.<\/p>\n<p>Pr\u00e8s de 120 faits sont imput\u00e9s aux quatre hommes<\/p>\n<p class=\"paragraph text_align_left lp-f-body-02\">Selon les \u00e9l\u00e9ments de l\u2019enqu\u00eate, ces derniers d\u00e9t\u00e9rioraient eux-m\u00eames les serrures afin d\u2019inciter les victimes \u00e0 faire appel \u00e0 leur service. \u00ab Apr\u00e8s avoir d\u00e9pos\u00e9 leurs flyers dans les bo\u00eetes aux lettres, ils injectaient eux-m\u00eames de la colle dans les serrures puis attendaient les appels pour intervenir \u00bb pr\u00e9cise la m\u00eame source.<\/p>\n<p class=\"paragraph text_align_left lp-f-body-02\">Au total, pr\u00e8s de 120 faits sont imput\u00e9s aux quatre hommes par les enqu\u00eateurs pour un pr\u00e9judice estim\u00e9 \u00e0 quelque 89 000 euros. D\u00e9f\u00e9r\u00e9s ce mercredi, ils ont \u00e9t\u00e9 plac\u00e9s en d\u00e9tention provisoire en attendant leur jugement, le 15 octobre prochain, pour escroquerie en bande organis\u00e9e et d\u00e9gradations volontaires en r\u00e9union.<\/p>\n<p class=\"paragraph text_align_left lp-f-body-02\">Sur sa page Facebook, le maire (LR) Manuel Aeschlimann s\u2019est f\u00e9licit\u00e9 de l\u2019efficacit\u00e9 du syst\u00e8me de vid\u00e9osurveillance de la ville, saluant au passage \u00ab le remarquable travail d\u2019enqu\u00eate des services d\u2019investigation de la Police nationale d\u2019Asni\u00e8res \u00bb.<\/p>\n","protected":false},"excerpt":{"rendered":"Les Serruriers de confiance. \u00c0 lui seul, le nom de leur \u00ab soci\u00e9t\u00e9 \u00bb sugg\u00e9rait un travail fiable,&hellip;\n","protected":false},"author":2,"featured_media":353713,"comment_status":"","ping_status":"","sticky":false,"template":"","format":"standard","meta":{"footnotes":""},"categories":[1888],"tags":[11,1777,674,1011,27,3314,1944,12,626,25],"class_list":{"0":"post-353712","1":"post","2":"type-post","3":"status-publish","4":"format-standard","5":"has-post-thumbnail","7":"category-paris","8":"tag-actualites","9":"tag-eu","10":"tag-europe","11":"tag-fr","12":"tag-france","13":"tag-hauts-de-seine","14":"tag-ma-ville","15":"tag-news","16":"tag-paris","17":"tag-republique-francaise"},"share_on_mastodon":{"url":"https:\/\/pubeurope.com\/@fr\/115115781448255483","error":""},"_links":{"self":[{"href":"https:\/\/www.europesays.com\/fr\/wp-json\/wp\/v2\/posts\/353712","targetHints":{"allow":["GET"]}}],"collection":[{"href":"https:\/\/www.europesays.com\/fr\/wp-json\/wp\/v2\/posts"}],"about":[{"href":"https:\/\/www.europesays.com\/fr\/wp-json\/wp\/v2\/types\/post"}],"author":[{"embeddable":true,"href":"https:\/\/www.europesays.com\/fr\/wp-json\/wp\/v2\/users\/2"}],"replies":[{"embeddable":true,"href":"https:\/\/www.europesays.com\/fr\/wp-json\/wp\/v2\/comments?post=353712"}],"version-history":[{"count":0,"href":"https:\/\/www.europesays.com\/fr\/wp-json\/wp\/v2\/posts\/353712\/revisions"}],"wp:featuredmedia":[{"embeddable":true,"href":"https:\/\/www.europesays.com\/fr\/wp-json\/wp\/v2\/media\/353713"}],"wp:attachment":[{"href":"https:\/\/www.europesays.com\/fr\/wp-json\/wp\/v2\/media?parent=353712"}],"wp:term":[{"taxonomy":"category","embeddable":true,"href":"https:\/\/www.europesays.com\/fr\/wp-json\/wp\/v2\/categories?post=353712"},{"taxonomy":"post_tag","embeddable":true,"href":"https:\/\/www.europesays.com\/fr\/wp-json\/wp\/v2\/tags?post=353712"}],"curies":[{"name":"wp","href":"https:\/\/api.w.org\/{rel}","templated":true}]}}