{"id":353714,"date":"2025-08-30T04:16:18","date_gmt":"2025-08-30T04:16:18","guid":{"rendered":"https:\/\/www.europesays.com\/fr\/353714\/"},"modified":"2025-08-30T04:16:18","modified_gmt":"2025-08-30T04:16:18","slug":"nucleaire-iranien-paris-londres-et-berlin-menacent-teheran-de-sanctions","status":"publish","type":"post","link":"https:\/\/www.europesays.com\/fr\/353714\/","title":{"rendered":"Nucl\u00e9aire iranien\u00a0: Paris, Londres et Berlin menacent T\u00e9h\u00e9ran de sanctions"},"content":{"rendered":"<p>L\u2019Allemagne, la France et le Royaume-Uni, qui forment l\u2019E3, ont indiqu\u00e9 jeudi dans une lettre au Conseil de s\u00e9curit\u00e9 de l\u2019ONU que \u00ab\u00a0sur la base de preuves factuelles\u00a0\u00bb, ils estiment que l\u2019Iran est en position \u00ab\u00a0de non-respect important de ses engagements\u00a0\u00bb <a href=\"https:\/\/www.humanite.fr\/monde\/benyamin-netanyahou\/bombe-nucleaire-iranienne-les-mensonges-de-netanyahou-pour-justifier-la-guerre\" rel=\"nofollow noopener\" target=\"_blank\">en vertu de l\u2019accord sur le nucl\u00e9aire de 2015<\/a>, le JCPOA. Les trois administrations disent invoquer \u00ab\u00a0le m\u00e9canisme connu sous le nom du snapback\u00a0\u00bb.<\/p>\n<p>Ce m\u00e9canisme ouvre la voie \u00e0 une reprise potentielle de sanctions suspendues il y a dix ans par les Europ\u00e9ens. Cette d\u00e9cision intervient alors que des inspecteurs de l\u2019Agence internationale de l\u2019\u00e9nergie atomique (AIEA), se trouvent en Iran pour surveiller le remplacement du combustible <a href=\"https:\/\/www.humanite.fr\/environnement\/canicule\/meduses-canicule-eau-trop-chaude-quand-le-rechauffement-climatique-menace-le-fonctionnement-des-centrales-nucleaires\" rel=\"nofollow noopener\" target=\"_blank\">dans la centrale nucl\u00e9aire<\/a> de Bouchehr.<\/p>\n<p>L\u2019AIEA de retour en Iran<\/p>\n<p>Le directeur g\u00e9n\u00e9ral de l\u2019AIEA, Rafael Grossi, a d\u00e9clar\u00e9 que l\u2019Iran avait autoris\u00e9 les inspecteurs \u00e0 revenir cette semaine, mais qu\u2019ils ne pouvaient pas visiter les principaux sites nucl\u00e9aires bombard\u00e9s \u00e0 Fordow, Natanz et Ispahan.<\/p>\n<p>Berlin, Paris et Londres ont exig\u00e9 que T\u00e9h\u00e9ran r\u00e9admette <a href=\"https:\/\/www.humanite.fr\/monde\/armes-nucleaires\/le-nucleaire-iranien-objet-de-tous-les-fantasmes\" rel=\"nofollow noopener\" target=\"_blank\">l\u2019organisme de surveillance nucl\u00e9aire de l\u2019ONU sur l\u2019ensemble des sites nucl\u00e9aires<\/a>.<\/p>\n<p>Plus t\u00f4t dans la semaine, <a href=\"https:\/\/www.humanite.fr\/monde\/genocide\/guerre-a-gaza-face-a-la-politique-genocidaire-disrael-lunion-europeenne-reste-simple-spectatrice\" rel=\"nofollow noopener\" target=\"_blank\">l\u2019Union europ\u00e9enne<\/a>, qui soutient le JCPOA, avait particip\u00e9 aux n\u00e9gociations entre l\u2019E3 et l\u2019Iran, notamment \u00e0 Gen\u00e8ve. L\u2019Europe a r\u00e9clam\u00e9 des d\u00e9tails sur ce qu\u2019il est advenu des quelque 400\u00a0kg d\u2019uranium hautement enrichi stock\u00e9s par l\u2019Iran apr\u00e8s les attaques isra\u00e9liennes de juin.<\/p>\n<p>Cette mesure risque de provoquer la pire crise dans les relations entre l\u2019Iran et l\u2019Occident depuis les attaques isra\u00e9liennes contre les sites nucl\u00e9aires du pays en juin.<\/p>\n<p>La confirmation du retour partiel des inspecteurs mercredi a \u00e9t\u00e9 accueillie par des protestations de la part des responsables iraniens, qui affirment que les conditions pr\u00e9alables strictes qu\u2019ils avaient fix\u00e9es n\u2019ont pas \u00e9t\u00e9 respect\u00e9es.<\/p>\n<p>Apr\u00e8s l\u2019op\u00e9ration militaire isra\u00e9lienne <a href=\"https:\/\/www.humanite.fr\/monde\/aiea\/guerre-des-12-jours-935-personnes-tuees-en-iran\" rel=\"nofollow noopener\" target=\"_blank\">qui a co\u00fbt\u00e9 la vie \u00e0 1\u00a0000 personnes en Iran<\/a>, dont des hauts responsables militaires et scientifiques, le parlement a adopt\u00e9 une loi imposant des conditions pr\u00e9alables au retour de l\u2019AIEA.<\/p>\n<p>L\u2019Europe mise sur des concessions<\/p>\n<p>T\u00e9h\u00e9ran consid\u00e8re l\u2019agence onusienne comme complice des attaques isra\u00e9liennes et s\u2019est \u00e9galement plaint que l\u2019AIEA n\u2019ait jamais condamn\u00e9 les attaques isra\u00e9liennes. Les responsables iraniens ont \u00e9galement d\u00e9clar\u00e9 que seuls les inspecteurs russes de l\u2019AIEA seraient autoris\u00e9s \u00e0 se rendre \u00e0 Bouchehr.<\/p>\n<p>Ce m\u00e9canisme du snapback\u00a0ne peut pas \u00eatre rejet\u00e9 par les membres permanents du Conseil de s\u00e9curit\u00e9 de l\u2019ONU tels que la Russie et la Chine. Moscou a propos\u00e9 \u00e0 l\u2019ONU que le r\u00e9tablissement des sanctions soit report\u00e9 de six mois, jusqu\u2019au 18\u00a0avril, afin de donner plus de temps \u00e0 la diplomatie, mais elle ne dispose pas des voix n\u00e9cessaires au Conseil de s\u00e9curit\u00e9.<\/p>\n<p>Les autorit\u00e9s russes ont mis en garde contre des \u00ab\u00a0cons\u00e9quences irr\u00e9parables\u00a0\u00bb en cas de nouvelles sanctions internationales. Dans un communiqu\u00e9, le minist\u00e8re russe des Affaires \u00e9trang\u00e8res a fustig\u00e9 cette d\u00e9cision comme \u00ab\u00a0un grave facteur de d\u00e9stabilisation qui sape les efforts \u00e0 diff\u00e9rents niveaux pour trouver des solutions \u00e0 base de n\u00e9gociations\u00a0\u00bb.<\/p>\n<p>Moscou a appel\u00e9 au r\u00e9tablissement \u00ab\u00a0d\u2019un dialogue constructif\u00a0\u00bb entre toutes les parties impliqu\u00e9es, afin d\u2019\u00e9viter une \u00ab\u00a0nouvelle crise\u00a0\u00bb li\u00e9e au dossier nucl\u00e9aire iranien.<\/p>\n<p><a href=\"https:\/\/www.humanite.fr\/monde\/iran\/iran-massoud-pezeshkian-un-president-reformateur-aux-pouvoirs-limites\" rel=\"nofollow noopener\" target=\"_blank\">L\u2019Iran pr\u00e9pare d\u00e9j\u00e0 des contre-mesures<\/a> alors que ces derni\u00e8res semaines, la population conna\u00eet de grosses difficult\u00e9s d\u2019acc\u00e8s \u00e0 l\u2019eau et \u00e0 l\u2019\u00e9lectricit\u00e9, provoquant des manifestations. De leur c\u00f4t\u00e9, les pays europ\u00e9ens envisagent que cette menace provoquera des concessions de la part de l\u2019Iran.<\/p>\n<p>\u00catre le journal de la paix, notre d\u00e9fi quotidien<\/p>\n<p>Depuis Jaur\u00e8s, la d\u00e9fense de la paix est dans notre ADN.<\/p>\n<ul class=\"wp-block-list\">\n<li>Qui informe encore aujourd\u2019hui sur <strong>les actions des pacifistes<\/strong> pour le d\u00e9sarmement\u00a0?<\/li>\n<li>Combien de m\u00e9dias rappellent que <strong>les combats de d\u00e9colonisation <\/strong>ont encore cours, et qu\u2019ils doivent \u00eatre soutenus\u00a0?<\/li>\n<li>Combien valorisent les <strong>solidarit\u00e9s internationales<\/strong>, et s\u2019engagent sans ambigu\u00eft\u00e9 aux c\u00f4t\u00e9s des exil\u00e9s\u00a0?<\/li>\n<\/ul>\n<p><strong>Nos valeurs n\u2019ont pas de fronti\u00e8res.<\/strong><\/p>\n<p>Aidez-nous \u00e0 soutenir le droit \u00e0 l\u2019autod\u00e9termination et l\u2019option de la paix.<br \/><a href=\"https:\/\/www.humanite.fr\/lhumanite-cest-vous\" rel=\"nofollow noopener\" target=\"_blank\">Je veux en savoir plus\u00a0!<\/a><\/p>\n","protected":false},"excerpt":{"rendered":"L\u2019Allemagne, la France et le Royaume-Uni, qui forment l\u2019E3, ont indiqu\u00e9 jeudi dans une lettre au Conseil de&hellip;\n","protected":false},"author":2,"featured_media":353715,"comment_status":"","ping_status":"","sticky":false,"template":"","format":"standard","meta":{"footnotes":""},"categories":[1888],"tags":[11,1777,674,1011,27,3019,12,22376,626,25,49005],"class_list":{"0":"post-353714","1":"post","2":"type-post","3":"status-publish","4":"format-standard","5":"has-post-thumbnail","7":"category-paris","8":"tag-actualites","9":"tag-eu","10":"tag-europe","11":"tag-fr","12":"tag-france","13":"tag-iran","14":"tag-news","15":"tag-nuclu00e9aire-iranien","16":"tag-paris","17":"tag-republique-francaise","18":"tag-sanctions-europu00e9ennes"},"share_on_mastodon":{"url":"https:\/\/pubeurope.com\/@fr\/115115785153208344","error":""},"_links":{"self":[{"href":"https:\/\/www.europesays.com\/fr\/wp-json\/wp\/v2\/posts\/353714","targetHints":{"allow":["GET"]}}],"collection":[{"href":"https:\/\/www.europesays.com\/fr\/wp-json\/wp\/v2\/posts"}],"about":[{"href":"https:\/\/www.europesays.com\/fr\/wp-json\/wp\/v2\/types\/post"}],"author":[{"embeddable":true,"href":"https:\/\/www.europesays.com\/fr\/wp-json\/wp\/v2\/users\/2"}],"replies":[{"embeddable":true,"href":"https:\/\/www.europesays.com\/fr\/wp-json\/wp\/v2\/comments?post=353714"}],"version-history":[{"count":0,"href":"https:\/\/www.europesays.com\/fr\/wp-json\/wp\/v2\/posts\/353714\/revisions"}],"wp:featuredmedia":[{"embeddable":true,"href":"https:\/\/www.europesays.com\/fr\/wp-json\/wp\/v2\/media\/353715"}],"wp:attachment":[{"href":"https:\/\/www.europesays.com\/fr\/wp-json\/wp\/v2\/media?parent=353714"}],"wp:term":[{"taxonomy":"category","embeddable":true,"href":"https:\/\/www.europesays.com\/fr\/wp-json\/wp\/v2\/categories?post=353714"},{"taxonomy":"post_tag","embeddable":true,"href":"https:\/\/www.europesays.com\/fr\/wp-json\/wp\/v2\/tags?post=353714"}],"curies":[{"name":"wp","href":"https:\/\/api.w.org\/{rel}","templated":true}]}}