{"id":353718,"date":"2025-08-30T04:18:17","date_gmt":"2025-08-30T04:18:17","guid":{"rendered":"https:\/\/www.europesays.com\/fr\/353718\/"},"modified":"2025-08-30T04:18:17","modified_gmt":"2025-08-30T04:18:17","slug":"ils-peuvent-contenir-des-antibiotiques-interdits-en-europe-denonce-linterprofession-des-oeufs-qui-sinquiete-dimportations-dukraine-par-les-distributeurs","status":"publish","type":"post","link":"https:\/\/www.europesays.com\/fr\/353718\/","title":{"rendered":"&lsquo;Ils peuvent contenir des antibiotiques interdits en Europe&rsquo;, d\u00e9nonce l\u2019interprofession des \u0153ufs qui s\u2019inqui\u00e8te d\u2019importations d\u2019Ukraine par les distributeurs"},"content":{"rendered":"<p>Face \u00e0 l\u2019augmentation de la consommation d\u2019\u0153ufs, prot\u00e9ine animale privil\u00e9gi\u00e9e en p\u00e9riode d\u2019inflation, des tensions dans les stocks ont \u00e9merg\u00e9 depuis le d\u00e9but de l\u2019ann\u00e9e et certains rayons se sont vid\u00e9s, parfois sous l\u2019effet des achats de pr\u00e9caution par des consommateurs soucieux.<\/p>\n<p>\u00ab\u00a0Les ventes ont augment\u00e9 de 5% en volume cette ann\u00e9e (\u00e0 fin juillet) par rapport \u00e0 l\u2019ann\u00e9e\u00a02024, soit environ 350\u00a0millions d\u2019\u0153ufs en plus par rapport aux sept milliards de l\u2019ann\u00e9e derni\u00e8re. On a \u00e9t\u00e9 capable de r\u00e9pondre et de fournir la grande distribution\u00a0\u00bb, explique \u00e0 l\u2019AFP Yves-Marie Beaudet, pr\u00e9sident du CNPO.<\/p>\n<p>\u00ab\u00a0Qu\u2019on en importe un peu d\u2019Espagne ou d\u2019Italie, \u00e7a reste en Union europ\u00e9enne. Mais quand on va chercher en Ukraine, dont les normes ne sont pas en ad\u00e9quation avec la r\u00e9glementation europ\u00e9enne, ce n\u2019est simplement pas possible\u00a0\u00bb, ajoute-t-il.<\/p>\n<p>Il reconna\u00eet que 300.000 \u0153ufs r\u00e9cemment import\u00e9s selon lui par E. Leclerc ne repr\u00e9sentent qu\u2019une tr\u00e8s faible quantit\u00e9, mais \u00ab\u00a0c\u2019est peut-\u00eatre un coup d\u2019essai\u00a0\u00bb visant \u00e0 s\u2019approvisionner \u00e0 moindre co\u00fbt.<\/p>\n","protected":false},"excerpt":{"rendered":"Face \u00e0 l\u2019augmentation de la consommation d\u2019\u0153ufs, prot\u00e9ine animale privil\u00e9gi\u00e9e en p\u00e9riode d\u2019inflation, des tensions dans les stocks&hellip;\n","protected":false},"author":2,"featured_media":353719,"comment_status":"","ping_status":"","sticky":false,"template":"","format":"standard","meta":{"footnotes":""},"categories":[1590],"tags":[11,1777,674,12,220],"class_list":{"0":"post-353718","1":"post","2":"type-post","3":"status-publish","4":"format-standard","5":"has-post-thumbnail","7":"category-ukraine","8":"tag-actualites","9":"tag-eu","10":"tag-europe","11":"tag-news","12":"tag-ukraine"},"share_on_mastodon":{"url":"https:\/\/pubeurope.com\/@fr\/115115792981709687","error":""},"_links":{"self":[{"href":"https:\/\/www.europesays.com\/fr\/wp-json\/wp\/v2\/posts\/353718","targetHints":{"allow":["GET"]}}],"collection":[{"href":"https:\/\/www.europesays.com\/fr\/wp-json\/wp\/v2\/posts"}],"about":[{"href":"https:\/\/www.europesays.com\/fr\/wp-json\/wp\/v2\/types\/post"}],"author":[{"embeddable":true,"href":"https:\/\/www.europesays.com\/fr\/wp-json\/wp\/v2\/users\/2"}],"replies":[{"embeddable":true,"href":"https:\/\/www.europesays.com\/fr\/wp-json\/wp\/v2\/comments?post=353718"}],"version-history":[{"count":0,"href":"https:\/\/www.europesays.com\/fr\/wp-json\/wp\/v2\/posts\/353718\/revisions"}],"wp:featuredmedia":[{"embeddable":true,"href":"https:\/\/www.europesays.com\/fr\/wp-json\/wp\/v2\/media\/353719"}],"wp:attachment":[{"href":"https:\/\/www.europesays.com\/fr\/wp-json\/wp\/v2\/media?parent=353718"}],"wp:term":[{"taxonomy":"category","embeddable":true,"href":"https:\/\/www.europesays.com\/fr\/wp-json\/wp\/v2\/categories?post=353718"},{"taxonomy":"post_tag","embeddable":true,"href":"https:\/\/www.europesays.com\/fr\/wp-json\/wp\/v2\/tags?post=353718"}],"curies":[{"name":"wp","href":"https:\/\/api.w.org\/{rel}","templated":true}]}}