{"id":353720,"date":"2025-08-30T04:19:10","date_gmt":"2025-08-30T04:19:10","guid":{"rendered":"https:\/\/www.europesays.com\/fr\/353720\/"},"modified":"2025-08-30T04:19:10","modified_gmt":"2025-08-30T04:19:10","slug":"la-plupart-des-droits-de-trump-sont-illegaux","status":"publish","type":"post","link":"https:\/\/www.europesays.com\/fr\/353720\/","title":{"rendered":"La plupart des droits de Trump sont ill\u00e9gaux"},"content":{"rendered":"<p class=\"p2\">ARTA &#8211; La Haute Cour des \u00c9tats-Unis a statu\u00e9 la plupart des tarifs commerciaux du pr\u00e9sident Donald Trump ill\u00e9gaux. La d\u00e9cision d\u2019appel a affaibli l\u2019utilisation des tarifs par le pr\u00e9sident r\u00e9publicain comme un instrument important de politique \u00e9conomique internationale.<\/p>\n<p class=\"p2\">r\u00e9nal a autoris\u00e9 le tarif Trump \u00e0 rester valide jusqu\u2019au 14 octobre pour donner \u00e0 l\u2019administration Trump la possibilit\u00e9 de faire appel de plus amont devant la Cour supr\u00eame des \u00c9tats-Unis.<\/p>\n<p class=\"p2\">prononc\u00e9 par la Cour d\u2019appel alors qu\u2019une bataille juridique sur l\u2019ind\u00e9pendance de la R\u00e9serve f\u00e9d\u00e9rale semble \u00e9galement avoir lieu devant la Cour supr\u00eame, ce qui a d\u00e9clench\u00e9 un diff\u00e9rend juridique sans pr\u00e9c\u00e9dent cette ann\u00e9e sur toute la politique \u00e9conomique de Trump.<\/p>\n<p class=\"p2\">Trump a fait des tarifs pilier de la politique \u00e9trang\u00e8re am\u00e9ricaine au cours de son deuxi\u00e8me mandat, les utilisant pour soulager des pressions politiques et r\u00e9 n\u00e9gocier des accords commerciaux avec les pays exportateurs de biens vers les \u00c9tats-Unis.<\/p>\n<p class=\"p2\">: les tarifs ont donn\u00e9 \u00e0 l&rsquo;administration Trump une influence pour obtenir des concessions \u00e9conomiques aupr\u00e8s de partenaires commerciaux, mais ont \u00e9galement augment\u00e9 la volatilit\u00e9 des march\u00e9s financiers.<\/p>\n<p class=\"p2\">Trump a d\u00e9plor\u00e9 la d\u00e9cision de la cour qu\u2019il a qualifi\u00e9e de \u00ab tr\u00e8s partisane \u00bb en \u00e9crivant dans la Truth Social: \u00ab Si ce tarif est aboli, ce serait une catastrophe totale pour l\u2019\u00c9tat \u00bb.<\/p>\n<p class=\"p2\">Trump pr\u00e9voit cependant que le verdict serait invers\u00e9. Trump esp\u00e8re que les tarifs b\u00e9n\u00e9ficieront au pays \u00ab avec l\u2019aide de la Cour supr\u00eame \u00bb.<\/p>\n<p class=\"p2\">\u00e9ris du 7 au 4 de la Cour d\u2019appel am\u00e9ricaine pour le circuit f\u00e9d\u00e9ral \u00e0 Washington, D.C., a examin\u00e9 la l\u00e9galit\u00e9 des tarifs que Trump a appel\u00e9 \u00ab en r\u00e9ponse \u00bb impos\u00e9s dans le cadre de sa guerre commerciale d\u2019avril, ainsi qu\u2019une s\u00e9rie de tarifs s\u00e9par\u00e9s impos\u00e9s en f\u00e9vrier \u00e0 la Chine, au Canada et au Mexique.<\/p>\n<p class=\"p2\">r\u00e9nal. La d\u00e9cision de la cour n\u2019affecte pas les tarifs \u00e9mis sur la base d\u2019autres autorit\u00e9s juridiques, tels que les tarifs Trump pour les importations d\u2019acier et d\u2019allumage.<\/p>\n<p>The English, Chinese, Japanese, Arabic, and French versions are automatically generated by the AI. So there may still be inaccuracies in translating, please always see Indonesian as our main language.<br \/>\n                                    (system supported by DigitalSiber.id)<\/p>\n","protected":false},"excerpt":{"rendered":"ARTA &#8211; La Haute Cour des \u00c9tats-Unis a statu\u00e9 la plupart des tarifs commerciaux du pr\u00e9sident Donald Trump&hellip;\n","protected":false},"author":2,"featured_media":353721,"comment_status":"","ping_status":"","sticky":false,"template":"","format":"standard","meta":{"footnotes":""},"categories":[1589],"tags":[11,73,1866,12,49006,1864,1865,1863,308],"class_list":{"0":"post-353720","1":"post","2":"type-post","3":"status-publish","4":"format-standard","5":"has-post-thumbnail","7":"category-etats-unis","8":"tag-actualites","9":"tag-etats-unis","10":"tag-etats-unis-damerique","11":"tag-news","12":"tag-prononce-par-la-cour-supreme-des-etats-unis-la-plupart-des-tarifs-du-president-donald-trump-sont-illegaux","13":"tag-united-states","14":"tag-united-states-of-america","15":"tag-us","16":"tag-usa"},"share_on_mastodon":{"url":"https:\/\/pubeurope.com\/@fr\/115115797191539268","error":""},"_links":{"self":[{"href":"https:\/\/www.europesays.com\/fr\/wp-json\/wp\/v2\/posts\/353720","targetHints":{"allow":["GET"]}}],"collection":[{"href":"https:\/\/www.europesays.com\/fr\/wp-json\/wp\/v2\/posts"}],"about":[{"href":"https:\/\/www.europesays.com\/fr\/wp-json\/wp\/v2\/types\/post"}],"author":[{"embeddable":true,"href":"https:\/\/www.europesays.com\/fr\/wp-json\/wp\/v2\/users\/2"}],"replies":[{"embeddable":true,"href":"https:\/\/www.europesays.com\/fr\/wp-json\/wp\/v2\/comments?post=353720"}],"version-history":[{"count":0,"href":"https:\/\/www.europesays.com\/fr\/wp-json\/wp\/v2\/posts\/353720\/revisions"}],"wp:featuredmedia":[{"embeddable":true,"href":"https:\/\/www.europesays.com\/fr\/wp-json\/wp\/v2\/media\/353721"}],"wp:attachment":[{"href":"https:\/\/www.europesays.com\/fr\/wp-json\/wp\/v2\/media?parent=353720"}],"wp:term":[{"taxonomy":"category","embeddable":true,"href":"https:\/\/www.europesays.com\/fr\/wp-json\/wp\/v2\/categories?post=353720"},{"taxonomy":"post_tag","embeddable":true,"href":"https:\/\/www.europesays.com\/fr\/wp-json\/wp\/v2\/tags?post=353720"}],"curies":[{"name":"wp","href":"https:\/\/api.w.org\/{rel}","templated":true}]}}