{"id":353722,"date":"2025-08-30T04:20:10","date_gmt":"2025-08-30T04:20:10","guid":{"rendered":"https:\/\/www.europesays.com\/fr\/353722\/"},"modified":"2025-08-30T04:20:10","modified_gmt":"2025-08-30T04:20:10","slug":"le-fleau-de-lanarcho-tyrannie-au-royaume-uni","status":"publish","type":"post","link":"https:\/\/www.europesays.com\/fr\/353722\/","title":{"rendered":"le fl\u00e9au de l&rsquo;anarcho-tyrannie au Royaume-Uni"},"content":{"rendered":"<p style=\"text-align: justify;\">Cette image, une capture d\u2019\u00e9cran tir\u00e9e d\u2019<a href=\"https:\/\/x.com\/ChanceGardiner\/status\/1960580038648324348\">une vid\u00e9o prise avec un smartphone<\/a>, est devenue une ic\u00f4ne internationale du jour au lendemain.<\/p>\n<p style=\"text-align: justify;\"><a href=\"https:\/\/www.breizh-info.com\/2025\/08\/28\/250492\/une-adolescente-ecossaise-brandit-des-armes-contre-un-agresseur-elle-est-arretee-video\/\" target=\"_blank\" rel=\"noopener\">\u00c0 Dundee, en \u00c9cosse,<\/a> un migrant dont on ne voit pas le visage, mais dont on entend la voix avec un accent hors champ, filme deux jeunes adolescentes \u00e9cossaises. Les filles lui disent de les laisser tranquilles. L\u2019une d\u2019elles, dont nous savons maintenant qu\u2019elle s\u2019appelle Mayah Sommers, brandit un couteau dans une main et une hache dans l\u2019autre. Elle crie \u00e0 l\u2019homme qui tient la cam\u00e9ra, lui disant qu\u2019il \u00ab tabasse des enfants, mec\u2026 Vous \u00eates des putains de tabasseurs d\u2019enfants \u00bb. Sa compagne hurle au migrant : \u00ab Ne touche pas \u00e0 ma petite s\u0153ur, putain ! Elle n\u2019a que douze ans ! Elle n\u2019a que douze ans, et tu me harc\u00e8les, putain ! \u00bb<\/p>\n<blockquote class=\"twitter-tweet\">\n<p dir=\"ltr\" lang=\"fr\">\u26a0\ufe0f\ud83c\uddec\ud83c\udde7 POUR CEUX QUI N\u2019ONT PAS VU LA VID\u00c9O :<br \/>\u00c0 Dundee, \u00c9cosse, une sc\u00e8ne bouleversante \ud83d\udc94<br \/>Sophie (alias Mayah Sommers), 14 ans \ud83d\udc67\u2694\ufe0f, a \u00e9t\u00e9 film\u00e9e prot\u00e9geant sa s\u0153ur de 12 ans \ud83d\udc67 contre deux migrants qui les harcelaient depuis plusieurs semaines\u2026 \ud83d\udea8 <a href=\"https:\/\/t.co\/iPv92BeIGb\">pic.twitter.com\/iPv92BeIGb<\/a><\/p>\n<p>\u2014 Go Woke Go Broke \u269c\ufe0f\ud83c\uddeb\ud83c\uddf7\u271d\ufe0f\u2721\ufe0f\ud83d\udd49\ufe0f (@WokeAreDumb) <a href=\"https:\/\/twitter.com\/WokeAreDumb\/status\/1960472957546893671?ref_src=twsrc%5Etfw\" target=\"_blank\" rel=\"noopener\">August 26, 2025<\/a><\/p>\n<\/blockquote>\n<p style=\"text-align: justify;\">\u00ab Montre le couteau \u00bb, dit l\u2019\u00e9tranger. \u00ab Montre le couteau. \u00bb Il s\u2019approche d\u2019eux, essayant apparemment de pousser les enfants effray\u00e9s \u00e0 faire quelque chose qui leur causera des ennuis. Dans le clip de 44 secondes, on aper\u00e7oit deux hommes adultes debout \u00e0 proximit\u00e9, refusant de venir en aide aux filles.<\/p>\n<p style=\"text-align: justify;\">Et cela leur a effectivement caus\u00e9 des ennuis. La d\u00e9tentrice de l\u2019arme, Mayah Sommers, une blonde aux cheveux attach\u00e9s en queue de cheval, a \u00e9t\u00e9 arr\u00eat\u00e9e par la police \u00e9cossaise et accus\u00e9e de port d\u2019arme blanche.<\/p>\n<p style=\"text-align: justify;\"><strong>C\u2019est vrai : l\u2019\u00c9tat britannique, peu dispos\u00e9 ou incapable de prot\u00e9ger les petites filles contre les pr\u00e9dateurs sexuels migrants, a arr\u00eat\u00e9 celle qui a tent\u00e9 de se prot\u00e9ger elle-m\u00eame et sa s\u0153ur. S\u2019il existe une image plus forte illustrant la honte et le d\u00e9shonneur absolus de la Grande-Bretagne d\u2019aujourd\u2019hui, peu d\u2019entre nous pourraient supporter de la voir.<\/strong><\/p>\n<p style=\"text-align: justify;\">Cette vid\u00e9o d\u00e9shonore non seulement les autorit\u00e9s britanniques, de la police locale au Parlement et au Premier ministre, mais aussi tous les hommes de ce pays en d\u00e9liquescence. Comment en est-on arriv\u00e9 l\u00e0, \u00e0 ce qu\u2019une fille doive porter un couteau et une hache pour se prot\u00e9ger contre le viol par des migrants ? Les Britanniques, en particulier les hommes, n\u2019ont-ils donc aucun c\u0153ur ? Aucun courage ? Aucun sens \u00e9l\u00e9mentaire de la d\u00e9cence ?<\/p>\n<p style=\"text-align: justify;\">Certes, nous ne savons pas quels \u00e9v\u00e9nements ont pr\u00e9c\u00e9d\u00e9 la vid\u00e9o mise en ligne par ce migrant r\u00e9pugnant, mais il est ind\u00e9niable que lorsque sa pr\u00e9sence a caus\u00e9 une intense d\u00e9tresse aux filles, il ne les a pas laiss\u00e9es tranquilles, mais a continu\u00e9 \u00e0 les approcher et \u00e0 les taquiner. Cet homme non identifi\u00e9 n\u2019avait peut-\u00eatre pas l\u2019intention de leur faire subir des violences sexuelles, mais il les harcelait tr\u00e8s clairement. Il est difficile d\u2019imaginer une situation dans laquelle cet homme invisible serait enti\u00e8rement innocent.<\/p>\n<p style=\"text-align: justify;\">Il n\u2019est pas possible de d\u00e9terminer dans quelle mesure les migrants, les demandeurs d\u2019asile et les personnes d\u2019origine \u00e9trang\u00e8re, non britannique, commettent des agressions sexuelles. Les autorit\u00e9s britanniques n\u2019enregistrent pas l\u2019origine ethnique des accus\u00e9s. N\u00e9anmoins, la Grande-Bretagne a \u00e9t\u00e9 profond\u00e9ment secou\u00e9e par le scandale des gangs de violeurs pakistanais, dans lequel des milliers de jeunes filles issues de la classe ouvri\u00e8re, comme Mayah Sommers, ont \u00e9t\u00e9 syst\u00e9matiquement enlev\u00e9es, drogu\u00e9es et viol\u00e9es en groupe par des hommes musulmans pakistanais. Les autorit\u00e9s polici\u00e8res, les \u00e9lus et de nombreux m\u00e9dias ont soit d\u00e9tourn\u00e9 le regard, soit minimis\u00e9 ces incidents.<\/p>\n<p style=\"text-align: justify;\">De nombreux t\u00e9moignages de victimes des gangs de violeurs pakistanais affirment que leurs agresseurs les ont trait\u00e9es de \u00ab salopes blanches \u00bb pendant qu\u2019ils les violaient, et leur ont dit que les filles blanches m\u00e9ritaient d\u2019\u00eatre viol\u00e9es. Les m\u00e9dias britanniques ont tendance \u00e0 \u00e9viter ces affaires par crainte d\u2019\u00ab attiser les tensions communautaires \u00bb, un euph\u00e9misme pour dire que les Britanniques blancs se mettent en col\u00e8re contre ce que les musulmans font \u00e0 leurs enfants. Pourtant, gr\u00e2ce \u00e0 X, des vid\u00e9os montrant des hommes \u00e2g\u00e9s \u00e0 la peau brune tentant d\u2019enlever ou de harceler sexuellement des filles anglaises blanches sont largement diffus\u00e9es.<\/p>\n<p style=\"text-align: justify;\">Les histoires horribles qui ressortent de ces scandales mettent de nombreux enfants et parents britanniques sur les nerfs. L\u2019ann\u00e9e derni\u00e8re, alors que je rendais visite \u00e0 une famille en East Anglia, leur fille de 12 ans et sa camarade de classe ont couru dans la cuisine depuis la rue, disant \u00e0 leur m\u00e8re qu\u2019\u00ab un homme asiatique nous suivait \u00bb. (Le terme \u00ab asiatique \u00bb est un terme britannique qui inclut les Pakistanais et autres personnes originaires d\u2019Asie du Sud). Cet homme n\u2019\u00e9tait peut-\u00eatre coupable que d\u2019avoir march\u00e9 sur le trottoir, mais \u00e9tant donn\u00e9 l\u2019ampleur des crimes commis par les gangs de violeurs et le fait qu\u2019ils ciblent de jeunes filles anglaises blanches, la parano\u00efa est une r\u00e9action raisonnable.<\/p>\n<p style=\"text-align: justify;\">Ce qui est arriv\u00e9 \u00e0 Mayah Sommers, d\u00e9sormais surnomm\u00e9e \u00ab Sophie de Dundee \u00bb sur Internet, suscite une r\u00e9action primitive chez tous les hommes moralement sains. Le viol a toujours \u00e9t\u00e9 une arme de guerre. Les soldats qui violent les femmes de l\u2019ennemi font partie du combat, une m\u00e9thode destin\u00e9e \u00e0 humilier les vaincus. Si les Pakistanais qui violent les jeunes filles anglaises \u00e9taient des Vikings d\u00e9barquant dans des drakkars pour piller les villages saxons, les Britanniques sauraient exactement qui ils sont.<\/p>\n<p style=\"text-align: justify;\">De m\u00eame, si les centaines, voire les milliers de jeunes migrants \u00ab asiatiques \u00bb et africains en \u00e2ge de combattre qui d\u00e9barquent dans des canots pneumatiques sur la c\u00f4te sud de l\u2019Angleterre \u00e9taient arm\u00e9s, ils seraient abattus comme des envahisseurs par l\u2019arm\u00e9e britannique \u2013 et ils le m\u00e9riteraient.<\/p>\n<p style=\"text-align: justify;\">Mais ces hommes comprennent que le peuple britannique d\u2019aujourd\u2019hui a \u00e9t\u00e9 d\u00e9sarm\u00e9 par un humanitarisme sentimental et la terreur d\u2019\u00eatre trait\u00e9 de raciste ou d\u2019islamophobe. Ou alors, ils ont peur d\u2019\u00eatre envoy\u00e9s en prison par leur gouvernement, qui agit comme si le v\u00e9ritable crime dans ces affaires \u00e9tait de d\u00e9sapprouver les \u00e9trangers qui viennent ill\u00e9galement en Grande-Bretagne et enfreignent la loi.<\/p>\n<p style=\"text-align: justify;\">L\u2019ann\u00e9e derni\u00e8re, <a href=\"https:\/\/www.breizh-info.com\/2025\/08\/25\/250408\/royaume-uni-lucy-connolly-prisonniere-politique-liberee-et-decidee-a-poursuivre-la-police\/\" target=\"_blank\" rel=\"noopener\">Lucy Connolly<\/a> a \u00e9t\u00e9 condamn\u00e9e \u00e0 31 mois de prison pour un tweet virulent sur les migrants, qu\u2019elle a rapidement supprim\u00e9. Elle a \u00e9t\u00e9 lib\u00e9r\u00e9e r\u00e9cemment apr\u00e8s avoir purg\u00e9 40 % de sa peine. Parall\u00e8lement, des militants ont mis en \u00e9vidence de nombreux cas de migrants et de demandeurs d\u2019asile condamn\u00e9s pour viol ou autres crimes graves qui ont re\u00e7u des peines inf\u00e9rieures ou \u00e0 peu pr\u00e8s \u00e9quivalentes \u00e0 celle inflig\u00e9e \u00e0 Lucy Connolly pour avoir tweet\u00e9 des propos blessants.<\/p>\n<p style=\"text-align: justify;\">La confiance du public dans les institutions britanniques est \u00e0 un niveau historiquement bas, en particulier chez les jeunes Britanniques. <a href=\"https:\/\/yougov.co.uk\/politics\/articles\/52480-child-grooming-gangs-public-support-national-inquiry-but-are-divided-in-their-trust-of-the-authorities-on-the-issue\" target=\"_blank\" rel=\"noopener\">Une enqu\u00eate r\u00e9alis\u00e9e en juillet par YouGov<\/a> a r\u00e9v\u00e9l\u00e9 que 90 % des Britanniques sont favorables \u00e0 une enqu\u00eate officielle sur le scandale des gangs de violeurs, mais la plupart d\u2019entre eux ne font pas confiance aux autorit\u00e9s pour mener cette enqu\u00eate de mani\u00e8re \u00e9quitable et honn\u00eate.<\/p>\n<p style=\"text-align: justify;\">Sophie de Dundee sera-t-elle le point de basculement pour le peuple britannique effray\u00e9 et furieux ? <a href=\"https:\/\/x.com\/johnrobb\/status\/1960409056079987186\">John Robb pense que c\u2019est possible.<\/a> Cet \u00e9minent analyste militaire et antiterroriste am\u00e9ricain d\u00e9crit l\u2019image embl\u00e9matique de Sophie comme un \u00ab d\u00e9clencheur d\u2019empathie \u00bb, c\u2019est-\u00e0-dire une image ou une histoire qui stimule une solidarit\u00e9 instantan\u00e9e chez des individus ou des groupes et qui a le pouvoir de les mobiliser rapidement pour passer \u00e0 l\u2019action. \u00c0 propos de Sophie, Robb a \u00e9crit : \u00ab<\/p>\n<p style=\"text-align: justify;\">Ils voient son visage, son d\u00e9sespoir, et ils reconnaissent instantan\u00e9ment le m\u00eame visage qu\u2019ils avaient, ou qu\u2019un ami avait, lorsqu\u2019ils ont tenu t\u00eate \u00e0 un tyran implacable qui les harcelait pendant leur enfance. Un tyran contre lequel personne ne les prot\u00e9geait. Un tyran contre lequel ils ont pris des mesures d\u00e9sesp\u00e9r\u00e9es. Cependant, ils ne se contentent pas de la voir, ils ressentent son d\u00e9sespoir en eux-m\u00eames, \u00e9motionnellement et physiquement. Cela les relie \u00e0 un niveau profond et ils forment un lien. Ses ennemis sont d\u00e9sormais leurs ennemis. Sa col\u00e8re est d\u00e9sormais la leur.<\/p>\n<p style=\"text-align: justify;\">C\u2019est une enfant courageuse qui \u00e9tait pr\u00eate \u00e0 poignarder ou \u00e0 taillader un homme adulte qu\u2019elle craignait de la violer. Dans un monde normal, des filles comme elle pourraient passer leurs journ\u00e9es \u00e0 jouer dans le parc. Mais la Grande-Bretagne d\u2019aujourd\u2019hui n\u2019est pas un monde normal. Elle a import\u00e9 plusieurs millions d\u2019immigrants \u2013 certains l\u00e9gaux, d\u2019autres non \u2013 depuis la naissance de Sophie en 2011. Ces migrants sont arriv\u00e9s dans une culture qui est devenue totalement d\u00e9moralis\u00e9e et peu dispos\u00e9e \u00e0 se d\u00e9fendre et \u00e0 d\u00e9fendre son peuple. Serait-il plus d\u00e9primant que des gangs d\u2019autod\u00e9fense se forment pour prot\u00e9ger ces filles, ou qu\u2019ils ne le fassent pas ? Difficile \u00e0 dire.<\/p>\n<p style=\"text-align: justify;\">La Grande-Bretagne vit aujourd\u2019hui dans un \u00e9tat que le d\u00e9funt th\u00e9oricien politique am\u00e9ricain Samuel Francis appelait \u00ab anarcho-tyrannie \u00bb, qu\u2019il d\u00e9finissait comme une situation dans laquelle l\u2019\u00c9tat ne parvient pas \u00e0 faire respecter l\u2019ordre fondamental, tout en imposant un contr\u00f4le oppressif aux citoyens respectueux de la loi. La jeune Sophie de Dundee, comme on l\u2019appelle, est le visage de l\u2019anarcho-tyrannie. Si le sort de la courageuse petite Sophie ne fait pas honte aux hommes du Royaume-Uni et ne rallie pas les Britanniques \u00e0 l\u2019indignation et \u00e0 l\u2019action pour r\u00e9soudre la crise migratoire, qu\u2019est-ce qui le fera ?<\/p>\n<p style=\"text-align: justify;\"><strong>Si l\u2019\u00c9tat ne prot\u00e8ge pas les filles contre les viols commis par des migrants et que les Britanniques de souche ne le font pas non plus, quel autre choix ont les Sophie de cette nation malade que de s\u2019armer ?<\/strong><\/p>\n<p>Rod Dreher pour The European Conservative (traduction breizh info)<\/p>\n<p>Cr\u00e9dit photo : DR<\/p>\n<p>[cc]\u00a0<a href=\"http:\/\/breizh-info.com\/\" target=\"_blank\" rel=\"noopener\" data-saferedirecturl=\"https:\/\/www.google.com\/url?q=http:\/\/breizh-info.com\/&amp;source=gmail&amp;ust=1680076262364000&amp;usg=AOvVaw1EYfjnNv3vKhHDIjzi2jep\">Breizh-info.com<\/a>, 2025, d\u00e9p\u00eaches libres de copie et de diffusion sous r\u00e9serve de mention et de lien vers la source d\u2019origine<\/p>\n<p>\t\t\t\t<script async src=\"https:\/\/platform.twitter.com\/widgets.js\" charset=\"utf-8\"><\/script><\/p>\n","protected":false},"excerpt":{"rendered":"Cette image, une capture d\u2019\u00e9cran tir\u00e9e d\u2019une vid\u00e9o prise avec un smartphone, est devenue une ic\u00f4ne internationale du&hellip;\n","protected":false},"author":2,"featured_media":353723,"comment_status":"","ping_status":"","sticky":false,"template":"","format":"standard","meta":{"footnotes":""},"categories":[1588],"tags":[11,49007,1777,674,1251,12,473,1853,38427,1851,1850,1852],"class_list":{"0":"post-353722","1":"post","2":"type-post","3":"status-publish","4":"format-standard","5":"has-post-thumbnail","7":"category-royaume-uni","8":"tag-actualites","9":"tag-dundee","10":"tag-eu","11":"tag-europe","12":"tag-migrants","13":"tag-news","14":"tag-royaume-uni","15":"tag-royaume-uni-de-grande-bretagne-et-dirlande-du-nord","16":"tag-sophie","17":"tag-uk","18":"tag-united-kingdom","19":"tag-united-kingdom-of-great-britain-and-northern-ireland"},"share_on_mastodon":{"url":"https:\/\/pubeurope.com\/@fr\/115115800873433237","error":""},"_links":{"self":[{"href":"https:\/\/www.europesays.com\/fr\/wp-json\/wp\/v2\/posts\/353722","targetHints":{"allow":["GET"]}}],"collection":[{"href":"https:\/\/www.europesays.com\/fr\/wp-json\/wp\/v2\/posts"}],"about":[{"href":"https:\/\/www.europesays.com\/fr\/wp-json\/wp\/v2\/types\/post"}],"author":[{"embeddable":true,"href":"https:\/\/www.europesays.com\/fr\/wp-json\/wp\/v2\/users\/2"}],"replies":[{"embeddable":true,"href":"https:\/\/www.europesays.com\/fr\/wp-json\/wp\/v2\/comments?post=353722"}],"version-history":[{"count":0,"href":"https:\/\/www.europesays.com\/fr\/wp-json\/wp\/v2\/posts\/353722\/revisions"}],"wp:featuredmedia":[{"embeddable":true,"href":"https:\/\/www.europesays.com\/fr\/wp-json\/wp\/v2\/media\/353723"}],"wp:attachment":[{"href":"https:\/\/www.europesays.com\/fr\/wp-json\/wp\/v2\/media?parent=353722"}],"wp:term":[{"taxonomy":"category","embeddable":true,"href":"https:\/\/www.europesays.com\/fr\/wp-json\/wp\/v2\/categories?post=353722"},{"taxonomy":"post_tag","embeddable":true,"href":"https:\/\/www.europesays.com\/fr\/wp-json\/wp\/v2\/tags?post=353722"}],"curies":[{"name":"wp","href":"https:\/\/api.w.org\/{rel}","templated":true}]}}