{"id":353728,"date":"2025-08-30T04:23:14","date_gmt":"2025-08-30T04:23:14","guid":{"rendered":"https:\/\/www.europesays.com\/fr\/353728\/"},"modified":"2025-08-30T04:23:14","modified_gmt":"2025-08-30T04:23:14","slug":"ils-ne-le-voient-pas-au-gouvernement-kurti-evite-les-reponses-directes-aux-journalistes-nous-cooperons-avec-lue","status":"publish","type":"post","link":"https:\/\/www.europesays.com\/fr\/353728\/","title":{"rendered":"Ils ne le voient pas au gouvernement, Kurti \u00e9vite les r\u00e9ponses directes aux journalistes : Nous coop\u00e9rons avec l&rsquo;UE"},"content":{"rendered":"<p>                                                Ils ne le voient pas au gouvernement, Kurti \u00e9vite les r\u00e9ponses directes aux journalistes : Nous coop\u00e9rons avec l&rsquo;UE                    <\/p>\n<p>                        <img decoding=\"async\" src=\"https:\/\/www.europesays.com\/fr\/wp-content\/uploads\/2025\/08\/albin-kurti-600x360.png\" alt=\"\"\/><\/p>\n<p>                        nouvelles<\/p>\n<p>                            <img decoding=\"async\" src=\"https:\/\/www.europesays.com\/fr\/wp-content\/uploads\/2025\/08\/express-logo-author-96x96.png\" alt=\"\"\/><\/p>\n<p>                        Gazeta Express<br \/>\n                        29\/08\/2025 21:38<\/p>\n<p class=\"gt-block\"><strong>Hier, il a \u00e9t\u00e9 annonc\u00e9 que le bureau de l&rsquo;Union europ\u00e9enne au Kosovo a d\u00e9j\u00e0 inform\u00e9 le gouvernement en exercice que les responsables de cette union, ainsi que de ses \u00c9tats membres, ne tiendront pas de r\u00e9unions \u00e0 l&rsquo;int\u00e9rieur du b\u00e2timent du gouvernement du pays avec le Premier ministre en exercice, Albin Kurti.<\/strong><\/p>\n<p>La raison en est la d\u00e9cision de la Cour supr\u00eame d\u00e9clarant que Hekuran Murati viole la loi, car ce dernier occupe deux postes, celui de d\u00e9put\u00e9, un mandat remport\u00e9 lors des \u00e9lections du 9 f\u00e9vrier de cette ann\u00e9e, et celui de ministre des Finances.<\/p>\n<p>A ce propos, Kurti s&rsquo;est retrouv\u00e9 aujourd&rsquo;hui face \u00e0 des journalistes qui l&rsquo;interrogeaient sur la position de l&rsquo;UE.<\/p>\n<p>Le Premier ministre par int\u00e9rim n&rsquo;a pas donn\u00e9 de r\u00e9ponse directe \u00e0 leur d\u00e9cision, mais a d\u00e9clar\u00e9 qu&rsquo;ils coop\u00e9raient avec l&rsquo;UE.<\/p>\n<p>\u00ab Comme vous pouvez le constater, je ne suis pas dans mon bureau, je suis avec les repr\u00e9sentants de l&rsquo;Union europ\u00e9enne ici \u00e0 Mitrovica, \u00e0 Shipol, dans ce b\u00e2timent social que nous avons r\u00e9nov\u00e9 et mis en bon \u00e9tat. Je suis Premier ministre pour que ces personnes aient un logement s\u00fbr, chaud en hiver et frais en \u00e9t\u00e9. C&rsquo;est l&rsquo;essentiel, et nous coop\u00e9rons avec l&rsquo;Union europ\u00e9enne \u00bb, a d\u00e9clar\u00e9 Kurti.<\/p>\n<p>Par ailleurs, l\u2019annonce de l\u2019UE pr\u00e9cise que sa d\u00e9cision a \u00e9t\u00e9 prise dans l\u2019int\u00e9r\u00eat de la stabilit\u00e9 institutionnelle et du respect de l\u2019\u00c9tat de droit.<\/p>\n<p class=\"gt-block\">\u00ab Dans l&rsquo;int\u00e9r\u00eat de la stabilit\u00e9 institutionnelle et du respect de l&rsquo;\u00c9tat de droit, les visiteurs de haut niveau des \u00c9tats membres de l&rsquo;UE et des institutions de l&rsquo;UE s&rsquo;abstiendront temporairement de tenir des r\u00e9unions avec le Premier ministre par int\u00e9rim et les ministres \u00e0 l&rsquo;int\u00e9rieur du b\u00e2timent du gouvernement du Kosovo, jusqu&rsquo;\u00e0 ce qu&rsquo;un gouvernement pleinement mandat\u00e9 soit en place \u00bb, indique, entre autres, la lettre remise \u00e0 Kurti.<strong>GazetaExpress<\/strong><\/p>\n","protected":false},"excerpt":{"rendered":"Ils ne le voient pas au gouvernement, Kurti \u00e9vite les r\u00e9ponses directes aux journalistes : Nous coop\u00e9rons avec&hellip;\n","protected":false},"author":2,"featured_media":353729,"comment_status":"","ping_status":"","sticky":false,"template":"","format":"standard","meta":{"footnotes":""},"categories":[1586],"tags":[11,1777,674,1779,1011,27,12,25,1778,364],"class_list":{"0":"post-353728","1":"post","2":"type-post","3":"status-publish","4":"format-standard","5":"has-post-thumbnail","7":"category-europe","8":"tag-actualites","9":"tag-eu","10":"tag-europe","11":"tag-european-union","12":"tag-fr","13":"tag-france","14":"tag-news","15":"tag-republique-francaise","16":"tag-ue","17":"tag-union-europeenne"},"share_on_mastodon":{"url":"https:\/\/pubeurope.com\/@fr\/115115812812144395","error":""},"_links":{"self":[{"href":"https:\/\/www.europesays.com\/fr\/wp-json\/wp\/v2\/posts\/353728","targetHints":{"allow":["GET"]}}],"collection":[{"href":"https:\/\/www.europesays.com\/fr\/wp-json\/wp\/v2\/posts"}],"about":[{"href":"https:\/\/www.europesays.com\/fr\/wp-json\/wp\/v2\/types\/post"}],"author":[{"embeddable":true,"href":"https:\/\/www.europesays.com\/fr\/wp-json\/wp\/v2\/users\/2"}],"replies":[{"embeddable":true,"href":"https:\/\/www.europesays.com\/fr\/wp-json\/wp\/v2\/comments?post=353728"}],"version-history":[{"count":0,"href":"https:\/\/www.europesays.com\/fr\/wp-json\/wp\/v2\/posts\/353728\/revisions"}],"wp:featuredmedia":[{"embeddable":true,"href":"https:\/\/www.europesays.com\/fr\/wp-json\/wp\/v2\/media\/353729"}],"wp:attachment":[{"href":"https:\/\/www.europesays.com\/fr\/wp-json\/wp\/v2\/media?parent=353728"}],"wp:term":[{"taxonomy":"category","embeddable":true,"href":"https:\/\/www.europesays.com\/fr\/wp-json\/wp\/v2\/categories?post=353728"},{"taxonomy":"post_tag","embeddable":true,"href":"https:\/\/www.europesays.com\/fr\/wp-json\/wp\/v2\/tags?post=353728"}],"curies":[{"name":"wp","href":"https:\/\/api.w.org\/{rel}","templated":true}]}}