{"id":353730,"date":"2025-08-30T04:24:17","date_gmt":"2025-08-30T04:24:17","guid":{"rendered":"https:\/\/www.europesays.com\/fr\/353730\/"},"modified":"2025-08-30T04:24:17","modified_gmt":"2025-08-30T04:24:17","slug":"maghnes-akliouche-a-cible-son-principal-axe-de-progression-france-as-monaco","status":"publish","type":"post","link":"https:\/\/www.europesays.com\/fr\/353730\/","title":{"rendered":"Maghnes Akliouche a cibl\u00e9 son principal axe de progression &#8211; France &#8211; AS Monaco"},"content":{"rendered":"<p>Visiblement, il n\u2019a pas pris la grosse t\u00eate.<\/p>\n<p><a target=\"_blank\" href=\"https:\/\/www.sofoot.com\/articles\/maghnes-akliouche-monaco-nouveau-venu-dans-la-liste-de-lequipe-de-france-annoncee-par-didier-deschamps\" rel=\"nofollow noopener\">Appel\u00e9 pour la premi\u00e8re fois par Didier Deschamps en \u00e9quipe de France \u00e0 l\u2019occasion du rassemblement de septembre, Maghnes Akliouche<\/a> sait qu\u2019il doit encore progresser. Et <strong>le joueur de Monaco a d\u00e9j\u00e0 cibl\u00e9 son principal axe d\u2019am\u00e9lioration, \u00e0 savoir la finition<\/strong>.<\/p>\n<p><strong>Son objectif ?<\/strong> \u00ab\u202f\u00catre encore plus efficace et encore plus tueur devant les cages, que ce soit dans la passe ou dans le but, a-t-il r\u00e9pondu, en conf\u00e9rence de presse. En marquant ou en donnant, je dois \u00eatre plus efficace. Je dois davantage aider mon \u00e9quipe, avec des meilleures statistiques. J\u2019ai mis des buts dans la pr\u00e9paration, mais je veux en marquer plus.\u202f\u00bb<\/p>\n<p>Cinq r\u00e9alisations pour lui en Ligue 1 la saison derni\u00e8re, pour rappel.<\/p>\n<p>\t\t\t\t\t\t\t\t\t\t<a class=\"lien-connexe\" href=\"https:\/\/www.sofoot.com\/breves\/mercato-monaco-vend-soungoutou-magassa-a-west-ham-pour-une-vingtaine-de-millions-deuros\" rel=\"nofollow noopener\" target=\"_blank\">Encore une grosse vente pour Monaco<\/a>\t\t\t\t\t<\/p>\n","protected":false},"excerpt":{"rendered":"Visiblement, il n\u2019a pas pris la grosse t\u00eate. Appel\u00e9 pour la premi\u00e8re fois par Didier Deschamps en \u00e9quipe&hellip;\n","protected":false},"author":2,"featured_media":353731,"comment_status":"","ping_status":"","sticky":false,"template":"","format":"standard","meta":{"footnotes":""},"categories":[2],"tags":[47,11,61,69,65,64,63,1011,27,68,66,12,62,70,25,67],"class_list":{"0":"post-353730","1":"post","2":"type-post","3":"status-publish","4":"format-standard","5":"has-post-thumbnail","7":"category-actualites","8":"tag-actualite","9":"tag-actualites","10":"tag-actus-football","11":"tag-bundesliga","12":"tag-championnats-europeens","13":"tag-equipe-de-france","14":"tag-football","15":"tag-fr","16":"tag-france","17":"tag-ligua","18":"tag-ligue-1","19":"tag-news","20":"tag-news-foot","21":"tag-premier-league","22":"tag-republique-francaise","23":"tag-serie-a"},"share_on_mastodon":{"url":"https:\/\/pubeurope.com\/@fr\/115115816691817636","error":""},"_links":{"self":[{"href":"https:\/\/www.europesays.com\/fr\/wp-json\/wp\/v2\/posts\/353730","targetHints":{"allow":["GET"]}}],"collection":[{"href":"https:\/\/www.europesays.com\/fr\/wp-json\/wp\/v2\/posts"}],"about":[{"href":"https:\/\/www.europesays.com\/fr\/wp-json\/wp\/v2\/types\/post"}],"author":[{"embeddable":true,"href":"https:\/\/www.europesays.com\/fr\/wp-json\/wp\/v2\/users\/2"}],"replies":[{"embeddable":true,"href":"https:\/\/www.europesays.com\/fr\/wp-json\/wp\/v2\/comments?post=353730"}],"version-history":[{"count":0,"href":"https:\/\/www.europesays.com\/fr\/wp-json\/wp\/v2\/posts\/353730\/revisions"}],"wp:featuredmedia":[{"embeddable":true,"href":"https:\/\/www.europesays.com\/fr\/wp-json\/wp\/v2\/media\/353731"}],"wp:attachment":[{"href":"https:\/\/www.europesays.com\/fr\/wp-json\/wp\/v2\/media?parent=353730"}],"wp:term":[{"taxonomy":"category","embeddable":true,"href":"https:\/\/www.europesays.com\/fr\/wp-json\/wp\/v2\/categories?post=353730"},{"taxonomy":"post_tag","embeddable":true,"href":"https:\/\/www.europesays.com\/fr\/wp-json\/wp\/v2\/tags?post=353730"}],"curies":[{"name":"wp","href":"https:\/\/api.w.org\/{rel}","templated":true}]}}