{"id":353734,"date":"2025-08-30T04:26:10","date_gmt":"2025-08-30T04:26:10","guid":{"rendered":"https:\/\/www.europesays.com\/fr\/353734\/"},"modified":"2025-08-30T04:26:10","modified_gmt":"2025-08-30T04:26:10","slug":"radio-france-fete-ses-50-ans-avec-un-timbre-collector","status":"publish","type":"post","link":"https:\/\/www.europesays.com\/fr\/353734\/","title":{"rendered":"Radio France f\u00eate ses 50 ans avec un timbre collector"},"content":{"rendered":"<p>Radio France f\u00eate ses 50 ans avec un timbre. La maison m\u00e8re d&rsquo;Ici Pays d&rsquo;Auvergne est n\u00e9e en 1975 de la fusion de l&rsquo;ORTF. Le timbre \u00e9dit\u00e9 pour l&rsquo;occasion a \u00e9t\u00e9 vendu en avant premi\u00e8re ce vendredi.\n<\/p>\n<p>Il co\u00fbte 1,39 \u20ac, le prix d&rsquo;un timbre vert. Il a \u00e9t\u00e9 r\u00e9alis\u00e9 par Ugo Gattoni, l&rsquo;artiste qui a r\u00e9alis\u00e9 les affiches des Jeux Olympiques et Paralympiques de Paris. Il a choisi de repr\u00e9senter l&rsquo;Agora, le c\u0153ur de la Maison de la Radio et de la Musique, avec des ondes qui s&rsquo;\u00e9lancent vers le ciel.<\/p>\n<p>Il a \u00e9t\u00e9 mis en vente ce vendredi au bureau de Poste Saint-Eloy de Clermont, avec le tampon premier jour, recherch\u00e9 par les philat\u00e9listes. Il sera en vente dans la majorit\u00e9 des bureaux de Poste \u00e0 partir de ce lundi. 330.000 exemplaires ont \u00e9t\u00e9 imprim\u00e9s.<\/p>\n<p>Chaque ann\u00e9e, La Poste \u00e9met 50 timbres (s\u00e9lectionn\u00e9s parmi 500 propositions). Ces timbres collector sont des hommages \u00e0 des personnalit\u00e9s, des comm\u00e9morations de grands \u00e9v\u00e8nements, des c\u00e9l\u00e9brations du patrimoine naturel, architectural ou culturel. Celui-ci fait partie de la s\u00e9rie m\u00e9dia du programme philat\u00e9lique.<\/p>\n","protected":false},"excerpt":{"rendered":"Radio France f\u00eate ses 50 ans avec un timbre. La maison m\u00e8re d&rsquo;Ici Pays d&rsquo;Auvergne est n\u00e9e en&hellip;\n","protected":false},"author":2,"featured_media":353735,"comment_status":"","ping_status":"","sticky":false,"template":"","format":"standard","meta":{"footnotes":""},"categories":[4],"tags":[11,1011,27,12,25],"class_list":{"0":"post-353734","1":"post","2":"type-post","3":"status-publish","4":"format-standard","5":"has-post-thumbnail","7":"category-france","8":"tag-actualites","9":"tag-fr","10":"tag-france","11":"tag-news","12":"tag-republique-francaise"},"share_on_mastodon":{"url":"https:\/\/pubeurope.com\/@fr\/115115824451139051","error":""},"_links":{"self":[{"href":"https:\/\/www.europesays.com\/fr\/wp-json\/wp\/v2\/posts\/353734","targetHints":{"allow":["GET"]}}],"collection":[{"href":"https:\/\/www.europesays.com\/fr\/wp-json\/wp\/v2\/posts"}],"about":[{"href":"https:\/\/www.europesays.com\/fr\/wp-json\/wp\/v2\/types\/post"}],"author":[{"embeddable":true,"href":"https:\/\/www.europesays.com\/fr\/wp-json\/wp\/v2\/users\/2"}],"replies":[{"embeddable":true,"href":"https:\/\/www.europesays.com\/fr\/wp-json\/wp\/v2\/comments?post=353734"}],"version-history":[{"count":0,"href":"https:\/\/www.europesays.com\/fr\/wp-json\/wp\/v2\/posts\/353734\/revisions"}],"wp:featuredmedia":[{"embeddable":true,"href":"https:\/\/www.europesays.com\/fr\/wp-json\/wp\/v2\/media\/353735"}],"wp:attachment":[{"href":"https:\/\/www.europesays.com\/fr\/wp-json\/wp\/v2\/media?parent=353734"}],"wp:term":[{"taxonomy":"category","embeddable":true,"href":"https:\/\/www.europesays.com\/fr\/wp-json\/wp\/v2\/categories?post=353734"},{"taxonomy":"post_tag","embeddable":true,"href":"https:\/\/www.europesays.com\/fr\/wp-json\/wp\/v2\/tags?post=353734"}],"curies":[{"name":"wp","href":"https:\/\/api.w.org\/{rel}","templated":true}]}}