{"id":353736,"date":"2025-08-30T04:27:15","date_gmt":"2025-08-30T04:27:15","guid":{"rendered":"https:\/\/www.europesays.com\/fr\/353736\/"},"modified":"2025-08-30T04:27:15","modified_gmt":"2025-08-30T04:27:15","slug":"le-canadien-le-tournoi-de-golf-annuel-aura-lieu-le-15-septembre","status":"publish","type":"post","link":"https:\/\/www.europesays.com\/fr\/353736\/","title":{"rendered":"Le Canadien | Le tournoi de golf annuel aura lieu le 15\u00a0septembre"},"content":{"rendered":"<p class=\"lead textModule textModule--type-lead \" style=\"\">(Montr\u00e9al) Le tournoi de golf annuel du Canadien de Montr\u00e9al, qui donne en quelque sorte le coup d\u2019envoi \u00e0 la saison de l\u2019\u00e9quipe, aura lieu le 15\u00a0septembre au club de golf Laval-sur-le-Lac.<\/p>\n<p>                    Publi\u00e9 le 28 ao\u00fbt<\/p>\n<p>    <a class=\"print\" href=\"https:\/\/www.lapresse.ca\/sports\/hockey\/2025-08-28\/le-canadien\/javascript:window.print();\" title=\"Imprimer la page\" rel=\"nofollow noopener\" target=\"_blank\"><\/p>\n<p>        <img loading=\"lazy\" decoding=\"async\" width=\"16\" height=\"18\" src=\"https:\/\/www.europesays.com\/fr\/wp-content\/uploads\/2025\/04\/share-icon.png\" alt=\"Partager\"\/><\/p>\n<p class=\"paragraph textModule textModule--type-paragraph \" style=\"\">C\u2019est ce qu\u2019a annonc\u00e9 l\u2019organisation montr\u00e9alaise par voie de communiqu\u00e9, jeudi matin.<\/p>\n<p class=\"paragraph textModule textModule--type-paragraph \" style=\"\">Il s\u2019agit de la 49e\u00a0\u00e9dition de cet \u00e9v\u00e8nement au profit de la Fondation des Canadiens pour l\u2019enfance.<\/p>\n<p class=\"paragraph textModule textModule--type-paragraph \" style=\"\">Mais avant, les recrues du Bleu-blanc-rouge participeront au Face-\u00e0-Face des espoirs, une comp\u00e9tition qui se d\u00e9roulera les 13 et 14\u00a0septembre au Centre Bell contre les recrues des Maple Leafs de Toronto, les S\u00e9nateurs d\u2019Ottawa et les Jets de Winnipeg.<\/p>\n<p class=\"paragraph textModule textModule--type-paragraph \" style=\"\">On ignore pour l\u2019instant la date du d\u00e9but du camp d\u2019entra\u00eenement officiel du Tricolore.<\/p>\n<p class=\"paragraph textModule textModule--type-paragraph \" style=\"\">Le Canadien disputera cependant son premier match pr\u00e9paratoire contre les Penguins de Pittsburgh, le 22\u00a0septembre, et il entamera son calendrier r\u00e9gulier le 8\u00a0octobre contre les Maple Leafs, \u00e0 Toronto.<\/p>\n<p class=\"paragraph textModule textModule--type-paragraph \" style=\"\">Les hommes de l\u2019entra\u00eeneur-chef Martin St-Louis ont termin\u00e9 au cinqui\u00e8me rang de la section Atlantique en vertu d\u2019une fiche de 40-31-11 la saison derni\u00e8re, et ils se sont inclin\u00e9s en cinq parties au premier tour des s\u00e9ries \u00e9liminatoires dans l\u2019Association Est devant les Capitals de Washington.<\/p>\n","protected":false},"excerpt":{"rendered":"(Montr\u00e9al) Le tournoi de golf annuel du Canadien de Montr\u00e9al, qui donne en quelque sorte le coup d\u2019envoi&hellip;\n","protected":false},"author":2,"featured_media":353737,"comment_status":"","ping_status":"","sticky":false,"template":"","format":"standard","meta":{"footnotes":""},"categories":[1418],"tags":[1011,27,1472,60],"class_list":{"0":"post-353736","1":"post","2":"type-post","3":"status-publish","4":"format-standard","5":"has-post-thumbnail","7":"category-golf","8":"tag-fr","9":"tag-france","10":"tag-golf","11":"tag-sports"},"share_on_mastodon":{"url":"https:\/\/pubeurope.com\/@fr\/115115828432075277","error":""},"_links":{"self":[{"href":"https:\/\/www.europesays.com\/fr\/wp-json\/wp\/v2\/posts\/353736","targetHints":{"allow":["GET"]}}],"collection":[{"href":"https:\/\/www.europesays.com\/fr\/wp-json\/wp\/v2\/posts"}],"about":[{"href":"https:\/\/www.europesays.com\/fr\/wp-json\/wp\/v2\/types\/post"}],"author":[{"embeddable":true,"href":"https:\/\/www.europesays.com\/fr\/wp-json\/wp\/v2\/users\/2"}],"replies":[{"embeddable":true,"href":"https:\/\/www.europesays.com\/fr\/wp-json\/wp\/v2\/comments?post=353736"}],"version-history":[{"count":0,"href":"https:\/\/www.europesays.com\/fr\/wp-json\/wp\/v2\/posts\/353736\/revisions"}],"wp:featuredmedia":[{"embeddable":true,"href":"https:\/\/www.europesays.com\/fr\/wp-json\/wp\/v2\/media\/353737"}],"wp:attachment":[{"href":"https:\/\/www.europesays.com\/fr\/wp-json\/wp\/v2\/media?parent=353736"}],"wp:term":[{"taxonomy":"category","embeddable":true,"href":"https:\/\/www.europesays.com\/fr\/wp-json\/wp\/v2\/categories?post=353736"},{"taxonomy":"post_tag","embeddable":true,"href":"https:\/\/www.europesays.com\/fr\/wp-json\/wp\/v2\/tags?post=353736"}],"curies":[{"name":"wp","href":"https:\/\/api.w.org\/{rel}","templated":true}]}}