{"id":353742,"date":"2025-08-30T04:33:10","date_gmt":"2025-08-30T04:33:10","guid":{"rendered":"https:\/\/www.europesays.com\/fr\/353742\/"},"modified":"2025-08-30T04:33:10","modified_gmt":"2025-08-30T04:33:10","slug":"thibault-le-rol-de-retour-sur-ligue-1-veut-casser-la-peur-de-la-camera-lequipe","status":"publish","type":"post","link":"https:\/\/www.europesays.com\/fr\/353742\/","title":{"rendered":"Thibault Le Rol, de retour sur Ligue 1+, veut \u00ab casser la peur de la cam\u00e9ra \u00bb &#8211; L&#039;\u00c9quipe"},"content":{"rendered":"<ol>\n<li><a href=\"https:\/\/news.google.com\/rss\/articles\/CBMitwFBVV95cUxOR3lGS0NlWkgzVnFnZVJ6aUpTY1c0X0w1SnVTZmRyX19ZX3hwOF9nc0szZEhDZkpyTFcxMUlFa0JGZU96ck9raWdRUm03MWxFZ25FZ3BNdmVIbWVUU2QzU3RlRTVMRmhaeFJzSTBCUThLdGUwUmRuYVBaNzNuUEdYd0cxRVp6TklTbjBZbXpLYy1VVk44MTRsbkQxMnJ2YjRMRlM0S0pkV1k1SzZOQWtSdkhaM2hjTGc?oc=5\" target=\"_blank\" rel=\"nofollow noopener\">Thibault Le Rol, de retour sur Ligue 1+, veut \u00ab casser la peur de la cam\u00e9ra \u00bb<\/a>&nbsp;&nbsp;L&rsquo;\u00c9quipe<\/li>\n<li><a href=\"https:\/\/news.google.com\/rss\/articles\/CBMijgFBVV95cUxOaTZieWVnVWs1R3dMei1pT0c1ektJeVFHc0huMTZqM1NjUFpLRnprblNvbVo0S3ktUmRWeVBnMEJ2VF91Xzg3a3lGR2pBc2JxTXJxSmdfQkZPNU12aTg5WFBsUHl5R3g3Z0xmM2I4T1VGekhGREdfNmtvcFFwbjZhZ3RObW5UNEhxNUtrczV3?oc=5\" target=\"_blank\" rel=\"nofollow noopener\">Football. OL-OM, abonn\u00e9s, consultants&#8230; J\u00e9r\u00f4me Cazadieu revient sur le lancement de Ligue 1+<\/a>&nbsp;&nbsp;Le Dauphin\u00e9 Lib\u00e9r\u00e9<\/li>\n<li><a href=\"https:\/\/news.google.com\/rss\/articles\/CBMi6AFBVV95cUxQc2NKR09ZWDdkaUxzV2xhR1p2SzlmZ2J2MjhTZmlMRjVMa0sxNnpNcDNRbUh5ZmVGREtBdVJZZWZRa252Y0ZBUGItd0R6NWs4YmFoblRKRmhoVkozcU9KdGk4WUlORVlyMlpDZDQ2dHI3S3RHT2puVlQ3ZXhPVnd1Y3l4TUtoX1hpaFFJemwxZEhZSm10cE84aExIRDR2bkdRQUhmempKRWJqRTBvUnh1RjBVTjM0U183dzVRYk9zQVdXVGJGTXBtTHFQdWFrSnA1REt5a3VSeFo3R0JMbF9vNHNDa3BwNlBN?oc=5\" target=\"_blank\" rel=\"nofollow noopener\">Abonnement Ligue 1 + : ces 3 promotions se terminent dans quelques heures<\/a>&nbsp;&nbsp;Ouest-France<\/li>\n<li><a href=\"https:\/\/news.google.com\/rss\/articles\/CBMimAJBVV95cUxNT3lDTXVDV2ZzZzZBTUdoU0NBb2NxU3VjLWFfU2F4Vm1mcW1pRUNQV1FjTk9OTjlSY2p5bklaeFI4dHhIMG15djBldUEwVVlhNUlOV215Ni00dlNkUDBwR2l3TmpXYmo2dkd4UEh4c0pSclFKWFZEQXFGdEMtUXplQklySFNFblpaVWp4dVNDY01YYnM4dUxpQ1RDZHdzV2dMZ0F3QTFITHlUSWtHVjlTRzlYVVNnR2ViNUV5SmpxRlF3WlJFZ3VPaEM3cjduSml6NG1oTzNqbzRXX0N1OEdTWFZaOU9mcHB4QUl1NGszZEhWak1MeEZyMTY4RHdSZ282WEQyMldfU00wMVFxNnBScEdHMHhVblM1?oc=5\" target=\"_blank\" rel=\"nofollow noopener\">Ligue 1+ : derniers jours pour profiter de l\u2019offre de lancement \u00e0 9,99 euros (au lieu de 14,99 euros)<\/a>&nbsp;&nbsp;Le Parisien<\/li>\n<li><a href=\"https:\/\/news.google.com\/rss\/articles\/CBMixAFBVV95cUxPSEZPOHBLbWlEaS1nNTJ4ZnllNU00MVFVYmktSnNTQTY4bU5fNjNEdGlZd1BqREh0M2tRQlNUc2drODhCdmZCZkpWRXdSSnQ0dlhHM0tjVVhqQ3ltZVdPQWxLdDVIZFo4WHBTcEFZRWxrU3JySzM0UFRrb3lBVS1HNFZoa2FBeS1XVHEtN1ZieW8xODIzWnN5eF92WFFBQWJuQ0ZTTG9nNlJGQWtaMVVCS3RnSVU2SmFWYzJ4NkphNzFrT0p1?oc=5\" target=\"_blank\" rel=\"nofollow noopener\">Ligue 1+ : quelle est la meilleure offre d\u2019abonnement selon votre profil ?<\/a>&nbsp;&nbsp;Le T\u00e9l\u00e9gramme<\/li>\n<\/ol>\n","protected":false},"excerpt":{"rendered":"Thibault Le Rol, de retour sur Ligue 1+, veut \u00ab casser la peur de la cam\u00e9ra \u00bb&nbsp;&nbsp;L&rsquo;\u00c9quipe Football.&hellip;\n","protected":false},"author":2,"featured_media":353743,"comment_status":"","ping_status":"","sticky":false,"template":"","format":"standard","meta":{"footnotes":""},"categories":[1412],"tags":[1451,1452,1453,1454,1455,1011,27,60],"class_list":{"0":"post-353742","1":"post","2":"type-post","3":"status-publish","4":"format-standard","5":"has-post-thumbnail","7":"category-f1","8":"tag-f1","9":"tag-formula-1","10":"tag-formula1","11":"tag-formule-1","12":"tag-formule1","13":"tag-fr","14":"tag-france","15":"tag-sports"},"share_on_mastodon":{"url":"https:\/\/pubeurope.com\/@fr\/115115852014511032","error":""},"_links":{"self":[{"href":"https:\/\/www.europesays.com\/fr\/wp-json\/wp\/v2\/posts\/353742","targetHints":{"allow":["GET"]}}],"collection":[{"href":"https:\/\/www.europesays.com\/fr\/wp-json\/wp\/v2\/posts"}],"about":[{"href":"https:\/\/www.europesays.com\/fr\/wp-json\/wp\/v2\/types\/post"}],"author":[{"embeddable":true,"href":"https:\/\/www.europesays.com\/fr\/wp-json\/wp\/v2\/users\/2"}],"replies":[{"embeddable":true,"href":"https:\/\/www.europesays.com\/fr\/wp-json\/wp\/v2\/comments?post=353742"}],"version-history":[{"count":0,"href":"https:\/\/www.europesays.com\/fr\/wp-json\/wp\/v2\/posts\/353742\/revisions"}],"wp:featuredmedia":[{"embeddable":true,"href":"https:\/\/www.europesays.com\/fr\/wp-json\/wp\/v2\/media\/353743"}],"wp:attachment":[{"href":"https:\/\/www.europesays.com\/fr\/wp-json\/wp\/v2\/media?parent=353742"}],"wp:term":[{"taxonomy":"category","embeddable":true,"href":"https:\/\/www.europesays.com\/fr\/wp-json\/wp\/v2\/categories?post=353742"},{"taxonomy":"post_tag","embeddable":true,"href":"https:\/\/www.europesays.com\/fr\/wp-json\/wp\/v2\/tags?post=353742"}],"curies":[{"name":"wp","href":"https:\/\/api.w.org\/{rel}","templated":true}]}}