{"id":353746,"date":"2025-08-30T04:35:16","date_gmt":"2025-08-30T04:35:16","guid":{"rendered":"https:\/\/www.europesays.com\/fr\/353746\/"},"modified":"2025-08-30T04:35:16","modified_gmt":"2025-08-30T04:35:16","slug":"ligue-des-champions-le-tirage-du-psg-classe-le-2e-le-plus-difficile","status":"publish","type":"post","link":"https:\/\/www.europesays.com\/fr\/353746\/","title":{"rendered":"Ligue des Champions &#8211; Le tirage du PSG class\u00e9 le 2e le plus difficile"},"content":{"rendered":"<p><strong>Ce jeudi soir, le tirage au sort de la phase de ligue de la Ligue des Champions 2025-2026 s\u2019est d\u00e9roul\u00e9. Le Paris Saint-Germain a h\u00e9rit\u00e9 comme adversaires du <\/strong><strong>Bayern Munich (domicile), Barcelone (ext\u00e9rieur), Atalanta (D), Leverkusen (E), Tottenham (D), Sporting CP (E), Newcastle (D) et de Athletic Club Bilbao (E). D\u2019apr\u00e8s l\u2019analyse d\u2019Opta,\u00a0c\u2019est le 2e tirage le plus difficile de cette saison apr\u00e8s celui du Bayern Munich. Un calcul bas\u00e9 sur la note de l\u2019adversaire en fonction du chapeau dans lequel il \u00e9tait. Par exemple, Newcastle, dans le chapeau 4, a une note tr\u00e8s \u00e9lev\u00e9e.<\/strong><\/p>\n<p><img decoding=\"async\" alt=\"Image\" src=\"https:\/\/www.europesays.com\/fr\/wp-content\/uploads\/2025\/08\/GzeWNh-XgAA9pyE\" class=\"lazyload\"\/><\/p>\n<p>Bien s\u00fbr, ce n\u2019est qu\u2019une estimation et chacun peut d\u00e9battre de chaque estimation. Mais l\u2019id\u00e9e globalement est nette, le PSG a encore une fois un joli parcours devant lui. Pas de quoi s\u2019inqui\u00e9ter, cependant. Les Parisiens ont des ressources et doivent viser la qualification. Ils ont bien montr\u00e9 la saison derni\u00e8re qu\u2019ils sont \u00e0 craindre. M\u00eame si l\u2019ann\u00e9e d\u2019apr\u00e8s le titre peut toujours \u00eatre particuli\u00e8re.<\/p>\n<p>On fait confiance au coach Luis Enrique, \u00e0 son staff et aux joueurs pour travailler au mieux afin de faire face aux diff\u00e9rents obstacles. Sans oublier l\u2019id\u00e9e de marquer encore davantage l\u2019histoire avec une seconde Ligue des Champions de suite.<\/p>\n<p>\t\t\t\t\t\t\t\t\t\t\t\t\t\t\t\t\t\t\t\t\t\t\t<img loading=\"lazy\" src=\"https:\/\/www.europesays.com\/fr\/wp-content\/uploads\/2025\/04\/ParisFans_Logo.png\" decoding=\"async\" class=\"lazyload\" width=\"240\" height=\"54\" data-eio-rwidth=\"240\" data-eio-rheight=\"54\"\/><\/p>\n","protected":false},"excerpt":{"rendered":"Ce jeudi soir, le tirage au sort de la phase de ligue de la Ligue des Champions 2025-2026&hellip;\n","protected":false},"author":2,"featured_media":353747,"comment_status":"","ping_status":"","sticky":false,"template":"","format":"standard","meta":{"footnotes":""},"categories":[1410],"tags":[63,1011,27,447,60,96],"class_list":{"0":"post-353746","1":"post","2":"type-post","3":"status-publish","4":"format-standard","5":"has-post-thumbnail","7":"category-football","8":"tag-football","9":"tag-fr","10":"tag-france","11":"tag-ligue-des-champions","12":"tag-sports","13":"tag-une"},"share_on_mastodon":{"url":"https:\/\/pubeurope.com\/@fr\/115115860379908231","error":""},"_links":{"self":[{"href":"https:\/\/www.europesays.com\/fr\/wp-json\/wp\/v2\/posts\/353746","targetHints":{"allow":["GET"]}}],"collection":[{"href":"https:\/\/www.europesays.com\/fr\/wp-json\/wp\/v2\/posts"}],"about":[{"href":"https:\/\/www.europesays.com\/fr\/wp-json\/wp\/v2\/types\/post"}],"author":[{"embeddable":true,"href":"https:\/\/www.europesays.com\/fr\/wp-json\/wp\/v2\/users\/2"}],"replies":[{"embeddable":true,"href":"https:\/\/www.europesays.com\/fr\/wp-json\/wp\/v2\/comments?post=353746"}],"version-history":[{"count":0,"href":"https:\/\/www.europesays.com\/fr\/wp-json\/wp\/v2\/posts\/353746\/revisions"}],"wp:featuredmedia":[{"embeddable":true,"href":"https:\/\/www.europesays.com\/fr\/wp-json\/wp\/v2\/media\/353747"}],"wp:attachment":[{"href":"https:\/\/www.europesays.com\/fr\/wp-json\/wp\/v2\/media?parent=353746"}],"wp:term":[{"taxonomy":"category","embeddable":true,"href":"https:\/\/www.europesays.com\/fr\/wp-json\/wp\/v2\/categories?post=353746"},{"taxonomy":"post_tag","embeddable":true,"href":"https:\/\/www.europesays.com\/fr\/wp-json\/wp\/v2\/tags?post=353746"}],"curies":[{"name":"wp","href":"https:\/\/api.w.org\/{rel}","templated":true}]}}