{"id":353760,"date":"2025-08-30T04:42:11","date_gmt":"2025-08-30T04:42:11","guid":{"rendered":"https:\/\/www.europesays.com\/fr\/353760\/"},"modified":"2025-08-30T04:42:11","modified_gmt":"2025-08-30T04:42:11","slug":"un-nouveau-capteur-dair-dans-un-cluster-de-cancers-pediatriques","status":"publish","type":"post","link":"https:\/\/www.europesays.com\/fr\/353760\/","title":{"rendered":"un nouveau capteur d&rsquo;air dans un cluster de cancers p\u00e9diatriques"},"content":{"rendered":"<p><img decoding=\"async\" class=\"\" style=\"width:100%;max-width:100%\" src=\"https:\/\/www.europesays.com\/fr\/wp-content\/uploads\/2025\/08\/pesticide_maine_et_loire1684822117637-format16by9.png\" alt=\"Pesticides\"\/><\/p>\n<p>Cr\u00e9dit : illustration Envato &#8211; DR<\/p>\n<p style=\"text-align: justify;\"><strong>La commune de Saint-Vivien fait partie des trois nouveaux foyers de cancers p\u00e9diatriques identifi\u00e9s en Charente-Maritime. Face \u00e0 l&rsquo;inqui\u00e9tude des habitants, l&rsquo;agglom\u00e9ration de La Rochelle a d\u00e9cid\u00e9 d&rsquo;installer un capteur pour analyser pr\u00e9cis\u00e9ment la qualit\u00e9 de l&rsquo;air.<\/strong><\/p>\n<p style=\"text-align: justify;\"><strong>Le bo\u00eetier sera install\u00e9 d&rsquo;ici la mi-septembre, \u00e0 quelques m\u00e8tres du portail de l&rsquo;\u00e9cole<\/strong> de cette commune de 1400 habitants. Comme L&rsquo;Houmeau et une autre zone \u00e0 l&rsquo;ouest de Saintes, <strong>Saint-Vivien fait partie des trois derniers foyers de cancers p\u00e9diatriques<\/strong> identifi\u00e9s en Charente-Maritime. C&rsquo;est ce qu&rsquo;avait r\u00e9v\u00e9l\u00e9e une \u00e9tude in\u00e9dite en mars dernier, command\u00e9e par la Ligue contre le cancer.<\/p>\n<p style=\"text-align: justify;\">\u00a0<\/p>\n<p>Un lien de cause \u00e0 effet difficile \u00e0 \u00e9tablir<\/p>\n<p style=\"text-align: justify;\">Le maire de la commune a sign\u00e9 <strong>le permis de construire<\/strong> ce jeudi 28 ao\u00fbt. Saint-Vivien est un village bord\u00e9 de cultures agricoles, \u00e0 quelques kilom\u00e8tres de l&rsquo;oc\u00e9an.<\/p>\n<blockquote>\n<p style=\"text-align: justify;\">\u00ab\u00a0<strong>Il faut absolument rendre transparent et aider \u00e0 cette transparence<\/strong> : il y a tel et tel produit dans l&rsquo;air, ou il n&rsquo;y a pas tel et tel produit m\u00eame si un <strong>lien de cause \u00e0 effet est toujours compliqu\u00e9 \u00e0 \u00e9tablir<\/strong>\u00ab\u00a0, explique Vincent Demester, maire de Saint-Vivien.<\/p>\n<\/blockquote>\n<p style=\"text-align: justify;\">Le capteur &#8211; financ\u00e9 par l&rsquo;agglom\u00e9ration de La Rochelle &#8211; sera g\u00e9r\u00e9 par <strong>la soci\u00e9t\u00e9 Atmo<\/strong> qui s&rsquo;occupera des relev\u00e9s et des analyses.<\/p>\n<p style=\"text-align: justify;\">De quoi &#8211; peut-\u00eatre &#8211; rassurer les parents. En avril, une r\u00e9union publique avait r\u00e9uni 150 personnes dans la commune. \u00ab\u00a0<strong>Tout le monde y pense<\/strong>. C&rsquo;est pas parce qu&rsquo;il y a moins de feu m\u00e9diatique que ce n&rsquo;est pas pr\u00e9sent dans la t\u00eate des parents\u00a0\u00bb.<\/p>\n<p style=\"text-align: justify;\"><strong>Un capteur du m\u00eame type est d\u00e9j\u00e0 install\u00e9 depuis plusieurs ann\u00e9es \u00e0 Montroy<\/strong>, une autre commune de l&rsquo;agglom\u00e9ration de La Rochelle.\u00a0\u00bbEn tant que maire, je me dois d&rsquo;informer sur la qualit\u00e9 de l&rsquo;air qu&rsquo;il y a dans l&rsquo;environnement des enfants.\u00a0\u00bb\u00a0<\/p>\n","protected":false},"excerpt":{"rendered":"Cr\u00e9dit : illustration Envato &#8211; DR La commune de Saint-Vivien fait partie des trois nouveaux foyers de cancers&hellip;\n","protected":false},"author":2,"featured_media":353761,"comment_status":"","ping_status":"","sticky":false,"template":"","format":"standard","meta":{"footnotes":""},"categories":[10],"tags":[17655,101,49009,48758,49010,2218,436,1011,27,72,2217,2091,49008,71],"class_list":{"0":"post-353760","1":"post","2":"type-post","3":"status-publish","4":"format-standard","5":"has-post-thumbnail","7":"category-sante","8":"tag-atmo","9":"tag-cancer","10":"tag-cancers-pediatriques","11":"tag-capteur","12":"tag-capteur-dair","13":"tag-charente-maritime","14":"tag-environnement","15":"tag-fr","16":"tag-france","17":"tag-health","18":"tag-la-rochelle","19":"tag-pesticides","20":"tag-saint-vivien","21":"tag-sante"},"share_on_mastodon":{"url":"https:\/\/pubeurope.com\/@fr\/115115887521580451","error":""},"_links":{"self":[{"href":"https:\/\/www.europesays.com\/fr\/wp-json\/wp\/v2\/posts\/353760","targetHints":{"allow":["GET"]}}],"collection":[{"href":"https:\/\/www.europesays.com\/fr\/wp-json\/wp\/v2\/posts"}],"about":[{"href":"https:\/\/www.europesays.com\/fr\/wp-json\/wp\/v2\/types\/post"}],"author":[{"embeddable":true,"href":"https:\/\/www.europesays.com\/fr\/wp-json\/wp\/v2\/users\/2"}],"replies":[{"embeddable":true,"href":"https:\/\/www.europesays.com\/fr\/wp-json\/wp\/v2\/comments?post=353760"}],"version-history":[{"count":0,"href":"https:\/\/www.europesays.com\/fr\/wp-json\/wp\/v2\/posts\/353760\/revisions"}],"wp:featuredmedia":[{"embeddable":true,"href":"https:\/\/www.europesays.com\/fr\/wp-json\/wp\/v2\/media\/353761"}],"wp:attachment":[{"href":"https:\/\/www.europesays.com\/fr\/wp-json\/wp\/v2\/media?parent=353760"}],"wp:term":[{"taxonomy":"category","embeddable":true,"href":"https:\/\/www.europesays.com\/fr\/wp-json\/wp\/v2\/categories?post=353760"},{"taxonomy":"post_tag","embeddable":true,"href":"https:\/\/www.europesays.com\/fr\/wp-json\/wp\/v2\/tags?post=353760"}],"curies":[{"name":"wp","href":"https:\/\/api.w.org\/{rel}","templated":true}]}}