{"id":353768,"date":"2025-08-30T04:46:22","date_gmt":"2025-08-30T04:46:22","guid":{"rendered":"https:\/\/www.europesays.com\/fr\/353768\/"},"modified":"2025-08-30T04:46:22","modified_gmt":"2025-08-30T04:46:22","slug":"tout-ce-quil-faut-savoir-sur-ce-grand-projet-en-gironde","status":"publish","type":"post","link":"https:\/\/www.europesays.com\/fr\/353768\/","title":{"rendered":"tout ce qu&rsquo;il faut savoir sur ce grand projet en Gironde"},"content":{"rendered":"<p>            Par<br \/>\n        <strong><br \/>\n            <a href=\"https:\/\/actu.fr\/auteur\/edwin-bleunven\" title=\"Consulter tous les articles de Edwin Bleunven\" target=\"_blank\" rel=\"noopener\">Edwin Bleunven<\/a><br \/>\n        <\/strong><\/p>\n<p>        Publi\u00e9 le<\/p>\n<p>            29 ao\u00fbt 2025 \u00e0 17h00        <\/p>\n<p>Pour l\u2019instant, il s\u2019agit d\u2019<b>une clairi\u00e8re<\/b> entour\u00e9e de pins. Un paysage typique du territoire de <a href=\"https:\/\/actu.fr\/nouvelle-aquitaine\/captieux_33095\" target=\"_blank\" rel=\"noopener\">Captieux<\/a> et <a href=\"https:\/\/actu.fr\/nouvelle-aquitaine\/escaudes_33155\" target=\"_blank\" rel=\"noopener\">Escaudes<\/a>, deux villages situ\u00e9s en <a href=\"https:\/\/actu.fr\/nouvelle-aquitaine\/gironde_33\" target=\"_blank\" rel=\"noopener\">Gironde<\/a>, \u00e0 la lisi\u00e8re des Landes. Bient\u00f4t, cet espace sera peut-\u00eatre<b> bien diff\u00e9rent<\/b>. En effet, la <b>Communaut\u00e9 de communes (CDC) du Bazadais<\/b> a sign\u00e9 un partenariat avec un grand groupe sp\u00e9cialis\u00e9 dans l\u2019immobilier logistique et industriel, Panattoni. Pourquoi\u2009? Cr\u00e9er un espace propice \u00e0 l\u2019<b>installation d\u2019une ou plusieurs entreprises<\/b>, l\u2019Ecop\u00f4le de Captieux. \u00ab\u2009Nos cibles principales sont des entreprises d\u2019agroalimentaires, industrielles ou de logistique\u2009\u00bb, \u00e9claire Salvi Cals, en costume bleu fonc\u00e9 et chemise blanche. Ce dernier n\u2019est autre que le directeur du leader europ\u00e9en de l\u2019immobilier<b> logistique et industriel<\/b>, Panattoni. Avec son entreprise, ils ont cibl\u00e9 le site de Captieux\/Escaudes comme un <b>lieu strat\u00e9gique<\/b> pour implanter leur nouveau projet.<\/p>\n<p>Un espoir pour la Communaut\u00e9 de communes du Bazadais<\/p>\n<p class=\" wall-content\">Matin\u00e9e pluvieuse oblige, la vingtaine de personnes pr\u00e9sentes pour l\u2019annonce du partenariat entre la CDC du Bazadais et Panattoni, groupe am\u00e9ricain implant\u00e9 en France depuis 2021, se sont rejointes au <b>centre culturel de Captieux<\/b>.<\/p>\n<p class=\" wall-content\">Un d\u00e9cor de salle des f\u00eates pour c\u00e9l\u00e9brer un <b>accord dont attend beaucoup la CDC<\/b>. \u00ab\u2009C\u2019est avec espoir et fiert\u00e9 que nous accueillons ici Panattoni\u2009\u00bb, introduit Nicole Coustet, pr\u00e9sidente de la CDC.<\/p>\n<p>    <img   decoding=\"async\" loading=\"lazy\" class=\"size-large\" src=\"https:\/\/www.europesays.com\/fr\/wp-content\/uploads\/2025\/08\/b1cf7ba1a1b86b5cf7ba1a1b8b9cf7v-960x640.jpg\" alt=\"Isalbelle Dexpert (\u00e0 gauche) et Nicole Coustet (\u00e0droite) repr\u00e9sentaient la Cdc du Bazadais pour pr\u00e9senter l'accord entre leur communaut\u00e9 de communes et le groupe Panattoni au sujet de l'\u00e9cop\u00f4le de Captieux (Gironde).\" width=\"960\" height=\"640\"\/><br \/>\n    Isabelle Dexpert (\u00e0 gauche) et Nicole Coustet (\u00e0 droite) repr\u00e9sentaient la CDC du Bazadais pour annoncer l\u2019accord entre leur communaut\u00e9 de communes et le groupe Panattoni au sujet de l\u2019Ecop\u00f4le de Captieux (Gironde). \u00a9Edwin Bleunven \/ Le R\u00e9publicain Sud-Gironde<\/p>\n<p class=\" wall-content\">Apr\u00e8s cette premi\u00e8re prise de parole, Isabelle Dexpert, pr\u00e9sente en tant que vice-pr\u00e9sidente de la CDC en charge de l\u2019\u00e9conomie, a vant\u00e9 les m\u00e9rites du territoire et donn\u00e9 quelques cl\u00e9s sur la venue de Panattoni en Sud-Gironde\u2009: \u00ab\u2009Nous avons la chance d\u2019avoir un tissu \u00e9conomique tr\u00e8s vari\u00e9 et un <b>prix du foncier tr\u00e8s attractif<\/b>.\u2009\u00bb<\/p>\n<p>Un terrain acquis par la CDC pour le projet d&rsquo;Ecop\u00f4le<\/p>\n<p>Le projet d\u2019\u00e9cop\u00f4le de Captieux est un sujet de longue date. Il \u00e9tait d\u00e9j\u00e0 dans les intentions de l\u2019ancienne CDC Captieux-Grignols (aujourd\u2019hui partie int\u00e9grante de la CDC du Bazadais) depuis 2006. Pourtant, ce n\u2019est qu\u2019en 2021 que la CDC du Bazadais a acquis le terrain aujourd\u2019hui convoit\u00e9 par Panattoni. \u00ab\u2009Cette arriv\u00e9e serait un r\u00e9el aboutissement\u2009\u00bb, d\u00e9clare d\u2019ailleurs Nicole Coustet, pr\u00e9sidente de la CDC. La propri\u00e9t\u00e9 est de 12 hectares, mais seulement 5 seront c\u00e9d\u00e9s \u00e0 Panattoni afin de respecter la loi Z\u00e9ro artificialisation nette qui emp\u00eache l&rsquo;artificialisation excessive des sols.<\/p>\n<p class=\" wall-content\">L\u2019\u00e9lue bazadaise a tenu \u00e0 souligner \u00ab\u2009la qualit\u00e9 de vie exceptionnelle\u2009\u00bb sur son territoire et la volont\u00e9 de cr\u00e9er un cercle vertueux avec la venue de ce projet\u2009: \u00ab\u2009Cela va cr\u00e9er de la <b>richesse pour notre territoire<\/b>.\u2009\u00bb<\/p>\n<p>Votre r\u00e9gion, votre actu !<\/p>\n<p>Recevez chaque jour les infos qui comptent pour vous.<\/p>\n<p>\t<a href=\"https:\/\/actu.fr\/newsletter\" class=\"ac-btn ac-btn--corner ac-btn--medium ac-btn--blue800\" target=\"_blank\" rel=\"noopener\">S&rsquo;incrire<\/a><br \/>\nUn site avantageux pour Panattoni<\/p>\n<p class=\" wall-content\">Lorsque le tour des deux \u00e9lus fut pass\u00e9, Salvi Cals a pris la parole. Le directeur g\u00e9n\u00e9ral de Panattoni, a pr\u00e9sent\u00e9 son entreprise comme l\u2019<b>interface<\/b> entre les territoires, les entreprises et les partenaires financiers et techniques.<\/p>\n<p>    <img   decoding=\"async\" loading=\"lazy\" class=\"size-large\" src=\"https:\/\/www.europesays.com\/fr\/wp-content\/uploads\/2025\/08\/5ad2f744a1b86ded2f744a1b8a2e2fv-960x640.jpg\" alt=\"Entre pins et sortie de l'autoroute A 65, Panattoni \u00e9tudie la possibilit\u00e9 de s'installer \u00e0 Captieux, en Gironde.\" width=\"960\" height=\"640\"\/><br \/>\n    Entre pins et sortie de l\u2019autoroute A 65, Panattoni \u00e9tudie la possibilit\u00e9 de s\u2019installer \u00e0 Captieux, en Gironde. \u00a9Edwin Bleunven \/ Le R\u00e9publicain Sud-Gironde<\/p>\n<p class=\" wall-content\">Si lui aussi a rappel\u00e9 les atouts du potentiel site de Captieux\/Escaudes (proximit\u00e9 avec la sortie d\u2019autoroute et espace important), il a aussi tenu \u00e0 pr\u00e9ciser que le projet n\u2019en est qu\u2019<b>\u00e0 ses d\u00e9buts<\/b>.<\/p>\n<p>    <img   decoding=\"async\" loading=\"lazy\" class=\"size-large\" src=\"https:\/\/www.europesays.com\/fr\/wp-content\/uploads\/2025\/08\/8f1d996680b86a32d996680b8872d9v-960x640.jpg\" alt=\"Isabelle Dexpert, vice-pr\u00e9sidente de la CDC du Bazadais, et Salvi Cals, directeur g\u00e9n\u00e9ral de Panattoni, ont pr\u00e9sent\u00e9 jeudi 28 aout 2025 le projet d'\u00e9copole \u00e0 Captieux, en Gironde.\" width=\"960\" height=\"640\"\/><br \/>\n    Isabelle Dexpert, vice-pr\u00e9sidente de la CDC du Bazadais, et Salvi Cals, directeur g\u00e9n\u00e9ral de Panattoni, ont pr\u00e9sent\u00e9 jeudi 28 ao\u00fbt 2025 le projet d\u2019Ecopole \u00e0 Captieux, en Gironde. \u00a9Edwin Bleunven \/ Le R\u00e9publicain Sud-Gironde<\/p>\n<p class=\" wall-content\">Avant d\u2019ajouter que si le projet aboutissait, un d\u00e9but de d\u00e9veloppement serait possible en 2027. \u00c0 partir de maintenant s\u2019ouvre une phase d\u2019\u00e9tude pour son entreprise. Avant une \u00e9ventuelle implantation et l\u2019arriv\u00e9e de nouvelles entreprises en Sud-Gironde.<\/p>\n<p>Panattoni, un groupe international<\/p>\n<p>Panattoni est une soci\u00e9t\u00e9 cr\u00e9\u00e9e en 1986 aux \u00c9tats-Unis par un fondateur du m\u00eame nom. Son si\u00e8ge social est bas\u00e9 en Californie et poss\u00e8de des bureaux partout \u00e0 travers le monde. Le groupe s\u2019est implant\u00e9 en Europe en 2005 (en Pologne), avant d\u2019arriver en France en 2021. En 2024 et pour la 8e ann\u00e9e cons\u00e9cutive, il est le groupe leader en termes de d\u00e9veloppement logistique en Europe. Il investit 3\u00a0milliards d\u2019euros chaque ann\u00e9e sur le continent europ\u00e9en. Depuis ses d\u00e9buts, ils ont construit environ 60\u00a0millions de m2 \u00e0 travers le monde.<\/p>\n<p class=\" wall-content\">Le partenariat sign\u00e9 entre l\u2019entreprise et le regroupement de communes pr\u00e9voit \u00ab\u2009une <b>exclusivit\u00e9 de r\u00e9servation du foncier<\/b> afin de permettre \u00e0 Panattoni de conduire des \u00e9tudes n\u00e9cessaires\u2009\u00bb. Une premi\u00e8re \u00e9tape vers l\u2019Ecop\u00f4le.<\/p>\n<p>Un b\u00e2timent de 20\u2009000 m2, 100 \u00e0 300 emplois esp\u00e9r\u00e9s<\/p>\n<p class=\" wall-content\">Le directeur g\u00e9n\u00e9ral de Panattoni a tout de m\u00eame donn\u00e9 quelques indications sur le potentiel b\u00e2timent capsylvain\u2009: environ <b>20\u2009000\u00a0m\u00e8tres carr\u00e9s<\/b>, un b\u00e2timent pour une seule entreprise, ou divis\u00e9 en plusieurs cellules d\u2019environ 6\u2009000 m\u00e8tres carr\u00e9s, occup\u00e9 par des entreprises locales ou venant s\u2019installer \u00e0 cette occasion.<\/p>\n<blockquote class=\"ac-article-quote wall-content\">\n<p>Nos b\u00e2timents sont propos\u00e9s soit \u00e0 la vente, soit \u00e0 la location.<\/p>\n<p>Salvi Cals<\/p><\/blockquote>\n<p class=\" wall-content\">Pour l\u2019entreprise am\u00e9ricaine, l\u2019investissement serait aux alentours de <b>20\u00a0millions d\u2019euros<\/b> pour un projet comme celui envisag\u00e9 ici. Cette arriv\u00e9e pourrait engendrer la cr\u00e9ation de nombreux emplois. \u00ab\u2009Sur un site comme celui-ci, la fourchette s\u2019\u00e9tend de <b>100 \u00e0 300 emplois<\/b>\u2009\u00bb, estime Salvi Cals.<\/p>\n<p>    <img   decoding=\"async\" loading=\"lazy\" class=\"size-large\" src=\"https:\/\/www.europesays.com\/fr\/wp-content\/uploads\/2025\/08\/98d463c4a1b86bcd463c4a1b880e46v-960x640.jpg\" alt=\"La situation g\u00e9ographique (proche d'une entr\u00e9e d'autoroute) et un prix du foncier attractif, int\u00e9resse le groupe de d\u00e9veloppement industriel et logistique, Panattoni, pour une \u00e9ventuelle implantation d'un b\u00e2timent industriel ou logistique.\" width=\"960\" height=\"640\"\/><br \/>\n    La situation g\u00e9ographique (proche d\u2019une entr\u00e9e d\u2019autoroute) et un prix du foncier attractif, int\u00e9resse le groupe de d\u00e9veloppement industriel et logistique, Panattoni, pour une \u00e9ventuelle implantation d\u2019un b\u00e2timent industriel ou logistique. \u00a9Edwin Bleunven \/ Le R\u00e9publicain Sud-Gironde<\/p>\n<p class=\" wall-content\">Apr\u00e8s cette pr\u00e9sentation, le petit cort\u00e8ge pr\u00e9sent a pu aller faire un tour sur le site envisag\u00e9, entre Captieux et Escaudes. L\u2019occasion de prendre la mesure de l\u2019ampleur d\u2019un \u00e9ventuel b\u00e2timent de 20\u2009000\u00a0m\u00e8tres carr\u00e9s en pleine for\u00eat.<\/p>\n<p class=\" wall-content\">Prochaine \u00e9tape\u2009? Signer une <b>promesse d\u2019achat<\/b> et ent\u00e9riner le partenariat vers du concret.<\/p>\n<p class=\" wall-content\">Personnalisez votre actualit\u00e9 en ajoutant vos villes et m\u00e9dias en favori avec <a href=\"https:\/\/moncompte.actu.fr\" title=\"D\u00e9couvez Mon Actu\" rel=\"nofollow noopener\" data-trk=\"{&quot;cta&quot;:{&quot;action&quot;:&quot;https:\\\/\\\/moncompte.actu.fr&quot;,&quot;category&quot;:&quot;mon compte&quot;,&quot;from&quot;:&quot;article footer&quot;,&quot;name&quot;:&quot;Mon actu&quot;,&quot;type&quot;:&quot;cta&quot;}}\" target=\"_blank\">Mon Actu<\/a>.<\/p>\n","protected":false},"excerpt":{"rendered":"Par Edwin Bleunven Publi\u00e9 le 29 ao\u00fbt 2025 \u00e0 17h00 Pour l\u2019instant, il s\u2019agit d\u2019une clairi\u00e8re entour\u00e9e de&hellip;\n","protected":false},"author":2,"featured_media":353769,"comment_status":"","ping_status":"","sticky":false,"template":"","format":"standard","meta":{"footnotes":""},"categories":[6],"tags":[35,33,34,341,2855,1011,27],"class_list":{"0":"post-353768","1":"post","2":"type-post","3":"status-publish","4":"format-standard","5":"has-post-thumbnail","7":"category-economie","8":"tag-business","9":"tag-economie","10":"tag-economy","11":"tag-emploi","12":"tag-entrepreneuriat","13":"tag-fr","14":"tag-france"},"share_on_mastodon":{"url":"https:\/\/pubeurope.com\/@fr\/115115905296463228","error":""},"_links":{"self":[{"href":"https:\/\/www.europesays.com\/fr\/wp-json\/wp\/v2\/posts\/353768","targetHints":{"allow":["GET"]}}],"collection":[{"href":"https:\/\/www.europesays.com\/fr\/wp-json\/wp\/v2\/posts"}],"about":[{"href":"https:\/\/www.europesays.com\/fr\/wp-json\/wp\/v2\/types\/post"}],"author":[{"embeddable":true,"href":"https:\/\/www.europesays.com\/fr\/wp-json\/wp\/v2\/users\/2"}],"replies":[{"embeddable":true,"href":"https:\/\/www.europesays.com\/fr\/wp-json\/wp\/v2\/comments?post=353768"}],"version-history":[{"count":0,"href":"https:\/\/www.europesays.com\/fr\/wp-json\/wp\/v2\/posts\/353768\/revisions"}],"wp:featuredmedia":[{"embeddable":true,"href":"https:\/\/www.europesays.com\/fr\/wp-json\/wp\/v2\/media\/353769"}],"wp:attachment":[{"href":"https:\/\/www.europesays.com\/fr\/wp-json\/wp\/v2\/media?parent=353768"}],"wp:term":[{"taxonomy":"category","embeddable":true,"href":"https:\/\/www.europesays.com\/fr\/wp-json\/wp\/v2\/categories?post=353768"},{"taxonomy":"post_tag","embeddable":true,"href":"https:\/\/www.europesays.com\/fr\/wp-json\/wp\/v2\/tags?post=353768"}],"curies":[{"name":"wp","href":"https:\/\/api.w.org\/{rel}","templated":true}]}}