{"id":353770,"date":"2025-08-30T04:47:15","date_gmt":"2025-08-30T04:47:15","guid":{"rendered":"https:\/\/www.europesays.com\/fr\/353770\/"},"modified":"2025-08-30T04:47:15","modified_gmt":"2025-08-30T04:47:15","slug":"en-nouvelle-zelande-un-pere-disparu-depuis-quatre-ans-avec-ses-enfants-pourrait-avoir-refait-surface-liberation","status":"publish","type":"post","link":"https:\/\/www.europesays.com\/fr\/353770\/","title":{"rendered":"En Nouvelle-Z\u00e9lande, un p\u00e8re disparu depuis quatre ans avec ses enfants pourrait avoir refait surface \u2013 Lib\u00e9ration"},"content":{"rendered":"<p class=\"sc-ksZaOG ehjQrN text-element\">La sup\u00e9rette de Piopio, ville rurale du nord de la Nouvelle-Z\u00e9lande, a \u00e9t\u00e9 le th\u00e9\u00e2tre d\u2019un maigre larcin dans la nuit de mardi 26 \u00e0 mercredi 27 ao\u00fbt. Une brique de lait, du beurre et quelques l\u00e9gumes d\u00e9rob\u00e9s, explique ce vendredi le propri\u00e9taire de l\u2019\u00e9choppe. Mais ce chapardage n\u2019a que peu d\u2019importance pour la police n\u00e9o-z\u00e9landaise, qui s\u2019int\u00e9resse surtout aux deux auteurs du m\u00e9fait.<\/p>\n<p class=\"sc-ksZaOG ehjQrN text-element\">Sur une vid\u00e9o de surveillance diffus\u00e9e par les autorit\u00e9s locales, on les distingue arm\u00e9s d\u2019une meuleuse derri\u00e8re le halo de leur lampe frontale. Les \u00e9tincelles jaillissent et le verrou du petit magasin l\u00e2che. Les deux silhouettes continuent ensuite \u00e0 se frayer un chemin \u00e0 l\u2019int\u00e9rieur, d\u00e9coupant un \u00e0 un les cadenas, jusqu\u2019\u00e0 faire sauter celui du r\u00e9frig\u00e9rateur. Enfin, les cam\u00e9ras captent les mouvements d\u2019un homme masqu\u00e9, v\u00eatu d\u2019une parka noire, accompagn\u00e9 d\u2019un enfant lui-m\u00eame le visage dissimul\u00e9 et habill\u00e9 d\u2019un ensemble \u00e0 motifs de <a href=\"https:\/\/www.liberation.fr\/lifestyle\/mode\/mode-le-camouflage-imprime-risque-20230509_HK6ZGLGF2NDTBCYIK4AY2D6VGI\/\" target=\"_blank\" rel=\"noopener\" title=\"https:\/\/www.liberation.fr\/lifestyle\/mode\/mode-le-camouflage-imprime-risque-20230509_HK6ZGLGF2NDTBCYIK4AY2D6VGI\/\">camouflage<\/a>.<\/p>\n<blockquote cite=\"https:\/\/www.facebook.com\/reel\/1333432621774839\/?locale=fr_FR\" class=\"fb-xfbml-parse-ignore\"><p><a href=\"https:\/\/www.facebook.com\/reel\/1333432621774839\/?locale=fr_FR\" target=\"_blank\" rel=\"noopener\">Tom Phillips investigation<\/a><\/p>\n<p>Police investigating a retail burglary in rural Waikato, are releasing CCTV footage of who they believe to be Marokopa father Tom Phillips and one of his children.<\/p>\n<p>Police are making enquiries into a report of a break-in at a Piopio business about 2am on Wednesday 27 August. Detective Senior Sergeant Andy Saunders says Police are investigating any connection to Phillips, but the store is one he\u2019s believed to have targeted, unsuccessfully, in November 2023.<\/p>\n<p>In a bid to encourage the community to report sightings, Police have released footage showing two masked individuals, outside the retail premise shortly before it was burgled.<\/p>\n<p>\u201cWe believe the pair in this footage are Tom and one of his children. They were in the area for 13 minutes, having travelled in and out on a quad bike. The pair can be seen loading items into containers on the quad bike before returning in the direction they had come from.<\/p>\n<p>\u201cWe\u2019re appealing for information from anyone who might have seen the quad bike travelling or parked between Piopio and Marokopa in the early hours of Wednesday morning.<\/p>\n<p>\u201cIn this latest burglary, the offenders have left with a number of general grocery items.\u201d<\/p>\n<p>Phillips already faces a range of charges including aggravated robbery, aggravated wounding, and unlawful possession of a firearm.<\/p>\n<p>\u201cAt the heart of this are three children who have been away from their home for four years. Their well-being is our main focus.\u201d<\/p>\n<p>Publi\u00e9e par <a href=\"https:\/\/www.facebook.com\/WaikatoPolice\" target=\"_blank\" rel=\"noopener\">Waikato Police<\/a> sur Jeudi 28 ao\u00fbt 2025<\/p><\/blockquote>\n<p class=\"sc-ksZaOG ehjQrN text-element\">Les cambrioleurs restent un quart d\u2019heure dans la sup\u00e9rette, avant de fuir dans la p\u00e9nombre, leurs provisions sous le bras pendant que l\u2019alarme du magasin r\u00e9sonne. Ils disparaissent enfin, \u00e0 cheval sur un quad, en direction du sud.<\/p>\n<p class=\"sc-ksZaOG ehjQrN text-element\">Les autorit\u00e9s soup\u00e7onnent tr\u00e8s fortement les deux malfaiteurs nocturnes d\u2019\u00eatre Tom Phillips et l\u2019un de ses enfants. Cela faisait pr\u00e8s d\u2019un an que la police <a href=\"https:\/\/www.liberation.fr\/international\/asie-pacifique\/nouvelle-zelande-manifestation-massive-haka-dune-deputee-les-droits-des-maoris-au-coeur-dune-bataille-politique-20241119_IOP67ZZYIJD7RERIHTYQPW7DCI\/\" target=\"_blank\" rel=\"noopener\" title=\"https:\/\/www.liberation.fr\/international\/asie-pacifique\/nouvelle-zelande-manifestation-massive-haka-dune-deputee-les-droits-des-maoris-au-coeur-dune-bataille-politique-20241119_IOP67ZZYIJD7RERIHTYQPW7DCI\/\">n\u00e9o-z\u00e9landaise<\/a> \u00e9tait sans nouvelle de ce p\u00e8re de famille, qui avait disparu en d\u00e9cembre 2021 en emmenant ses enfants Jayda, Maverick et Ember, 12, 10 et 9 ans \u00e0 l\u2019\u00e9poque. La famille habitait alors une ferme \u00e0 Marokopa, bourgade situ\u00e9e \u00e0 une soixantaine de kilom\u00e8tres de Piopio. Depuis, pratiquement rien.<\/p>\n<p class=\"sc-ksZaOG ehjQrN text-element\">On ignore encore la raison de la fuite de Phillips. Mais un article du <a href=\"https:\/\/www.nzherald.co.nz\/nz\/crime\/missing-marokopa-fugitive-tom-phillips-a-full-timeline-of-all-the-sightings\/Y25OIG5B6RBCLI6RBD475BFXY4\/\" target=\"_blank\" rel=\"noreferrer noopener\" title=\"https:\/\/www.nzherald.co.nz\/nz\/crime\/missing-marokopa-fugitive-tom-phillips-a-full-timeline-of-all-the-sightings\/Y25OIG5B6RBCLI6RBD475BFXY4\/\">New Zealand Herald<\/a> rappelle ce vendredi qu\u2019une hypoth\u00e8se \u00e9mise par les services de police serait une affaire li\u00e9e \u00ab\u00e0 la garde de ses enfants\u00bb. Le quotidien souligne par ailleurs que l\u2019individu est m\u00e9ticuleux. Il n\u2019effectue ses rares achats qu\u2019en liquide et fait ses sorties toujours le visage dissimul\u00e9. Plusieurs m\u00e9dias pr\u00e9cisent enfin que l\u2019homme est un chasseur exp\u00e9riment\u00e9, habitu\u00e9 \u00e0 camper dans les paysages vallonn\u00e9s de la r\u00e9gion de Marokopa.<\/p>\n<p class=\"sc-ksZaOG ehjQrN text-element\">C\u2019est d\u2019ailleurs dans ces plaines agricoles recul\u00e9es que la derni\u00e8re apparition de Philips avait \u00e9t\u00e9 signal\u00e9e, en octobre 2024, sur une vid\u00e9o film\u00e9e par deux chasseurs de sangliers. Ce jour-l\u00e0, pas de cochons poilus mais un homme suivi de trois enfants, tous portants de lourds sacs \u00e0 dos, tenue de camouflage sur le dos. S\u2019en \u00e9tait suivie une op\u00e9ration massive de la police de recherche terrestre et a\u00e9rienne pour retrouver le fugitif, sans succ\u00e8s.<\/p>\n<p class=\"sc-ksZaOG ehjQrN text-element\">Alors apr\u00e8s le vol dans la sup\u00e9rette de Piopio, l\u2019officier de police local, le sergent Andy Saunders, a lanc\u00e9 un appel \u00e0 t\u00e9moin lors d\u2019une conf\u00e9rence de presse ce vendredi \u00e0 Hamilton, la principale ville de la r\u00e9gion. Les services de police sont toujours en train d\u2019analyser les vid\u00e9os pour proc\u00e9der \u00e0 l\u2019identification et chercher d\u2019\u00e9ventuels indices, mais aupr\u00e8s des journalistes, le sergent Saunders a soutenu mordicus qu\u2019il est \u00abconvaincu\u00bb que l\u2019homme est bien Tom Philips.<\/p>\n<p class=\"sc-ksZaOG ehjQrN text-element\">Ce larcin pourrait m\u00eame \u00eatre un signe de la situation de Tom Philipps, estime le sergent : le fugitif serait d\u00e9sormais aux abois, forc\u00e9 de sortir la nuit pour mettre la main sur des produits de premi\u00e8re n\u00e9cessit\u00e9. \u00abPeut-\u00eatre s\u2019est-il brouill\u00e9 avec la personne qui l\u2019aidait ?\u00bb a envisag\u00e9 l\u2019agent, avant d\u2019ajouter que la priorit\u00e9 \u00e9tait de retrouver les enfants \u00absains et saufs\u00bb. \u00abNotre inqui\u00e9tude est que Tom repr\u00e9sente un danger pour quiconque tente de l\u2019emp\u00eacher de mener son mode de vie, avec ses enfants\u00bb, a alert\u00e9 le sergent Saunders.<\/p>\n<p class=\"sc-ksZaOG ehjQrN text-element\">La police, qui a \u00e9galement partag\u00e9 l\u2019appel \u00e0 t\u00e9moin via une publication sur Facebook, a tenu \u00e0 pr\u00e9ciser que Philips avait d\u00e9j\u00e0 cibl\u00e9 ce magasin en novembre 2023, sans parvenir \u00e0 ses fins. Puis, ils ont ensuite rappel\u00e9 la liste des accusations qui p\u00e8sent contre le fugitif : \u00abvol aggrav\u00e9\u00bb, \u00abcoups et blessures aggrav\u00e9s\u00bb et \u00abpossession ill\u00e9gale d\u2019arme \u00e0 feu\u00bb.<\/p>\n<p class=\"sc-ksZaOG ehjQrN text-element\">Le mois dernier, sa famille a tent\u00e9 une nouvelle fois de le joindre. Sa s\u0153ur a m\u00eame lanc\u00e9 un appel pour lui dire que sa famille \u00e9tait toujours dispos\u00e9e \u00e0 lui venir en aide. Mais depuis quatre ans, c\u2019est silence radio. Pas une seule r\u00e9ponse aux demandes de ses proches. En 2024, la m\u00e8re des trois enfants avait t\u00e9moign\u00e9 aupr\u00e8s du New Zealand Herald et avait d\u00e9clar\u00e9 \u00eatre \u00absoulag\u00e9e\u00bb de les savoir en vie. En juin de la m\u00eame ann\u00e9e, une r\u00e9compense de 80 000 dollars \u00e9tait offerte pour toute information sur l\u2019endroit o\u00f9 pourrait se terrer le fugitif.<\/p>\n<blockquote cite=\\\"https:\/\/www.facebook.com\/reel\/1333432621774839\/?locale=fr_FR\\\" class=\\\"fb-xfbml-parse-ignore\\\"><p><a href=\\\"https:\/\/www.facebook.com\/reel\/1333432621774839\/?locale=fr_FR\\\">Tom Phillips investigation<\/a><\/p>\n<p>Police investigating a retail burglary in rural Waikato, are releasing CCTV footage of who they believe to be Marokopa father Tom Phillips and one of his children.\\n \\nPolice are making enquiries into a report of a break-in at a Piopio business about 2am on Wednesday 27 August. Detective Senior Sergeant Andy Saunders says Police are investigating any connection to Phillips, but the store is one he\u2019s believed to have targeted, unsuccessfully, in November 2023.\\n \\nIn a bid to encourage the community to report sightings, Police have released footage showing two masked individuals, outside the retail premise shortly before it was burgled.\\n \\n\u201cWe believe the pair in this footage are Tom and one of his children. They were in the area for 13 minutes, having travelled in and out on a quad bike. The pair can be seen loading items into containers on the quad bike before returning in the direction they had come from.\\n \\n\u201cWe\u2019re appealing for information from anyone who might have seen the quad bike travelling or parked between Piopio and Marokopa in the early hours of Wednesday morning.\\n \\n\u201cIn this latest burglary, the offenders have left with a number of general grocery items.\u201d\\n \\nPhillips already faces a range of charges including aggravated robbery, aggravated wounding, and unlawful possession of a firearm.\\n \\n\u201cAt the heart of this are three children who have been away from their home for four years. Their well-being is our main focus.\u201d<\/p>\n<p>Publi\u00e9e par <a href=\\\"https:\/\/www.facebook.com\/WaikatoPolice\\\">Waikato Police<\/a> sur Jeudi 28 ao\u00fbt 2025<\/p><\/blockquote>\n<p>\u00ab\u00a0,\u00a0\u00bbtype\u00a0\u00bb:\u00a0\u00bbfacebook-video\u00a0\u00bb,\u00a0\u00bbversion\u00a0\u00bb:\u00a0\u00bb1.0&Prime;,\u00a0\u00bbwidth\u00a0\u00bb:500,\u00a0\u00bb_id\u00a0\u00bb:\u00a0\u00bbhttps:\/\/www.facebook.com\/watch\/?v=1333432621774839&#038;rdid=gZVYtIPDnMCn5ilk\u00a0\u00bb,\u00a0\u00bblocale\u00a0\u00bb:\u00a0\u00bbfr_FR\u00a0\u00bb},\u00a0\u00bbreferent\u00a0\u00bb:{\u00ab\u00a0id\u00a0\u00bb:\u00a0\u00bbhttps:\/\/www.facebook.com\/watch\/?v=1333432621774839&#038;rdid=gZVYtIPDnMCn5ilk\u00a0\u00bb,\u00a0\u00bbprovider\u00a0\u00bb:\u00a0\u00bbhttps:\/\/graph.facebook.com\/v8.0\/oembed_video?url=\u00a0\u00bb,\u00a0\u00bbreferent_properties\u00a0\u00bb:{\u00ab\u00a0locale\u00a0\u00bb:\u00a0\u00bbfr_FR\u00a0\u00bb},\u00a0\u00bbservice\u00a0\u00bb:\u00a0\u00bboembed\u00a0\u00bb,\u00a0\u00bbtype\u00a0\u00bb:\u00a0\u00bbfacebook-video\u00a0\u00bb}},{\u00ab\u00a0_id\u00a0\u00bb:\u00a0\u00bb6PFBDFWUKFHGXAYCB4EX3H3JZQ\u00a0\u00bb,\u00a0\u00bbadditional_properties\u00a0\u00bb:{},\u00a0\u00bbcontent\u00a0\u00bb:\u00a0\u00bbLes cambrioleurs restent un quart d\u2019heure dans la sup\u00e9rette, avant de fuir dans la p\u00e9nombre, leurs provisions sous le bras pendant que l\u2019alarme du magasin r\u00e9sonne. Ils disparaissent enfin, \u00e0 cheval sur un quad, en direction du sud.\u00a0\u00bb,\u00a0\u00bbtype\u00a0\u00bb:\u00a0\u00bbtext\u00a0\u00bb},{\u00ab\u00a0_id\u00a0\u00bb:\u00a0\u00bbH6JFOEC34VC6BE2AGC5BVNYGXM\u00a0\u00bb,\u00a0\u00bbadditional_properties\u00a0\u00bb:{},\u00a0\u00bbcontent\u00a0\u00bb:\u00a0\u00bbIndividu m\u00e9ticuleux\u00a0\u00bb,\u00a0\u00bblevel\u00a0\u00bb:2,\u00a0\u00bbtype\u00a0\u00bb:\u00a0\u00bbheader\u00a0\u00bb},{\u00ab\u00a0_id\u00a0\u00bb:\u00a0\u00bbFD6Q5IDDOZBFVEQDWQAMQGTMBY\u00a0\u00bb,\u00a0\u00bbadditional_properties\u00a0\u00bb:{},\u00a0\u00bbcontent\u00a0\u00bb:\u00a0\u00bbLes autorit\u00e9s soup\u00e7onnent tr\u00e8s fortement les deux malfaiteurs nocturnes d\u2019\u00eatre Tom Phillips et l\u2019un de ses enfants. Cela faisait pr\u00e8s d\u2019un an que la police <a href=\\\"https:\/\/www.liberation.fr\/international\/asie-pacifique\/nouvelle-zelande-manifestation-massive-haka-dune-deputee-les-droits-des-maoris-au-coeur-dune-bataille-politique-20241119_IOP67ZZYIJD7RERIHTYQPW7DCI\/\\\" target=\\\"_blank\\\" rel=\\\"\\\" title=\\\"https:\/\/www.liberation.fr\/international\/asie-pacifique\/nouvelle-zelande-manifestation-massive-haka-dune-deputee-les-droits-des-maoris-au-coeur-dune-bataille-politique-20241119_IOP67ZZYIJD7RERIHTYQPW7DCI\/\\\">n\u00e9o-z\u00e9landaise<\/a> \u00e9tait sans nouvelle de ce p\u00e8re de famille, qui avait disparu en d\u00e9cembre 2021 en emmenant ses enfants Jayda, Maverick et Ember, 12, 10 et 9 ans \u00e0 l\u2019\u00e9poque. La famille habitait alors une ferme \u00e0 Marokopa, bourgade situ\u00e9e \u00e0 une soixantaine de kilom\u00e8tres de Piopio. Depuis, pratiquement rien.\u00a0\u00bb,\u00a0\u00bbtype\u00a0\u00bb:\u00a0\u00bbtext\u00a0\u00bb},{\u00ab\u00a0_id\u00a0\u00bb:\u00a0\u00bbGEWZY5KUMFDCZMNMNGUOJPV3XQ\u00a0\u00bb,\u00a0\u00bbadditional_properties\u00a0\u00bb:{},\u00a0\u00bbcontent\u00a0\u00bb:\u00a0\u00bbOn ignore encore la raison de la fuite de Phillips. Mais un article du <a href=\\\"https:\/\/www.nzherald.co.nz\/nz\/crime\/missing-marokopa-fugitive-tom-phillips-a-full-timeline-of-all-the-sightings\/Y25OIG5B6RBCLI6RBD475BFXY4\/\\\" target=\\\"_blank\\\" rel=\\\"noreferrer\\\" title=\\\"https:\/\/www.nzherald.co.nz\/nz\/crime\/missing-marokopa-fugitive-tom-phillips-a-full-timeline-of-all-the-sightings\/Y25OIG5B6RBCLI6RBD475BFXY4\/\\\">New Zealand Herald<\/a> rappelle ce vendredi qu\u2019une hypoth\u00e8se \u00e9mise par les services de police serait une affaire li\u00e9e \u00ab\u00e0 la garde de ses enfants\u00bb. Le quotidien souligne par ailleurs que l\u2019individu est m\u00e9ticuleux. Il n\u2019effectue ses rares achats qu\u2019en liquide et fait ses sorties toujours le visage dissimul\u00e9. Plusieurs m\u00e9dias pr\u00e9cisent enfin que l\u2019homme est un chasseur exp\u00e9riment\u00e9, habitu\u00e9 \u00e0 camper dans les paysages vallonn\u00e9s de la r\u00e9gion de Marokopa.\u00a0\u00bb,\u00a0\u00bbtype\u00a0\u00bb:\u00a0\u00bbtext\u00a0\u00bb},{\u00ab\u00a0_id\u00a0\u00bb:\u00a0\u00bbTZOUGKC245F57DDNXLLRRHHNTE\u00a0\u00bb,\u00a0\u00bbadditional_properties\u00a0\u00bb:{},\u00a0\u00bbcontent\u00a0\u00bb:\u00a0\u00bbC\u2019est d\u2019ailleurs dans ces plaines agricoles recul\u00e9es que la derni\u00e8re apparition de Philips avait \u00e9t\u00e9 signal\u00e9e, en octobre 2024, sur une vid\u00e9o film\u00e9e par deux chasseurs de sangliers. Ce jour-l\u00e0, pas de cochons poilus mais un homme suivi de trois enfants, tous portants de lourds sacs \u00e0 dos, tenue de camouflage sur le dos. S\u2019en \u00e9tait suivie une op\u00e9ration massive de la police de recherche terrestre et a\u00e9rienne pour retrouver le fugitif, sans succ\u00e8s.\u00a0\u00bb,\u00a0\u00bbtype\u00a0\u00bb:\u00a0\u00bbtext\u00a0\u00bb},{\u00ab\u00a0_id\u00a0\u00bb:\u00a0\u00bbVTXGXGZPX5E35G4XCTPAK6TTJM\u00a0\u00bb,\u00a0\u00bbadditional_properties\u00a0\u00bb:{},\u00a0\u00bbcontent\u00a0\u00bb:\u00a0\u00bbUn signe de la situation de Tom Philips ?\u00a0\u00bb,\u00a0\u00bblevel\u00a0\u00bb:2,\u00a0\u00bbtype\u00a0\u00bb:\u00a0\u00bbheader\u00a0\u00bb},{\u00ab\u00a0_id\u00a0\u00bb:\u00a0\u00bbJ7HEZV4AMFA75PTK2C57IYUAJ4&Prime;,\u00a0\u00bbadditional_properties\u00a0\u00bb:{},\u00a0\u00bbcontent\u00a0\u00bb:\u00a0\u00bbAlors apr\u00e8s le vol dans la sup\u00e9rette de Piopio, l\u2019officier de police local, le sergent Andy Saunders, a lanc\u00e9 un appel \u00e0 t\u00e9moin lors d\u2019une conf\u00e9rence de presse ce vendredi \u00e0 Hamilton, la principale ville de la r\u00e9gion. Les services de police sont toujours en train d\u2019analyser les vid\u00e9os pour proc\u00e9der \u00e0 l\u2019identification et chercher d\u2019\u00e9ventuels indices, mais aupr\u00e8s des journalistes, le sergent Saunders a soutenu mordicus qu\u2019il est \u00abconvaincu\u00bb que l\u2019homme est bien Tom Philips.\u00a0\u00bb,\u00a0\u00bbtype\u00a0\u00bb:\u00a0\u00bbtext\u00a0\u00bb},{\u00ab\u00a0_id\u00a0\u00bb:\u00a0\u00bbGV4G7BEK7VFBZGNAUIQDMT2MRU\u00a0\u00bb,\u00a0\u00bbadditional_properties\u00a0\u00bb:{},\u00a0\u00bbcontent\u00a0\u00bb:\u00a0\u00bbCe larcin pourrait m\u00eame \u00eatre un signe de la situation de Tom Philipps, estime le sergent : le fugitif serait d\u00e9sormais aux abois, forc\u00e9 de sortir la nuit pour mettre la main sur des produits de premi\u00e8re n\u00e9cessit\u00e9. \u00abPeut-\u00eatre s\u2019est-il brouill\u00e9 avec la personne qui l\u2019aidait ?\u00bb a envisag\u00e9 l\u2019agent, avant d\u2019ajouter que la priorit\u00e9 \u00e9tait de retrouver les enfants \u00absains et saufs\u00bb. \u00abNotre inqui\u00e9tude est que Tom repr\u00e9sente un danger pour quiconque tente de l\u2019emp\u00eacher de mener son mode de vie, avec ses enfants\u00bb, a alert\u00e9 le sergent Saunders.\u00a0\u00bb,\u00a0\u00bbtype\u00a0\u00bb:\u00a0\u00bbtext\u00a0\u00bb},{\u00ab\u00a0_id\u00a0\u00bb:\u00a0\u00bbSLYSRVT2ZRAUPP7HVHBWZK33YE\u00a0\u00bb,\u00a0\u00bbadditional_properties\u00a0\u00bb:{\u00ab\u00a0fullSizeResizeUrl\u00a0\u00bb:\u00a0\u00bb\/resizer\/v2\/SLYSRVT2ZRAUPP7HVHBWZK33YE.jpg?auth=ab58187cc0fc0ec55d026b13330ed4a1bea5c5357ac2374dac5e85f71f87db63&Prime;,\u00a0\u00bbgalleries\u00a0\u00bb:[],\u00a0\u00bbingestionMethod\u00a0\u00bb:\u00a0\u00bbmanual\u00a0\u00bb,\u00a0\u00bbkeywords\u00a0\u00bb:[],\u00a0\u00bbmime_type\u00a0\u00bb:\u00a0\u00bbimage\/jpeg\u00a0\u00bb,\u00a0\u00bboriginalName\u00a0\u00bb:\u00a0\u00bbCapture d&rsquo;\u00e9cran 2025-08-29 161255.jpg\u00a0\u00bb,\u00a0\u00bboriginalUrl\u00a0\u00bb:\u00a0\u00bbhttps:\/\/cloudfront-eu-central-1.images.arcpublishing.com\/liberation\/SLYSRVT2ZRAUPP7HVHBWZK33YE.jpg\u00a0\u00bb,\u00a0\u00bbproxyUrl\u00a0\u00bb:\u00a0\u00bb\/resizer\/v2\/SLYSRVT2ZRAUPP7HVHBWZK33YE.jpg?auth=ab58187cc0fc0ec55d026b13330ed4a1bea5c5357ac2374dac5e85f71f87db63&Prime;,\u00a0\u00bbpublished\u00a0\u00bb:true,\u00a0\u00bbresizeUrl\u00a0\u00bb:\u00a0\u00bb\/resizer\/v2\/SLYSRVT2ZRAUPP7HVHBWZK33YE.jpg?auth=ab58187cc0fc0ec55d026b13330ed4a1bea5c5357ac2374dac5e85f71f87db63&Prime;,\u00a0\u00bbrestricted\u00a0\u00bb:false,\u00a0\u00bbthumbnailResizeUrl\u00a0\u00bb:\u00a0\u00bb\/resizer\/v2\/SLYSRVT2ZRAUPP7HVHBWZK33YE.jpg?auth=ab58187cc0fc0ec55d026b13330ed4a1bea5c5357ac2374dac5e85f71f87db63&#038;width=300&Prime;,\u00a0\u00bbversion\u00a0\u00bb:2,\u00a0\u00bbtemplate_id\u00a0\u00bb:183,\u00a0\u00bbalt_text\u00a0\u00bb:\u00a0\u00bb\u00a0\u00bb,\u00a0\u00bblink\u00a0\u00bb:\u00a0\u00bb\u00a0\u00bb},\u00a0\u00bbaddress\u00a0\u00bb:{},\u00a0\u00bbauth\u00a0\u00bb:{\u00ab\u00a01&Prime;:\u00a0\u00bbab58187cc0fc0ec55d026b13330ed4a1bea5c5357ac2374dac5e85f71f87db63&Prime;},\u00a0\u00bbcaption\u00a0\u00bb:\u00a0\u00bbUne photo de Tom Phillips non dat\u00e9e.\u00a0\u00bb,\u00a0\u00bbcreated_date\u00a0\u00bb:\u00a0\u00bb2025-08-29T14:16:18Z\u00a0\u00bb,\u00a0\u00bbcredits\u00a0\u00bb:{\u00ab\u00a0affiliation\u00a0\u00bb:[{\u00ab\u00a0name\u00a0\u00bb:\u00a0\u00bbDR\u00a0\u00bb,\u00a0\u00bbtype\u00a0\u00bb:\u00a0\u00bbauthor\u00a0\u00bb}],\u00a0\u00bbby\u00a0\u00bb:[]},\u00a0\u00bbgeo\u00a0\u00bb:{},\u00a0\u00bbheight\u00a0\u00bb:399,\u00a0\u00bbimage_type\u00a0\u00bb:\u00a0\u00bbphotograph\u00a0\u00bb,\u00a0\u00bblast_updated_date\u00a0\u00bb:\u00a0\u00bb2025-08-29T17:28:13Z\u00a0\u00bb,\u00a0\u00bblicensable\u00a0\u00bb:false,\u00a0\u00bbowner\u00a0\u00bb:{\u00ab\u00a0id\u00a0\u00bb:\u00a0\u00bbliberation\u00a0\u00bb,\u00a0\u00bbsponsored\u00a0\u00bb:false},\u00a0\u00bbsource\u00a0\u00bb:{\u00ab\u00a0additional_properties\u00a0\u00bb:{\u00ab\u00a0editor\u00a0\u00bb:\u00a0\u00bbphoto center\u00a0\u00bb},\u00a0\u00bbedit_url\u00a0\u00bb:\u00a0\u00bb\u00a0\u00bb,\u00a0\u00bbsystem\u00a0\u00bb:\u00a0\u00bbphoto center\u00a0\u00bb},\u00a0\u00bbsubtitle\u00a0\u00bb:\u00a0\u00bb\u00a0\u00bb,\u00a0\u00bbtaxonomy\u00a0\u00bb:{\u00ab\u00a0associated_tasks\u00a0\u00bb:[]},\u00a0\u00bbtype\u00a0\u00bb:\u00a0\u00bbimage\u00a0\u00bb,\u00a0\u00bburl\u00a0\u00bb:\u00a0\u00bbhttps:\/\/cloudfront-eu-central-1.images.arcpublishing.com\/liberation\/SLYSRVT2ZRAUPP7HVHBWZK33YE.jpg\u00a0\u00bb,\u00a0\u00bbversion\u00a0\u00bb:\u00a0\u00bb0.10.9&Prime;,\u00a0\u00bbwidth\u00a0\u00bb:507,\u00a0\u00bbsyndication\u00a0\u00bb:{}},{\u00ab\u00a0_id\u00a0\u00bb:\u00a0\u00bbCDVLISFVZVAFBLWHND25P2TXW4&Prime;,\u00a0\u00bbadditional_properties\u00a0\u00bb:{},\u00a0\u00bbcontent\u00a0\u00bb:\u00a0\u00bbLa police, qui a \u00e9galement partag\u00e9 l\u2019appel \u00e0 t\u00e9moin via une publication sur Facebook, a tenu \u00e0 pr\u00e9ciser que Philips avait d\u00e9j\u00e0 cibl\u00e9 ce magasin en novembre 2023, sans parvenir \u00e0 ses fins. Puis, ils ont ensuite rappel\u00e9 la liste des accusations qui p\u00e8sent contre le fugitif : \u00abvol aggrav\u00e9\u00bb, \u00abcoups et blessures aggrav\u00e9s\u00bb et \u00abpossession ill\u00e9gale d\u2019arme \u00e0 feu\u00bb.\u00a0\u00bb,\u00a0\u00bbtype\u00a0\u00bb:\u00a0\u00bbtext\u00a0\u00bb},{\u00ab\u00a0_id\u00a0\u00bb:\u00a0\u00bbDTH45B5SDRHZHEAN3NXTMKOY74&Prime;,\u00a0\u00bbadditional_properties\u00a0\u00bb:{},\u00a0\u00bbcontent\u00a0\u00bb:\u00a0\u00bbLe mois dernier, sa famille a tent\u00e9 une nouvelle fois de le joindre. Sa s\u0153ur a m\u00eame lanc\u00e9 un appel pour lui dire que sa famille \u00e9tait toujours dispos\u00e9e \u00e0 lui venir en aide. Mais depuis quatre ans, c\u2019est silence radio. Pas une seule r\u00e9ponse aux demandes de ses proches. En 2024, la m\u00e8re des trois enfants avait t\u00e9moign\u00e9 aupr\u00e8s du New Zealand Herald et avait d\u00e9clar\u00e9 \u00eatre \u00absoulag\u00e9e\u00bb de les savoir en vie. En juin de la m\u00eame ann\u00e9e, une r\u00e9compense de 80 000 dollars \u00e9tait offerte pour toute information sur l\u2019endroit o\u00f9 pourrait se terrer le fugitif.\u00a0\u00bb,\u00a0\u00bbtype\u00a0\u00bb:\u00a0\u00bbtext\u00a0\u00bb}],\u00a0\u00bbcontent_restrictions\u00a0\u00bb:{\u00ab\u00a0content_code\u00a0\u00bb:\u00a0\u00bbouvert\u00a0\u00bb},\u00a0\u00bbcreated_date\u00a0\u00bb:\u00a0\u00bb2025-08-29T12:15:32.996Z\u00a0\u00bb,\u00a0\u00bbcredits\u00a0\u00bb:{\u00ab\u00a0by\u00a0\u00bb:[{\u00ab\u00a0_id\u00a0\u00bb:\u00a0\u00bb16525&Prime;,\u00a0\u00bbtype\u00a0\u00bb:\u00a0\u00bbauthor\u00a0\u00bb,\u00a0\u00bbversion\u00a0\u00bb:\u00a0\u00bb0.5.8&Prime;,\u00a0\u00bbname\u00a0\u00bb:\u00a0\u00bbCharles Delouche-Bertolasi\u00a0\u00bb,\u00a0\u00bbslug\u00a0\u00bb:\u00a0\u00bbcharles-delouche-bertolasi\u00a0\u00bb,\u00a0\u00bbsocial_links\u00a0\u00bb:[{\u00ab\u00a0site\u00a0\u00bb:\u00a0\u00bbemail\u00a0\u00bb,\u00a0\u00bburl\u00a0\u00bb:\u00a0\u00bbc.delouche@liberation.fr\u00a0\u00bb}],\u00a0\u00bbsocialLinks\u00a0\u00bb:[{\u00ab\u00a0site\u00a0\u00bb:\u00a0\u00bbemail\u00a0\u00bb,\u00a0\u00bburl\u00a0\u00bb:\u00a0\u00bbc.delouche@liberation.fr\u00a0\u00bb,\u00a0\u00bbdeprecated\u00a0\u00bb:true,\u00a0\u00bbdeprecation_msg\u00a0\u00bb:\u00a0\u00bbPlease use social_links.\u00a0\u00bb}],\u00a0\u00bbadditional_properties\u00a0\u00bb:{\u00ab\u00a0original\u00a0\u00bb:{\u00ab\u00a0_id\u00a0\u00bb:\u00a0\u00bb16525&Prime;,\u00a0\u00bbbyline\u00a0\u00bb:\u00a0\u00bbCharles Delouche-Bertolasi\u00a0\u00bb,\u00a0\u00bbfirstName\u00a0\u00bb:\u00a0\u00bbCharles\u00a0\u00bb,\u00a0\u00bblastName\u00a0\u00bb:\u00a0\u00bbDelouche-Bertolasi\u00a0\u00bb,\u00a0\u00bbrole\u00a0\u00bb:\u00a0\u00bb\u00a0\u00bb,\u00a0\u00bbemail\u00a0\u00bb:\u00a0\u00bbc.delouche@liberation.fr\u00a0\u00bb,\u00a0\u00bbslug\u00a0\u00bb:\u00a0\u00bbcharles-delouche-bertolasi\u00a0\u00bb,\u00a0\u00bbbooks\u00a0\u00bb:[],\u00a0\u00bbpodcasts\u00a0\u00bb:[],\u00a0\u00bbeducation\u00a0\u00bb:[],\u00a0\u00bbawards\u00a0\u00bb:[],\u00a0\u00bblast_updated_date\u00a0\u00bb:\u00a0\u00bb2021-01-16T15:09:07.057Z\u00a0\u00bb}}}]},\u00a0\u00bbdescription\u00a0\u00bb:{\u00ab\u00a0basic\u00a0\u00bb:\u00a0\u00bbLes autorit\u00e9s n\u00e9o-z\u00e9landaises ont estim\u00e9 avoir retrouv\u00e9 la trace de Tom Phillips, disparu depuis\u00a02021 avec ses trois enfants, ce vendredi. Le fugitif aurait \u00e9t\u00e9 aper\u00e7u sur les images de vid\u00e9osurveillance d\u2019une \u00e9picerie du nord du pays.\u00a0\u00bb},\u00a0\u00bbdisplay_date\u00a0\u00bb:\u00a0\u00bb2025-08-29T17:28:13.552Z\u00a0\u00bb,\u00a0\u00bbdistributor\u00a0\u00bb:{\u00ab\u00a0category\u00a0\u00bb:\u00a0\u00bbstaff\u00a0\u00bb,\u00a0\u00bbname\u00a0\u00bb:\u00a0\u00bbliberation\u00a0\u00bb,\u00a0\u00bbsubcategory\u00a0\u00bb:\u00a0\u00bb\u00a0\u00bb},\u00a0\u00bbfirst_publish_date\u00a0\u00bb:\u00a0\u00bb2025-08-29T17:28:13.552Z\u00a0\u00bb,\u00a0\u00bbheadlines\u00a0\u00bb:{\u00ab\u00a0basic\u00a0\u00bb:\u00a0\u00bbEn Nouvelle-Z\u00e9lande, un p\u00e8re disparu depuis quatre ans avec ses enfants pourrait avoir refait surface\u00a0\u00bb,\u00a0\u00bbmeta_title\u00a0\u00bb:\u00a0\u00bb\u00a0\u00bb,\u00a0\u00bbmobile\u00a0\u00bb:\u00a0\u00bb\u00a0\u00bb,\u00a0\u00bbnative\u00a0\u00bb:\u00a0\u00bb\u00a0\u00bb,\u00a0\u00bbprint\u00a0\u00bb:\u00a0\u00bb\u00a0\u00bb,\u00a0\u00bbtablet\u00a0\u00bb:\u00a0\u00bb\u00a0\u00bb,\u00a0\u00bbweb\u00a0\u00bb:\u00a0\u00bb\u00a0\u00bb},\u00a0\u00bblabel\u00a0\u00bb:{\u00ab\u00a0basic\u00a0\u00bb:{\u00ab\u00a0display\u00a0\u00bb:true,\u00a0\u00bbtext\u00a0\u00bb:\u00a0\u00bbTraque\u00a0\u00bb}},\u00a0\u00bblast_updated_date\u00a0\u00bb:\u00a0\u00bb2025-08-29T17:28:47.907Z\u00a0\u00bb,\u00a0\u00bbowner\u00a0\u00bb:{\u00ab\u00a0id\u00a0\u00bb:\u00a0\u00bbliberation\u00a0\u00bb,\u00a0\u00bbsponsored\u00a0\u00bb:false},\u00a0\u00bbplanning\u00a0\u00bb:{\u00ab\u00a0scheduling\u00a0\u00bb:{\u00ab\u00a0planned_publish_date\u00a0\u00bb:\u00a0\u00bb2025-08-29T16:00:01.000Z\u00a0\u00bb},\u00a0\u00bbstory_length\u00a0\u00bb:{\u00ab\u00a0character_count_actual\u00a0\u00bb:4568,\u00a0\u00bbcharacter_count_planned\u00a0\u00bb:3000,\u00a0\u00bbinch_count_actual\u00a0\u00bb:5,\u00a0\u00bbline_count_actual\u00a0\u00bb:29,\u00a0\u00bbword_count_actual\u00a0\u00bb:756}},\u00a0\u00bbpromo_items\u00a0\u00bb:{\u00ab\u00a0basic\u00a0\u00bb:{\u00ab\u00a0_id\u00a0\u00bb:\u00a0\u00bbZQQKWIFUNFBX5PNBUHDYBUS4UE\u00a0\u00bb,\u00a0\u00bbadditional_properties\u00a0\u00bb:{\u00ab\u00a0fullSizeResizeUrl\u00a0\u00bb:\u00a0\u00bb\/resizer\/v2\/ZQQKWIFUNFBX5PNBUHDYBUS4UE.jpg?auth=1ce99c0b3ef8b1f219090d7a5884fd0e9ae33bf234bdd3d28aaa5704b4669b11&Prime;,\u00a0\u00bbgalleries\u00a0\u00bb:[],\u00a0\u00bbingestionMethod\u00a0\u00bb:\u00a0\u00bbmanual\u00a0\u00bb,\u00a0\u00bbiptc_source\u00a0\u00bb:\u00a0\u00bbDR\u00a0\u00bb,\u00a0\u00bbkeywords\u00a0\u00bb:[],\u00a0\u00bbmime_type\u00a0\u00bb:\u00a0\u00bbimage\/jpeg\u00a0\u00bb,\u00a0\u00bboriginalName\u00a0\u00bb:\u00a0\u00bbCapture d\u2019\u00e9cran 2025-08-29 191149.jpg\u00a0\u00bb,\u00a0\u00bboriginalUrl\u00a0\u00bb:\u00a0\u00bbhttps:\/\/cloudfront-eu-central-1.images.arcpublishing.com\/liberation\/ZQQKWIFUNFBX5PNBUHDYBUS4UE.jpg\u00a0\u00bb,\u00a0\u00bbproxyUrl\u00a0\u00bb:\u00a0\u00bb\/resizer\/v2\/ZQQKWIFUNFBX5PNBUHDYBUS4UE.jpg?auth=1ce99c0b3ef8b1f219090d7a5884fd0e9ae33bf234bdd3d28aaa5704b4669b11&Prime;,\u00a0\u00bbpublished\u00a0\u00bb:true,\u00a0\u00bbresizeUrl\u00a0\u00bb:\u00a0\u00bb\/resizer\/v2\/ZQQKWIFUNFBX5PNBUHDYBUS4UE.jpg?auth=1ce99c0b3ef8b1f219090d7a5884fd0e9ae33bf234bdd3d28aaa5704b4669b11&Prime;,\u00a0\u00bbrestricted\u00a0\u00bb:false,\u00a0\u00bbthumbnailResizeUrl\u00a0\u00bb:\u00a0\u00bb\/resizer\/v2\/ZQQKWIFUNFBX5PNBUHDYBUS4UE.jpg?auth=1ce99c0b3ef8b1f219090d7a5884fd0e9ae33bf234bdd3d28aaa5704b4669b11&#038;width=300&Prime;,\u00a0\u00bbusage_instructions\u00a0\u00bb:\u00a0\u00bbPARUTION GRATUITE\u00a0\u00bb,\u00a0\u00bbversion\u00a0\u00bb:2,\u00a0\u00bbtemplate_id\u00a0\u00bb:183},\u00a0\u00bbaddress\u00a0\u00bb:{},\u00a0\u00bbauth\u00a0\u00bb:{\u00ab\u00a01&Prime;:\u00a0\u00bb1ce99c0b3ef8b1f219090d7a5884fd0e9ae33bf234bdd3d28aaa5704b4669b11&Prime;},\u00a0\u00bbcaption\u00a0\u00bb:\u00a0\u00bbUne vid\u00e9o de la sup\u00e9rette de Piopio diffus\u00e9e par la police n\u00e9o-z\u00e9landaise ce vendredi 29 ao\u00fbt, sur laquelle appara\u00eetrait Tom Phillips et l&rsquo;un de ses enfants.\u00a0\u00bb,\u00a0\u00bbcreated_date\u00a0\u00bb:\u00a0\u00bb2025-08-29T17:13:57Z\u00a0\u00bb,\u00a0\u00bbcredits\u00a0\u00bb:{\u00ab\u00a0affiliation\u00a0\u00bb:[{\u00ab\u00a0name\u00a0\u00bb:\u00a0\u00bbDR\u00a0\u00bb,\u00a0\u00bbtype\u00a0\u00bb:\u00a0\u00bbauthor\u00a0\u00bb}],\u00a0\u00bbby\u00a0\u00bb:[]},\u00a0\u00bbfocal_point\u00a0\u00bb:{\u00ab\u00a0x\u00a0\u00bb:588,\u00a0\u00bby\u00a0\u00bb:216},\u00a0\u00bbgeo\u00a0\u00bb:{},\u00a0\u00bbheight\u00a0\u00bb:689,\u00a0\u00bbimage_type\u00a0\u00bb:\u00a0\u00bbphotograph\u00a0\u00bb,\u00a0\u00bblast_updated_date\u00a0\u00bb:\u00a0\u00bb2025-08-29T17:28:13Z\u00a0\u00bb,\u00a0\u00bblicensable\u00a0\u00bb:false,\u00a0\u00bbowner\u00a0\u00bb:{\u00ab\u00a0id\u00a0\u00bb:\u00a0\u00bbliberation\u00a0\u00bb,\u00a0\u00bbsponsored\u00a0\u00bb:false},\u00a0\u00bbrelated_content\u00a0\u00bb:{\u00ab\u00a0derivative_of\u00a0\u00bb:[{\u00ab\u00a0referent\u00a0\u00bb:{\u00ab\u00a0id\u00a0\u00bb:\u00a0\u00bbRK4BMYJ5VJGAPHO75TFOEJCADE\u00a0\u00bb,\u00a0\u00bbtype\u00a0\u00bb:\u00a0\u00bbimage\u00a0\u00bb},\u00a0\u00bbtype\u00a0\u00bb:\u00a0\u00bbreference\u00a0\u00bb}]},\u00a0\u00bbsource\u00a0\u00bb:{\u00ab\u00a0additional_properties\u00a0\u00bb:{\u00ab\u00a0editor\u00a0\u00bb:\u00a0\u00bbphoto center\u00a0\u00bb},\u00a0\u00bbedit_url\u00a0\u00bb:\u00a0\u00bb\u00a0\u00bb,\u00a0\u00bbsystem\u00a0\u00bb:\u00a0\u00bbphoto center\u00a0\u00bb},\u00a0\u00bbtaxonomy\u00a0\u00bb:{\u00ab\u00a0associated_tasks\u00a0\u00bb:[]},\u00a0\u00bbtype\u00a0\u00bb:\u00a0\u00bbimage\u00a0\u00bb,\u00a0\u00bburl\u00a0\u00bb:\u00a0\u00bbhttps:\/\/cloudfront-eu-central-1.images.arcpublishing.com\/liberation\/ZQQKWIFUNFBX5PNBUHDYBUS4UE.jpg\u00a0\u00bb,\u00a0\u00bbversion\u00a0\u00bb:\u00a0\u00bb0.10.9&Prime;,\u00a0\u00bbwidth\u00a0\u00bb:1034,\u00a0\u00bbsyndication\u00a0\u00bb:{},\u00a0\u00bbcreditIPTC\u00a0\u00bb:\u00a0\u00bbDR\u00a0\u00bb}},\u00a0\u00bbpublish_date\u00a0\u00bb:\u00a0\u00bb2025-08-29T17:28:47.796Z\u00a0\u00bb,\u00a0\u00bbrelated_content\u00a0\u00bb:{\u00ab\u00a0basic\u00a0\u00bb:[],\u00a0\u00bbclonedChildren\u00a0\u00bb:[],\u00a0\u00bbclonedFromParent\u00a0\u00bb:[]},\u00a0\u00bbslug\u00a0\u00bb:\u00a0\u00bbActu,ServiceActu\u00a0\u00bb,\u00a0\u00bbsource\u00a0\u00bb:{\u00ab\u00a0name\u00a0\u00bb:\u00a0\u00bbliberation\u00a0\u00bb,\u00a0\u00bbsource_type\u00a0\u00bb:\u00a0\u00bbstaff\u00a0\u00bb,\u00a0\u00bbsystem\u00a0\u00bb:\u00a0\u00bbcomposer\u00a0\u00bb},\u00a0\u00bbsubheadlines\u00a0\u00bb:{\u00ab\u00a0basic\u00a0\u00bb:\u00a0\u00bbLes autorit\u00e9s n\u00e9o-z\u00e9landaises ont estim\u00e9 avoir retrouv\u00e9 la trace de Tom Phillips, disparu depuis\u00a02021 avec ses trois enfants, ce vendredi 29\u00a0ao\u00fbt. Le fugitif aurait \u00e9t\u00e9 aper\u00e7u sur les images de vid\u00e9osurveillance d\u2019une \u00e9picerie du nord du pays.\u00a0\u00bb},\u00a0\u00bbsubtype\u00a0\u00bb:\u00a0\u00bbdefault\u00a0\u00bb,\u00a0\u00bbtaxonomy\u00a0\u00bb:{\u00ab\u00a0primary_section\u00a0\u00bb:{\u00ab\u00a0_id\u00a0\u00bb:\u00a0\u00bb\/international\/asie-pacifique\u00a0\u00bb,\u00a0\u00bb_website\u00a0\u00bb:\u00a0\u00bbliberation\u00a0\u00bb,\u00a0\u00bbtype\u00a0\u00bb:\u00a0\u00bbsection\u00a0\u00bb,\u00a0\u00bbversion\u00a0\u00bb:\u00a0\u00bb0.6.0&Prime;,\u00a0\u00bbname\u00a0\u00bb:\u00a0\u00bbAsie Pacifique\u00a0\u00bb,\u00a0\u00bbdescription\u00a0\u00bb:\u00a0\u00bbRetrouvez toute l&rsquo;actualit\u00e9 politique et \u00e9conomique de l&rsquo;Asie Pacifique sur Lib\u00e9ration : Chine, Inde, Pakistan, Indon\u00e9sie, Australie, Nouvelle-Z\u00e9lande&#8230;\u00a0\u00bb,\u00a0\u00bbpath\u00a0\u00bb:\u00a0\u00bb\/international\/asie-pacifique\u00a0\u00bb,\u00a0\u00bbparent_id\u00a0\u00bb:\u00a0\u00bb\/international\u00a0\u00bb,\u00a0\u00bbparent\u00a0\u00bb:{\u00ab\u00a0default\u00a0\u00bb:\u00a0\u00bb\/international\u00a0\u00bb},\u00a0\u00bbadditional_properties\u00a0\u00bb:{\u00ab\u00a0original\u00a0\u00bb:{\u00ab\u00a0_id\u00a0\u00bb:\u00a0\u00bb\/international\/asie-pacifique\u00a0\u00bb,\u00a0\u00bbsite\u00a0\u00bb:{\u00ab\u00a0site_tagline\u00a0\u00bb:null,\u00a0\u00bbsite_url\u00a0\u00bb:null,\u00a0\u00bbsite_title\u00a0\u00bb:\u00a0\u00bbAsie Pacifique : actualit\u00e9 politique et \u00e9conomique &#8211; Lib\u00e9ration\u00a0\u00bb,\u00a0\u00bbpagebuilder_path_for_native_apps\u00a0\u00bb:null,\u00a0\u00bbsite_about\u00a0\u00bb:null,\u00a0\u00bbsite_description\u00a0\u00bb:\u00a0\u00bbRetrouvez toute l&rsquo;actualit\u00e9 politique et \u00e9conomique de l&rsquo;Asie Pacifique sur Lib\u00e9ration : Chine, Inde, Pakistan, Indon\u00e9sie, Australie, Nouvelle-Z\u00e9lande&#8230;\u00a0\u00bb,\u00a0\u00bbsite_keywords\u00a0\u00bb:null},\u00a0\u00bbsite_topper\u00a0\u00bb:{\u00ab\u00a0site_logo_image\u00a0\u00bb:null},\u00a0\u00bbsocial\u00a0\u00bb:{\u00ab\u00a0twitter\u00a0\u00bb:null,\u00a0\u00bbfacebook\u00a0\u00bb:null,\u00a0\u00bbrss\u00a0\u00bb:null,\u00a0\u00bbinstagram\u00a0\u00bb:null},\u00a0\u00bbnavigation\u00a0\u00bb:{\u00ab\u00a0nav_title\u00a0\u00bb:\u00a0\u00bbAsie Pacifique\u00a0\u00bb},\u00a0\u00bb_admin\u00a0\u00bb:{\u00ab\u00a0alias_ids\u00a0\u00bb:[\u00ab\u00a0\/international\/asie-pacifique\u00a0\u00bb,\u00a0\u00bb200023&Prime;]},\u00a0\u00bb_website\u00a0\u00bb:\u00a0\u00bbliberation\u00a0\u00bb,\u00a0\u00bbname\u00a0\u00bb:\u00a0\u00bbAsie Pacifique\u00a0\u00bb,\u00a0\u00bborder\u00a0\u00bb:{\u00ab\u00a0default\u00a0\u00bb:2005,\u00a0\u00bbheadernav\u00a0\u00bb:2005,\u00a0\u00bbburgermenu\u00a0\u00bb:2005,\u00a0\u00bbamp-menu\u00a0\u00bb:2005,\u00a0\u00bbfooter2&Prime;:2005},\u00a0\u00bbparent\u00a0\u00bb:{\u00ab\u00a0default\u00a0\u00bb:\u00a0\u00bb\/international\u00a0\u00bb,\u00a0\u00bbheadernav\u00a0\u00bb:\u00a0\u00bb\/international\u00a0\u00bb,\u00a0\u00bbburgermenu\u00a0\u00bb:\u00a0\u00bb\/international\u00a0\u00bb,\u00a0\u00bbamp-menu\u00a0\u00bb:\u00a0\u00bb\/international\u00a0\u00bb,\u00a0\u00bbfooter\u00a0\u00bb:null,\u00a0\u00bbfooter2&Prime;:\u00a0\u00bb\/international\u00a0\u00bb},\u00a0\u00bbancestors\u00a0\u00bb:{\u00ab\u00a0default\u00a0\u00bb:[\u00ab\u00a0\/international\u00a0\u00bb],\u00a0\u00bbheadernav\u00a0\u00bb:[\u00ab\u00a0https:\/\/www.liberation.fr\/\u00a0\u00bb,\u00a0\u00bb\/international\u00a0\u00bb],\u00a0\u00bbburgermenu\u00a0\u00bb:[\u00ab\u00a0https:\/\/www.liberation.fr\/\u00a0\u00bb,\u00a0\u00bb\/international\u00a0\u00bb],\u00a0\u00bbamp-menu\u00a0\u00bb:[\u00ab\u00a0https:\/\/www.liberation.fr\/\u00a0\u00bb,\u00a0\u00bb\/international\u00a0\u00bb],\u00a0\u00bbfooter\u00a0\u00bb:[],\u00a0\u00bbfooter2&Prime;:[\u00ab\u00a0\/international\u00a0\u00bb]},\u00a0\u00bbinactive\u00a0\u00bb:false,\u00a0\u00bbnode_type\u00a0\u00bb:\u00a0\u00bbsection\u00a0\u00bb}}},\u00a0\u00bbsections\u00a0\u00bb:[{\u00ab\u00a0_id\u00a0\u00bb:\u00a0\u00bb\/international\/asie-pacifique\u00a0\u00bb,\u00a0\u00bb_website\u00a0\u00bb:\u00a0\u00bbliberation\u00a0\u00bb,\u00a0\u00bbtype\u00a0\u00bb:\u00a0\u00bbsection\u00a0\u00bb,\u00a0\u00bbversion\u00a0\u00bb:\u00a0\u00bb0.6.0&Prime;,\u00a0\u00bbname\u00a0\u00bb:\u00a0\u00bbAsie Pacifique\u00a0\u00bb,\u00a0\u00bbdescription\u00a0\u00bb:\u00a0\u00bbRetrouvez toute l&rsquo;actualit\u00e9 politique et \u00e9conomique de l&rsquo;Asie Pacifique sur Lib\u00e9ration : Chine, Inde, Pakistan, Indon\u00e9sie, Australie, Nouvelle-Z\u00e9lande&#8230;\u00a0\u00bb,\u00a0\u00bbpath\u00a0\u00bb:\u00a0\u00bb\/international\/asie-pacifique\u00a0\u00bb,\u00a0\u00bbparent_id\u00a0\u00bb:\u00a0\u00bb\/international\u00a0\u00bb,\u00a0\u00bbparent\u00a0\u00bb:{\u00ab\u00a0default\u00a0\u00bb:\u00a0\u00bb\/international\u00a0\u00bb},\u00a0\u00bbadditional_properties\u00a0\u00bb:{\u00ab\u00a0original\u00a0\u00bb:{\u00ab\u00a0_id\u00a0\u00bb:\u00a0\u00bb\/international\/asie-pacifique\u00a0\u00bb,\u00a0\u00bbsite\u00a0\u00bb:{\u00ab\u00a0site_tagline\u00a0\u00bb:null,\u00a0\u00bbsite_url\u00a0\u00bb:null,\u00a0\u00bbsite_title\u00a0\u00bb:\u00a0\u00bbAsie Pacifique : actualit\u00e9 politique et \u00e9conomique &#8211; Lib\u00e9ration\u00a0\u00bb,\u00a0\u00bbpagebuilder_path_for_native_apps\u00a0\u00bb:null,\u00a0\u00bbsite_about\u00a0\u00bb:null,\u00a0\u00bbsite_description\u00a0\u00bb:\u00a0\u00bbRetrouvez toute l&rsquo;actualit\u00e9 politique et \u00e9conomique de l&rsquo;Asie Pacifique sur Lib\u00e9ration : Chine, Inde, Pakistan, Indon\u00e9sie, Australie, Nouvelle-Z\u00e9lande&#8230;\u00a0\u00bb,\u00a0\u00bbsite_keywords\u00a0\u00bb:null},\u00a0\u00bbsite_topper\u00a0\u00bb:{\u00ab\u00a0site_logo_image\u00a0\u00bb:null},\u00a0\u00bbsocial\u00a0\u00bb:{\u00ab\u00a0twitter\u00a0\u00bb:null,\u00a0\u00bbfacebook\u00a0\u00bb:null,\u00a0\u00bbrss\u00a0\u00bb:null,\u00a0\u00bbinstagram\u00a0\u00bb:null},\u00a0\u00bbnavigation\u00a0\u00bb:{\u00ab\u00a0nav_title\u00a0\u00bb:\u00a0\u00bbAsie Pacifique\u00a0\u00bb},\u00a0\u00bb_admin\u00a0\u00bb:{\u00ab\u00a0alias_ids\u00a0\u00bb:[\u00ab\u00a0\/international\/asie-pacifique\u00a0\u00bb,\u00a0\u00bb200023&Prime;]},\u00a0\u00bb_website\u00a0\u00bb:\u00a0\u00bbliberation\u00a0\u00bb,\u00a0\u00bbname\u00a0\u00bb:\u00a0\u00bbAsie Pacifique\u00a0\u00bb,\u00a0\u00bborder\u00a0\u00bb:{\u00ab\u00a0default\u00a0\u00bb:2005,\u00a0\u00bbheadernav\u00a0\u00bb:2005,\u00a0\u00bbburgermenu\u00a0\u00bb:2005,\u00a0\u00bbamp-menu\u00a0\u00bb:2005,\u00a0\u00bbfooter2&Prime;:2005},\u00a0\u00bbparent\u00a0\u00bb:{\u00ab\u00a0default\u00a0\u00bb:\u00a0\u00bb\/international\u00a0\u00bb,\u00a0\u00bbheadernav\u00a0\u00bb:\u00a0\u00bb\/international\u00a0\u00bb,\u00a0\u00bbburgermenu\u00a0\u00bb:\u00a0\u00bb\/international\u00a0\u00bb,\u00a0\u00bbamp-menu\u00a0\u00bb:\u00a0\u00bb\/international\u00a0\u00bb,\u00a0\u00bbfooter\u00a0\u00bb:null,\u00a0\u00bbfooter2&Prime;:\u00a0\u00bb\/international\u00a0\u00bb},\u00a0\u00bbancestors\u00a0\u00bb:{\u00ab\u00a0default\u00a0\u00bb:[\u00ab\u00a0\/international\u00a0\u00bb],\u00a0\u00bbheadernav\u00a0\u00bb:[\u00ab\u00a0https:\/\/www.liberation.fr\/\u00a0\u00bb,\u00a0\u00bb\/international\u00a0\u00bb],\u00a0\u00bbburgermenu\u00a0\u00bb:[\u00ab\u00a0https:\/\/www.liberation.fr\/\u00a0\u00bb,\u00a0\u00bb\/international\u00a0\u00bb],\u00a0\u00bbamp-menu\u00a0\u00bb:[\u00ab\u00a0https:\/\/www.liberation.fr\/\u00a0\u00bb,\u00a0\u00bb\/international\u00a0\u00bb],\u00a0\u00bbfooter\u00a0\u00bb:[],\u00a0\u00bbfooter2&Prime;:[\u00ab\u00a0\/international\u00a0\u00bb]},\u00a0\u00bbinactive\u00a0\u00bb:false,\u00a0\u00bbnode_type\u00a0\u00bb:\u00a0\u00bbsection\u00a0\u00bb}},\u00a0\u00bb_website_section_id\u00a0\u00bb:\u00a0\u00bbliberation.\/international\/asie-pacifique\u00a0\u00bb},{\u00ab\u00a0_id\u00a0\u00bb:\u00a0\u00bb\/international\u00a0\u00bb,\u00a0\u00bb_website\u00a0\u00bb:\u00a0\u00bbliberation\u00a0\u00bb,\u00a0\u00bbtype\u00a0\u00bb:\u00a0\u00bbsection\u00a0\u00bb,\u00a0\u00bbversion\u00a0\u00bb:\u00a0\u00bb0.6.0&Prime;,\u00a0\u00bbname\u00a0\u00bb:\u00a0\u00bbInternational\u00a0\u00bb,\u00a0\u00bbdescription\u00a0\u00bb:\u00a0\u00bbLib\u00e9ration d\u00e9crypte pour vous toutes les actualit\u00e9s mondiales en continu : nos enqu\u00eates, interviews, vid\u00e9os et infos dans le monde par nos journalistes et correspondants.\u00a0\u00bb,\u00a0\u00bbpath\u00a0\u00bb:\u00a0\u00bb\/international\u00a0\u00bb,\u00a0\u00bbparent_id\u00a0\u00bb:\u00a0\u00bbhttps:\/\/www.liberation.fr\/\u00a0\u00bb,\u00a0\u00bbparent\u00a0\u00bb:{\u00ab\u00a0default\u00a0\u00bb:\u00a0\u00bbhttps:\/\/www.liberation.fr\/\u00a0\u00bb},\u00a0\u00bbadditional_properties\u00a0\u00bb:{\u00ab\u00a0original\u00a0\u00bb:{\u00ab\u00a0_id\u00a0\u00bb:\u00a0\u00bb\/international\u00a0\u00bb,\u00a0\u00bb_website\u00a0\u00bb:\u00a0\u00bbliberation\u00a0\u00bb,\u00a0\u00bbname\u00a0\u00bb:\u00a0\u00bbInternational\u00a0\u00bb,\u00a0\u00bbinactive\u00a0\u00bb:false,\u00a0\u00bbancestors\u00a0\u00bb:{\u00ab\u00a0default\u00a0\u00bb:[\u00ab\u00a0https:\/\/www.liberation.fr\/\u00a0\u00bb],\u00a0\u00bbamp-menu\u00a0\u00bb:[\u00ab\u00a0https:\/\/www.liberation.fr\/\u00a0\u00bb],\u00a0\u00bbburgermenu\u00a0\u00bb:[\u00ab\u00a0https:\/\/www.liberation.fr\/\u00a0\u00bb],\u00a0\u00bbheadernav\u00a0\u00bb:[\u00ab\u00a0https:\/\/www.liberation.fr\/\u00a0\u00bb],\u00a0\u00bbfooter\u00a0\u00bb:[],\u00a0\u00bbfooter2&Prime;:[]},\u00a0\u00bbparent\u00a0\u00bb:{\u00ab\u00a0default\u00a0\u00bb:\u00a0\u00bbhttps:\/\/www.liberation.fr\/\u00a0\u00bb,\u00a0\u00bbamp-menu\u00a0\u00bb:\u00a0\u00bbhttps:\/\/www.liberation.fr\/\u00a0\u00bb,\u00a0\u00bbburgermenu\u00a0\u00bb:\u00a0\u00bbhttps:\/\/www.liberation.fr\/\u00a0\u00bb,\u00a0\u00bbheadernav\u00a0\u00bb:\u00a0\u00bbhttps:\/\/www.liberation.fr\/\u00a0\u00bb,\u00a0\u00bbfooter\u00a0\u00bb:null,\u00a0\u00bbfooter2&Prime;:\u00a0\u00bbhttps:\/\/www.liberation.fr\/\u00a0\u00bb},\u00a0\u00bborder\u00a0\u00bb:{\u00ab\u00a0amp-menu\u00a0\u00bb:1006,\u00a0\u00bbburgermenu\u00a0\u00bb:1003,\u00a0\u00bbdefault\u00a0\u00bb:1006,\u00a0\u00bbheadernav\u00a0\u00bb:1003,\u00a0\u00bbfooter2&Prime;:1003},\u00a0\u00bb_admin\u00a0\u00bb:{\u00ab\u00a0alias_ids\u00a0\u00bb:[\u00ab\u00a0https:\/\/www.liberation.fr\/international\/\u00a0\u00bb,\u00a0\u00bb10&Prime;]},\u00a0\u00bbnavigation\u00a0\u00bb:{\u00ab\u00a0nav_title\u00a0\u00bb:null},\u00a0\u00bbsite\u00a0\u00bb:{\u00ab\u00a0pagebuilder_path_for_native_apps\u00a0\u00bb:null,\u00a0\u00bbsite_about\u00a0\u00bb:null,\u00a0\u00bbsite_description\u00a0\u00bb:\u00a0\u00bbLib\u00e9ration d\u00e9crypte pour vous toutes les actualit\u00e9s mondiales en continu : nos enqu\u00eates, interviews, vid\u00e9os et infos dans le monde par nos journalistes et correspondants.\u00a0\u00bb,\u00a0\u00bbsite_keywords\u00a0\u00bb:null,\u00a0\u00bbsite_tagline\u00a0\u00bb:null,\u00a0\u00bbsite_title\u00a0\u00bb:\u00a0\u00bbInternational : actualit\u00e9s et infos en direct dans le monde &#8211; Lib\u00e9ration\u00a0\u00bb,\u00a0\u00bbsite_url\u00a0\u00bb:null},\u00a0\u00bbsite_topper\u00a0\u00bb:{\u00ab\u00a0site_logo_image\u00a0\u00bb:null},\u00a0\u00bbsocial\u00a0\u00bb:{\u00ab\u00a0facebook\u00a0\u00bb:null,\u00a0\u00bbinstagram\u00a0\u00bb:null,\u00a0\u00bbrss\u00a0\u00bb:null,\u00a0\u00bbtwitter\u00a0\u00bb:null},\u00a0\u00bbnode_type\u00a0\u00bb:\u00a0\u00bbsection\u00a0\u00bb}},\u00a0\u00bb_website_section_id\u00a0\u00bb:\u00a0\u00bbliberation.\/international\u00a0\u00bb}],\u00a0\u00bbtags\u00a0\u00bb:[{\u00ab\u00a0_id\u00a0\u00bb:\u00a0\u00bbJHPF5BNO5RBFBBWZ644GPJGR54&Prime;,\u00a0\u00bbdescription\u00a0\u00bb:\u00a0\u00bbNouvelle-Z\u00e9lande\u00a0\u00bb,\u00a0\u00bbslug\u00a0\u00bb:\u00a0\u00bbnouvelle-zelande\u00a0\u00bb,\u00a0\u00bbtext\u00a0\u00bb:\u00a0\u00bbNouvelle-Z\u00e9lande\u00a0\u00bb},{\u00ab\u00a0_id\u00a0\u00bb:\u00a0\u00bbLSZSPSZCMJGXJODAYUJWBL2SXA\u00a0\u00bb,\u00a0\u00bbdescription\u00a0\u00bb:\u00a0\u00bbFaits divers\u00a0\u00bb,\u00a0\u00bbslug\u00a0\u00bb:\u00a0\u00bbfaits-divers\u00a0\u00bb,\u00a0\u00bbtext\u00a0\u00bb:\u00a0\u00bbFaits divers\u00a0\u00bb}]},\u00a0\u00bbtype\u00a0\u00bb:\u00a0\u00bbstory\u00a0\u00bb,\u00a0\u00bbwebsites\u00a0\u00bb:{\u00ab\u00a0liberation\u00a0\u00bb:{\u00ab\u00a0website_section\u00a0\u00bb:{\u00ab\u00a0_id\u00a0\u00bb:\u00a0\u00bb\/international\/asie-pacifique\u00a0\u00bb,\u00a0\u00bb_website\u00a0\u00bb:\u00a0\u00bbliberation\u00a0\u00bb,\u00a0\u00bbtype\u00a0\u00bb:\u00a0\u00bbsection\u00a0\u00bb,\u00a0\u00bbversion\u00a0\u00bb:\u00a0\u00bb0.6.0&Prime;,\u00a0\u00bbname\u00a0\u00bb:\u00a0\u00bbAsie Pacifique\u00a0\u00bb,\u00a0\u00bbdescription\u00a0\u00bb:\u00a0\u00bbRetrouvez toute l&rsquo;actualit\u00e9 politique et \u00e9conomique de l&rsquo;Asie Pacifique sur Lib\u00e9ration : Chine, Inde, Pakistan, Indon\u00e9sie, Australie, Nouvelle-Z\u00e9lande&#8230;\u00a0\u00bb,\u00a0\u00bbpath\u00a0\u00bb:\u00a0\u00bb\/international\/asie-pacifique\u00a0\u00bb,\u00a0\u00bbparent_id\u00a0\u00bb:\u00a0\u00bb\/international\u00a0\u00bb,\u00a0\u00bbparent\u00a0\u00bb:{\u00ab\u00a0default\u00a0\u00bb:\u00a0\u00bb\/international\u00a0\u00bb},\u00a0\u00bbadditional_properties\u00a0\u00bb:{\u00ab\u00a0original\u00a0\u00bb:{\u00ab\u00a0_id\u00a0\u00bb:\u00a0\u00bb\/international\/asie-pacifique\u00a0\u00bb,\u00a0\u00bbsite\u00a0\u00bb:{\u00ab\u00a0site_tagline\u00a0\u00bb:null,\u00a0\u00bbsite_url\u00a0\u00bb:null,\u00a0\u00bbsite_title\u00a0\u00bb:\u00a0\u00bbAsie Pacifique : actualit\u00e9 politique et \u00e9conomique &#8211; Lib\u00e9ration\u00a0\u00bb,\u00a0\u00bbpagebuilder_path_for_native_apps\u00a0\u00bb:null,\u00a0\u00bbsite_about\u00a0\u00bb:null,\u00a0\u00bbsite_description\u00a0\u00bb:\u00a0\u00bbRetrouvez toute l&rsquo;actualit\u00e9 politique et \u00e9conomique de l&rsquo;Asie Pacifique sur Lib\u00e9ration : Chine, Inde, Pakistan, Indon\u00e9sie, Australie, Nouvelle-Z\u00e9lande&#8230;\u00a0\u00bb,\u00a0\u00bbsite_keywords\u00a0\u00bb:null},\u00a0\u00bbsite_topper\u00a0\u00bb:{\u00ab\u00a0site_logo_image\u00a0\u00bb:null},\u00a0\u00bbsocial\u00a0\u00bb:{\u00ab\u00a0twitter\u00a0\u00bb:null,\u00a0\u00bbfacebook\u00a0\u00bb:null,\u00a0\u00bbrss\u00a0\u00bb:null,\u00a0\u00bbinstagram\u00a0\u00bb:null},\u00a0\u00bbnavigation\u00a0\u00bb:{\u00ab\u00a0nav_title\u00a0\u00bb:\u00a0\u00bbAsie Pacifique\u00a0\u00bb},\u00a0\u00bb_admin\u00a0\u00bb:{\u00ab\u00a0alias_ids\u00a0\u00bb:[\u00ab\u00a0\/international\/asie-pacifique\u00a0\u00bb,\u00a0\u00bb200023&Prime;]},\u00a0\u00bb_website\u00a0\u00bb:\u00a0\u00bbliberation\u00a0\u00bb,\u00a0\u00bbname\u00a0\u00bb:\u00a0\u00bbAsie Pacifique\u00a0\u00bb,\u00a0\u00bborder\u00a0\u00bb:{\u00ab\u00a0default\u00a0\u00bb:2005,\u00a0\u00bbheadernav\u00a0\u00bb:2005,\u00a0\u00bbburgermenu\u00a0\u00bb:2005,\u00a0\u00bbamp-menu\u00a0\u00bb:2005,\u00a0\u00bbfooter2&Prime;:2005},\u00a0\u00bbparent\u00a0\u00bb:{\u00ab\u00a0default\u00a0\u00bb:\u00a0\u00bb\/international\u00a0\u00bb,\u00a0\u00bbheadernav\u00a0\u00bb:\u00a0\u00bb\/international\u00a0\u00bb,\u00a0\u00bbburgermenu\u00a0\u00bb:\u00a0\u00bb\/international\u00a0\u00bb,\u00a0\u00bbamp-menu\u00a0\u00bb:\u00a0\u00bb\/international\u00a0\u00bb,\u00a0\u00bbfooter\u00a0\u00bb:null,\u00a0\u00bbfooter2&Prime;:\u00a0\u00bb\/international\u00a0\u00bb},\u00a0\u00bbancestors\u00a0\u00bb:{\u00ab\u00a0default\u00a0\u00bb:[\u00ab\u00a0\/international\u00a0\u00bb],\u00a0\u00bbheadernav\u00a0\u00bb:[\u00ab\u00a0https:\/\/www.liberation.fr\/\u00a0\u00bb,\u00a0\u00bb\/international\u00a0\u00bb],\u00a0\u00bbburgermenu\u00a0\u00bb:[\u00ab\u00a0https:\/\/www.liberation.fr\/\u00a0\u00bb,\u00a0\u00bb\/international\u00a0\u00bb],\u00a0\u00bbamp-menu\u00a0\u00bb:[\u00ab\u00a0https:\/\/www.liberation.fr\/\u00a0\u00bb,\u00a0\u00bb\/international\u00a0\u00bb],\u00a0\u00bbfooter\u00a0\u00bb:[],\u00a0\u00bbfooter2&Prime;:[\u00ab\u00a0\/international\u00a0\u00bb]},\u00a0\u00bbinactive\u00a0\u00bb:false,\u00a0\u00bbnode_type\u00a0\u00bb:\u00a0\u00bbsection\u00a0\u00bb}},\u00a0\u00bb_website_section_id\u00a0\u00bb:\u00a0\u00bbliberation.\/international\/asie-pacifique\u00a0\u00bb},\u00a0\u00bbwebsite_url\u00a0\u00bb:\u00a0\u00bbhttps:\/\/www.liberation.fr\/international\/asie-pacifique\/en-nouvelle-zelande-un-pere-disparu-depuis-quatre-avec-ses-enfants-pourrait-avoir-refait-surface-20250829_BBTGLOIGKRGMZLKJEGQUNE4KVM\/\u00a0\u00bb}},\u00a0\u00bbcanonical_url\u00a0\u00bb:\u00a0\u00bbhttps:\/\/www.liberation.fr\/international\/asie-pacifique\/en-nouvelle-zelande-un-pere-disparu-depuis-quatre-avec-ses-enfants-pourrait-avoir-refait-surface-20250829_BBTGLOIGKRGMZLKJEGQUNE4KVM\/\u00a0\u00bb,\u00a0\u00bbwebsite\u00a0\u00bb:\u00a0\u00bbliberation\u00a0\u00bb,\u00a0\u00bbwebsite_url\u00a0\u00bb:\u00a0\u00bbhttps:\/\/www.liberation.fr\/international\/asie-pacifique\/en-nouvelle-zelande-un-pere-disparu-depuis-quatre-avec-ses-enfants-pourrait-avoir-refait-surface-20250829_BBTGLOIGKRGMZLKJEGQUNE4KVM\/\u00a0\u00bb,\u00a0\u00bbnewsletterImages\u00a0\u00bb:{\u00ab\u00a0lead_art\u00a0\u00bb:null,\u00a0\u00bbbasic\u00a0\u00bb:\u00a0\u00bbhttps:\/\/www.liberation.fr\/resizer\/v2\/ZQQKWIFUNFBX5PNBUHDYBUS4UE.jpg?auth=1ce99c0b3ef8b1f219090d7a5884fd0e9ae33bf234bdd3d28aaa5704b4669b11&#038;quality=70&#038;width=600&#038;height=600&#038;focal=588%2C216&Prime;},\u00a0\u00bbnewsletterImages600x400&Prime;:{\u00ab\u00a0lead_art\u00a0\u00bb:null,\u00a0\u00bbbasic\u00a0\u00bb:\u00a0\u00bbhttps:\/\/www.liberation.fr\/resizer\/v2\/ZQQKWIFUNFBX5PNBUHDYBUS4UE.jpg?auth=1ce99c0b3ef8b1f219090d7a5884fd0e9ae33bf234bdd3d28aaa5704b4669b11&#038;quality=70&#038;width=600&#038;height=400&#038;focal=588%2C216&Prime;},\u00a0\u00bbnewsletterImagesRealSize\u00a0\u00bb:{\u00ab\u00a0lead_art\u00a0\u00bb:null,\u00a0\u00bbbasic\u00a0\u00bb:\u00a0\u00bbhttps:\/\/www.liberation.fr\/resizer\/v2\/ZQQKWIFUNFBX5PNBUHDYBUS4UE.jpg?auth=1ce99c0b3ef8b1f219090d7a5884fd0e9ae33bf234bdd3d28aaa5704b4669b11&#038;quality=70&#038;width=600&#038;focal=588%2C216&Prime;},\u00a0\u00bbtwitterImage\u00a0\u00bb:{\u00ab\u00a0lead_art\u00a0\u00bb:null,\u00a0\u00bbbasic\u00a0\u00bb:\u00a0\u00bbhttps:\/\/www.liberation.fr\/resizer\/v2\/ZQQKWIFUNFBX5PNBUHDYBUS4UE.jpg?auth=1ce99c0b3ef8b1f219090d7a5884fd0e9ae33bf234bdd3d28aaa5704b4669b11&#038;quality=70&#038;width=1200&#038;height=630&#038;focal=588%2C216&Prime;}};Fusion.globalContentConfig={\u00ab\u00a0source\u00a0\u00bb:\u00a0\u00bbpaywalled-article\u00a0\u00bb,\u00a0\u00bbquery\u00a0\u00bb:{\u00ab\u00a0uri\u00a0\u00bb:\u00a0\u00bbhttps:\/\/www.liberation.fr\/international\/asie-pacifique\/en-nouvelle-zelande-un-pere-disparu-depuis-quatre-avec-ses-enfants-pourrait-avoir-refait-surface-20250829_BBTGLOIGKRGMZLKJEGQUNE4KVM\/\u00a0\u00bb,\u00a0\u00bbwebsite_url\u00a0\u00bb:\u00a0\u00bbhttps:\/\/www.liberation.fr\/international\/asie-pacifique\/en-nouvelle-zelande-un-pere-disparu-depuis-quatre-avec-ses-enfants-pourrait-avoir-refait-surface-20250829_BBTGLOIGKRGMZLKJEGQUNE4KVM\/\u00a0\u00bb,\u00a0\u00bbarc-site\u00a0\u00bb:\u00a0\u00bbliberation\u00a0\u00bb}};Fusion.lastModified=1756529182453;Fusion.contentCache={\u00ab\u00a0site-service-hierarchy\u00a0\u00bb:{\u00ab\u00a0{\\\u00a0\u00bbhierarchy\\\u00a0\u00bb:\\\u00a0\u00bbburgermenu\\\u00a0\u00bb}\u00a0\u00bb:{\u00ab\u00a0data\u00a0\u00bb:{\u00ab\u00a0children\u00a0\u00bb:[{\u00ab\u00a0_id\u00a0\u00bb:\u00a0\u00bblink-75QFY2QJQN2395TPPTEURDJKW0&Prime;,\u00a0\u00bbchildren\u00a0\u00bb:[],\u00a0\u00bbdisplay_name\u00a0\u00bb:\u00a0\u00bbAccueil\u00a0\u00bb,\u00a0\u00bburl\u00a0\u00bb:\u00a0\u00bbhttps:\/\/www.liberation.fr\/\u00a0\u00bb},{\u00ab\u00a0_id\u00a0\u00bb:\u00a0\u00bb\/politique\u00a0\u00bb,\u00a0\u00bbchildren\u00a0\u00bb:[{\u00ab\u00a0_id\u00a0\u00bb:\u00a0\u00bblink-LTR3F26SOVBPNJMNOZJ554WMYE\u00a0\u00bb,\u00a0\u00bbdisplay_name\u00a0\u00bb:\u00a0\u00bbGouvernement Bayrou\u00a0\u00bb,\u00a0\u00bburl\u00a0\u00bb:\u00a0\u00bbhttps:\/\/www.liberation.fr\/dossier\/gouvernement\/\u00a0\u00bb},{\u00ab\u00a0_id\u00a0\u00bb:\u00a0\u00bblink-W6DJCC2655AIVCQUBUJ4II2J7A\u00a0\u00bb,\u00a0\u00bbdisplay_name\u00a0\u00bb:\u00a0\u00bbExtr\u00eame droite\u00a0\u00bb,\u00a0\u00bburl\u00a0\u00bb:\u00a0\u00bbhttps:\/\/www.liberation.fr\/tags\/extreme-droite\/\u00a0\u00bb},{\u00ab\u00a0_id\u00a0\u00bb:\u00a0\u00bblink-ATWUFAQLZRHX7NVTTTKC4NTACM\u00a0\u00bb,\u00a0\u00bbdisplay_name\u00a0\u00bb:\u00a0\u00bbNouveau Front populaire\u00a0\u00bb,\u00a0\u00bburl\u00a0\u00bb:\u00a0\u00bbhttps:\/\/www.liberation.fr\/tags\/front-populaire\/\u00a0\u00bb},{\u00ab\u00a0_id\u00a0\u00bb:\u00a0\u00bblink-PEJBNVUDNJBDBG57AQ63TZHIIM\u00a0\u00bb,\u00a0\u00bbdisplay_name\u00a0\u00bb:\u00a0\u00bbRassemblement national\u00a0\u00bb,\u00a0\u00bburl\u00a0\u00bb:\u00a0\u00bbhttps:\/\/www.liberation.fr\/tags\/rn\/\u00a0\u00bb},{\u00ab\u00a0_id\u00a0\u00bb:\u00a0\u00bb\/politique\/elections\u00a0\u00bb,\u00a0\u00bbname\u00a0\u00bb:\u00a0\u00bbElections\u00a0\u00bb}],\u00a0\u00bbname\u00a0\u00bb:\u00a0\u00bbPolitique\u00a0\u00bb},{\u00ab\u00a0_id\u00a0\u00bb:\u00a0\u00bb\/international\u00a0\u00bb,\u00a0\u00bbchildren\u00a0\u00bb:[{\u00ab\u00a0_id\u00a0\u00bb:\u00a0\u00bb\/international\/europe\u00a0\u00bb,\u00a0\u00bbname\u00a0\u00bb:\u00a0\u00bbEurope\u00a0\u00bb},{\u00ab\u00a0_id\u00a0\u00bb:\u00a0\u00bb\/international\/amerique\u00a0\u00bb,\u00a0\u00bbname\u00a0\u00bb:\u00a0\u00bbAm\u00e9rique\u00a0\u00bb},{\u00ab\u00a0_id\u00a0\u00bb:\u00a0\u00bb\/international\/afrique\u00a0\u00bb,\u00a0\u00bbname\u00a0\u00bb:\u00a0\u00bbAfrique\u00a0\u00bb},{\u00ab\u00a0_id\u00a0\u00bb:\u00a0\u00bb\/international\/moyen-orient\u00a0\u00bb,\u00a0\u00bbname\u00a0\u00bb:\u00a0\u00bbMoyen-Orient\u00a0\u00bb},{\u00ab\u00a0_id\u00a0\u00bb:\u00a0\u00bb\/international\/asie-pacifique\u00a0\u00bb,\u00a0\u00bbname\u00a0\u00bb:\u00a0\u00bbAsie Pacifique\u00a0\u00bb}],\u00a0\u00bbname\u00a0\u00bb:\u00a0\u00bbInternational\u00a0\u00bb},{\u00ab\u00a0_id\u00a0\u00bb:\u00a0\u00bb\/checknews\u00a0\u00bb,\u00a0\u00bbchildren\u00a0\u00bb:[{\u00ab\u00a0_id\u00a0\u00bb:\u00a0\u00bblink-J2W4TXZXVVFFTGDVN2SRQIQTKM\u00a0\u00bb,\u00a0\u00bbdisplay_name\u00a0\u00bb:\u00a0\u00bbPoser une question \u00e0 nos journalistes\u00a0\u00bb,\u00a0\u00bburl\u00a0\u00bb:\u00a0\u00bbhttps:\/\/www.liberation.fr\/checknews-questions\/\u00a0\u00bb}],\u00a0\u00bbname\u00a0\u00bb:\u00a0\u00bbCheckNews\u00a0\u00bb},{\u00ab\u00a0_id\u00a0\u00bb:\u00a0\u00bb\/culture\u00a0\u00bb,\u00a0\u00bbchildren\u00a0\u00bb:[{\u00ab\u00a0_id\u00a0\u00bb:\u00a0\u00bblink-IJXVKLAYAFD2PLRGCZBJRSLXGA\u00a0\u00bb,\u00a0\u00bbdisplay_name\u00a0\u00bb:\u00a0\u00bbFestival d&rsquo;Avignon\u00a0\u00bb,\u00a0\u00bburl\u00a0\u00bb:\u00a0\u00bbhttps:\/\/www.liberation.fr\/tags\/festival-d-avignon\/\u00a0\u00bb},{\u00ab\u00a0_id\u00a0\u00bb:\u00a0\u00bb\/culture\/arts\u00a0\u00bb,\u00a0\u00bbname\u00a0\u00bb:\u00a0\u00bbArts\u00a0\u00bb},{\u00ab\u00a0_id\u00a0\u00bb:\u00a0\u00bb\/culture\/cinema\u00a0\u00bb,\u00a0\u00bbname\u00a0\u00bb:\u00a0\u00bbCin\u00e9ma\u00a0\u00bb},{\u00ab\u00a0_id\u00a0\u00bb:\u00a0\u00bb\/culture\/jeux-video\u00a0\u00bb,\u00a0\u00bbname\u00a0\u00bb:\u00a0\u00bbJeux vid\u00e9o\u00a0\u00bb},{\u00ab\u00a0_id\u00a0\u00bb:\u00a0\u00bb\/culture\/musique\u00a0\u00bb,\u00a0\u00bbname\u00a0\u00bb:\u00a0\u00bbMusique\u00a0\u00bb},{\u00ab\u00a0_id\u00a0\u00bb:\u00a0\u00bb\/culture\/photographie\u00a0\u00bb,\u00a0\u00bbname\u00a0\u00bb:\u00a0\u00bbPhotographie\u00a0\u00bb},{\u00ab\u00a0_id\u00a0\u00bb:\u00a0\u00bb\/culture\/livres\u00a0\u00bb,\u00a0\u00bbname\u00a0\u00bb:\u00a0\u00bbLivres\u00a0\u00bb},{\u00ab\u00a0_id\u00a0\u00bb:\u00a0\u00bb\/culture\/bd\u00a0\u00bb,\u00a0\u00bbname\u00a0\u00bb:\u00a0\u00bbBD\u00a0\u00bb},{\u00ab\u00a0_id\u00a0\u00bb:\u00a0\u00bblink-PYKRJHIK3NBW3IMOPOCB64D6CI\u00a0\u00bb,\u00a0\u00bbdisplay_name\u00a0\u00bb:\u00a0\u00bbPolars et thrillers\u00a0\u00bb,\u00a0\u00bburl\u00a0\u00bb:\u00a0\u00bbhttps:\/\/www.liberation.fr\/tags\/romans-policiers-polars-et-thrillers\/\u00a0\u00bb},{\u00ab\u00a0_id\u00a0\u00bb:\u00a0\u00bb\/culture\/scenes\u00a0\u00bb,\u00a0\u00bbname\u00a0\u00bb:\u00a0\u00bbTh\u00e9\u00e2tre et sc\u00e8nes\u00a0\u00bb},{\u00ab\u00a0_id\u00a0\u00bb:\u00a0\u00bb\/culture\/series\u00a0\u00bb,\u00a0\u00bbname\u00a0\u00bb:\u00a0\u00bbS\u00e9ries\u00a0\u00bb},{\u00ab\u00a0_id\u00a0\u00bb:\u00a0\u00bblink-TO3DMXNNQJH5VHG44GZQOOX6VI\u00a0\u00bb,\u00a0\u00bbdisplay_name\u00a0\u00bb:\u00a0\u00bbLes s\u00e9lections Culture de Lib\u00e9\u00a0\u00bb,\u00a0\u00bburl\u00a0\u00bb:\u00a0\u00bbhttps:\/\/www.liberation.fr\/selections-culture\/\u00a0\u00bb}],\u00a0\u00bbname\u00a0\u00bb:\u00a0\u00bbCulture\u00a0\u00bb},{\u00ab\u00a0_id\u00a0\u00bb:\u00a0\u00bblink-246HYMKRCVB4ZJ4HZUNLTTQUBQ\u00a0\u00bb,\u00a0\u00bbchildren\u00a0\u00bb:[],\u00a0\u00bbdisplay_name\u00a0\u00bb:\u00a0\u00bbLes s\u00e9lections Culture de Lib\u00e9\u00a0\u00bb,\u00a0\u00bburl\u00a0\u00bb:\u00a0\u00bbhttps:\/\/www.liberation.fr\/selections-culture\/\u00a0\u00bb},{\u00ab\u00a0_id\u00a0\u00bb:\u00a0\u00bb\/environnement\u00a0\u00bb,\u00a0\u00bbchildren\u00a0\u00bb:[{\u00ab\u00a0_id\u00a0\u00bb:\u00a0\u00bb\/environnement\/animaux\u00a0\u00bb,\u00a0\u00bbname\u00a0\u00bb:\u00a0\u00bbAnimaux\u00a0\u00bb},{\u00ab\u00a0_id\u00a0\u00bb:\u00a0\u00bb\/environnement\/agriculture\u00a0\u00bb,\u00a0\u00bbname\u00a0\u00bb:\u00a0\u00bbAgriculture\u00a0\u00bb},{\u00ab\u00a0_id\u00a0\u00bb:\u00a0\u00bb\/environnement\/alimentation\u00a0\u00bb,\u00a0\u00bbname\u00a0\u00bb:\u00a0\u00bbAlimentation\u00a0\u00bb},{\u00ab\u00a0_id\u00a0\u00bb:\u00a0\u00bb\/environnement\/biodiversite\u00a0\u00bb,\u00a0\u00bbname\u00a0\u00bb:\u00a0\u00bbBiodiversit\u00e9\u00a0\u00bb},{\u00ab\u00a0_id\u00a0\u00bb:\u00a0\u00bb\/environnement\/climat\u00a0\u00bb,\u00a0\u00bbname\u00a0\u00bb:\u00a0\u00bbClimat\u00a0\u00bb},{\u00ab\u00a0_id\u00a0\u00bb:\u00a0\u00bb\/environnement\/nucleaire\u00a0\u00bb,\u00a0\u00bbname\u00a0\u00bb:\u00a0\u00bbNucl\u00e9aire\u00a0\u00bb},{\u00ab\u00a0_id\u00a0\u00bb:\u00a0\u00bb\/environnement\/pollution\u00a0\u00bb,\u00a0\u00bbname\u00a0\u00bb:\u00a0\u00bbPollution\u00a0\u00bb}],\u00a0\u00bbname\u00a0\u00bb:\u00a0\u00bbEnvironnement\u00a0\u00bb},{\u00ab\u00a0_id\u00a0\u00bb:\u00a0\u00bb\/idees-et-debats\u00a0\u00bb,\u00a0\u00bbchildren\u00a0\u00bb:[{\u00ab\u00a0_id\u00a0\u00bb:\u00a0\u00bb\/idees-et-debats\/opinions\u00a0\u00bb,\u00a0\u00bbname\u00a0\u00bb:\u00a0\u00bbOpinions\u00a0\u00bb},{\u00ab\u00a0_id\u00a0\u00bb:\u00a0\u00bb\/idees-et-debats\/editorial\u00a0\u00bb,\u00a0\u00bbname\u00a0\u00bb:\u00a0\u00bbEditorial\u00a0\u00bb},{\u00ab\u00a0_id\u00a0\u00bb:\u00a0\u00bb\/idees-et-debats\/tribunes\u00a0\u00bb,\u00a0\u00bbname\u00a0\u00bb:\u00a0\u00bbTribunes\u00a0\u00bb}],\u00a0\u00bbname\u00a0\u00bb:\u00a0\u00bbId\u00e9es et D\u00e9bats\u00a0\u00bb},{\u00ab\u00a0_id\u00a0\u00bb:\u00a0\u00bb\/societe\u00a0\u00bb,\u00a0\u00bbchildren\u00a0\u00bb:[{\u00ab\u00a0_id\u00a0\u00bb:\u00a0\u00bb\/societe\/police-justice\u00a0\u00bb,\u00a0\u00bbname\u00a0\u00bb:\u00a0\u00bbPolice \/ Justice\u00a0\u00bb},{\u00ab\u00a0_id\u00a0\u00bb:\u00a0\u00bb\/societe\/droits-des-femmes\u00a0\u00bb,\u00a0\u00bbname\u00a0\u00bb:\u00a0\u00bbDroits des femmes\u00a0\u00bb},{\u00ab\u00a0_id\u00a0\u00bb:\u00a0\u00bb\/societe\/education\u00a0\u00bb,\u00a0\u00bbname\u00a0\u00bb:\u00a0\u00bbEducation\u00a0\u00bb},{\u00ab\u00a0_id\u00a0\u00bb:\u00a0\u00bb\/societe\/familles\u00a0\u00bb,\u00a0\u00bbname\u00a0\u00bb:\u00a0\u00bbFamilles\u00a0\u00bb},{\u00ab\u00a0_id\u00a0\u00bb:\u00a0\u00bb\/societe\/logement\u00a0\u00bb,\u00a0\u00bbname\u00a0\u00bb:\u00a0\u00bbLogement\u00a0\u00bb},{\u00ab\u00a0_id\u00a0\u00bb:\u00a0\u00bb\/societe\/religions\u00a0\u00bb,\u00a0\u00bbname\u00a0\u00bb:\u00a0\u00bbReligions\u00a0\u00bb},{\u00ab\u00a0_id\u00a0\u00bb:\u00a0\u00bb\/societe\/sante\u00a0\u00bb,\u00a0\u00bbname\u00a0\u00bb:\u00a0\u00bbSant\u00e9\u00a0\u00bb},{\u00ab\u00a0_id\u00a0\u00bb:\u00a0\u00bb\/societe\/ville\u00a0\u00bb,\u00a0\u00bbname\u00a0\u00bb:\u00a0\u00bbVille\u00a0\u00bb},{\u00ab\u00a0_id\u00a0\u00bb:\u00a0\u00bb\/societe\/sexualite-et-genres\u00a0\u00bb,\u00a0\u00bbname\u00a0\u00bb:\u00a0\u00bbSexualit\u00e9s et genres\u00a0\u00bb},{\u00ab\u00a0_id\u00a0\u00bb:\u00a0\u00bb\/societe\/immigration\u00a0\u00bb,\u00a0\u00bbname\u00a0\u00bb:\u00a0\u00bbImmigration\u00a0\u00bb}],\u00a0\u00bbname\u00a0\u00bb:\u00a0\u00bbSoci\u00e9t\u00e9\u00a0\u00bb},{\u00ab\u00a0_id\u00a0\u00bb:\u00a0\u00bblink-2QV6MFWETVHFXLTSKW5RS2WVUM\u00a0\u00bb,\u00a0\u00bbchildren\u00a0\u00bb:[],\u00a0\u00bbdisplay_name\u00a0\u00bb:\u00a0\u00bbEnqu\u00eates\u00a0\u00bb,\u00a0\u00bburl\u00a0\u00bb:\u00a0\u00bbhttps:\/\/www.liberation.fr\/enquetes\/\u00a0\u00bb},{\u00ab\u00a0_id\u00a0\u00bb:\u00a0\u00bblink-6YRRL6US6JAV3FCOKQEZXVDJE4&Prime;,\u00a0\u00bbchildren\u00a0\u00bb:[],\u00a0\u00bbdisplay_name\u00a0\u00bb:\u00a0\u00bb\u00c7a va mieux en le lisant\u00a0\u00bb,\u00a0\u00bburl\u00a0\u00bb:\u00a0\u00bbhttps:\/\/www.liberation.fr\/tags\/ca-va-mieux-lisant\/\u00a0\u00bb},{\u00ab\u00a0_id\u00a0\u00bb:\u00a0\u00bblink-W7R2BXQURZEN7CQE6JHDFC7HHM\u00a0\u00bb,\u00a0\u00bbchildren\u00a0\u00bb:[],\u00a0\u00bbdisplay_name\u00a0\u00bb:\u00a0\u00bbT\u00e9moignages\u00a0\u00bb,\u00a0\u00bburl\u00a0\u00bb:\u00a0\u00bbhttps:\/\/www.liberation.fr\/temoignages\/\u00a0\u00bb},{\u00ab\u00a0_id\u00a0\u00bb:\u00a0\u00bb\/economie\u00a0\u00bb,\u00a0\u00bbchildren\u00a0\u00bb:[{\u00ab\u00a0_id\u00a0\u00bb:\u00a0\u00bb\/economie\/medias\u00a0\u00bb,\u00a0\u00bbname\u00a0\u00bb:\u00a0\u00bbM\u00e9dias\u00a0\u00bb},{\u00ab\u00a0_id\u00a0\u00bb:\u00a0\u00bb\/economie\/social\u00a0\u00bb,\u00a0\u00bbname\u00a0\u00bb:\u00a0\u00bbSocial\u00a0\u00bb},{\u00ab\u00a0_id\u00a0\u00bb:\u00a0\u00bb\/economie\/transports\u00a0\u00bb,\u00a0\u00bbname\u00a0\u00bb:\u00a0\u00bbTransports\u00a0\u00bb},{\u00ab\u00a0_id\u00a0\u00bb:\u00a0\u00bb\/economie\/economie-numerique\u00a0\u00bb,\u00a0\u00bbname\u00a0\u00bb:\u00a0\u00bbEconomie num\u00e9rique\u00a0\u00bb}],\u00a0\u00bbname\u00a0\u00bb:\u00a0\u00bbEconomie\u00a0\u00bb},{\u00ab\u00a0_id\u00a0\u00bb:\u00a0\u00bb\/lifestyle\u00a0\u00bb,\u00a0\u00bbchildren\u00a0\u00bb:[{\u00ab\u00a0_id\u00a0\u00bb:\u00a0\u00bb\/lifestyle\/beaute\u00a0\u00bb,\u00a0\u00bbname\u00a0\u00bb:\u00a0\u00bbBeaut\u00e9\u00a0\u00bb},{\u00ab\u00a0_id\u00a0\u00bb:\u00a0\u00bb\/lifestyle\/design\u00a0\u00bb,\u00a0\u00bbname\u00a0\u00bb:\u00a0\u00bbDesign\u00a0\u00bb},{\u00ab\u00a0_id\u00a0\u00bb:\u00a0\u00bb\/lifestyle\/gastronomie\u00a0\u00bb,\u00a0\u00bbname\u00a0\u00bb:\u00a0\u00bbGastronomie\u00a0\u00bb},{\u00ab\u00a0_id\u00a0\u00bb:\u00a0\u00bb\/lifestyle\/hightech\u00a0\u00bb,\u00a0\u00bbname\u00a0\u00bb:\u00a0\u00bbHigh tech\u00a0\u00bb},{\u00ab\u00a0_id\u00a0\u00bb:\u00a0\u00bb\/lifestyle\/mode\u00a0\u00bb,\u00a0\u00bbname\u00a0\u00bb:\u00a0\u00bbMode\u00a0\u00bb},{\u00ab\u00a0_id\u00a0\u00bb:\u00a0\u00bb\/lifestyle\/voyages\u00a0\u00bb,\u00a0\u00bbname\u00a0\u00bb:\u00a0\u00bbVoyages\u00a0\u00bb},{\u00ab\u00a0_id\u00a0\u00bb:\u00a0\u00bb\/lifestyle\/consommation\u00a0\u00bb,\u00a0\u00bbname\u00a0\u00bb:\u00a0\u00bbConsommation\u00a0\u00bb},{\u00ab\u00a0_id\u00a0\u00bb:\u00a0\u00bb\/lifestyle\/intimites\u00a0\u00bb,\u00a0\u00bbname\u00a0\u00bb:\u00a0\u00bbIntimit\u00e9s\u00a0\u00bb},{\u00ab\u00a0_id\u00a0\u00bb:\u00a0\u00bb\/lifestyle\/parentalites\u00a0\u00bb,\u00a0\u00bbname\u00a0\u00bb:\u00a0\u00bbParentalit\u00e9s\u00a0\u00bb},{\u00ab\u00a0_id\u00a0\u00bb:\u00a0\u00bblink-IRBRAAYPD5FHDJDA6EUBRW4YGM\u00a0\u00bb,\u00a0\u00bbdisplay_name\u00a0\u00bb:\u00a0\u00bbT\u00e9moignages\u00a0\u00bb,\u00a0\u00bburl\u00a0\u00bb:\u00a0\u00bbhttps:\/\/www.liberation.fr\/temoignages\/\u00a0\u00bb},{\u00ab\u00a0_id\u00a0\u00bb:\u00a0\u00bblink-GQX3YRV2END2TIQ5C762P26FDM\u00a0\u00bb,\u00a0\u00bbdisplay_name\u00a0\u00bb:\u00a0\u00bbLes Tops de Lib\u00e9\u00a0\u00bb,\u00a0\u00bburl\u00a0\u00bb:\u00a0\u00bbhttps:\/\/www.liberation.fr\/dossier\/tops-de-libe\/\u00a0\u00bb}],\u00a0\u00bbname\u00a0\u00bb:\u00a0\u00bbLifestyle\u00a0\u00bb},{\u00ab\u00a0_id\u00a0\u00bb:\u00a0\u00bblink-0GZ387067T0Y3D40HAQUYUNZVW\u00a0\u00bb,\u00a0\u00bbchildren\u00a0\u00bb:[],\u00a0\u00bbdisplay_name\u00a0\u00bb:\u00a0\u00bbEn images\u00a0\u00bb,\u00a0\u00bburl\u00a0\u00bb:\u00a0\u00bbhttps:\/\/www.liberation.fr\/en-images\/\u00a0\u00bb},{\u00ab\u00a0_id\u00a0\u00bb:\u00a0\u00bblink-3XLEWBXEJZCURBKPGS5JDRH62Q\u00a0\u00bb,\u00a0\u00bbchildren\u00a0\u00bb:[],\u00a0\u00bbdisplay_name\u00a0\u00bb:\u00a0\u00bbData du jour\u00a0\u00bb,\u00a0\u00bburl\u00a0\u00bb:\u00a0\u00bbhttps:\/\/www.liberation.fr\/dossier\/data-matin\/\u00a0\u00bb},{\u00ab\u00a0_id\u00a0\u00bb:\u00a0\u00bblink-XKBPLDQUQVABVM65OZKDBXUXWE\u00a0\u00bb,\u00a0\u00bbchildren\u00a0\u00bb:[],\u00a0\u00bbdisplay_name\u00a0\u00bb:\u00a0\u00bbLes Tops de Lib\u00e9\u00a0\u00bb,\u00a0\u00bburl\u00a0\u00bb:\u00a0\u00bbhttps:\/\/www.liberation.fr\/dossier\/tops-de-libe\/\u00a0\u00bb},{\u00ab\u00a0_id\u00a0\u00bb:\u00a0\u00bb\/portraits\u00a0\u00bb,\u00a0\u00bbchildren\u00a0\u00bb:[],\u00a0\u00bbname\u00a0\u00bb:\u00a0\u00bbPortraits\u00a0\u00bb},{\u00ab\u00a0_id\u00a0\u00bb:\u00a0\u00bb\/sports\u00a0\u00bb,\u00a0\u00bbchildren\u00a0\u00bb:[{\u00ab\u00a0_id\u00a0\u00bb:\u00a0\u00bb\/sports\/football\u00a0\u00bb,\u00a0\u00bbname\u00a0\u00bb:\u00a0\u00bbFootball\u00a0\u00bb},{\u00ab\u00a0_id\u00a0\u00bb:\u00a0\u00bb\/sports\/cyclisme\u00a0\u00bb,\u00a0\u00bbname\u00a0\u00bb:\u00a0\u00bbCyclisme\u00a0\u00bb},{\u00ab\u00a0_id\u00a0\u00bb:\u00a0\u00bb\/sports\/tennis\u00a0\u00bb,\u00a0\u00bbname\u00a0\u00bb:\u00a0\u00bbTennis\u00a0\u00bb},{\u00ab\u00a0_id\u00a0\u00bb:\u00a0\u00bb\/sports\/rugby\u00a0\u00bb,\u00a0\u00bbname\u00a0\u00bb:\u00a0\u00bbRugby\u00a0\u00bb},{\u00ab\u00a0_id\u00a0\u00bb:\u00a0\u00bb\/sports\/sports-mecaniques\u00a0\u00bb,\u00a0\u00bbname\u00a0\u00bb:\u00a0\u00bbSports m\u00e9caniques\u00a0\u00bb},{\u00ab\u00a0_id\u00a0\u00bb:\u00a0\u00bb\/sports\/jeux-olympiques\u00a0\u00bb,\u00a0\u00bbname\u00a0\u00bb:\u00a0\u00bbJeux olympiques et paralympiques\u00a0\u00bb}],\u00a0\u00bbname\u00a0\u00bb:\u00a0\u00bbSports\u00a0\u00bb},{\u00ab\u00a0_id\u00a0\u00bb:\u00a0\u00bb\/forums\u00a0\u00bb,\u00a0\u00bbchildren\u00a0\u00bb:[],\u00a0\u00bbname\u00a0\u00bb:\u00a0\u00bbForums &#038; \u00e9v\u00e9nements\u00a0\u00bb},{\u00ab\u00a0_id\u00a0\u00bb:\u00a0\u00bb\/sciences\u00a0\u00bb,\u00a0\u00bbchildren\u00a0\u00bb:[{\u00ab\u00a0_id\u00a0\u00bb:\u00a0\u00bb\/sciences\/archeologie\u00a0\u00bb,\u00a0\u00bbname\u00a0\u00bb:\u00a0\u00bbArch\u00e9ologie et pal\u00e9ontologie\u00a0\u00bb},{\u00ab\u00a0_id\u00a0\u00bb:\u00a0\u00bb\/sciences\/biologie\u00a0\u00bb,\u00a0\u00bbname\u00a0\u00bb:\u00a0\u00bbBiologie\u00a0\u00bb},{\u00ab\u00a0_id\u00a0\u00bb:\u00a0\u00bb\/sciences\/espace\u00a0\u00bb,\u00a0\u00bbname\u00a0\u00bb:\u00a0\u00bbEspace\u00a0\u00bb},{\u00ab\u00a0_id\u00a0\u00bb:\u00a0\u00bb\/sciences\/histoire\u00a0\u00bb,\u00a0\u00bbname\u00a0\u00bb:\u00a0\u00bbHistoire\u00a0\u00bb},{\u00ab\u00a0_id\u00a0\u00bb:\u00a0\u00bb\/sciences\/technologie-innovation\u00a0\u00bb,\u00a0\u00bbname\u00a0\u00bb:\u00a0\u00bbTechnologie et innovation\u00a0\u00bb}],\u00a0\u00bbname\u00a0\u00bb:\u00a0\u00bbSciences\u00a0\u00bb},{\u00ab\u00a0_id\u00a0\u00bb:\u00a0\u00bblink-E7Y4ZGRMURDNTPGTPR2J6DSMVA\u00a0\u00bb,\u00a0\u00bbchildren\u00a0\u00bb:[],\u00a0\u00bbdisplay_name\u00a0\u00bb:\u00a0\u00bbLes playlists de Lib\u00e9\u00a0\u00bb,\u00a0\u00bburl\u00a0\u00bb:\u00a0\u00bbhttps:\/\/www.liberation.fr\/playlists-de-libe\/\u00a0\u00bb},{\u00ab\u00a0_id\u00a0\u00bb:\u00a0\u00bblink-SVKCCJFMTJAGJOK2ZMRFJ2VEKY\u00a0\u00bb,\u00a0\u00bbchildren\u00a0\u00bb:[],\u00a0\u00bbdisplay_name\u00a0\u00bb:\u00a0\u00bbNos dossiers\u00a0\u00bb,\u00a0\u00bburl\u00a0\u00bb:\u00a0\u00bbhttps:\/\/www.liberation.fr\/nos-dossiers\/\u00a0\u00bb},{\u00ab\u00a0_id\u00a0\u00bb:\u00a0\u00bb\/plus\u00a0\u00bb,\u00a0\u00bbchildren\u00a0\u00bb:[{\u00ab\u00a0_id\u00a0\u00bb:\u00a0\u00bb\/plus\/speciaux-cahier-ete\u00a0\u00bb,\u00a0\u00bbname\u00a0\u00bb:\u00a0\u00bbS\u00e9ries d&rsquo;\u00e9t\u00e9\u00a0\u00bb},{\u00ab\u00a0_id\u00a0\u00bb:\u00a0\u00bb\/plus\/numeros-speciaux\u00a0\u00bb,\u00a0\u00bbname\u00a0\u00bb:\u00a0\u00bbNum\u00e9ros sp\u00e9ciaux\u00a0\u00bb},{\u00ab\u00a0_id\u00a0\u00bb:\u00a0\u00bblink-CEST3Y6WSVCNBFWNCPZRBNO2J4&Prime;,\u00a0\u00bbdisplay_name\u00a0\u00bb:\u00a0\u00bbLes 50 ans de Lib\u00e9\u00a0\u00bb,\u00a0\u00bburl\u00a0\u00bb:\u00a0\u00bbhttps:\/\/www.liberation.fr\/dossier\/50-ans-liberation\/\u00a0\u00bb},{\u00ab\u00a0_id\u00a0\u00bb:\u00a0\u00bblink-CKVXXOOCUJGE5CTLINUTAVCEVY\u00a0\u00bb,\u00a0\u00bbdisplay_name\u00a0\u00bb:\u00a0\u00bbNos 50 combats\u00a0\u00bb,\u00a0\u00bburl\u00a0\u00bb:\u00a0\u00bbhttps:\/\/www.liberation.fr\/50-ans-50-combats\/\u00a0\u00bb}],\u00a0\u00bbname\u00a0\u00bb:\u00a0\u00bbPlus\u00a0\u00bb},{\u00ab\u00a0_id\u00a0\u00bb:\u00a0\u00bb\/archives\u00a0\u00bb,\u00a0\u00bbchildren\u00a0\u00bb:[{\u00ab\u00a0_id\u00a0\u00bb:\u00a0\u00bblink-K3RVIEFT5ZAJXJCHB7VUOPBUOE\u00a0\u00bb,\u00a0\u00bbdisplay_name\u00a0\u00bb:\u00a0\u00bb2025&Prime;,\u00a0\u00bburl\u00a0\u00bb:\u00a0\u00bbhttps:\/\/www.liberation.fr\/archives\/2025\/\u00a0\u00bb},{\u00ab\u00a0_id\u00a0\u00bb:\u00a0\u00bblink-HW6KZ7W4BVB7ZC2MUGELWSNMM4&Prime;,\u00a0\u00bbdisplay_name\u00a0\u00bb:\u00a0\u00bb2024&Prime;,\u00a0\u00bburl\u00a0\u00bb:\u00a0\u00bbhttps:\/\/www.liberation.fr\/archives\/2024\/\u00a0\u00bb},{\u00ab\u00a0_id\u00a0\u00bb:\u00a0\u00bblink-86U6ZQ3TGD6J38B3B0UD714BEM\u00a0\u00bb,\u00a0\u00bbdisplay_name\u00a0\u00bb:\u00a0\u00bb2023&Prime;,\u00a0\u00bburl\u00a0\u00bb:\u00a0\u00bbhttps:\/\/www.liberation.fr\/archives\/2023\/\u00a0\u00bb},{\u00ab\u00a0_id\u00a0\u00bb:\u00a0\u00bblink-TTAP7N6QVX4HX8KUYPNK8C8T2G\u00a0\u00bb,\u00a0\u00bbdisplay_name\u00a0\u00bb:\u00a0\u00bb2022&Prime;,\u00a0\u00bburl\u00a0\u00bb:\u00a0\u00bbhttps:\/\/www.liberation.fr\/archives\/2022\/\u00a0\u00bb},{\u00ab\u00a0_id\u00a0\u00bb:\u00a0\u00bblink-61DDUK20NX12HEYXG66F2U5D3W\u00a0\u00bb,\u00a0\u00bbdisplay_name\u00a0\u00bb:\u00a0\u00bb2021&Prime;,\u00a0\u00bburl\u00a0\u00bb:\u00a0\u00bbhttps:\/\/www.liberation.fr\/archives\/2021\/\u00a0\u00bb},{\u00ab\u00a0_id\u00a0\u00bb:\u00a0\u00bblink-TOFSORLNGZBOLDQTXPC2QY3WM4&Prime;,\u00a0\u00bbdisplay_name\u00a0\u00bb:\u00a0\u00bbToutes les archives\u00a0\u00bb,\u00a0\u00bburl\u00a0\u00bb:\u00a0\u00bbhttps:\/\/www.liberation.fr\/archives\/\u00a0\u00bb}],\u00a0\u00bbname\u00a0\u00bb:\u00a0\u00bbArchives\u00a0\u00bb},{\u00ab\u00a0_id\u00a0\u00bb:\u00a0\u00bblink-Y33KT60FFD0HZ90R7MF9EZKWHM\u00a0\u00bb,\u00a0\u00bbchildren\u00a0\u00bb:[],\u00a0\u00bbdisplay_name\u00a0\u00bb:\u00a0\u00bbOffrir Lib\u00e9\u00a0\u00bb,\u00a0\u00bburl\u00a0\u00bb:\u00a0\u00bbhttps:\/\/formulaire.liberation.fr\/offrir_abo?source=menu\u00a0\u00bb},{\u00ab\u00a0_id\u00a0\u00bb:\u00a0\u00bblink-8EYG0HFTT17Q56ZMF4F2MY2NU8&Prime;,\u00a0\u00bbchildren\u00a0\u00bb:[],\u00a0\u00bbdisplay_name\u00a0\u00bb:\u00a0\u00bbEv\u00e9nements Lib\u00e9\u00a0\u00bb,\u00a0\u00bburl\u00a0\u00bb:\u00a0\u00bbhttps:\/\/offre.liberation.fr\/evenements\/\u00a0\u00bb},{\u00ab\u00a0_id\u00a0\u00bb:\u00a0\u00bblink-WBU2ETVFYD7N129EAHEDEXM14R\u00a0\u00bb,\u00a0\u00bbchildren\u00a0\u00bb:[],\u00a0\u00bbdisplay_name\u00a0\u00bb:\u00a0\u00bbLes newsletters\u00a0\u00bb,\u00a0\u00bburl\u00a0\u00bb:\u00a0\u00bbhttps:\/\/www.liberation.fr\/newsletters\/\u00a0\u00bb},{\u00ab\u00a0_id\u00a0\u00bb:\u00a0\u00bblink-47HCX2GSRFGNRNEC4UURQT5S3I\u00a0\u00bb,\u00a0\u00bbchildren\u00a0\u00bb:[],\u00a0\u00bbdisplay_name\u00a0\u00bb:\u00a0\u00bbFaire un don (d\u00e9ductible des imp\u00f4ts)\u00a0\u00bb,\u00a0\u00bburl\u00a0\u00bb:\u00a0\u00bbhttps:\/\/www.liberation.fr\/faire-un-don\/\u00a0\u00bb},{\u00ab\u00a0_id\u00a0\u00bb:\u00a0\u00bblink-HBNY4B6XEH5C57Q0W2W0AVVRDW\u00a0\u00bb,\u00a0\u00bbchildren\u00a0\u00bb:[],\u00a0\u00bbdisplay_name\u00a0\u00bb:\u00a0\u00bbPetites annonces\u00a0\u00bb,\u00a0\u00bburl\u00a0\u00bb:\u00a0\u00bbhttps:\/\/petites-annonces.liberation.fr\/\u00a0\u00bb},{\u00ab\u00a0_id\u00a0\u00bb:\u00a0\u00bblink-HJTF0JBDM90710PFG5H51GYAF8&Prime;,\u00a0\u00bbchildren\u00a0\u00bb:[],\u00a0\u00bbdisplay_name\u00a0\u00bb:\u00a0\u00bbAnnonces l\u00e9gales\u00a0\u00bb,\u00a0\u00bburl\u00a0\u00bb:\u00a0\u00bbhttps:\/\/annonces-legales.liberation.fr\/\u00a0\u00bb},{\u00ab\u00a0_id\u00a0\u00bb:\u00a0\u00bblink-WQR3ZCK32ZBXZIHPYAYJUNRT7Q\u00a0\u00bb,\u00a0\u00bbchildren\u00a0\u00bb:[],\u00a0\u00bbdisplay_name\u00a0\u00bb:\u00a0\u00bbConjugaison\u00a0\u00bb,\u00a0\u00bburl\u00a0\u00bb:\u00a0\u00bbhttps:\/\/conjugaison.liberation.fr\/\u00a0\u00bb}],\u00a0\u00bb_id\u00a0\u00bb:\u00a0\u00bbhttps:\/\/www.liberation.fr\/\u00a0\u00bb},\u00a0\u00bbexpires\u00a0\u00bb:1756529291177,\u00a0\u00bblastModified\u00a0\u00bb:1756528991143},\u00a0\u00bb{\\\u00a0\u00bbhierarchy\\\u00a0\u00bb:\\\u00a0\u00bbheadernav\\\u00a0\u00bb}\u00a0\u00bb:{\u00ab\u00a0data\u00a0\u00bb:{\u00ab\u00a0_id\u00a0\u00bb:\u00a0\u00bbhttps:\/\/www.liberation.fr\/\u00a0\u00bb,\u00a0\u00bb_website\u00a0\u00bb:\u00a0\u00bbliberation\u00a0\u00bb,\u00a0\u00bbname\u00a0\u00bb:\u00a0\u00bbLiberation\u00a0\u00bb,\u00a0\u00bbinactive\u00a0\u00bb:false,\u00a0\u00bbparent\u00a0\u00bb:null,\u00a0\u00bbancestors\u00a0\u00bb:null,\u00a0\u00bborder\u00a0\u00bb:null,\u00a0\u00bbnode_type\u00a0\u00bb:\u00a0\u00bbsection\u00a0\u00bb,\u00a0\u00bbchildren\u00a0\u00bb:[{\u00ab\u00a0_id\u00a0\u00bb:\u00a0\u00bb\/politique\u00a0\u00bb,\u00a0\u00bbsite\u00a0\u00bb:{\u00ab\u00a0site_tagline\u00a0\u00bb:null,\u00a0\u00bbsite_url\u00a0\u00bb:null,\u00a0\u00bbsite_title\u00a0\u00bb:\u00a0\u00bbToute l&rsquo;actualit\u00e9 Politique en continu avec Lib\u00e9ration\u00a0\u00bb,\u00a0\u00bbsite_about\u00a0\u00bb:null,\u00a0\u00bbpagebuilder_path_for_native_apps\u00a0\u00bb:null,\u00a0\u00bbsite_description\u00a0\u00bb:\u00a0\u00bbL&rsquo;info politique \u00e0 suivre avec Lib\u00e9ration : actualit\u00e9s des partis, la gestion du gouvernement, les \u00e9lections, les r\u00e9formes, l&rsquo;activit\u00e9 \u00e0 l&rsquo;Assembl\u00e9e nationale et au S\u00e9nat&#8230;\u00a0\u00bb,\u00a0\u00bbsite_keywords\u00a0\u00bb:null},\u00a0\u00bbsite_topper\u00a0\u00bb:{\u00ab\u00a0site_logo_image\u00a0\u00bb:null},\u00a0\u00bbsocial\u00a0\u00bb:{\u00ab\u00a0twitter\u00a0\u00bb:null,\u00a0\u00bbfacebook\u00a0\u00bb:null,\u00a0\u00bbrss\u00a0\u00bb:null,\u00a0\u00bbinstagram\u00a0\u00bb:null},\u00a0\u00bbnavigation\u00a0\u00bb:{\u00ab\u00a0nav_title\u00a0\u00bb:\u00a0\u00bbPolitique\u00a0\u00bb},\u00a0\u00bb_admin\u00a0\u00bb:{\u00ab\u00a0alias_ids\u00a0\u00bb:[\u00ab\u00a0\/politique\u00a0\u00bb,\u00a0\u00bb100666&Prime;]},\u00a0\u00bb_website\u00a0\u00bb:\u00a0\u00bbliberation\u00a0\u00bb,\u00a0\u00bbname\u00a0\u00bb:\u00a0\u00bbPolitique\u00a0\u00bb,\u00a0\u00bborder\u00a0\u00bb:{\u00ab\u00a0default\u00a0\u00bb:1003,\u00a0\u00bbamp-menu\u00a0\u00bb:1003,\u00a0\u00bbburgermenu\u00a0\u00bb:1002,\u00a0\u00bbaccueil-tag-block\u00a0\u00bb:1001,\u00a0\u00bbfooter2&Prime;:2001,\u00a0\u00bbheadernav\u00a0\u00bb:1002},\u00a0\u00bbparent\u00a0\u00bb:{\u00ab\u00a0default\u00a0\u00bb:\u00a0\u00bbhttps:\/\/www.liberation.fr\/\u00a0\u00bb,\u00a0\u00bbamp-menu\u00a0\u00bb:\u00a0\u00bbhttps:\/\/www.liberation.fr\/\u00a0\u00bb,\u00a0\u00bbfooter-nav-bar\u00a0\u00bb:null,\u00a0\u00bbburgermenu\u00a0\u00bb:\u00a0\u00bbhttps:\/\/www.liberation.fr\/\u00a0\u00bb,\u00a0\u00bbfooter\u00a0\u00bb:null,\u00a0\u00bbaccueil-tag-block\u00a0\u00bb:\u00a0\u00bbhttps:\/\/www.liberation.fr\/\u00a0\u00bb,\u00a0\u00bbTest\u00a0\u00bb:null,\u00a0\u00bbheadernav\u00a0\u00bb:\u00a0\u00bbhttps:\/\/www.liberation.fr\/\u00a0\u00bb,\u00a0\u00bbfooter2&Prime;:\u00a0\u00bb\/idees-et-debats\u00a0\u00bb},\u00a0\u00bbancestors\u00a0\u00bb:{\u00ab\u00a0default\u00a0\u00bb:[\u00ab\u00a0https:\/\/www.liberation.fr\/\u00a0\u00bb],\u00a0\u00bbamp-menu\u00a0\u00bb:[\u00ab\u00a0https:\/\/www.liberation.fr\/\u00a0\u00bb],\u00a0\u00bbfooter-nav-bar\u00a0\u00bb:[],\u00a0\u00bbburgermenu\u00a0\u00bb:[\u00ab\u00a0https:\/\/www.liberation.fr\/\u00a0\u00bb],\u00a0\u00bbfooter\u00a0\u00bb:[],\u00a0\u00bbaccueil-tag-block\u00a0\u00bb:[\u00ab\u00a0https:\/\/www.liberation.fr\/\u00a0\u00bb],\u00a0\u00bbTest\u00a0\u00bb:[],\u00a0\u00bbheadernav\u00a0\u00bb:[\u00ab\u00a0https:\/\/www.liberation.fr\/\u00a0\u00bb],\u00a0\u00bbfooter2&Prime;:[\u00ab\u00a0\/idees-et-debats\u00a0\u00bb]},\u00a0\u00bbinactive\u00a0\u00bb:false,\u00a0\u00bbnode_type\u00a0\u00bb:\u00a0\u00bbsection\u00a0\u00bb,\u00a0\u00bbchildren\u00a0\u00bb:[]},{\u00ab\u00a0_id\u00a0\u00bb:\u00a0\u00bb\/international\u00a0\u00bb,\u00a0\u00bb_website\u00a0\u00bb:\u00a0\u00bbliberation\u00a0\u00bb,\u00a0\u00bbname\u00a0\u00bb:\u00a0\u00bbInternational\u00a0\u00bb,\u00a0\u00bbinactive\u00a0\u00bb:false,\u00a0\u00bbancestors\u00a0\u00bb:{\u00ab\u00a0default\u00a0\u00bb:[\u00ab\u00a0https:\/\/www.liberation.fr\/\u00a0\u00bb],\u00a0\u00bbamp-menu\u00a0\u00bb:[\u00ab\u00a0https:\/\/www.liberation.fr\/\u00a0\u00bb],\u00a0\u00bbburgermenu\u00a0\u00bb:[\u00ab\u00a0https:\/\/www.liberation.fr\/\u00a0\u00bb],\u00a0\u00bbheadernav\u00a0\u00bb:[\u00ab\u00a0https:\/\/www.liberation.fr\/\u00a0\u00bb],\u00a0\u00bbfooter\u00a0\u00bb:[],\u00a0\u00bbfooter2&Prime;:[]},\u00a0\u00bbparent\u00a0\u00bb:{\u00ab\u00a0default\u00a0\u00bb:\u00a0\u00bbhttps:\/\/www.liberation.fr\/\u00a0\u00bb,\u00a0\u00bbamp-menu\u00a0\u00bb:\u00a0\u00bbhttps:\/\/www.liberation.fr\/\u00a0\u00bb,\u00a0\u00bbburgermenu\u00a0\u00bb:\u00a0\u00bbhttps:\/\/www.liberation.fr\/\u00a0\u00bb,\u00a0\u00bbheadernav\u00a0\u00bb:\u00a0\u00bbhttps:\/\/www.liberation.fr\/\u00a0\u00bb,\u00a0\u00bbfooter\u00a0\u00bb:null,\u00a0\u00bbfooter2&Prime;:\u00a0\u00bbhttps:\/\/www.liberation.fr\/\u00a0\u00bb},\u00a0\u00bborder\u00a0\u00bb:{\u00ab\u00a0amp-menu\u00a0\u00bb:1006,\u00a0\u00bbburgermenu\u00a0\u00bb:1003,\u00a0\u00bbdefault\u00a0\u00bb:1006,\u00a0\u00bbheadernav\u00a0\u00bb:1003,\u00a0\u00bbfooter2&Prime;:1003},\u00a0\u00bb_admin\u00a0\u00bb:{\u00ab\u00a0alias_ids\u00a0\u00bb:[\u00ab\u00a0https:\/\/www.liberation.fr\/international\/\u00a0\u00bb,\u00a0\u00bb10&Prime;]},\u00a0\u00bbnavigation\u00a0\u00bb:{\u00ab\u00a0nav_title\u00a0\u00bb:null},\u00a0\u00bbsite\u00a0\u00bb:{\u00ab\u00a0pagebuilder_path_for_native_apps\u00a0\u00bb:null,\u00a0\u00bbsite_about\u00a0\u00bb:null,\u00a0\u00bbsite_description\u00a0\u00bb:\u00a0\u00bbLib\u00e9ration d\u00e9crypte pour vous toutes les actualit\u00e9s mondiales en continu : nos enqu\u00eates, interviews, vid\u00e9os et infos dans le monde par nos journalistes et correspondants.\u00a0\u00bb,\u00a0\u00bbsite_keywords\u00a0\u00bb:null,\u00a0\u00bbsite_tagline\u00a0\u00bb:null,\u00a0\u00bbsite_title\u00a0\u00bb:\u00a0\u00bbInternational : actualit\u00e9s et infos en direct dans le monde &#8211; Lib\u00e9ration\u00a0\u00bb,\u00a0\u00bbsite_url\u00a0\u00bb:null},\u00a0\u00bbsite_topper\u00a0\u00bb:{\u00ab\u00a0site_logo_image\u00a0\u00bb:null},\u00a0\u00bbsocial\u00a0\u00bb:{\u00ab\u00a0facebook\u00a0\u00bb:null,\u00a0\u00bbinstagram\u00a0\u00bb:null,\u00a0\u00bbrss\u00a0\u00bb:null,\u00a0\u00bbtwitter\u00a0\u00bb:null},\u00a0\u00bbnode_type\u00a0\u00bb:\u00a0\u00bbsection\u00a0\u00bb,\u00a0\u00bbchildren\u00a0\u00bb:[{\u00ab\u00a0_id\u00a0\u00bb:\u00a0\u00bb\/international\/europe\u00a0\u00bb,\u00a0\u00bbsite\u00a0\u00bb:{\u00ab\u00a0site_tagline\u00a0\u00bb:null,\u00a0\u00bbsite_url\u00a0\u00bb:null,\u00a0\u00bbsite_title\u00a0\u00bb:\u00a0\u00bbEurope : actualit\u00e9s et infos sur le continent europ\u00e9en &#8211; Lib\u00e9ration\u00a0\u00bb,\u00a0\u00bbpagebuilder_path_for_native_apps\u00a0\u00bb:null,\u00a0\u00bbsite_about\u00a0\u00bb:null,\u00a0\u00bbsite_description\u00a0\u00bb:\u00a0\u00bbRetrouvez toute l&rsquo;actualit\u00e9 politique et \u00e9conomique en Europe sur Lib\u00e9ration : Allemagne, Espagne, Italie, Belgique, Gr\u00e8ce, Hongrie, Ukraine&#8230;\u00a0\u00bb,\u00a0\u00bbsite_keywords\u00a0\u00bb:null},\u00a0\u00bbsite_topper\u00a0\u00bb:{\u00ab\u00a0site_logo_image\u00a0\u00bb:null},\u00a0\u00bbsocial\u00a0\u00bb:{\u00ab\u00a0twitter\u00a0\u00bb:null,\u00a0\u00bbfacebook\u00a0\u00bb:null,\u00a0\u00bbrss\u00a0\u00bb:null,\u00a0\u00bbinstagram\u00a0\u00bb:null},\u00a0\u00bbnavigation\u00a0\u00bb:{\u00ab\u00a0nav_title\u00a0\u00bb:\u00a0\u00bbEurope\u00a0\u00bb},\u00a0\u00bb_admin\u00a0\u00bb:{\u00ab\u00a0alias_ids\u00a0\u00bb:[\u00ab\u00a0\/international\/europe\u00a0\u00bb,\u00a0\u00bb200024&Prime;]},\u00a0\u00bb_website\u00a0\u00bb:\u00a0\u00bbliberation\u00a0\u00bb,\u00a0\u00bbname\u00a0\u00bb:\u00a0\u00bbEurope\u00a0\u00bb,\u00a0\u00bborder\u00a0\u00bb:{\u00ab\u00a0default\u00a0\u00bb:2001,\u00a0\u00bbheadernav\u00a0\u00bb:2001,\u00a0\u00bbburgermenu\u00a0\u00bb:2001,\u00a0\u00bbamp-menu\u00a0\u00bb:2001,\u00a0\u00bbfooter2&Prime;:2001},\u00a0\u00bbparent\u00a0\u00bb:{\u00ab\u00a0default\u00a0\u00bb:\u00a0\u00bb\/international\u00a0\u00bb,\u00a0\u00bbheadernav\u00a0\u00bb:\u00a0\u00bb\/international\u00a0\u00bb,\u00a0\u00bbburgermenu\u00a0\u00bb:\u00a0\u00bb\/international\u00a0\u00bb,\u00a0\u00bbamp-menu\u00a0\u00bb:\u00a0\u00bb\/international\u00a0\u00bb,\u00a0\u00bbfooter\u00a0\u00bb:null,\u00a0\u00bbfooter2&Prime;:\u00a0\u00bb\/international\u00a0\u00bb},\u00a0\u00bbancestors\u00a0\u00bb:{\u00ab\u00a0default\u00a0\u00bb:[\u00ab\u00a0\/international\u00a0\u00bb],\u00a0\u00bbheadernav\u00a0\u00bb:[\u00ab\u00a0https:\/\/www.liberation.fr\/\u00a0\u00bb,\u00a0\u00bb\/international\u00a0\u00bb],\u00a0\u00bbburgermenu\u00a0\u00bb:[\u00ab\u00a0https:\/\/www.liberation.fr\/\u00a0\u00bb,\u00a0\u00bb\/international\u00a0\u00bb],\u00a0\u00bbamp-menu\u00a0\u00bb:[\u00ab\u00a0https:\/\/www.liberation.fr\/\u00a0\u00bb,\u00a0\u00bb\/international\u00a0\u00bb],\u00a0\u00bbfooter\u00a0\u00bb:[],\u00a0\u00bbfooter2&Prime;:[\u00ab\u00a0\/international\u00a0\u00bb]},\u00a0\u00bbinactive\u00a0\u00bb:false,\u00a0\u00bbnode_type\u00a0\u00bb:\u00a0\u00bbsection\u00a0\u00bb,\u00a0\u00bbchildren\u00a0\u00bb:[]},{\u00ab\u00a0_id\u00a0\u00bb:\u00a0\u00bb\/international\/amerique\u00a0\u00bb,\u00a0\u00bbsite\u00a0\u00bb:{\u00ab\u00a0site_tagline\u00a0\u00bb:null,\u00a0\u00bbsite_url\u00a0\u00bb:null,\u00a0\u00bbsite_title\u00a0\u00bb:\u00a0\u00bbAm\u00e9rique : actualit\u00e9s sur le continent am\u00e9ricain &#8211; Lib\u00e9ration\u00a0\u00bb,\u00a0\u00bbpagebuilder_path_for_native_apps\u00a0\u00bb:null,\u00a0\u00bbsite_about\u00a0\u00bb:null,\u00a0\u00bbsite_description\u00a0\u00bb:\u00a0\u00bbAcc\u00e9dez aux derni\u00e8res informations sur les pays de l&rsquo;Am\u00e9rique du Nord et du Sud : Etats-Unis, Mexique, Br\u00e9sil, Canada, Chili, Venezuela&#8230;\u00a0\u00bb,\u00a0\u00bbsite_keywords\u00a0\u00bb:null},\u00a0\u00bbsite_topper\u00a0\u00bb:{\u00ab\u00a0site_logo_image\u00a0\u00bb:null},\u00a0\u00bbsocial\u00a0\u00bb:{\u00ab\u00a0twitter\u00a0\u00bb:null,\u00a0\u00bbfacebook\u00a0\u00bb:null,\u00a0\u00bbrss\u00a0\u00bb:null,\u00a0\u00bbinstagram\u00a0\u00bb:null},\u00a0\u00bbnavigation\u00a0\u00bb:{\u00ab\u00a0nav_title\u00a0\u00bb:\u00a0\u00bbAm\u00e9rique\u00a0\u00bb},\u00a0\u00bb_admin\u00a0\u00bb:{\u00ab\u00a0alias_ids\u00a0\u00bb:[\u00ab\u00a0\/international\/amerique\u00a0\u00bb,\u00a0\u00bb200022&Prime;]},\u00a0\u00bb_website\u00a0\u00bb:\u00a0\u00bbliberation\u00a0\u00bb,\u00a0\u00bbname\u00a0\u00bb:\u00a0\u00bbAm\u00e9rique\u00a0\u00bb,\u00a0\u00bborder\u00a0\u00bb:{\u00ab\u00a0default\u00a0\u00bb:2002,\u00a0\u00bbheadernav\u00a0\u00bb:2002,\u00a0\u00bbburgermenu\u00a0\u00bb:2002,\u00a0\u00bbamp-menu\u00a0\u00bb:2002,\u00a0\u00bbfooter2&Prime;:2002},\u00a0\u00bbparent\u00a0\u00bb:{\u00ab\u00a0default\u00a0\u00bb:\u00a0\u00bb\/international\u00a0\u00bb,\u00a0\u00bbheadernav\u00a0\u00bb:\u00a0\u00bb\/international\u00a0\u00bb,\u00a0\u00bbburgermenu\u00a0\u00bb:\u00a0\u00bb\/international\u00a0\u00bb,\u00a0\u00bbamp-menu\u00a0\u00bb:\u00a0\u00bb\/international\u00a0\u00bb,\u00a0\u00bbfooter\u00a0\u00bb:null,\u00a0\u00bbfooter2&Prime;:\u00a0\u00bb\/international\u00a0\u00bb},\u00a0\u00bbancestors\u00a0\u00bb:{\u00ab\u00a0default\u00a0\u00bb:[\u00ab\u00a0\/international\u00a0\u00bb],\u00a0\u00bbheadernav\u00a0\u00bb:[\u00ab\u00a0https:\/\/www.liberation.fr\/\u00a0\u00bb,\u00a0\u00bb\/international\u00a0\u00bb],\u00a0\u00bbburgermenu\u00a0\u00bb:[\u00ab\u00a0https:\/\/www.liberation.fr\/\u00a0\u00bb,\u00a0\u00bb\/international\u00a0\u00bb],\u00a0\u00bbamp-menu\u00a0\u00bb:[\u00ab\u00a0https:\/\/www.liberation.fr\/\u00a0\u00bb,\u00a0\u00bb\/international\u00a0\u00bb],\u00a0\u00bbfooter\u00a0\u00bb:[],\u00a0\u00bbfooter2&Prime;:[\u00ab\u00a0\/international\u00a0\u00bb]},\u00a0\u00bbinactive\u00a0\u00bb:false,\u00a0\u00bbnode_type\u00a0\u00bb:\u00a0\u00bbsection\u00a0\u00bb,\u00a0\u00bbchildren\u00a0\u00bb:[]},{\u00ab\u00a0_id\u00a0\u00bb:\u00a0\u00bb\/international\/afrique\u00a0\u00bb,\u00a0\u00bbsite\u00a0\u00bb:{\u00ab\u00a0site_tagline\u00a0\u00bb:null,\u00a0\u00bbsite_url\u00a0\u00bb:null,\u00a0\u00bbsite_title\u00a0\u00bb:\u00a0\u00bbAfrique &#8211; actualit\u00e9s et infos sur le continent africain &#8211; Lib\u00e9ration\u00a0\u00bb,\u00a0\u00bbpagebuilder_path_for_native_apps\u00a0\u00bb:null,\u00a0\u00bbsite_about\u00a0\u00bb:null,\u00a0\u00bbsite_description\u00a0\u00bb:\u00a0\u00bbRetrouvez les derni\u00e8res infos politiques, \u00e9conomiques et sociales des pays du continent africain : Mali, Niger, Tunisie, Maroc, Libye, Rwanda&#8230;\u00a0\u00bb,\u00a0\u00bbsite_keywords\u00a0\u00bb:null},\u00a0\u00bbsite_topper\u00a0\u00bb:{\u00ab\u00a0site_logo_image\u00a0\u00bb:null},\u00a0\u00bbsocial\u00a0\u00bb:{\u00ab\u00a0twitter\u00a0\u00bb:null,\u00a0\u00bbfacebook\u00a0\u00bb:null,\u00a0\u00bbrss\u00a0\u00bb:null,\u00a0\u00bbinstagram\u00a0\u00bb:null},\u00a0\u00bbnavigation\u00a0\u00bb:{\u00ab\u00a0nav_title\u00a0\u00bb:\u00a0\u00bbAfrique\u00a0\u00bb},\u00a0\u00bb_admin\u00a0\u00bb:{\u00ab\u00a0alias_ids\u00a0\u00bb:[\u00ab\u00a0https:\/\/www.liberation.fr\/international\/afrique\/\u00a0\u00bb,\u00a0\u00bb200021&Prime;]},\u00a0\u00bb_website\u00a0\u00bb:\u00a0\u00bbliberation\u00a0\u00bb,\u00a0\u00bbname\u00a0\u00bb:\u00a0\u00bbAfrique\u00a0\u00bb,\u00a0\u00bborder\u00a0\u00bb:{\u00ab\u00a0default\u00a0\u00bb:2003,\u00a0\u00bbheadernav\u00a0\u00bb:2003,\u00a0\u00bbburgermenu\u00a0\u00bb:2003,\u00a0\u00bbamp-menu\u00a0\u00bb:2003,\u00a0\u00bbfooter2&Prime;:2003},\u00a0\u00bbparent\u00a0\u00bb:{\u00ab\u00a0default\u00a0\u00bb:\u00a0\u00bb\/international\u00a0\u00bb,\u00a0\u00bbheadernav\u00a0\u00bb:\u00a0\u00bb\/international\u00a0\u00bb,\u00a0\u00bbburgermenu\u00a0\u00bb:\u00a0\u00bb\/international\u00a0\u00bb,\u00a0\u00bbamp-menu\u00a0\u00bb:\u00a0\u00bb\/international\u00a0\u00bb,\u00a0\u00bbfooter\u00a0\u00bb:null,\u00a0\u00bbfooter2&Prime;:\u00a0\u00bb\/international\u00a0\u00bb},\u00a0\u00bbancestors\u00a0\u00bb:{\u00ab\u00a0default\u00a0\u00bb:[\u00ab\u00a0\/international\u00a0\u00bb],\u00a0\u00bbheadernav\u00a0\u00bb:[\u00ab\u00a0https:\/\/www.liberation.fr\/\u00a0\u00bb,\u00a0\u00bb\/international\u00a0\u00bb],\u00a0\u00bbburgermenu\u00a0\u00bb:[\u00ab\u00a0https:\/\/www.liberation.fr\/\u00a0\u00bb,\u00a0\u00bb\/international\u00a0\u00bb],\u00a0\u00bbamp-menu\u00a0\u00bb:[\u00ab\u00a0https:\/\/www.liberation.fr\/\u00a0\u00bb,\u00a0\u00bb\/international\u00a0\u00bb],\u00a0\u00bbfooter\u00a0\u00bb:[],\u00a0\u00bbfooter2&Prime;:[\u00ab\u00a0\/international\u00a0\u00bb]},\u00a0\u00bbinactive\u00a0\u00bb:false,\u00a0\u00bbnode_type\u00a0\u00bb:\u00a0\u00bbsection\u00a0\u00bb,\u00a0\u00bbchildren\u00a0\u00bb:[]},{\u00ab\u00a0_id\u00a0\u00bb:\u00a0\u00bb\/international\/moyen-orient\u00a0\u00bb,\u00a0\u00bbsite\u00a0\u00bb:{\u00ab\u00a0site_tagline\u00a0\u00bb:null,\u00a0\u00bbsite_url\u00a0\u00bb:null,\u00a0\u00bbsite_title\u00a0\u00bb:\u00a0\u00bbMoyen-Orient : actualit\u00e9s et infos sur la r\u00e9gion &#8211; Lib\u00e9ration\u00a0\u00bb,\u00a0\u00bbpagebuilder_path_for_native_apps\u00a0\u00bb:null,\u00a0\u00bbsite_about\u00a0\u00bb:null,\u00a0\u00bbsite_description\u00a0\u00bb:\u00a0\u00bbRetrouvez toute l&rsquo;actualit\u00e9 politique et \u00e9conomique des pays du Moyen-Orient sur Lib\u00e9ration : Irak, Iran, Isra\u00ebl, Jordanie, Palestine, Arabie Saoudite&#8230;\u00a0\u00bb,\u00a0\u00bbsite_keywords\u00a0\u00bb:null},\u00a0\u00bbsite_topper\u00a0\u00bb:{\u00ab\u00a0site_logo_image\u00a0\u00bb:null},\u00a0\u00bbsocial\u00a0\u00bb:{\u00ab\u00a0twitter\u00a0\u00bb:null,\u00a0\u00bbfacebook\u00a0\u00bb:null,\u00a0\u00bbrss\u00a0\u00bb:null,\u00a0\u00bbinstagram\u00a0\u00bb:null},\u00a0\u00bbnavigation\u00a0\u00bb:{\u00ab\u00a0nav_title\u00a0\u00bb:\u00a0\u00bbMoyen-Orient\u00a0\u00bb},\u00a0\u00bb_admin\u00a0\u00bb:{\u00ab\u00a0alias_ids\u00a0\u00bb:[\u00ab\u00a0\/international\/moyen-orient\u00a0\u00bb,\u00a0\u00bb200025&Prime;]},\u00a0\u00bb_website\u00a0\u00bb:\u00a0\u00bbliberation\u00a0\u00bb,\u00a0\u00bbname\u00a0\u00bb:\u00a0\u00bbMoyen-Orient\u00a0\u00bb,\u00a0\u00bborder\u00a0\u00bb:{\u00ab\u00a0default\u00a0\u00bb:2004,\u00a0\u00bbheadernav\u00a0\u00bb:2004,\u00a0\u00bbburgermenu\u00a0\u00bb:2004,\u00a0\u00bbamp-menu\u00a0\u00bb:2004,\u00a0\u00bbfooter2&Prime;:2004},\u00a0\u00bbparent\u00a0\u00bb:{\u00ab\u00a0default\u00a0\u00bb:\u00a0\u00bb\/international\u00a0\u00bb,\u00a0\u00bbheadernav\u00a0\u00bb:\u00a0\u00bb\/international\u00a0\u00bb,\u00a0\u00bbburgermenu\u00a0\u00bb:\u00a0\u00bb\/international\u00a0\u00bb,\u00a0\u00bbamp-menu\u00a0\u00bb:\u00a0\u00bb\/international\u00a0\u00bb,\u00a0\u00bbfooter\u00a0\u00bb:null,\u00a0\u00bbfooter2&Prime;:\u00a0\u00bb\/international\u00a0\u00bb},\u00a0\u00bbancestors\u00a0\u00bb:{\u00ab\u00a0default\u00a0\u00bb:[\u00ab\u00a0\/international\u00a0\u00bb],\u00a0\u00bbheadernav\u00a0\u00bb:[\u00ab\u00a0https:\/\/www.liberation.fr\/\u00a0\u00bb,\u00a0\u00bb\/international\u00a0\u00bb],\u00a0\u00bbburgermenu\u00a0\u00bb:[\u00ab\u00a0https:\/\/www.liberation.fr\/\u00a0\u00bb,\u00a0\u00bb\/international\u00a0\u00bb],\u00a0\u00bbamp-menu\u00a0\u00bb:[\u00ab\u00a0https:\/\/www.liberation.fr\/\u00a0\u00bb,\u00a0\u00bb\/international\u00a0\u00bb],\u00a0\u00bbfooter\u00a0\u00bb:[],\u00a0\u00bbfooter2&Prime;:[\u00ab\u00a0\/international\u00a0\u00bb]},\u00a0\u00bbinactive\u00a0\u00bb:false,\u00a0\u00bbnode_type\u00a0\u00bb:\u00a0\u00bbsection\u00a0\u00bb,\u00a0\u00bbchildren\u00a0\u00bb:[]},{\u00ab\u00a0_id\u00a0\u00bb:\u00a0\u00bb\/international\/asie-pacifique\u00a0\u00bb,\u00a0\u00bbsite\u00a0\u00bb:{\u00ab\u00a0site_tagline\u00a0\u00bb:null,\u00a0\u00bbsite_url\u00a0\u00bb:null,\u00a0\u00bbsite_title\u00a0\u00bb:\u00a0\u00bbAsie Pacifique : actualit\u00e9 politique et \u00e9conomique &#8211; Lib\u00e9ration\u00a0\u00bb,\u00a0\u00bbpagebuilder_path_for_native_apps\u00a0\u00bb:null,\u00a0\u00bbsite_about\u00a0\u00bb:null,\u00a0\u00bbsite_description\u00a0\u00bb:\u00a0\u00bbRetrouvez toute l&rsquo;actualit\u00e9 politique et \u00e9conomique de l&rsquo;Asie Pacifique sur Lib\u00e9ration : Chine, Inde, Pakistan, Indon\u00e9sie, Australie, Nouvelle-Z\u00e9lande&#8230;\u00a0\u00bb,\u00a0\u00bbsite_keywords\u00a0\u00bb:null},\u00a0\u00bbsite_topper\u00a0\u00bb:{\u00ab\u00a0site_logo_image\u00a0\u00bb:null},\u00a0\u00bbsocial\u00a0\u00bb:{\u00ab\u00a0twitter\u00a0\u00bb:null,\u00a0\u00bbfacebook\u00a0\u00bb:null,\u00a0\u00bbrss\u00a0\u00bb:null,\u00a0\u00bbinstagram\u00a0\u00bb:null},\u00a0\u00bbnavigation\u00a0\u00bb:{\u00ab\u00a0nav_title\u00a0\u00bb:\u00a0\u00bbAsie Pacifique\u00a0\u00bb},\u00a0\u00bb_admin\u00a0\u00bb:{\u00ab\u00a0alias_ids\u00a0\u00bb:[\u00ab\u00a0\/international\/asie-pacifique\u00a0\u00bb,\u00a0\u00bb200023&Prime;]},\u00a0\u00bb_website\u00a0\u00bb:\u00a0\u00bbliberation\u00a0\u00bb,\u00a0\u00bbname\u00a0\u00bb:\u00a0\u00bbAsie Pacifique\u00a0\u00bb,\u00a0\u00bborder\u00a0\u00bb:{\u00ab\u00a0default\u00a0\u00bb:2005,\u00a0\u00bbheadernav\u00a0\u00bb:2005,\u00a0\u00bbburgermenu\u00a0\u00bb:2005,\u00a0\u00bbamp-menu\u00a0\u00bb:2005,\u00a0\u00bbfooter2&Prime;:2005},\u00a0\u00bbparent\u00a0\u00bb:{\u00ab\u00a0default\u00a0\u00bb:\u00a0\u00bb\/international\u00a0\u00bb,\u00a0\u00bbheadernav\u00a0\u00bb:\u00a0\u00bb\/international\u00a0\u00bb,\u00a0\u00bbburgermenu\u00a0\u00bb:\u00a0\u00bb\/international\u00a0\u00bb,\u00a0\u00bbamp-menu\u00a0\u00bb:\u00a0\u00bb\/international\u00a0\u00bb,\u00a0\u00bbfooter\u00a0\u00bb:null,\u00a0\u00bbfooter2&Prime;:\u00a0\u00bb\/international\u00a0\u00bb},\u00a0\u00bbancestors\u00a0\u00bb:{\u00ab\u00a0default\u00a0\u00bb:[\u00ab\u00a0\/international\u00a0\u00bb],\u00a0\u00bbheadernav\u00a0\u00bb:[\u00ab\u00a0https:\/\/www.liberation.fr\/\u00a0\u00bb,\u00a0\u00bb\/international\u00a0\u00bb],\u00a0\u00bbburgermenu\u00a0\u00bb:[\u00ab\u00a0https:\/\/www.liberation.fr\/\u00a0\u00bb,\u00a0\u00bb\/international\u00a0\u00bb],\u00a0\u00bbamp-menu\u00a0\u00bb:[\u00ab\u00a0https:\/\/www.liberation.fr\/\u00a0\u00bb,\u00a0\u00bb\/international\u00a0\u00bb],\u00a0\u00bbfooter\u00a0\u00bb:[],\u00a0\u00bbfooter2&Prime;:[\u00ab\u00a0\/international\u00a0\u00bb]},\u00a0\u00bbinactive\u00a0\u00bb:false,\u00a0\u00bbnode_type\u00a0\u00bb:\u00a0\u00bbsection\u00a0\u00bb,\u00a0\u00bbchildren\u00a0\u00bb:[]}]},{\u00ab\u00a0_id\u00a0\u00bb:\u00a0\u00bb\/idees-et-debats\u00a0\u00bb,\u00a0\u00bbsite\u00a0\u00bb:{\u00ab\u00a0site_tagline\u00a0\u00bb:null,\u00a0\u00bbsite_url\u00a0\u00bb:null,\u00a0\u00bbsite_title\u00a0\u00bb:\u00a0\u00bbId\u00e9es &#038; D\u00e9bats : nos tribunes et chroniques &#8211; Lib\u00e9ration\u00a0\u00bb,\u00a0\u00bbpagebuilder_path_for_native_apps\u00a0\u00bb:null,\u00a0\u00bbsite_about\u00a0\u00bb:null,\u00a0\u00bbsite_description\u00a0\u00bb:\u00a0\u00bbRetrouvez toutes les tribunes, id\u00e9es et d\u00e9bats, \u00e9ditoriaux de Lib\u00e9ration.\u00a0\u00bb,\u00a0\u00bbsite_keywords\u00a0\u00bb:null},\u00a0\u00bbsite_topper\u00a0\u00bb:{\u00ab\u00a0site_logo_image\u00a0\u00bb:null},\u00a0\u00bbsocial\u00a0\u00bb:{\u00ab\u00a0twitter\u00a0\u00bb:null,\u00a0\u00bbfacebook\u00a0\u00bb:null,\u00a0\u00bbrss\u00a0\u00bb:null,\u00a0\u00bbinstagram\u00a0\u00bb:null},\u00a0\u00bbnavigation\u00a0\u00bb:{\u00ab\u00a0nav_title\u00a0\u00bb:\u00a0\u00bbId\u00e9es et D\u00e9bats\u00a0\u00bb},\u00a0\u00bb_admin\u00a0\u00bb:{\u00ab\u00a0alias_ids\u00a0\u00bb:[\u00ab\u00a0\/idees-et-debats\u00a0\u00bb,\u00a0\u00bb18&Prime;]},\u00a0\u00bb_website\u00a0\u00bb:\u00a0\u00bbliberation\u00a0\u00bb,\u00a0\u00bbname\u00a0\u00bb:\u00a0\u00bbId\u00e9es et D\u00e9bats\u00a0\u00bb,\u00a0\u00bborder\u00a0\u00bb:{\u00ab\u00a0burgermenu\u00a0\u00bb:1008,\u00a0\u00bbheadernav\u00a0\u00bb:1004,\u00a0\u00bbamp-menu\u00a0\u00bb:1005,\u00a0\u00bbfooter2&Prime;:1002,\u00a0\u00bbdefault\u00a0\u00bb:1001},\u00a0\u00bbparent\u00a0\u00bb:{\u00ab\u00a0default\u00a0\u00bb:\u00a0\u00bbhttps:\/\/www.liberation.fr\/\u00a0\u00bb,\u00a0\u00bbburgermenu\u00a0\u00bb:\u00a0\u00bbhttps:\/\/www.liberation.fr\/\u00a0\u00bb,\u00a0\u00bbheadernav\u00a0\u00bb:\u00a0\u00bbhttps:\/\/www.liberation.fr\/\u00a0\u00bb,\u00a0\u00bbamp-menu\u00a0\u00bb:\u00a0\u00bbhttps:\/\/www.liberation.fr\/\u00a0\u00bb,\u00a0\u00bbfooter\u00a0\u00bb:null,\u00a0\u00bbfooter2&Prime;:\u00a0\u00bbhttps:\/\/www.liberation.fr\/\u00a0\u00bb},\u00a0\u00bbancestors\u00a0\u00bb:{\u00ab\u00a0default\u00a0\u00bb:[\u00ab\u00a0https:\/\/www.liberation.fr\/\u00a0\u00bb],\u00a0\u00bbburgermenu\u00a0\u00bb:[\u00ab\u00a0https:\/\/www.liberation.fr\/\u00a0\u00bb],\u00a0\u00bbheadernav\u00a0\u00bb:[\u00ab\u00a0https:\/\/www.liberation.fr\/\u00a0\u00bb],\u00a0\u00bbamp-menu\u00a0\u00bb:[\u00ab\u00a0https:\/\/www.liberation.fr\/\u00a0\u00bb],\u00a0\u00bbfooter\u00a0\u00bb:[],\u00a0\u00bbfooter2&Prime;:[]},\u00a0\u00bbinactive\u00a0\u00bb:false,\u00a0\u00bbnode_type\u00a0\u00bb:\u00a0\u00bbsection\u00a0\u00bb,\u00a0\u00bbchildren\u00a0\u00bb:[]},{\u00ab\u00a0_id\u00a0\u00bb:\u00a0\u00bb\/culture\u00a0\u00bb,\u00a0\u00bbsite\u00a0\u00bb:{\u00ab\u00a0site_tagline\u00a0\u00bb:null,\u00a0\u00bbsite_url\u00a0\u00bb:null,\u00a0\u00bbsite_title\u00a0\u00bb:\u00a0\u00bbCulture, livres, tendances, mode, cin\u00e9ma, musique&#8230; &#8211; Lib\u00e9ration\u00a0\u00bb,\u00a0\u00bbsite_about\u00a0\u00bb:null,\u00a0\u00bbpagebuilder_path_for_native_apps\u00a0\u00bb:null,\u00a0\u00bbsite_description\u00a0\u00bb:\u00a0\u00bbRetrouvez toute l&rsquo;actualit\u00e9 culturelle avec Lib\u00e9ration : cin\u00e9ma, musique, livres, photographie, sc\u00e8nes et arts, les infos sur les s\u00e9ries ou encore sur les jeux vid\u00e9os.\u00a0\u00bb,\u00a0\u00bbsite_keywords\u00a0\u00bb:null},\u00a0\u00bbsite_topper\u00a0\u00bb:{\u00ab\u00a0site_logo_image\u00a0\u00bb:null},\u00a0\u00bbsocial\u00a0\u00bb:{\u00ab\u00a0twitter\u00a0\u00bb:null,\u00a0\u00bbfacebook\u00a0\u00bb:null,\u00a0\u00bbrss\u00a0\u00bb:null,\u00a0\u00bbinstagram\u00a0\u00bb:null},\u00a0\u00bbnavigation\u00a0\u00bb:{\u00ab\u00a0nav_title\u00a0\u00bb:null},\u00a0\u00bb_admin\u00a0\u00bb:{\u00ab\u00a0alias_ids\u00a0\u00bb:[\u00ab\u00a0\/culture\u00a0\u00bb,\u00a0\u00bb54&Prime;]},\u00a0\u00bb_website\u00a0\u00bb:\u00a0\u00bbliberation\u00a0\u00bb,\u00a0\u00bbname\u00a0\u00bb:\u00a0\u00bbCulture\u00a0\u00bb,\u00a0\u00bborder\u00a0\u00bb:{\u00ab\u00a0burgermenu\u00a0\u00bb:1005,\u00a0\u00bbdefault\u00a0\u00bb:1008,\u00a0\u00bbheadernav\u00a0\u00bb:1005,\u00a0\u00bbamp-menu\u00a0\u00bb:1010,\u00a0\u00bbfooter2&Prime;:1005},\u00a0\u00bbparent\u00a0\u00bb:{\u00ab\u00a0default\u00a0\u00bb:\u00a0\u00bbhttps:\/\/www.liberation.fr\/\u00a0\u00bb,\u00a0\u00bbburgermenu\u00a0\u00bb:\u00a0\u00bbhttps:\/\/www.liberation.fr\/\u00a0\u00bb,\u00a0\u00bbfooter\u00a0\u00bb:null,\u00a0\u00bbheadernav\u00a0\u00bb:\u00a0\u00bbhttps:\/\/www.liberation.fr\/\u00a0\u00bb,\u00a0\u00bbamp-menu\u00a0\u00bb:\u00a0\u00bbhttps:\/\/www.liberation.fr\/\u00a0\u00bb,\u00a0\u00bbfooter2&Prime;:\u00a0\u00bbhttps:\/\/www.liberation.fr\/\u00a0\u00bb},\u00a0\u00bbancestors\u00a0\u00bb:{\u00ab\u00a0default\u00a0\u00bb:[\u00ab\u00a0https:\/\/www.liberation.fr\/\u00a0\u00bb],\u00a0\u00bbburgermenu\u00a0\u00bb:[\u00ab\u00a0https:\/\/www.liberation.fr\/\u00a0\u00bb],\u00a0\u00bbfooter\u00a0\u00bb:[],\u00a0\u00bbheadernav\u00a0\u00bb:[\u00ab\u00a0https:\/\/www.liberation.fr\/\u00a0\u00bb],\u00a0\u00bbamp-menu\u00a0\u00bb:[\u00ab\u00a0https:\/\/www.liberation.fr\/\u00a0\u00bb],\u00a0\u00bbfooter2&Prime;:[\u00ab\u00a0https:\/\/www.liberation.fr\/\u00a0\u00bb]},\u00a0\u00bbinactive\u00a0\u00bb:false,\u00a0\u00bbnode_type\u00a0\u00bb:\u00a0\u00bbsection\u00a0\u00bb,\u00a0\u00bbchildren\u00a0\u00bb:[{\u00ab\u00a0_id\u00a0\u00bb:\u00a0\u00bb\/culture\/cinema\u00a0\u00bb,\u00a0\u00bbsite\u00a0\u00bb:{\u00ab\u00a0site_tagline\u00a0\u00bb:null,\u00a0\u00bbsite_url\u00a0\u00bb:null,\u00a0\u00bbsite_title\u00a0\u00bb:\u00a0\u00bbToute l&rsquo;actualit\u00e9 du cin\u00e9ma avec Lib\u00e9ration\u00a0\u00bb,\u00a0\u00bbpagebuilder_path_for_native_apps\u00a0\u00bb:null,\u00a0\u00bbsite_about\u00a0\u00bb:null,\u00a0\u00bbsite_description\u00a0\u00bb:\u00a0\u00bbRetrouvez toute l&rsquo;actualit\u00e9 du cin\u00e9ma : sorties cin\u00e9ma, critiques de films, tournages, blockbusters&#8230;\u00a0\u00bb,\u00a0\u00bbsite_keywords\u00a0\u00bb:null},\u00a0\u00bbsite_topper\u00a0\u00bb:{\u00ab\u00a0site_logo_image\u00a0\u00bb:null},\u00a0\u00bbsocial\u00a0\u00bb:{\u00ab\u00a0twitter\u00a0\u00bb:null,\u00a0\u00bbfacebook\u00a0\u00bb:null,\u00a0\u00bbrss\u00a0\u00bb:null,\u00a0\u00bbinstagram\u00a0\u00bb:null},\u00a0\u00bbnavigation\u00a0\u00bb:{\u00ab\u00a0nav_title\u00a0\u00bb:\u00a0\u00bbCin\u00e9ma\u00a0\u00bb},\u00a0\u00bb_admin\u00a0\u00bb:{\u00ab\u00a0alias_ids\u00a0\u00bb:[\u00ab\u00a0\/culture\/cinema\u00a0\u00bb,\u00a0\u00bb58&Prime;]},\u00a0\u00bb_website\u00a0\u00bb:\u00a0\u00bbliberation\u00a0\u00bb,\u00a0\u00bbname\u00a0\u00bb:\u00a0\u00bbCin\u00e9ma\u00a0\u00bb,\u00a0\u00bborder\u00a0\u00bb:{\u00ab\u00a0burgermenu\u00a0\u00bb:2003,\u00a0\u00bbamp-menu\u00a0\u00bb:2002,\u00a0\u00bbheadernav\u00a0\u00bb:2001,\u00a0\u00bbdefault\u00a0\u00bb:2002},\u00a0\u00bbparent\u00a0\u00bb:{\u00ab\u00a0default\u00a0\u00bb:\u00a0\u00bb\/culture\u00a0\u00bb,\u00a0\u00bbburgermenu\u00a0\u00bb:\u00a0\u00bb\/culture\u00a0\u00bb,\u00a0\u00bbfooter\u00a0\u00bb:null,\u00a0\u00bbheadernav\u00a0\u00bb:\u00a0\u00bb\/culture\u00a0\u00bb,\u00a0\u00bbamp-menu\u00a0\u00bb:\u00a0\u00bb\/culture\u00a0\u00bb,\u00a0\u00bbfooter2&Prime;:\u00a0\u00bb\/culture\u00a0\u00bb},\u00a0\u00bbancestors\u00a0\u00bb:{\u00ab\u00a0default\u00a0\u00bb:[\u00ab\u00a0\/culture\u00a0\u00bb,\u00a0\u00bbhttps:\/\/www.liberation.fr\/\u00a0\u00bb],\u00a0\u00bbburgermenu\u00a0\u00bb:[\u00ab\u00a0\/culture\u00a0\u00bb,\u00a0\u00bbhttps:\/\/www.liberation.fr\/\u00a0\u00bb],\u00a0\u00bbfooter\u00a0\u00bb:[],\u00a0\u00bbheadernav\u00a0\u00bb:[\u00ab\u00a0\/culture\u00a0\u00bb,\u00a0\u00bbhttps:\/\/www.liberation.fr\/\u00a0\u00bb],\u00a0\u00bbamp-menu\u00a0\u00bb:[\u00ab\u00a0https:\/\/www.liberation.fr\/\u00a0\u00bb,\u00a0\u00bb\/culture\u00a0\u00bb],\u00a0\u00bbfooter2&Prime;:[\u00ab\u00a0https:\/\/www.liberation.fr\/\u00a0\u00bb,\u00a0\u00bb\/culture\u00a0\u00bb]},\u00a0\u00bbinactive\u00a0\u00bb:false,\u00a0\u00bbnode_type\u00a0\u00bb:\u00a0\u00bbsection\u00a0\u00bb,\u00a0\u00bbchildren\u00a0\u00bb:[]},{\u00ab\u00a0_id\u00a0\u00bb:\u00a0\u00bb\/culture\/musique\u00a0\u00bb,\u00a0\u00bbsite\u00a0\u00bb:{\u00ab\u00a0site_tagline\u00a0\u00bb:null,\u00a0\u00bbsite_url\u00a0\u00bb:null,\u00a0\u00bbsite_title\u00a0\u00bb:\u00a0\u00bbToute l&rsquo;actualit\u00e9 de la musique avec Lib\u00e9ration\u00a0\u00bb,\u00a0\u00bbpagebuilder_path_for_native_apps\u00a0\u00bb:null,\u00a0\u00bbsite_about\u00a0\u00bb:null,\u00a0\u00bbsite_description\u00a0\u00bb:\u00a0\u00bbL&rsquo;actualit\u00e9 musicale : sorties albums, critiques musicales, playlists et podcasts. Ecoutez les sessions live exclusives en vid\u00e9o et en audio.\u00a0\u00bb,\u00a0\u00bbsite_keywords\u00a0\u00bb:null},\u00a0\u00bbsite_topper\u00a0\u00bb:{\u00ab\u00a0site_logo_image\u00a0\u00bb:null},\u00a0\u00bbsocial\u00a0\u00bb:{\u00ab\u00a0twitter\u00a0\u00bb:null,\u00a0\u00bbfacebook\u00a0\u00bb:null,\u00a0\u00bbrss\u00a0\u00bb:null,\u00a0\u00bbinstagram\u00a0\u00bb:null},\u00a0\u00bbnavigation\u00a0\u00bb:{\u00ab\u00a0nav_title\u00a0\u00bb:\u00a0\u00bbMusique\u00a0\u00bb},\u00a0\u00bb_admin\u00a0\u00bb:{\u00ab\u00a0alias_ids\u00a0\u00bb:[\u00ab\u00a0\/culture\/musique\u00a0\u00bb,\u00a0\u00bb59&Prime;]},\u00a0\u00bb_website\u00a0\u00bb:\u00a0\u00bbliberation\u00a0\u00bb,\u00a0\u00bbname\u00a0\u00bb:\u00a0\u00bbMusique\u00a0\u00bb,\u00a0\u00bborder\u00a0\u00bb:{\u00ab\u00a0burgermenu\u00a0\u00bb:2005,\u00a0\u00bbamp-menu\u00a0\u00bb:2004,\u00a0\u00bbheadernav\u00a0\u00bb:2002,\u00a0\u00bbdefault\u00a0\u00bb:2003},\u00a0\u00bbparent\u00a0\u00bb:{\u00ab\u00a0default\u00a0\u00bb:\u00a0\u00bb\/culture\u00a0\u00bb,\u00a0\u00bbburgermenu\u00a0\u00bb:\u00a0\u00bb\/culture\u00a0\u00bb,\u00a0\u00bbfooter\u00a0\u00bb:null,\u00a0\u00bbheadernav\u00a0\u00bb:\u00a0\u00bb\/culture\u00a0\u00bb,\u00a0\u00bbamp-menu\u00a0\u00bb:\u00a0\u00bb\/culture\u00a0\u00bb,\u00a0\u00bbfooter2&Prime;:\u00a0\u00bb\/culture\u00a0\u00bb},\u00a0\u00bbancestors\u00a0\u00bb:{\u00ab\u00a0default\u00a0\u00bb:[\u00ab\u00a0\/culture\u00a0\u00bb,\u00a0\u00bbhttps:\/\/www.liberation.fr\/\u00a0\u00bb],\u00a0\u00bbburgermenu\u00a0\u00bb:[\u00ab\u00a0\/culture\u00a0\u00bb,\u00a0\u00bbhttps:\/\/www.liberation.fr\/\u00a0\u00bb],\u00a0\u00bbfooter\u00a0\u00bb:[],\u00a0\u00bbheadernav\u00a0\u00bb:[\u00ab\u00a0\/culture\u00a0\u00bb,\u00a0\u00bbhttps:\/\/www.liberation.fr\/\u00a0\u00bb],\u00a0\u00bbamp-menu\u00a0\u00bb:[\u00ab\u00a0https:\/\/www.liberation.fr\/\u00a0\u00bb,\u00a0\u00bb\/culture\u00a0\u00bb],\u00a0\u00bbfooter2&Prime;:[\u00ab\u00a0https:\/\/www.liberation.fr\/\u00a0\u00bb,\u00a0\u00bb\/culture\u00a0\u00bb]},\u00a0\u00bbinactive\u00a0\u00bb:false,\u00a0\u00bbnode_type\u00a0\u00bb:\u00a0\u00bbsection\u00a0\u00bb,\u00a0\u00bbchildren\u00a0\u00bb:[]},{\u00ab\u00a0_id\u00a0\u00bb:\u00a0\u00bb\/culture\/livres\u00a0\u00bb,\u00a0\u00bbsite\u00a0\u00bb:{\u00ab\u00a0site_tagline\u00a0\u00bb:null,\u00a0\u00bbsite_url\u00a0\u00bb:null,\u00a0\u00bbsite_title\u00a0\u00bb:\u00a0\u00bbLivres : toute l&rsquo;actualit\u00e9 litt\u00e9raire avec Lib\u00e9ration\u00a0\u00bb,\u00a0\u00bbpagebuilder_path_for_native_apps\u00a0\u00bb:null,\u00a0\u00bbsite_about\u00a0\u00bb:null,\u00a0\u00bbsite_description\u00a0\u00bb:\u00a0\u00bbRetrouvez toute l&rsquo;actualit\u00e9 litt\u00e9raire : critiques et nouveaut\u00e9s livres, le cahier livres, nos rencontres et interviews d&rsquo;auteurs.\u00a0\u00bb,\u00a0\u00bbsite_keywords\u00a0\u00bb:null},\u00a0\u00bbsite_topper\u00a0\u00bb:{\u00ab\u00a0site_logo_image\u00a0\u00bb:null},\u00a0\u00bbsocial\u00a0\u00bb:{\u00ab\u00a0twitter\u00a0\u00bb:null,\u00a0\u00bbfacebook\u00a0\u00bb:null,\u00a0\u00bbrss\u00a0\u00bb:null,\u00a0\u00bbinstagram\u00a0\u00bb:null},\u00a0\u00bbnavigation\u00a0\u00bb:{\u00ab\u00a0nav_title\u00a0\u00bb:\u00a0\u00bbLivres\u00a0\u00bb},\u00a0\u00bb_admin\u00a0\u00bb:{\u00ab\u00a0alias_ids\u00a0\u00bb:[\u00ab\u00a0\/culture\/livres\u00a0\u00bb,\u00a0\u00bb60&Prime;]},\u00a0\u00bb_website\u00a0\u00bb:\u00a0\u00bbliberation\u00a0\u00bb,\u00a0\u00bbname\u00a0\u00bb:\u00a0\u00bbLivres\u00a0\u00bb,\u00a0\u00bborder\u00a0\u00bb:{\u00ab\u00a0burgermenu\u00a0\u00bb:2007,\u00a0\u00bbdefault\u00a0\u00bb:2006,\u00a0\u00bbheadernav\u00a0\u00bb:2003,\u00a0\u00bbamp-menu\u00a0\u00bb:2006,\u00a0\u00bbfooter2&Prime;:2003},\u00a0\u00bbparent\u00a0\u00bb:{\u00ab\u00a0default\u00a0\u00bb:\u00a0\u00bb\/culture\u00a0\u00bb,\u00a0\u00bbburgermenu\u00a0\u00bb:\u00a0\u00bb\/culture\u00a0\u00bb,\u00a0\u00bbfooter\u00a0\u00bb:null,\u00a0\u00bbheadernav\u00a0\u00bb:\u00a0\u00bb\/culture\u00a0\u00bb,\u00a0\u00bbamp-menu\u00a0\u00bb:\u00a0\u00bb\/culture\u00a0\u00bb,\u00a0\u00bbfooter2&Prime;:\u00a0\u00bb\/culture\u00a0\u00bb},\u00a0\u00bbancestors\u00a0\u00bb:{\u00ab\u00a0default\u00a0\u00bb:[\u00ab\u00a0\/culture\u00a0\u00bb,\u00a0\u00bbhttps:\/\/www.liberation.fr\/\u00a0\u00bb],\u00a0\u00bbburgermenu\u00a0\u00bb:[\u00ab\u00a0\/culture\u00a0\u00bb,\u00a0\u00bbhttps:\/\/www.liberation.fr\/\u00a0\u00bb],\u00a0\u00bbfooter\u00a0\u00bb:[],\u00a0\u00bbheadernav\u00a0\u00bb:[\u00ab\u00a0\/culture\u00a0\u00bb,\u00a0\u00bbhttps:\/\/www.liberation.fr\/\u00a0\u00bb],\u00a0\u00bbamp-menu\u00a0\u00bb:[\u00ab\u00a0https:\/\/www.liberation.fr\/\u00a0\u00bb,\u00a0\u00bb\/culture\u00a0\u00bb],\u00a0\u00bbfooter2&Prime;:[\u00ab\u00a0https:\/\/www.liberation.fr\/\u00a0\u00bb,\u00a0\u00bb\/culture\u00a0\u00bb]},\u00a0\u00bbinactive\u00a0\u00bb:false,\u00a0\u00bbnode_type\u00a0\u00bb:\u00a0\u00bbsection\u00a0\u00bb,\u00a0\u00bbchildren\u00a0\u00bb:[]},{\u00ab\u00a0_id\u00a0\u00bb:\u00a0\u00bb\/culture\/scenes\u00a0\u00bb,\u00a0\u00bb_website\u00a0\u00bb:\u00a0\u00bbliberation\u00a0\u00bb,\u00a0\u00bbname\u00a0\u00bb:\u00a0\u00bbTh\u00e9\u00e2tre et sc\u00e8nes\u00a0\u00bb,\u00a0\u00bbinactive\u00a0\u00bb:false,\u00a0\u00bbancestors\u00a0\u00bb:{\u00ab\u00a0default\u00a0\u00bb:[\u00ab\u00a0\/culture\u00a0\u00bb,\u00a0\u00bbhttps:\/\/www.liberation.fr\/\u00a0\u00bb],\u00a0\u00bbburgermenu\u00a0\u00bb:[\u00ab\u00a0\/culture\u00a0\u00bb,\u00a0\u00bbhttps:\/\/www.liberation.fr\/\u00a0\u00bb],\u00a0\u00bbheadernav\u00a0\u00bb:[\u00ab\u00a0\/culture\u00a0\u00bb,\u00a0\u00bbhttps:\/\/www.liberation.fr\/\u00a0\u00bb],\u00a0\u00bbamp-menu\u00a0\u00bb:[\u00ab\u00a0https:\/\/www.liberation.fr\/\u00a0\u00bb,\u00a0\u00bb\/culture\u00a0\u00bb],\u00a0\u00bbfooter\u00a0\u00bb:[],\u00a0\u00bbfooter2&Prime;:[\u00ab\u00a0https:\/\/www.liberation.fr\/\u00a0\u00bb,\u00a0\u00bb\/culture\u00a0\u00bb]},\u00a0\u00bbparent\u00a0\u00bb:{\u00ab\u00a0default\u00a0\u00bb:\u00a0\u00bb\/culture\u00a0\u00bb,\u00a0\u00bbburgermenu\u00a0\u00bb:\u00a0\u00bb\/culture\u00a0\u00bb,\u00a0\u00bbheadernav\u00a0\u00bb:\u00a0\u00bb\/culture\u00a0\u00bb,\u00a0\u00bbamp-menu\u00a0\u00bb:\u00a0\u00bb\/culture\u00a0\u00bb,\u00a0\u00bbfooter\u00a0\u00bb:null,\u00a0\u00bbfooter2&Prime;:\u00a0\u00bb\/culture\u00a0\u00bb},\u00a0\u00bborder\u00a0\u00bb:{\u00ab\u00a0burgermenu\u00a0\u00bb:2010,\u00a0\u00bbdefault\u00a0\u00bb:2008,\u00a0\u00bbheadernav\u00a0\u00bb:2004,\u00a0\u00bbamp-menu\u00a0\u00bb:2008,\u00a0\u00bbfooter2&Prime;:2004},\u00a0\u00bb_admin\u00a0\u00bb:{\u00ab\u00a0alias_ids\u00a0\u00bb:[\u00ab\u00a0\/culture\/scenes\u00a0\u00bb,\u00a0\u00bb28&Prime;]},\u00a0\u00bbnavigation\u00a0\u00bb:{\u00ab\u00a0nav_title\u00a0\u00bb:\u00a0\u00bbSc\u00e8nes\u00a0\u00bb},\u00a0\u00bbsite\u00a0\u00bb:{\u00ab\u00a0pagebuilder_path_for_native_apps\u00a0\u00bb:null,\u00a0\u00bbsite_about\u00a0\u00bb:null,\u00a0\u00bbsite_description\u00a0\u00bb:\u00a0\u00bbRetrouvez toute l&rsquo;actualit\u00e9 du th\u00e9\u00e2tre et du spectacle : nouveaut\u00e9s et critiques de pi\u00e8ces de th\u00e9\u00e2tre, ballets, danse, nos interviews d&rsquo;auteurs et pr\u00e9sentation des Festival&#8230;\u00a0\u00bb,\u00a0\u00bbsite_keywords\u00a0\u00bb:null,\u00a0\u00bbsite_tagline\u00a0\u00bb:null,\u00a0\u00bbsite_title\u00a0\u00bb:\u00a0\u00bbSc\u00e8nes : toute l&rsquo;actualit\u00e9 du th\u00e9\u00e2tre et du spectacle &#8211; Lib\u00e9ration\u00a0\u00bb,\u00a0\u00bbsite_url\u00a0\u00bb:null},\u00a0\u00bbsite_topper\u00a0\u00bb:{\u00ab\u00a0site_logo_image\u00a0\u00bb:null},\u00a0\u00bbsocial\u00a0\u00bb:{\u00ab\u00a0facebook\u00a0\u00bb:null,\u00a0\u00bbinstagram\u00a0\u00bb:null,\u00a0\u00bbrss\u00a0\u00bb:null,\u00a0\u00bbtwitter\u00a0\u00bb:null},\u00a0\u00bbnode_type\u00a0\u00bb:\u00a0\u00bbsection\u00a0\u00bb,\u00a0\u00bbchildren\u00a0\u00bb:[]},{\u00ab\u00a0_id\u00a0\u00bb:\u00a0\u00bb\/culture\/arts\u00a0\u00bb,\u00a0\u00bbsite\u00a0\u00bb:{\u00ab\u00a0site_tagline\u00a0\u00bb:null,\u00a0\u00bbsite_url\u00a0\u00bb:null,\u00a0\u00bbsite_title\u00a0\u00bb:\u00a0\u00bbArts : actualit\u00e9s et informations &#8211; Lib\u00e9ration\u00a0\u00bb,\u00a0\u00bbpagebuilder_path_for_native_apps\u00a0\u00bb:null,\u00a0\u00bbsite_about\u00a0\u00bb:null,\u00a0\u00bbsite_description\u00a0\u00bb:\u00a0\u00bbRetrouvez toute l&rsquo;actualit\u00e9 sur les arts avec Lib\u00e9ration : expositions, peintures, art contemporain&#8230;\u00a0\u00bb,\u00a0\u00bbsite_keywords\u00a0\u00bb:null},\u00a0\u00bbsite_topper\u00a0\u00bb:{\u00ab\u00a0site_logo_image\u00a0\u00bb:null},\u00a0\u00bbsocial\u00a0\u00bb:{\u00ab\u00a0twitter\u00a0\u00bb:null,\u00a0\u00bbfacebook\u00a0\u00bb:null,\u00a0\u00bbrss\u00a0\u00bb:null,\u00a0\u00bbinstagram\u00a0\u00bb:null},\u00a0\u00bbnavigation\u00a0\u00bb:{\u00ab\u00a0nav_title\u00a0\u00bb:\u00a0\u00bbArts\u00a0\u00bb},\u00a0\u00bb_admin\u00a0\u00bb:{\u00ab\u00a0alias_ids\u00a0\u00bb:[\u00ab\u00a0\/culture\/arts\u00a0\u00bb,\u00a0\u00bb99964&Prime;]},\u00a0\u00bb_website\u00a0\u00bb:\u00a0\u00bbliberation\u00a0\u00bb,\u00a0\u00bbname\u00a0\u00bb:\u00a0\u00bbArts\u00a0\u00bb,\u00a0\u00bborder\u00a0\u00bb:{\u00ab\u00a0burgermenu\u00a0\u00bb:2002,\u00a0\u00bbdefault\u00a0\u00bb:2009,\u00a0\u00bbheadernav\u00a0\u00bb:2005,\u00a0\u00bbamp-menu\u00a0\u00bb:2001,\u00a0\u00bbfooter2&Prime;:2005},\u00a0\u00bbparent\u00a0\u00bb:{\u00ab\u00a0default\u00a0\u00bb:\u00a0\u00bb\/culture\u00a0\u00bb,\u00a0\u00bbburgermenu\u00a0\u00bb:\u00a0\u00bb\/culture\u00a0\u00bb,\u00a0\u00bbheadernav\u00a0\u00bb:\u00a0\u00bb\/culture\u00a0\u00bb,\u00a0\u00bbamp-menu\u00a0\u00bb:\u00a0\u00bb\/culture\u00a0\u00bb,\u00a0\u00bbfooter\u00a0\u00bb:null,\u00a0\u00bbfooter2&Prime;:\u00a0\u00bb\/culture\u00a0\u00bb},\u00a0\u00bbancestors\u00a0\u00bb:{\u00ab\u00a0default\u00a0\u00bb:[\u00ab\u00a0\/culture\u00a0\u00bb,\u00a0\u00bbhttps:\/\/www.liberation.fr\/\u00a0\u00bb],\u00a0\u00bbburgermenu\u00a0\u00bb:[\u00ab\u00a0\/culture\u00a0\u00bb,\u00a0\u00bbhttps:\/\/www.liberation.fr\/\u00a0\u00bb],\u00a0\u00bbheadernav\u00a0\u00bb:[\u00ab\u00a0\/culture\u00a0\u00bb,\u00a0\u00bbhttps:\/\/www.liberation.fr\/\u00a0\u00bb],\u00a0\u00bbamp-menu\u00a0\u00bb:[\u00ab\u00a0https:\/\/www.liberation.fr\/\u00a0\u00bb,\u00a0\u00bb\/culture\u00a0\u00bb],\u00a0\u00bbfooter\u00a0\u00bb:[],\u00a0\u00bbfooter2&Prime;:[\u00ab\u00a0https:\/\/www.liberation.fr\/\u00a0\u00bb,\u00a0\u00bb\/culture\u00a0\u00bb]},\u00a0\u00bbinactive\u00a0\u00bb:false,\u00a0\u00bbnode_type\u00a0\u00bb:\u00a0\u00bbsection\u00a0\u00bb,\u00a0\u00bbchildren\u00a0\u00bb:[{\u00ab\u00a0_id\u00a0\u00bb:\u00a0\u00bb\/culture\/arts\/art-contemporain\u00a0\u00bb,\u00a0\u00bbsite\u00a0\u00bb:{\u00ab\u00a0site_title\u00a0\u00bb:\u00a0\u00bbArt contemporain : actualit\u00e9s et informations &#8211; Lib\u00e9ration\u00a0\u00bb,\u00a0\u00bbsite_about\u00a0\u00bb:null,\u00a0\u00bbsite_tagline\u00a0\u00bb:null,\u00a0\u00bbpagebuilder_path_for_native_apps\u00a0\u00bb:null,\u00a0\u00bbsite_url\u00a0\u00bb:null,\u00a0\u00bbsite_description\u00a0\u00bb:\u00a0\u00bbRetrouvez toute l&rsquo;actualit\u00e9 sur l&rsquo;art contemporain avec Lib\u00e9ration.\u00a0\u00bb,\u00a0\u00bbsite_keywords\u00a0\u00bb:null},\u00a0\u00bbsocial\u00a0\u00bb:{\u00ab\u00a0facebook\u00a0\u00bb:null,\u00a0\u00bbinstagram\u00a0\u00bb:null,\u00a0\u00bbrss\u00a0\u00bb:null,\u00a0\u00bbtwitter\u00a0\u00bb:null},\u00a0\u00bbsite_topper\u00a0\u00bb:{\u00ab\u00a0site_logo_image\u00a0\u00bb:null},\u00a0\u00bbnavigation\u00a0\u00bb:{\u00ab\u00a0nav_title\u00a0\u00bb:\u00a0\u00bbArt contemporain\u00a0\u00bb},\u00a0\u00bb_admin\u00a0\u00bb:{\u00ab\u00a0alias_ids\u00a0\u00bb:[\u00ab\u00a0\/culture\/arts\/art-contemporain\u00a0\u00bb,\u00a0\u00bb200046&Prime;]},\u00a0\u00bb_website\u00a0\u00bb:\u00a0\u00bbliberation\u00a0\u00bb,\u00a0\u00bbname\u00a0\u00bb:\u00a0\u00bbArt contemporain\u00a0\u00bb,\u00a0\u00bborder\u00a0\u00bb:{\u00ab\u00a0burgermenu\u00a0\u00bb:3001},\u00a0\u00bbparent\u00a0\u00bb:{\u00ab\u00a0default\u00a0\u00bb:\u00a0\u00bb\/culture\/arts\u00a0\u00bb,\u00a0\u00bbheadernav\u00a0\u00bb:\u00a0\u00bb\/culture\/arts\u00a0\u00bb,\u00a0\u00bbburgermenu\u00a0\u00bb:\u00a0\u00bb\/culture\/arts\u00a0\u00bb,\u00a0\u00bbfooter\u00a0\u00bb:null,\u00a0\u00bbfooter2&Prime;:\u00a0\u00bb\/culture\/arts\u00a0\u00bb},\u00a0\u00bbancestors\u00a0\u00bb:{\u00ab\u00a0default\u00a0\u00bb:[\u00ab\u00a0https:\/\/www.liberation.fr\/\u00a0\u00bb,\u00a0\u00bb\/culture\u00a0\u00bb,\u00a0\u00bb\/culture\/arts\u00a0\u00bb],\u00a0\u00bbheadernav\u00a0\u00bb:[\u00ab\u00a0https:\/\/www.liberation.fr\/\u00a0\u00bb,\u00a0\u00bb\/culture\u00a0\u00bb,\u00a0\u00bb\/culture\/arts\u00a0\u00bb],\u00a0\u00bbburgermenu\u00a0\u00bb:[\u00ab\u00a0https:\/\/www.liberation.fr\/\u00a0\u00bb,\u00a0\u00bb\/culture\u00a0\u00bb,\u00a0\u00bb\/culture\/arts\u00a0\u00bb],\u00a0\u00bbfooter\u00a0\u00bb:[],\u00a0\u00bbfooter2&Prime;:[\u00ab\u00a0https:\/\/www.liberation.fr\/\u00a0\u00bb,\u00a0\u00bb\/culture\u00a0\u00bb,\u00a0\u00bb\/culture\/arts\u00a0\u00bb]},\u00a0\u00bbinactive\u00a0\u00bb:false,\u00a0\u00bbnode_type\u00a0\u00bb:\u00a0\u00bbsection\u00a0\u00bb,\u00a0\u00bbchildren\u00a0\u00bb:[]}]},{\u00ab\u00a0_id\u00a0\u00bb:\u00a0\u00bb\/culture\/series\u00a0\u00bb,\u00a0\u00bbsite\u00a0\u00bb:{\u00ab\u00a0site_tagline\u00a0\u00bb:null,\u00a0\u00bbsite_url\u00a0\u00bb:null,\u00a0\u00bbsite_title\u00a0\u00bb:\u00a0\u00bbS\u00e9ries TV : critiques, s\u00e9lections et actus &#8211; Lib\u00e9ration\u00a0\u00bb,\u00a0\u00bbpagebuilder_path_for_native_apps\u00a0\u00bb:null,\u00a0\u00bbsite_about\u00a0\u00bb:null,\u00a0\u00bbsite_description\u00a0\u00bb:\u00a0\u00bbRetrouvez toute l&rsquo;actualit\u00e9 sur les s\u00e9ries TV, critiques, nouveaut\u00e9s ainsi que les s\u00e9lections de Lib\u00e9ration.\u00a0\u00bb,\u00a0\u00bbsite_keywords\u00a0\u00bb:null},\u00a0\u00bbsite_topper\u00a0\u00bb:{\u00ab\u00a0site_logo_image\u00a0\u00bb:null},\u00a0\u00bbsocial\u00a0\u00bb:{\u00ab\u00a0twitter\u00a0\u00bb:null,\u00a0\u00bbfacebook\u00a0\u00bb:null,\u00a0\u00bbrss\u00a0\u00bb:null,\u00a0\u00bbinstagram\u00a0\u00bb:null},\u00a0\u00bbnavigation\u00a0\u00bb:{\u00ab\u00a0nav_title\u00a0\u00bb:\u00a0\u00bbS\u00e9ries\u00a0\u00bb},\u00a0\u00bb_admin\u00a0\u00bb:{\u00ab\u00a0alias_ids\u00a0\u00bb:[\u00ab\u00a0\/culture\/series\u00a0\u00bb,\u00a0\u00bb200005&Prime;]},\u00a0\u00bb_website\u00a0\u00bb:\u00a0\u00bbliberation\u00a0\u00bb,\u00a0\u00bbname\u00a0\u00bb:\u00a0\u00bbS\u00e9ries\u00a0\u00bb,\u00a0\u00bborder\u00a0\u00bb:{\u00ab\u00a0burgermenu\u00a0\u00bb:2011,\u00a0\u00bbdefault\u00a0\u00bb:2010,\u00a0\u00bbheadernav\u00a0\u00bb:2006,\u00a0\u00bbamp-menu\u00a0\u00bb:2009,\u00a0\u00bbfooter2&Prime;:2007},\u00a0\u00bbparent\u00a0\u00bb:{\u00ab\u00a0default\u00a0\u00bb:\u00a0\u00bb\/culture\u00a0\u00bb,\u00a0\u00bbburgermenu\u00a0\u00bb:\u00a0\u00bb\/culture\u00a0\u00bb,\u00a0\u00bbheadernav\u00a0\u00bb:\u00a0\u00bb\/culture\u00a0\u00bb,\u00a0\u00bbamp-menu\u00a0\u00bb:\u00a0\u00bb\/culture\u00a0\u00bb,\u00a0\u00bbfooter\u00a0\u00bb:null,\u00a0\u00bbfooter2&Prime;:\u00a0\u00bb\/culture\u00a0\u00bb},\u00a0\u00bbancestors\u00a0\u00bb:{\u00ab\u00a0default\u00a0\u00bb:[\u00ab\u00a0\/culture\u00a0\u00bb,\u00a0\u00bbhttps:\/\/www.liberation.fr\/\u00a0\u00bb],\u00a0\u00bbburgermenu\u00a0\u00bb:[\u00ab\u00a0\/culture\u00a0\u00bb,\u00a0\u00bbhttps:\/\/www.liberation.fr\/\u00a0\u00bb],\u00a0\u00bbheadernav\u00a0\u00bb:[\u00ab\u00a0\/culture\u00a0\u00bb,\u00a0\u00bbhttps:\/\/www.liberation.fr\/\u00a0\u00bb],\u00a0\u00bbamp-menu\u00a0\u00bb:[\u00ab\u00a0https:\/\/www.liberation.fr\/\u00a0\u00bb,\u00a0\u00bb\/culture\u00a0\u00bb],\u00a0\u00bbfooter\u00a0\u00bb:[],\u00a0\u00bbfooter2&Prime;:[\u00ab\u00a0https:\/\/www.liberation.fr\/\u00a0\u00bb,\u00a0\u00bb\/culture\u00a0\u00bb]},\u00a0\u00bbinactive\u00a0\u00bb:false,\u00a0\u00bbnode_type\u00a0\u00bb:\u00a0\u00bbsection\u00a0\u00bb,\u00a0\u00bbchildren\u00a0\u00bb:[]},{\u00ab\u00a0_id\u00a0\u00bb:\u00a0\u00bb\/culture\/jeux-video\u00a0\u00bb,\u00a0\u00bbsite\u00a0\u00bb:{\u00ab\u00a0site_tagline\u00a0\u00bb:null,\u00a0\u00bbsite_url\u00a0\u00bb:null,\u00a0\u00bbsite_title\u00a0\u00bb:\u00a0\u00bbToute l&rsquo;actualit\u00e9 des jeux vid\u00e9o &#8211; Lib\u00e9ration\u00a0\u00bb,\u00a0\u00bbpagebuilder_path_for_native_apps\u00a0\u00bb:null,\u00a0\u00bbsite_about\u00a0\u00bb:null,\u00a0\u00bbsite_description\u00a0\u00bb:\u00a0\u00bbRetrouvez toute l&rsquo;actualit\u00e9 sur les jeux vid\u00e9o avec Lib\u00e9ration.\u00a0\u00bb,\u00a0\u00bbsite_keywords\u00a0\u00bb:null},\u00a0\u00bbsite_topper\u00a0\u00bb:{\u00ab\u00a0site_logo_image\u00a0\u00bb:null},\u00a0\u00bbsocial\u00a0\u00bb:{\u00ab\u00a0twitter\u00a0\u00bb:null,\u00a0\u00bbfacebook\u00a0\u00bb:null,\u00a0\u00bbrss\u00a0\u00bb:null,\u00a0\u00bbinstagram\u00a0\u00bb:null},\u00a0\u00bbnavigation\u00a0\u00bb:{\u00ab\u00a0nav_title\u00a0\u00bb:\u00a0\u00bbJeux vid\u00e9o\u00a0\u00bb},\u00a0\u00bb_admin\u00a0\u00bb:{\u00ab\u00a0alias_ids\u00a0\u00bb:[\u00ab\u00a0\/culture\/jeux-video\u00a0\u00bb,\u00a0\u00bb200006&Prime;]},\u00a0\u00bb_website\u00a0\u00bb:\u00a0\u00bbliberation\u00a0\u00bb,\u00a0\u00bbname\u00a0\u00bb:\u00a0\u00bbJeux vid\u00e9o\u00a0\u00bb,\u00a0\u00bborder\u00a0\u00bb:{\u00ab\u00a0burgermenu\u00a0\u00bb:2004,\u00a0\u00bbdefault\u00a0\u00bb:2011,\u00a0\u00bbheadernav\u00a0\u00bb:2007,\u00a0\u00bbamp-menu\u00a0\u00bb:2003,\u00a0\u00bbfooter2&Prime;:2008},\u00a0\u00bbparent\u00a0\u00bb:{\u00ab\u00a0default\u00a0\u00bb:\u00a0\u00bb\/culture\u00a0\u00bb,\u00a0\u00bbburgermenu\u00a0\u00bb:\u00a0\u00bb\/culture\u00a0\u00bb,\u00a0\u00bbheadernav\u00a0\u00bb:\u00a0\u00bb\/culture\u00a0\u00bb,\u00a0\u00bbamp-menu\u00a0\u00bb:\u00a0\u00bb\/culture\u00a0\u00bb,\u00a0\u00bbfooter\u00a0\u00bb:null,\u00a0\u00bbfooter2&Prime;:\u00a0\u00bb\/culture\u00a0\u00bb},\u00a0\u00bbancestors\u00a0\u00bb:{\u00ab\u00a0default\u00a0\u00bb:[\u00ab\u00a0\/culture\u00a0\u00bb,\u00a0\u00bbhttps:\/\/www.liberation.fr\/\u00a0\u00bb],\u00a0\u00bbburgermenu\u00a0\u00bb:[\u00ab\u00a0\/culture\u00a0\u00bb,\u00a0\u00bbhttps:\/\/www.liberation.fr\/\u00a0\u00bb],\u00a0\u00bbheadernav\u00a0\u00bb:[\u00ab\u00a0\/culture\u00a0\u00bb,\u00a0\u00bbhttps:\/\/www.liberation.fr\/\u00a0\u00bb],\u00a0\u00bbamp-menu\u00a0\u00bb:[\u00ab\u00a0https:\/\/www.liberation.fr\/\u00a0\u00bb,\u00a0\u00bb\/culture\u00a0\u00bb],\u00a0\u00bbfooter\u00a0\u00bb:[],\u00a0\u00bbfooter2&Prime;:[\u00ab\u00a0https:\/\/www.liberation.fr\/\u00a0\u00bb,\u00a0\u00bb\/culture\u00a0\u00bb]},\u00a0\u00bbinactive\u00a0\u00bb:false,\u00a0\u00bbnode_type\u00a0\u00bb:\u00a0\u00bbsection\u00a0\u00bb,\u00a0\u00bbchildren\u00a0\u00bb:[]},{\u00ab\u00a0_id\u00a0\u00bb:\u00a0\u00bblink-QKLVECHFYRF7RALCHUEXUKCIYU\u00a0\u00bb,\u00a0\u00bb_website\u00a0\u00bb:\u00a0\u00bbliberation\u00a0\u00bb,\u00a0\u00bbdisplay_name\u00a0\u00bb:\u00a0\u00bbPolars et thrillers\u00a0\u00bb,\u00a0\u00bburl\u00a0\u00bb:\u00a0\u00bbhttps:\/\/www.liberation.fr\/tags\/romans-policiers-polars-et-thrillers\/\u00a0\u00bb,\u00a0\u00bbparent\u00a0\u00bb:{\u00ab\u00a0headernav\u00a0\u00bb:\u00a0\u00bb\/culture\u00a0\u00bb},\u00a0\u00bborder\u00a0\u00bb:{\u00ab\u00a0headernav\u00a0\u00bb:2008},\u00a0\u00bbnode_type\u00a0\u00bb:\u00a0\u00bblink\u00a0\u00bb,\u00a0\u00bbchildren\u00a0\u00bb:[]}]},{\u00ab\u00a0_id\u00a0\u00bb:\u00a0\u00bb\/checknews\u00a0\u00bb,\u00a0\u00bbsite\u00a0\u00bb:{\u00ab\u00a0site_tagline\u00a0\u00bb:null,\u00a0\u00bbsite_url\u00a0\u00bb:\u00a0\u00bb\u00a0\u00bb,\u00a0\u00bbsite_title\u00a0\u00bb:\u00a0\u00bbChecknews\u00a0\u00bb,\u00a0\u00bbsite_about\u00a0\u00bb:null,\u00a0\u00bbpagebuilder_path_for_native_apps\u00a0\u00bb:null,\u00a0\u00bbsite_description\u00a0\u00bb:\u00a0\u00bbPour mieux comprendre l&rsquo;actualit\u00e9, Lib\u00e9ration lance CheckNews, un nouveau type de moteur de recherche g\u00e9r\u00e9 par des journalistes. Posez vos questions, nous prendrons le temps d&rsquo;enqu\u00eater avant de vous r\u00e9pondre.\u00a0\u00bb,\u00a0\u00bbsite_keywords\u00a0\u00bb:null},\u00a0\u00bbsite_topper\u00a0\u00bb:{\u00ab\u00a0site_logo_image\u00a0\u00bb:\u00a0\u00bbhttps:\/\/cloudfront-eu-central-1.images.arcpublishing.com\/sandbox.liberation\/3GC5ULE5BNG2HFCF7GSPG2EVWA.jpg\u00a0\u00bb},\u00a0\u00bbsocial\u00a0\u00bb:{\u00ab\u00a0twitter\u00a0\u00bb:null,\u00a0\u00bbfacebook\u00a0\u00bb:null,\u00a0\u00bbrss\u00a0\u00bb:null,\u00a0\u00bbinstagram\u00a0\u00bb:null},\u00a0\u00bbnavigation\u00a0\u00bb:{\u00ab\u00a0nav_title\u00a0\u00bb:\u00a0\u00bbChecknews\u00a0\u00bb},\u00a0\u00bb_admin\u00a0\u00bb:{\u00ab\u00a0alias_ids\u00a0\u00bb:[\u00ab\u00a0\/checknews\u00a0\u00bb,\u00a0\u00bb100893&Prime;]},\u00a0\u00bb_website\u00a0\u00bb:\u00a0\u00bbliberation\u00a0\u00bb,\u00a0\u00bbname\u00a0\u00bb:\u00a0\u00bbCheckNews\u00a0\u00bb,\u00a0\u00bborder\u00a0\u00bb:{\u00ab\u00a0default\u00a0\u00bb:1011,\u00a0\u00bbburgermenu\u00a0\u00bb:1004,\u00a0\u00bbheadernav\u00a0\u00bb:1006,\u00a0\u00bbamp-menu\u00a0\u00bb:1002,\u00a0\u00bbfooter2&Prime;:1008},\u00a0\u00bbparent\u00a0\u00bb:{\u00ab\u00a0default\u00a0\u00bb:\u00a0\u00bbhttps:\/\/www.liberation.fr\/\u00a0\u00bb,\u00a0\u00bbburgermenu\u00a0\u00bb:\u00a0\u00bbhttps:\/\/www.liberation.fr\/\u00a0\u00bb,\u00a0\u00bbheadernav\u00a0\u00bb:\u00a0\u00bbhttps:\/\/www.liberation.fr\/\u00a0\u00bb,\u00a0\u00bbfooter\u00a0\u00bb:null,\u00a0\u00bbamp-menu\u00a0\u00bb:\u00a0\u00bbhttps:\/\/www.liberation.fr\/\u00a0\u00bb,\u00a0\u00bbfooter2&Prime;:\u00a0\u00bbhttps:\/\/www.liberation.fr\/\u00a0\u00bb},\u00a0\u00bbancestors\u00a0\u00bb:{\u00ab\u00a0default\u00a0\u00bb:[\u00ab\u00a0https:\/\/www.liberation.fr\/\u00a0\u00bb],\u00a0\u00bbburgermenu\u00a0\u00bb:[\u00ab\u00a0https:\/\/www.liberation.fr\/\u00a0\u00bb],\u00a0\u00bbheadernav\u00a0\u00bb:[\u00ab\u00a0https:\/\/www.liberation.fr\/\u00a0\u00bb],\u00a0\u00bbfooter\u00a0\u00bb:[],\u00a0\u00bbamp-menu\u00a0\u00bb:[\u00ab\u00a0https:\/\/www.liberation.fr\/\u00a0\u00bb],\u00a0\u00bbfooter2&Prime;:[\u00ab\u00a0https:\/\/www.liberation.fr\/\u00a0\u00bb]},\u00a0\u00bbinactive\u00a0\u00bb:false,\u00a0\u00bbnode_type\u00a0\u00bb:\u00a0\u00bbsection\u00a0\u00bb,\u00a0\u00bbchildren\u00a0\u00bb:[]},{\u00ab\u00a0_id\u00a0\u00bb:\u00a0\u00bb\/societe\u00a0\u00bb,\u00a0\u00bbsite\u00a0\u00bb:{\u00ab\u00a0site_tagline\u00a0\u00bb:null,\u00a0\u00bbsite_url\u00a0\u00bb:null,\u00a0\u00bbsite_title\u00a0\u00bb:\u00a0\u00bbToute l\u2019actualit\u00e9 Soci\u00e9t\u00e9 avec Lib\u00e9ration &#8211; Lib\u00e9ration\u00a0\u00bb,\u00a0\u00bbsite_about\u00a0\u00bb:null,\u00a0\u00bbpagebuilder_path_for_native_apps\u00a0\u00bb:null,\u00a0\u00bbsite_description\u00a0\u00bb:\u00a0\u00bbActualit\u00e9 soci\u00e9t\u00e9 &#8211; tout savoir sur les derni\u00e8res infos soci\u00e9t\u00e9 avec Lib\u00e9ration : droits des femmes, \u00e9ducation, police-justice, sant\u00e9, logement&#8230;\u00a0\u00bb,\u00a0\u00bbsite_keywords\u00a0\u00bb:null},\u00a0\u00bbsite_topper\u00a0\u00bb:{\u00ab\u00a0site_logo_image\u00a0\u00bb:null},\u00a0\u00bbsocial\u00a0\u00bb:{\u00ab\u00a0twitter\u00a0\u00bb:null,\u00a0\u00bbfacebook\u00a0\u00bb:null,\u00a0\u00bbrss\u00a0\u00bb:null,\u00a0\u00bbinstagram\u00a0\u00bb:null},\u00a0\u00bbnavigation\u00a0\u00bb:{\u00ab\u00a0nav_title\u00a0\u00bb:null},\u00a0\u00bb_admin\u00a0\u00bb:{\u00ab\u00a0alias_ids\u00a0\u00bb:[\u00ab\u00a0\/societe\u00a0\u00bb,\u00a0\u00bb11&Prime;]},\u00a0\u00bb_website\u00a0\u00bb:\u00a0\u00bbliberation\u00a0\u00bb,\u00a0\u00bbname\u00a0\u00bb:\u00a0\u00bbSoci\u00e9t\u00e9\u00a0\u00bb,\u00a0\u00bborder\u00a0\u00bb:{\u00ab\u00a0burgermenu\u00a0\u00bb:1009,\u00a0\u00bbdefault\u00a0\u00bb:1005,\u00a0\u00bbheadernav\u00a0\u00bb:1007,\u00a0\u00bbamp-menu\u00a0\u00bb:1004,\u00a0\u00bbfooter2&Prime;:1001},\u00a0\u00bbparent\u00a0\u00bb:{\u00ab\u00a0default\u00a0\u00bb:\u00a0\u00bbhttps:\/\/www.liberation.fr\/\u00a0\u00bb,\u00a0\u00bbburgermenu\u00a0\u00bb:\u00a0\u00bbhttps:\/\/www.liberation.fr\/\u00a0\u00bb,\u00a0\u00bbfooter\u00a0\u00bb:null,\u00a0\u00bbheadernav\u00a0\u00bb:\u00a0\u00bbhttps:\/\/www.liberation.fr\/\u00a0\u00bb,\u00a0\u00bbamp-menu\u00a0\u00bb:\u00a0\u00bbhttps:\/\/www.liberation.fr\/\u00a0\u00bb,\u00a0\u00bbfooter2&Prime;:\u00a0\u00bbhttps:\/\/www.liberation.fr\/\u00a0\u00bb},\u00a0\u00bbancestors\u00a0\u00bb:{\u00ab\u00a0default\u00a0\u00bb:[\u00ab\u00a0https:\/\/www.liberation.fr\/\u00a0\u00bb],\u00a0\u00bbburgermenu\u00a0\u00bb:[\u00ab\u00a0https:\/\/www.liberation.fr\/\u00a0\u00bb],\u00a0\u00bbfooter\u00a0\u00bb:[],\u00a0\u00bbheadernav\u00a0\u00bb:[\u00ab\u00a0https:\/\/www.liberation.fr\/\u00a0\u00bb],\u00a0\u00bbamp-menu\u00a0\u00bb:[\u00ab\u00a0https:\/\/www.liberation.fr\/\u00a0\u00bb],\u00a0\u00bbfooter2&Prime;:[\u00ab\u00a0https:\/\/www.liberation.fr\/\u00a0\u00bb]},\u00a0\u00bbinactive\u00a0\u00bb:false,\u00a0\u00bbnode_type\u00a0\u00bb:\u00a0\u00bbsection\u00a0\u00bb,\u00a0\u00bbchildren\u00a0\u00bb:[{\u00ab\u00a0_id\u00a0\u00bb:\u00a0\u00bb\/societe\/education\u00a0\u00bb,\u00a0\u00bbsite\u00a0\u00bb:{\u00ab\u00a0site_tagline\u00a0\u00bb:null,\u00a0\u00bbsite_url\u00a0\u00bb:null,\u00a0\u00bbsite_title\u00a0\u00bb:\u00a0\u00bbEducation : informations et actualit\u00e9s &#8211; Lib\u00e9ration\u00a0\u00bb,\u00a0\u00bbpagebuilder_path_for_native_apps\u00a0\u00bb:null,\u00a0\u00bbsite_about\u00a0\u00bb:null,\u00a0\u00bbsite_description\u00a0\u00bb:\u00a0\u00bbRetrouvez ici tous les articles de Lib\u00e9ration concernant l&rsquo;\u00e9ducation : infos, reportages, analyses, interviews, tribunes&#8230;\u00a0\u00bb,\u00a0\u00bbsite_keywords\u00a0\u00bb:null},\u00a0\u00bbsite_topper\u00a0\u00bb:{\u00ab\u00a0site_logo_image\u00a0\u00bb:null},\u00a0\u00bbsocial\u00a0\u00bb:{\u00ab\u00a0twitter\u00a0\u00bb:null,\u00a0\u00bbfacebook\u00a0\u00bb:null,\u00a0\u00bbrss\u00a0\u00bb:null,\u00a0\u00bbinstagram\u00a0\u00bb:null},\u00a0\u00bbnavigation\u00a0\u00bb:{\u00ab\u00a0nav_title\u00a0\u00bb:\u00a0\u00bbEducation\u00a0\u00bb},\u00a0\u00bb_admin\u00a0\u00bb:{\u00ab\u00a0alias_ids\u00a0\u00bb:[\u00ab\u00a0\/societe\/education\u00a0\u00bb,\u00a0\u00bb200032&Prime;]},\u00a0\u00bb_website\u00a0\u00bb:\u00a0\u00bbliberation\u00a0\u00bb,\u00a0\u00bbname\u00a0\u00bb:\u00a0\u00bbEducation\u00a0\u00bb,\u00a0\u00bborder\u00a0\u00bb:{\u00ab\u00a0burgermenu\u00a0\u00bb:2003,\u00a0\u00bbheadernav\u00a0\u00bb:2001,\u00a0\u00bbamp-menu\u00a0\u00bb:2003,\u00a0\u00bbfooter2&Prime;:2005,\u00a0\u00bbdefault\u00a0\u00bb:2002},\u00a0\u00bbparent\u00a0\u00bb:{\u00ab\u00a0default\u00a0\u00bb:\u00a0\u00bb\/societe\u00a0\u00bb,\u00a0\u00bbfooter\u00a0\u00bb:null,\u00a0\u00bbheadernav\u00a0\u00bb:\u00a0\u00bb\/societe\u00a0\u00bb,\u00a0\u00bbburgermenu\u00a0\u00bb:\u00a0\u00bb\/societe\u00a0\u00bb,\u00a0\u00bbamp-menu\u00a0\u00bb:\u00a0\u00bb\/societe\u00a0\u00bb,\u00a0\u00bbfooter2&Prime;:\u00a0\u00bb\/societe\u00a0\u00bb},\u00a0\u00bbancestors\u00a0\u00bb:{\u00ab\u00a0default\u00a0\u00bb:[\u00ab\u00a0https:\/\/www.liberation.fr\/\u00a0\u00bb,\u00a0\u00bb\/societe\u00a0\u00bb],\u00a0\u00bbfooter\u00a0\u00bb:[],\u00a0\u00bbheadernav\u00a0\u00bb:[\u00ab\u00a0https:\/\/www.liberation.fr\/\u00a0\u00bb,\u00a0\u00bb\/societe\u00a0\u00bb],\u00a0\u00bbburgermenu\u00a0\u00bb:[\u00ab\u00a0\/societe\u00a0\u00bb,\u00a0\u00bbhttps:\/\/www.liberation.fr\/\u00a0\u00bb],\u00a0\u00bbamp-menu\u00a0\u00bb:[\u00ab\u00a0https:\/\/www.liberation.fr\/\u00a0\u00bb,\u00a0\u00bb\/societe\u00a0\u00bb],\u00a0\u00bbfooter2&Prime;:[\u00ab\u00a0https:\/\/www.liberation.fr\/\u00a0\u00bb,\u00a0\u00bb\/societe\u00a0\u00bb]},\u00a0\u00bbinactive\u00a0\u00bb:false,\u00a0\u00bbnode_type\u00a0\u00bb:\u00a0\u00bbsection\u00a0\u00bb,\u00a0\u00bbchildren\u00a0\u00bb:[]},{\u00ab\u00a0_id\u00a0\u00bb:\u00a0\u00bb\/societe\/sante\u00a0\u00bb,\u00a0\u00bbsite\u00a0\u00bb:{\u00ab\u00a0site_tagline\u00a0\u00bb:null,\u00a0\u00bbsite_url\u00a0\u00bb:null,\u00a0\u00bbsite_title\u00a0\u00bb:\u00a0\u00bbSant\u00e9 : actualit\u00e9s et informations en direct &#8211; Lib\u00e9ration\u00a0\u00bb,\u00a0\u00bbpagebuilder_path_for_native_apps\u00a0\u00bb:null,\u00a0\u00bbsite_about\u00a0\u00bb:null,\u00a0\u00bbsite_description\u00a0\u00bb:\u00a0\u00bbRetrouvez toute l&rsquo;actualit\u00e9 sant\u00e9 avec des informations sur les maladies, les traitements, la recherche m\u00e9dicale, la situation des h\u00f4pitaux en France&#8230;\u00a0\u00bb,\u00a0\u00bbsite_keywords\u00a0\u00bb:null},\u00a0\u00bbsite_topper\u00a0\u00bb:{\u00ab\u00a0site_logo_image\u00a0\u00bb:null},\u00a0\u00bbsocial\u00a0\u00bb:{\u00ab\u00a0twitter\u00a0\u00bb:null,\u00a0\u00bbfacebook\u00a0\u00bb:null,\u00a0\u00bbrss\u00a0\u00bb:null,\u00a0\u00bbinstagram\u00a0\u00bb:null},\u00a0\u00bbnavigation\u00a0\u00bb:{\u00ab\u00a0nav_title\u00a0\u00bb:\u00a0\u00bbSant\u00e9\u00a0\u00bb},\u00a0\u00bb_admin\u00a0\u00bb:{\u00ab\u00a0alias_ids\u00a0\u00bb:[\u00ab\u00a0\/societe\/sante\u00a0\u00bb,\u00a0\u00bb200033&Prime;]},\u00a0\u00bb_website\u00a0\u00bb:\u00a0\u00bbliberation\u00a0\u00bb,\u00a0\u00bbname\u00a0\u00bb:\u00a0\u00bbSant\u00e9\u00a0\u00bb,\u00a0\u00bborder\u00a0\u00bb:{\u00ab\u00a0burgermenu\u00a0\u00bb:2007,\u00a0\u00bbheadernav\u00a0\u00bb:2002,\u00a0\u00bbamp-menu\u00a0\u00bb:2007,\u00a0\u00bbfooter2&Prime;:2007,\u00a0\u00bbdefault\u00a0\u00bb:2006},\u00a0\u00bbparent\u00a0\u00bb:{\u00ab\u00a0default\u00a0\u00bb:\u00a0\u00bb\/societe\u00a0\u00bb,\u00a0\u00bbfooter\u00a0\u00bb:null,\u00a0\u00bbheadernav\u00a0\u00bb:\u00a0\u00bb\/societe\u00a0\u00bb,\u00a0\u00bbburgermenu\u00a0\u00bb:\u00a0\u00bb\/societe\u00a0\u00bb,\u00a0\u00bbamp-menu\u00a0\u00bb:\u00a0\u00bb\/societe\u00a0\u00bb,\u00a0\u00bbfooter2&Prime;:\u00a0\u00bb\/societe\u00a0\u00bb},\u00a0\u00bbancestors\u00a0\u00bb:{\u00ab\u00a0default\u00a0\u00bb:[\u00ab\u00a0https:\/\/www.liberation.fr\/\u00a0\u00bb,\u00a0\u00bb\/societe\u00a0\u00bb],\u00a0\u00bbfooter\u00a0\u00bb:[],\u00a0\u00bbheadernav\u00a0\u00bb:[\u00ab\u00a0https:\/\/www.liberation.fr\/\u00a0\u00bb,\u00a0\u00bb\/societe\u00a0\u00bb],\u00a0\u00bbburgermenu\u00a0\u00bb:[\u00ab\u00a0\/societe\u00a0\u00bb,\u00a0\u00bbhttps:\/\/www.liberation.fr\/\u00a0\u00bb],\u00a0\u00bbamp-menu\u00a0\u00bb:[\u00ab\u00a0https:\/\/www.liberation.fr\/\u00a0\u00bb,\u00a0\u00bb\/societe\u00a0\u00bb],\u00a0\u00bbfooter2&Prime;:[\u00ab\u00a0https:\/\/www.liberation.fr\/\u00a0\u00bb,\u00a0\u00bb\/societe\u00a0\u00bb]},\u00a0\u00bbinactive\u00a0\u00bb:false,\u00a0\u00bbnode_type\u00a0\u00bb:\u00a0\u00bbsection\u00a0\u00bb,\u00a0\u00bbchildren\u00a0\u00bb:[]},{\u00ab\u00a0_id\u00a0\u00bb:\u00a0\u00bb\/societe\/droits-des-femmes\u00a0\u00bb,\u00a0\u00bb_website\u00a0\u00bb:\u00a0\u00bbliberation\u00a0\u00bb,\u00a0\u00bbname\u00a0\u00bb:\u00a0\u00bbDroits des femmes\u00a0\u00bb,\u00a0\u00bbinactive\u00a0\u00bb:false,\u00a0\u00bbancestors\u00a0\u00bb:{\u00ab\u00a0default\u00a0\u00bb:[\u00ab\u00a0https:\/\/www.liberation.fr\/\u00a0\u00bb,\u00a0\u00bb\/societe\u00a0\u00bb],\u00a0\u00bbfooter\u00a0\u00bb:[],\u00a0\u00bbheadernav\u00a0\u00bb:[\u00ab\u00a0https:\/\/www.liberation.fr\/\u00a0\u00bb,\u00a0\u00bb\/societe\u00a0\u00bb],\u00a0\u00bbburgermenu\u00a0\u00bb:[\u00ab\u00a0\/societe\u00a0\u00bb,\u00a0\u00bbhttps:\/\/www.liberation.fr\/\u00a0\u00bb],\u00a0\u00bbamp-menu\u00a0\u00bb:[\u00ab\u00a0https:\/\/www.liberation.fr\/\u00a0\u00bb,\u00a0\u00bb\/societe\u00a0\u00bb],\u00a0\u00bbfooter2&Prime;:[\u00ab\u00a0https:\/\/www.liberation.fr\/\u00a0\u00bb,\u00a0\u00bb\/societe\u00a0\u00bb]},\u00a0\u00bbparent\u00a0\u00bb:{\u00ab\u00a0default\u00a0\u00bb:\u00a0\u00bb\/societe\u00a0\u00bb,\u00a0\u00bbfooter\u00a0\u00bb:null,\u00a0\u00bbheadernav\u00a0\u00bb:\u00a0\u00bb\/societe\u00a0\u00bb,\u00a0\u00bbburgermenu\u00a0\u00bb:\u00a0\u00bb\/societe\u00a0\u00bb,\u00a0\u00bbamp-menu\u00a0\u00bb:\u00a0\u00bb\/societe\u00a0\u00bb,\u00a0\u00bbfooter2&Prime;:\u00a0\u00bb\/societe\u00a0\u00bb},\u00a0\u00bborder\u00a0\u00bb:{\u00ab\u00a0burgermenu\u00a0\u00bb:2002,\u00a0\u00bbheadernav\u00a0\u00bb:2004,\u00a0\u00bbamp-menu\u00a0\u00bb:2002,\u00a0\u00bbfooter2&Prime;:2009,\u00a0\u00bbdefault\u00a0\u00bb:2001},\u00a0\u00bb_admin\u00a0\u00bb:{\u00ab\u00a0alias_ids\u00a0\u00bb:[\u00ab\u00a0\/societe\/droits-des-femmes\u00a0\u00bb,\u00a0\u00bb200034&Prime;]},\u00a0\u00bbnavigation\u00a0\u00bb:{\u00ab\u00a0nav_title\u00a0\u00bb:\u00a0\u00bbDroits des femmes\u00a0\u00bb},\u00a0\u00bbsite\u00a0\u00bb:{\u00ab\u00a0pagebuilder_path_for_native_apps\u00a0\u00bb:null,\u00a0\u00bbsite_about\u00a0\u00bb:null,\u00a0\u00bbsite_description\u00a0\u00bb:\u00a0\u00bbRetrouvez tous nos articles sur les droits des femmes dans la soci\u00e9t\u00e9 : infos, reportages, analyses, interviews, tribunes&#8230;\u00a0\u00bb,\u00a0\u00bbsite_keywords\u00a0\u00bb:null,\u00a0\u00bbsite_tagline\u00a0\u00bb:null,\u00a0\u00bbsite_title\u00a0\u00bb:\u00a0\u00bbDroits des femmes : actualit\u00e9s, enqu\u00eates et infos en direct &#8211; Lib\u00e9ration\u00a0\u00bb,\u00a0\u00bbsite_url\u00a0\u00bb:null},\u00a0\u00bbsite_topper\u00a0\u00bb:{\u00ab\u00a0site_logo_image\u00a0\u00bb:null},\u00a0\u00bbsocial\u00a0\u00bb:{\u00ab\u00a0facebook\u00a0\u00bb:null,\u00a0\u00bbinstagram\u00a0\u00bb:null,\u00a0\u00bbrss\u00a0\u00bb:null,\u00a0\u00bbtwitter\u00a0\u00bb:null},\u00a0\u00bbnode_type\u00a0\u00bb:\u00a0\u00bbsection\u00a0\u00bb,\u00a0\u00bbchildren\u00a0\u00bb:[]},{\u00ab\u00a0_id\u00a0\u00bb:\u00a0\u00bb\/societe\/familles\u00a0\u00bb,\u00a0\u00bbsite\u00a0\u00bb:{\u00ab\u00a0site_tagline\u00a0\u00bb:null,\u00a0\u00bbsite_url\u00a0\u00bb:null,\u00a0\u00bbsite_title\u00a0\u00bb:\u00a0\u00bbFamilles : informations et actualit\u00e9s &#8211; Lib\u00e9ration\u00a0\u00bb,\u00a0\u00bbpagebuilder_path_for_native_apps\u00a0\u00bb:null,\u00a0\u00bbsite_about\u00a0\u00bb:null,\u00a0\u00bbsite_description\u00a0\u00bb:\u00a0\u00bbRetrouvez ici tous les articles de Lib\u00e9ration concernant la famille : infos, reportages, analyses, interviews, tribunes&#8230;\u00a0\u00bb,\u00a0\u00bbsite_keywords\u00a0\u00bb:null},\u00a0\u00bbsite_topper\u00a0\u00bb:{\u00ab\u00a0site_logo_image\u00a0\u00bb:null},\u00a0\u00bbsocial\u00a0\u00bb:{\u00ab\u00a0twitter\u00a0\u00bb:null,\u00a0\u00bbfacebook\u00a0\u00bb:null,\u00a0\u00bbrss\u00a0\u00bb:null,\u00a0\u00bbinstagram\u00a0\u00bb:null},\u00a0\u00bbnavigation\u00a0\u00bb:{\u00ab\u00a0nav_title\u00a0\u00bb:\u00a0\u00bbFamilles\u00a0\u00bb},\u00a0\u00bb_admin\u00a0\u00bb:{\u00ab\u00a0alias_ids\u00a0\u00bb:[\u00ab\u00a0\/societe\/familles\u00a0\u00bb,\u00a0\u00bb200035&Prime;]},\u00a0\u00bb_website\u00a0\u00bb:\u00a0\u00bbliberation\u00a0\u00bb,\u00a0\u00bbname\u00a0\u00bb:\u00a0\u00bbFamilles\u00a0\u00bb,\u00a0\u00bborder\u00a0\u00bb:{\u00ab\u00a0burgermenu\u00a0\u00bb:2004,\u00a0\u00bbheadernav\u00a0\u00bb:2005,\u00a0\u00bbamp-menu\u00a0\u00bb:2004,\u00a0\u00bbfooter2&Prime;:2008,\u00a0\u00bbdefault\u00a0\u00bb:2003},\u00a0\u00bbparent\u00a0\u00bb:{\u00ab\u00a0default\u00a0\u00bb:\u00a0\u00bb\/societe\u00a0\u00bb,\u00a0\u00bbfooter\u00a0\u00bb:null,\u00a0\u00bbheadernav\u00a0\u00bb:\u00a0\u00bb\/societe\u00a0\u00bb,\u00a0\u00bbburgermenu\u00a0\u00bb:\u00a0\u00bb\/societe\u00a0\u00bb,\u00a0\u00bbamp-menu\u00a0\u00bb:\u00a0\u00bb\/societe\u00a0\u00bb,\u00a0\u00bbfooter2&Prime;:\u00a0\u00bb\/societe\u00a0\u00bb},\u00a0\u00bbancestors\u00a0\u00bb:{\u00ab\u00a0default\u00a0\u00bb:[\u00ab\u00a0https:\/\/www.liberation.fr\/\u00a0\u00bb,\u00a0\u00bb\/societe\u00a0\u00bb],\u00a0\u00bbfooter\u00a0\u00bb:[],\u00a0\u00bbheadernav\u00a0\u00bb:[\u00ab\u00a0https:\/\/www.liberation.fr\/\u00a0\u00bb,\u00a0\u00bb\/societe\u00a0\u00bb],\u00a0\u00bbburgermenu\u00a0\u00bb:[\u00ab\u00a0\/societe\u00a0\u00bb,\u00a0\u00bbhttps:\/\/www.liberation.fr\/\u00a0\u00bb],\u00a0\u00bbamp-menu\u00a0\u00bb:[\u00ab\u00a0https:\/\/www.liberation.fr\/\u00a0\u00bb,\u00a0\u00bb\/societe\u00a0\u00bb],\u00a0\u00bbfooter2&Prime;:[\u00ab\u00a0https:\/\/www.liberation.fr\/\u00a0\u00bb,\u00a0\u00bb\/societe\u00a0\u00bb]},\u00a0\u00bbinactive\u00a0\u00bb:false,\u00a0\u00bbnode_type\u00a0\u00bb:\u00a0\u00bbsection\u00a0\u00bb,\u00a0\u00bbchildren\u00a0\u00bb:[]},{\u00ab\u00a0_id\u00a0\u00bb:\u00a0\u00bb\/societe\/logement\u00a0\u00bb,\u00a0\u00bbsite\u00a0\u00bb:{\u00ab\u00a0site_tagline\u00a0\u00bb:null,\u00a0\u00bbsite_url\u00a0\u00bb:null,\u00a0\u00bbsite_title\u00a0\u00bb:\u00a0\u00bbLogement : actualit\u00e9s et informations &#8211; Lib\u00e9ration\u00a0\u00bb,\u00a0\u00bbpagebuilder_path_for_native_apps\u00a0\u00bb:null,\u00a0\u00bbsite_about\u00a0\u00bb:null,\u00a0\u00bbsite_description\u00a0\u00bb:\u00a0\u00bbRetrouvez ici tous les articles de Lib\u00e9ration concernant le logement : infos, reportages, analyses, interviews, tribunes&#8230;\u00a0\u00bb,\u00a0\u00bbsite_keywords\u00a0\u00bb:null},\u00a0\u00bbsite_topper\u00a0\u00bb:{\u00ab\u00a0site_logo_image\u00a0\u00bb:null},\u00a0\u00bbsocial\u00a0\u00bb:{\u00ab\u00a0twitter\u00a0\u00bb:null,\u00a0\u00bbfacebook\u00a0\u00bb:null,\u00a0\u00bbrss\u00a0\u00bb:null,\u00a0\u00bbinstagram\u00a0\u00bb:null},\u00a0\u00bbnavigation\u00a0\u00bb:{\u00ab\u00a0nav_title\u00a0\u00bb:\u00a0\u00bbLogement\u00a0\u00bb},\u00a0\u00bb_admin\u00a0\u00bb:{\u00ab\u00a0alias_ids\u00a0\u00bb:[\u00ab\u00a0\/societe\/logement\u00a0\u00bb,\u00a0\u00bb200036&Prime;]},\u00a0\u00bb_website\u00a0\u00bb:\u00a0\u00bbliberation\u00a0\u00bb,\u00a0\u00bbname\u00a0\u00bb:\u00a0\u00bbLogement\u00a0\u00bb,\u00a0\u00bborder\u00a0\u00bb:{\u00ab\u00a0burgermenu\u00a0\u00bb:2005,\u00a0\u00bbheadernav\u00a0\u00bb:2006,\u00a0\u00bbamp-menu\u00a0\u00bb:2005,\u00a0\u00bbfooter2&Prime;:2006,\u00a0\u00bbdefault\u00a0\u00bb:2004},\u00a0\u00bbparent\u00a0\u00bb:{\u00ab\u00a0default\u00a0\u00bb:\u00a0\u00bb\/societe\u00a0\u00bb,\u00a0\u00bbheadernav\u00a0\u00bb:\u00a0\u00bb\/societe\u00a0\u00bb,\u00a0\u00bbburgermenu\u00a0\u00bb:\u00a0\u00bb\/societe\u00a0\u00bb,\u00a0\u00bbamp-menu\u00a0\u00bb:\u00a0\u00bb\/societe\u00a0\u00bb,\u00a0\u00bbfooter\u00a0\u00bb:null,\u00a0\u00bbfooter2&Prime;:\u00a0\u00bb\/societe\u00a0\u00bb},\u00a0\u00bbancestors\u00a0\u00bb:{\u00ab\u00a0default\u00a0\u00bb:[\u00ab\u00a0https:\/\/www.liberation.fr\/\u00a0\u00bb,\u00a0\u00bb\/societe\u00a0\u00bb],\u00a0\u00bbheadernav\u00a0\u00bb:[\u00ab\u00a0https:\/\/www.liberation.fr\/\u00a0\u00bb,\u00a0\u00bb\/societe\u00a0\u00bb],\u00a0\u00bbburgermenu\u00a0\u00bb:[\u00ab\u00a0\/societe\u00a0\u00bb,\u00a0\u00bbhttps:\/\/www.liberation.fr\/\u00a0\u00bb],\u00a0\u00bbamp-menu\u00a0\u00bb:[\u00ab\u00a0https:\/\/www.liberation.fr\/\u00a0\u00bb,\u00a0\u00bb\/societe\u00a0\u00bb],\u00a0\u00bbfooter\u00a0\u00bb:[],\u00a0\u00bbfooter2&Prime;:[\u00ab\u00a0https:\/\/www.liberation.fr\/\u00a0\u00bb,\u00a0\u00bb\/societe\u00a0\u00bb]},\u00a0\u00bbinactive\u00a0\u00bb:false,\u00a0\u00bbnode_type\u00a0\u00bb:\u00a0\u00bbsection\u00a0\u00bb,\u00a0\u00bbchildren\u00a0\u00bb:[]},{\u00ab\u00a0_id\u00a0\u00bb:\u00a0\u00bb\/societe\/religions\u00a0\u00bb,\u00a0\u00bb_website\u00a0\u00bb:\u00a0\u00bbliberation\u00a0\u00bb,\u00a0\u00bbname\u00a0\u00bb:\u00a0\u00bbReligions\u00a0\u00bb,\u00a0\u00bbinactive\u00a0\u00bb:false,\u00a0\u00bbancestors\u00a0\u00bb:{\u00ab\u00a0default\u00a0\u00bb:[\u00ab\u00a0https:\/\/www.liberation.fr\/\u00a0\u00bb,\u00a0\u00bb\/societe\u00a0\u00bb],\u00a0\u00bbheadernav\u00a0\u00bb:[\u00ab\u00a0https:\/\/www.liberation.fr\/\u00a0\u00bb,\u00a0\u00bb\/societe\u00a0\u00bb],\u00a0\u00bbburgermenu\u00a0\u00bb:[\u00ab\u00a0\/societe\u00a0\u00bb,\u00a0\u00bbhttps:\/\/www.liberation.fr\/\u00a0\u00bb],\u00a0\u00bbamp-menu\u00a0\u00bb:[\u00ab\u00a0https:\/\/www.liberation.fr\/\u00a0\u00bb,\u00a0\u00bb\/societe\u00a0\u00bb],\u00a0\u00bbfooter\u00a0\u00bb:[],\u00a0\u00bbfooter2&Prime;:[\u00ab\u00a0https:\/\/www.liberation.fr\/\u00a0\u00bb,\u00a0\u00bb\/societe\u00a0\u00bb]},\u00a0\u00bbparent\u00a0\u00bb:{\u00ab\u00a0default\u00a0\u00bb:\u00a0\u00bb\/societe\u00a0\u00bb,\u00a0\u00bbheadernav\u00a0\u00bb:\u00a0\u00bb\/societe\u00a0\u00bb,\u00a0\u00bbburgermenu\u00a0\u00bb:\u00a0\u00bb\/societe\u00a0\u00bb,\u00a0\u00bbamp-menu\u00a0\u00bb:\u00a0\u00bb\/societe\u00a0\u00bb,\u00a0\u00bbfooter\u00a0\u00bb:null,\u00a0\u00bbfooter2&Prime;:\u00a0\u00bb\/societe\u00a0\u00bb},\u00a0\u00bborder\u00a0\u00bb:{\u00ab\u00a0burgermenu\u00a0\u00bb:2006,\u00a0\u00bbheadernav\u00a0\u00bb:2007,\u00a0\u00bbamp-menu\u00a0\u00bb:2006,\u00a0\u00bbfooter2&Prime;:2004,\u00a0\u00bbdefault\u00a0\u00bb:2008},\u00a0\u00bb_admin\u00a0\u00bb:{\u00ab\u00a0alias_ids\u00a0\u00bb:[\u00ab\u00a0\/societe\/religions\u00a0\u00bb,\u00a0\u00bb200037&Prime;]},\u00a0\u00bbnavigation\u00a0\u00bb:{\u00ab\u00a0nav_title\u00a0\u00bb:\u00a0\u00bbReligions\u00a0\u00bb},\u00a0\u00bbsite\u00a0\u00bb:{\u00ab\u00a0pagebuilder_path_for_native_apps\u00a0\u00bb:null,\u00a0\u00bbsite_about\u00a0\u00bb:null,\u00a0\u00bbsite_description\u00a0\u00bb:\u00a0\u00bbLib\u00e9ration d\u00e9crypte pour vous toutes les actualit\u00e9s concernant les religions en continu : nos enqu\u00eates, interviews, vid\u00e9os et infos dans le monde par nos journalistes et correspondants.\u00a0\u00bb,\u00a0\u00bbsite_keywords\u00a0\u00bb:null,\u00a0\u00bbsite_tagline\u00a0\u00bb:null,\u00a0\u00bbsite_title\u00a0\u00bb:\u00a0\u00bbReligions : actualit\u00e9s, enqu\u00eates et infos en direct &#8211; Lib\u00e9ration\u00a0\u00bb,\u00a0\u00bbsite_url\u00a0\u00bb:null},\u00a0\u00bbsite_topper\u00a0\u00bb:{\u00ab\u00a0site_logo_image\u00a0\u00bb:null},\u00a0\u00bbsocial\u00a0\u00bb:{\u00ab\u00a0facebook\u00a0\u00bb:null,\u00a0\u00bbinstagram\u00a0\u00bb:null,\u00a0\u00bbrss\u00a0\u00bb:null,\u00a0\u00bbtwitter\u00a0\u00bb:null},\u00a0\u00bbnode_type\u00a0\u00bb:\u00a0\u00bbsection\u00a0\u00bb,\u00a0\u00bbchildren\u00a0\u00bb:[]},{\u00ab\u00a0_id\u00a0\u00bb:\u00a0\u00bb\/societe\/ville\u00a0\u00bb,\u00a0\u00bbsite\u00a0\u00bb:{\u00ab\u00a0site_tagline\u00a0\u00bb:null,\u00a0\u00bbsite_url\u00a0\u00bb:null,\u00a0\u00bbsite_title\u00a0\u00bb:\u00a0\u00bbVille : actualit\u00e9s sur l&rsquo;urbanisme et la politique de la ville &#8211; Lib\u00e9ration\u00a0\u00bb,\u00a0\u00bbpagebuilder_path_for_native_apps\u00a0\u00bb:null,\u00a0\u00bbsite_about\u00a0\u00bb:null,\u00a0\u00bbsite_description\u00a0\u00bb:\u00a0\u00bbRetrouvez ici tous les articles de Lib\u00e9ration concernant l&rsquo;urbanisme et la politique dans les villes et communes de France : infos, reportages, analyses, interviews&#8230;\u00a0\u00bb,\u00a0\u00bbsite_keywords\u00a0\u00bb:null},\u00a0\u00bbsite_topper\u00a0\u00bb:{\u00ab\u00a0site_logo_image\u00a0\u00bb:null},\u00a0\u00bbsocial\u00a0\u00bb:{\u00ab\u00a0twitter\u00a0\u00bb:null,\u00a0\u00bbfacebook\u00a0\u00bb:null,\u00a0\u00bbrss\u00a0\u00bb:null,\u00a0\u00bbinstagram\u00a0\u00bb:null},\u00a0\u00bbnavigation\u00a0\u00bb:{\u00ab\u00a0nav_title\u00a0\u00bb:\u00a0\u00bbVille\u00a0\u00bb},\u00a0\u00bb_admin\u00a0\u00bb:{\u00ab\u00a0alias_ids\u00a0\u00bb:[\u00ab\u00a0\/societe\/ville\u00a0\u00bb,\u00a0\u00bb200038&Prime;]},\u00a0\u00bb_website\u00a0\u00bb:\u00a0\u00bbliberation\u00a0\u00bb,\u00a0\u00bbname\u00a0\u00bb:\u00a0\u00bbVille\u00a0\u00bb,\u00a0\u00bborder\u00a0\u00bb:{\u00ab\u00a0burgermenu\u00a0\u00bb:2008,\u00a0\u00bbheadernav\u00a0\u00bb:2008,\u00a0\u00bbamp-menu\u00a0\u00bb:2009,\u00a0\u00bbfooter2&Prime;:2003,\u00a0\u00bbdefault\u00a0\u00bb:2009},\u00a0\u00bbparent\u00a0\u00bb:{\u00ab\u00a0default\u00a0\u00bb:\u00a0\u00bb\/societe\u00a0\u00bb,\u00a0\u00bbheadernav\u00a0\u00bb:\u00a0\u00bb\/societe\u00a0\u00bb,\u00a0\u00bbburgermenu\u00a0\u00bb:\u00a0\u00bb\/societe\u00a0\u00bb,\u00a0\u00bbamp-menu\u00a0\u00bb:\u00a0\u00bb\/societe\u00a0\u00bb,\u00a0\u00bbfooter\u00a0\u00bb:null,\u00a0\u00bbfooter2&Prime;:\u00a0\u00bb\/societe\u00a0\u00bb},\u00a0\u00bbancestors\u00a0\u00bb:{\u00ab\u00a0default\u00a0\u00bb:[\u00ab\u00a0https:\/\/www.liberation.fr\/\u00a0\u00bb,\u00a0\u00bb\/societe\u00a0\u00bb],\u00a0\u00bbheadernav\u00a0\u00bb:[\u00ab\u00a0https:\/\/www.liberation.fr\/\u00a0\u00bb,\u00a0\u00bb\/societe\u00a0\u00bb],\u00a0\u00bbburgermenu\u00a0\u00bb:[\u00ab\u00a0\/societe\u00a0\u00bb,\u00a0\u00bbhttps:\/\/www.liberation.fr\/\u00a0\u00bb],\u00a0\u00bbamp-menu\u00a0\u00bb:[\u00ab\u00a0https:\/\/www.liberation.fr\/\u00a0\u00bb,\u00a0\u00bb\/societe\u00a0\u00bb],\u00a0\u00bbfooter\u00a0\u00bb:[],\u00a0\u00bbfooter2&Prime;:[\u00ab\u00a0https:\/\/www.liberation.fr\/\u00a0\u00bb,\u00a0\u00bb\/societe\u00a0\u00bb]},\u00a0\u00bbinactive\u00a0\u00bb:false,\u00a0\u00bbnode_type\u00a0\u00bb:\u00a0\u00bbsection\u00a0\u00bb,\u00a0\u00bbchildren\u00a0\u00bb:[]},{\u00ab\u00a0_id\u00a0\u00bb:\u00a0\u00bb\/societe\/sexualite-et-genres\u00a0\u00bb,\u00a0\u00bb_website\u00a0\u00bb:\u00a0\u00bbliberation\u00a0\u00bb,\u00a0\u00bbname\u00a0\u00bb:\u00a0\u00bbSexualit\u00e9s et genres\u00a0\u00bb,\u00a0\u00bbinactive\u00a0\u00bb:false,\u00a0\u00bbancestors\u00a0\u00bb:{\u00ab\u00a0default\u00a0\u00bb:[\u00ab\u00a0https:\/\/www.liberation.fr\/\u00a0\u00bb,\u00a0\u00bb\/societe\u00a0\u00bb],\u00a0\u00bbheadernav\u00a0\u00bb:[\u00ab\u00a0https:\/\/www.liberation.fr\/\u00a0\u00bb,\u00a0\u00bb\/societe\u00a0\u00bb],\u00a0\u00bbburgermenu\u00a0\u00bb:[\u00ab\u00a0\/societe\u00a0\u00bb,\u00a0\u00bbhttps:\/\/www.liberation.fr\/\u00a0\u00bb],\u00a0\u00bbamp-menu\u00a0\u00bb:[\u00ab\u00a0https:\/\/www.liberation.fr\/\u00a0\u00bb,\u00a0\u00bb\/societe\u00a0\u00bb],\u00a0\u00bbfooter\u00a0\u00bb:[],\u00a0\u00bbfooter2&Prime;:[\u00ab\u00a0https:\/\/www.liberation.fr\/\u00a0\u00bb,\u00a0\u00bb\/societe\u00a0\u00bb]},\u00a0\u00bbparent\u00a0\u00bb:{\u00ab\u00a0default\u00a0\u00bb:\u00a0\u00bb\/societe\u00a0\u00bb,\u00a0\u00bbheadernav\u00a0\u00bb:\u00a0\u00bb\/societe\u00a0\u00bb,\u00a0\u00bbburgermenu\u00a0\u00bb:\u00a0\u00bb\/societe\u00a0\u00bb,\u00a0\u00bbamp-menu\u00a0\u00bb:\u00a0\u00bb\/societe\u00a0\u00bb,\u00a0\u00bbfooter\u00a0\u00bb:null,\u00a0\u00bbfooter2&Prime;:\u00a0\u00bb\/societe\u00a0\u00bb},\u00a0\u00bborder\u00a0\u00bb:{\u00ab\u00a0burgermenu\u00a0\u00bb:2009,\u00a0\u00bbheadernav\u00a0\u00bb:2009,\u00a0\u00bbamp-menu\u00a0\u00bb:2008,\u00a0\u00bbfooter2&Prime;:2002,\u00a0\u00bbdefault\u00a0\u00bb:2007},\u00a0\u00bb_admin\u00a0\u00bb:{\u00ab\u00a0alias_ids\u00a0\u00bb:[\u00ab\u00a0\/societe\/sexualite-et-genres\u00a0\u00bb,\u00a0\u00bb200039&Prime;]},\u00a0\u00bbnavigation\u00a0\u00bb:{\u00ab\u00a0nav_title\u00a0\u00bb:\u00a0\u00bbSexualit\u00e9s et genres\u00a0\u00bb},\u00a0\u00bbsite\u00a0\u00bb:{\u00ab\u00a0pagebuilder_path_for_native_apps\u00a0\u00bb:null,\u00a0\u00bbsite_about\u00a0\u00bb:null,\u00a0\u00bbsite_description\u00a0\u00bb:\u00a0\u00bbLib\u00e9ration d\u00e9crypte pour vous toutes les actualit\u00e9s sexualit\u00e9s et genres en continu : nos enqu\u00eates, interviews, vid\u00e9os et infos dans le monde par nos journalistes et correspondants.\u00a0\u00bb,\u00a0\u00bbsite_keywords\u00a0\u00bb:null,\u00a0\u00bbsite_tagline\u00a0\u00bb:null,\u00a0\u00bbsite_title\u00a0\u00bb:\u00a0\u00bbSexe et genre : actualit\u00e9s, enqu\u00eates et infos en direct &#8211; Lib\u00e9ration\u00a0\u00bb,\u00a0\u00bbsite_url\u00a0\u00bb:null},\u00a0\u00bbsite_topper\u00a0\u00bb:{\u00ab\u00a0site_logo_image\u00a0\u00bb:null},\u00a0\u00bbsocial\u00a0\u00bb:{\u00ab\u00a0facebook\u00a0\u00bb:null,\u00a0\u00bbinstagram\u00a0\u00bb:null,\u00a0\u00bbrss\u00a0\u00bb:null,\u00a0\u00bbtwitter\u00a0\u00bb:null},\u00a0\u00bbnode_type\u00a0\u00bb:\u00a0\u00bbsection\u00a0\u00bb,\u00a0\u00bbchildren\u00a0\u00bb:[]}]},{\u00ab\u00a0_id\u00a0\u00bb:\u00a0\u00bblink-M4CANHD3BVCH3MAUTLJ7PWI6SM\u00a0\u00bb,\u00a0\u00bb_website\u00a0\u00bb:\u00a0\u00bbliberation\u00a0\u00bb,\u00a0\u00bbdisplay_name\u00a0\u00bb:\u00a0\u00bbEnqu\u00eates\u00a0\u00bb,\u00a0\u00bburl\u00a0\u00bb:\u00a0\u00bbhttps:\/\/www.liberation.fr\/enquetes\/\u00a0\u00bb,\u00a0\u00bbparent\u00a0\u00bb:{\u00ab\u00a0headernav\u00a0\u00bb:\u00a0\u00bbhttps:\/\/www.liberation.fr\/\u00a0\u00bb},\u00a0\u00bborder\u00a0\u00bb:{\u00ab\u00a0headernav\u00a0\u00bb:1008},\u00a0\u00bbnode_type\u00a0\u00bb:\u00a0\u00bblink\u00a0\u00bb,\u00a0\u00bbchildren\u00a0\u00bb:[]},{\u00ab\u00a0_id\u00a0\u00bb:\u00a0\u00bb\/environnement\u00a0\u00bb,\u00a0\u00bb_website\u00a0\u00bb:\u00a0\u00bbliberation\u00a0\u00bb,\u00a0\u00bbname\u00a0\u00bb:\u00a0\u00bbEnvironnement\u00a0\u00bb,\u00a0\u00bbinactive\u00a0\u00bb:false,\u00a0\u00bbancestors\u00a0\u00bb:{\u00ab\u00a0default\u00a0\u00bb:[\u00ab\u00a0https:\/\/www.liberation.fr\/\u00a0\u00bb],\u00a0\u00bbamp-menu\u00a0\u00bb:[\u00ab\u00a0https:\/\/www.liberation.fr\/\u00a0\u00bb],\u00a0\u00bbburgermenu\u00a0\u00bb:[\u00ab\u00a0https:\/\/www.liberation.fr\/\u00a0\u00bb],\u00a0\u00bbfooter\u00a0\u00bb:[],\u00a0\u00bbheadernav\u00a0\u00bb:[\u00ab\u00a0https:\/\/www.liberation.fr\/\u00a0\u00bb],\u00a0\u00bbfooter2&Prime;:[]},\u00a0\u00bbparent\u00a0\u00bb:{\u00ab\u00a0default\u00a0\u00bb:\u00a0\u00bbhttps:\/\/www.liberation.fr\/\u00a0\u00bb,\u00a0\u00bbamp-menu\u00a0\u00bb:\u00a0\u00bbhttps:\/\/www.liberation.fr\/\u00a0\u00bb,\u00a0\u00bbburgermenu\u00a0\u00bb:\u00a0\u00bbhttps:\/\/www.liberation.fr\/\u00a0\u00bb,\u00a0\u00bbfooter\u00a0\u00bb:null,\u00a0\u00bbheadernav\u00a0\u00bb:\u00a0\u00bbhttps:\/\/www.liberation.fr\/\u00a0\u00bb,\u00a0\u00bbfooter2&Prime;:\u00a0\u00bbhttps:\/\/www.liberation.fr\/\u00a0\u00bb},\u00a0\u00bborder\u00a0\u00bb:{\u00ab\u00a0amp-menu\u00a0\u00bb:1008,\u00a0\u00bbburgermenu\u00a0\u00bb:1007,\u00a0\u00bbdefault\u00a0\u00bb:1007,\u00a0\u00bbheadernav\u00a0\u00bb:1009,\u00a0\u00bbfooter2&Prime;:1004},\u00a0\u00bb_admin\u00a0\u00bb:{\u00ab\u00a0alias_ids\u00a0\u00bb:[\u00ab\u00a0\/environnement\u00a0\u00bb,\u00a0\u00bb89&Prime;]},\u00a0\u00bbnavigation\u00a0\u00bb:{\u00ab\u00a0nav_title\u00a0\u00bb:null},\u00a0\u00bbsite\u00a0\u00bb:{\u00ab\u00a0pagebuilder_path_for_native_apps\u00a0\u00bb:null,\u00a0\u00bbsite_about\u00a0\u00bb:null,\u00a0\u00bbsite_description\u00a0\u00bb:\u00a0\u00bbRetrouvez toutes les derni\u00e8res infos sur l&rsquo;environnement et les enjeux pour la plan\u00e8te : climat, pollution, agriculture, biodiversit\u00e9, alimentation&#8230;\u00a0\u00bb,\u00a0\u00bbsite_keywords\u00a0\u00bb:null,\u00a0\u00bbsite_tagline\u00a0\u00bb:null,\u00a0\u00bbsite_title\u00a0\u00bb:\u00a0\u00bbToute l\u2019actualit\u00e9 Environnement avec Lib\u00e9ration\u00a0\u00bb,\u00a0\u00bbsite_url\u00a0\u00bb:null},\u00a0\u00bbsite_topper\u00a0\u00bb:{\u00ab\u00a0site_logo_image\u00a0\u00bb:null},\u00a0\u00bbsocial\u00a0\u00bb:{\u00ab\u00a0facebook\u00a0\u00bb:null,\u00a0\u00bbinstagram\u00a0\u00bb:null,\u00a0\u00bbrss\u00a0\u00bb:null,\u00a0\u00bbtwitter\u00a0\u00bb:null},\u00a0\u00bbnode_type\u00a0\u00bb:\u00a0\u00bbsection\u00a0\u00bb,\u00a0\u00bbchildren\u00a0\u00bb:[{\u00ab\u00a0_id\u00a0\u00bb:\u00a0\u00bb\/environnement\/biodiversite\u00a0\u00bb,\u00a0\u00bbsite\u00a0\u00bb:{\u00ab\u00a0site_tagline\u00a0\u00bb:null,\u00a0\u00bbsite_url\u00a0\u00bb:null,\u00a0\u00bbsite_title\u00a0\u00bb:\u00a0\u00bbBiodiversit\u00e9 : actualit\u00e9s et informations &#8211; Lib\u00e9ration\u00a0\u00bb,\u00a0\u00bbpagebuilder_path_for_native_apps\u00a0\u00bb:null,\u00a0\u00bbsite_about\u00a0\u00bb:null,\u00a0\u00bbsite_description\u00a0\u00bb:\u00a0\u00bbRetrouvez toute l&rsquo;actualit\u00e9 sur la biodiversit\u00e9 et ses enjeux sur la soci\u00e9t\u00e9 : derniers articles, analyses et t\u00e9moignages de la rubrique Biodiversit\u00e9 de Lib\u00e9ration.\u00a0\u00bb,\u00a0\u00bbsite_keywords\u00a0\u00bb:null},\u00a0\u00bbsite_topper\u00a0\u00bb:{\u00ab\u00a0site_logo_image\u00a0\u00bb:null},\u00a0\u00bbsocial\u00a0\u00bb:{\u00ab\u00a0twitter\u00a0\u00bb:null,\u00a0\u00bbfacebook\u00a0\u00bb:null,\u00a0\u00bbrss\u00a0\u00bb:null,\u00a0\u00bbinstagram\u00a0\u00bb:null},\u00a0\u00bbnavigation\u00a0\u00bb:{\u00ab\u00a0nav_title\u00a0\u00bb:\u00a0\u00bbBiodiversit\u00e9\u00a0\u00bb},\u00a0\u00bb_admin\u00a0\u00bb:{\u00ab\u00a0alias_ids\u00a0\u00bb:[\u00ab\u00a0\/environnement\/biodiversite\u00a0\u00bb,\u00a0\u00bb200014&Prime;]},\u00a0\u00bb_website\u00a0\u00bb:\u00a0\u00bbliberation\u00a0\u00bb,\u00a0\u00bbname\u00a0\u00bb:\u00a0\u00bbBiodiversit\u00e9\u00a0\u00bb,\u00a0\u00bborder\u00a0\u00bb:{\u00ab\u00a0burgermenu\u00a0\u00bb:2004,\u00a0\u00bbamp-menu\u00a0\u00bb:2003,\u00a0\u00bbdefault\u00a0\u00bb:2004},\u00a0\u00bbparent\u00a0\u00bb:{\u00ab\u00a0default\u00a0\u00bb:\u00a0\u00bb\/environnement\u00a0\u00bb,\u00a0\u00bbfooter\u00a0\u00bb:null,\u00a0\u00bbheadernav\u00a0\u00bb:\u00a0\u00bb\/environnement\u00a0\u00bb,\u00a0\u00bbburgermenu\u00a0\u00bb:\u00a0\u00bb\/environnement\u00a0\u00bb,\u00a0\u00bbamp-menu\u00a0\u00bb:\u00a0\u00bb\/environnement\u00a0\u00bb,\u00a0\u00bbfooter2&Prime;:\u00a0\u00bb\/environnement\u00a0\u00bb},\u00a0\u00bbancestors\u00a0\u00bb:{\u00ab\u00a0default\u00a0\u00bb:[\u00ab\u00a0\/environnement\u00a0\u00bb,\u00a0\u00bbhttps:\/\/www.liberation.fr\/\u00a0\u00bb],\u00a0\u00bbfooter\u00a0\u00bb:[],\u00a0\u00bbheadernav\u00a0\u00bb:[\u00ab\u00a0\/environnement\u00a0\u00bb],\u00a0\u00bbburgermenu\u00a0\u00bb:[\u00ab\u00a0\/environnement\u00a0\u00bb,\u00a0\u00bbhttps:\/\/www.liberation.fr\/\u00a0\u00bb],\u00a0\u00bbamp-menu\u00a0\u00bb:[\u00ab\u00a0https:\/\/www.liberation.fr\/\u00a0\u00bb,\u00a0\u00bb\/environnement\u00a0\u00bb],\u00a0\u00bbfooter2&Prime;:[\u00ab\u00a0\/environnement\u00a0\u00bb]},\u00a0\u00bbinactive\u00a0\u00bb:false,\u00a0\u00bbnode_type\u00a0\u00bb:\u00a0\u00bbsection\u00a0\u00bb,\u00a0\u00bbchildren\u00a0\u00bb:[]},{\u00ab\u00a0_id\u00a0\u00bb:\u00a0\u00bb\/environnement\/alimentation\u00a0\u00bb,\u00a0\u00bbsite\u00a0\u00bb:{\u00ab\u00a0site_tagline\u00a0\u00bb:null,\u00a0\u00bbsite_url\u00a0\u00bb:null,\u00a0\u00bbsite_title\u00a0\u00bb:\u00a0\u00bbAlimentation : actualit\u00e9s et informations &#8211; Lib\u00e9ration\u00a0\u00bb,\u00a0\u00bbpagebuilder_path_for_native_apps\u00a0\u00bb:null,\u00a0\u00bbsite_about\u00a0\u00bb:null,\u00a0\u00bbsite_description\u00a0\u00bb:\u00a0\u00bbRetrouvez toute l&rsquo;actualit\u00e9 sur l&rsquo;alimentation et ses enjeux sur la soci\u00e9t\u00e9 : derniers articles, analyses et t\u00e9moignages de la rubrique Alimentation de Lib\u00e9ration.\u00a0\u00bb,\u00a0\u00bbsite_keywords\u00a0\u00bb:null},\u00a0\u00bbsite_topper\u00a0\u00bb:{\u00ab\u00a0site_logo_image\u00a0\u00bb:null},\u00a0\u00bbsocial\u00a0\u00bb:{\u00ab\u00a0twitter\u00a0\u00bb:null,\u00a0\u00bbfacebook\u00a0\u00bb:null,\u00a0\u00bbrss\u00a0\u00bb:null,\u00a0\u00bbinstagram\u00a0\u00bb:null},\u00a0\u00bbnavigation\u00a0\u00bb:{\u00ab\u00a0nav_title\u00a0\u00bb:\u00a0\u00bbAlimentation\u00a0\u00bb},\u00a0\u00bb_admin\u00a0\u00bb:{\u00ab\u00a0alias_ids\u00a0\u00bb:[\u00ab\u00a0\/environnement\/alimentation\u00a0\u00bb,\u00a0\u00bb200011&Prime;]},\u00a0\u00bb_website\u00a0\u00bb:\u00a0\u00bbliberation\u00a0\u00bb,\u00a0\u00bbname\u00a0\u00bb:\u00a0\u00bbAlimentation\u00a0\u00bb,\u00a0\u00bborder\u00a0\u00bb:{\u00ab\u00a0burgermenu\u00a0\u00bb:2003,\u00a0\u00bbamp-menu\u00a0\u00bb:2002,\u00a0\u00bbdefault\u00a0\u00bb:2002},\u00a0\u00bbparent\u00a0\u00bb:{\u00ab\u00a0default\u00a0\u00bb:\u00a0\u00bb\/environnement\u00a0\u00bb,\u00a0\u00bbfooter\u00a0\u00bb:null,\u00a0\u00bbheadernav\u00a0\u00bb:\u00a0\u00bb\/environnement\u00a0\u00bb,\u00a0\u00bbburgermenu\u00a0\u00bb:\u00a0\u00bb\/environnement\u00a0\u00bb,\u00a0\u00bbamp-menu\u00a0\u00bb:\u00a0\u00bb\/environnement\u00a0\u00bb,\u00a0\u00bbfooter2&Prime;:\u00a0\u00bb\/environnement\u00a0\u00bb},\u00a0\u00bbancestors\u00a0\u00bb:{\u00ab\u00a0default\u00a0\u00bb:[\u00ab\u00a0\/environnement\u00a0\u00bb,\u00a0\u00bbhttps:\/\/www.liberation.fr\/\u00a0\u00bb],\u00a0\u00bbfooter\u00a0\u00bb:[],\u00a0\u00bbheadernav\u00a0\u00bb:[\u00ab\u00a0\/environnement\u00a0\u00bb],\u00a0\u00bbburgermenu\u00a0\u00bb:[\u00ab\u00a0\/environnement\u00a0\u00bb,\u00a0\u00bbhttps:\/\/www.liberation.fr\/\u00a0\u00bb],\u00a0\u00bbamp-menu\u00a0\u00bb:[\u00ab\u00a0https:\/\/www.liberation.fr\/\u00a0\u00bb,\u00a0\u00bb\/environnement\u00a0\u00bb],\u00a0\u00bbfooter2&Prime;:[\u00ab\u00a0\/environnement\u00a0\u00bb]},\u00a0\u00bbinactive\u00a0\u00bb:false,\u00a0\u00bbnode_type\u00a0\u00bb:\u00a0\u00bbsection\u00a0\u00bb,\u00a0\u00bbchildren\u00a0\u00bb:[]},{\u00ab\u00a0_id\u00a0\u00bb:\u00a0\u00bb\/environnement\/agriculture\u00a0\u00bb,\u00a0\u00bbsite\u00a0\u00bb:{\u00ab\u00a0site_tagline\u00a0\u00bb:null,\u00a0\u00bbsite_url\u00a0\u00bb:null,\u00a0\u00bbsite_title\u00a0\u00bb:\u00a0\u00bbAgriculture : actualit\u00e9s et informations &#8211; Lib\u00e9ration\u00a0\u00bb,\u00a0\u00bbpagebuilder_path_for_native_apps\u00a0\u00bb:null,\u00a0\u00bbsite_about\u00a0\u00bb:null,\u00a0\u00bbsite_description\u00a0\u00bb:\u00a0\u00bbRetrouvez toute l&rsquo;actualit\u00e9 sur l&rsquo;agriculture et ses enjeux sur la soci\u00e9t\u00e9 : derniers articles, analyses et t\u00e9moignages de la rubrique Agriculture de Lib\u00e9ration.\u00a0\u00bb,\u00a0\u00bbsite_keywords\u00a0\u00bb:null},\u00a0\u00bbsite_topper\u00a0\u00bb:{\u00ab\u00a0site_logo_image\u00a0\u00bb:null},\u00a0\u00bbsocial\u00a0\u00bb:{\u00ab\u00a0twitter\u00a0\u00bb:null,\u00a0\u00bbfacebook\u00a0\u00bb:null,\u00a0\u00bbrss\u00a0\u00bb:null,\u00a0\u00bbinstagram\u00a0\u00bb:null},\u00a0\u00bbnavigation\u00a0\u00bb:{\u00ab\u00a0nav_title\u00a0\u00bb:\u00a0\u00bbAgriculture\u00a0\u00bb},\u00a0\u00bb_admin\u00a0\u00bb:{\u00ab\u00a0alias_ids\u00a0\u00bb:[\u00ab\u00a0\/environnement\/agriculture\u00a0\u00bb,\u00a0\u00bb200013&Prime;]},\u00a0\u00bb_website\u00a0\u00bb:\u00a0\u00bbliberation\u00a0\u00bb,\u00a0\u00bbname\u00a0\u00bb:\u00a0\u00bbAgriculture\u00a0\u00bb,\u00a0\u00bborder\u00a0\u00bb:{\u00ab\u00a0burgermenu\u00a0\u00bb:2002,\u00a0\u00bbamp-menu\u00a0\u00bb:2001,\u00a0\u00bbdefault\u00a0\u00bb:2003},\u00a0\u00bbparent\u00a0\u00bb:{\u00ab\u00a0default\u00a0\u00bb:\u00a0\u00bb\/environnement\u00a0\u00bb,\u00a0\u00bbheadernav\u00a0\u00bb:\u00a0\u00bb\/environnement\u00a0\u00bb,\u00a0\u00bbburgermenu\u00a0\u00bb:\u00a0\u00bb\/environnement\u00a0\u00bb,\u00a0\u00bbamp-menu\u00a0\u00bb:\u00a0\u00bb\/environnement\u00a0\u00bb,\u00a0\u00bbfooter\u00a0\u00bb:null,\u00a0\u00bbfooter2&Prime;:\u00a0\u00bb\/environnement\u00a0\u00bb},\u00a0\u00bbancestors\u00a0\u00bb:{\u00ab\u00a0default\u00a0\u00bb:[\u00ab\u00a0\/environnement\u00a0\u00bb,\u00a0\u00bbhttps:\/\/www.liberation.fr\/\u00a0\u00bb],\u00a0\u00bbheadernav\u00a0\u00bb:[\u00ab\u00a0\/environnement\u00a0\u00bb],\u00a0\u00bbburgermenu\u00a0\u00bb:[\u00ab\u00a0\/environnement\u00a0\u00bb,\u00a0\u00bbhttps:\/\/www.liberation.fr\/\u00a0\u00bb],\u00a0\u00bbamp-menu\u00a0\u00bb:[\u00ab\u00a0https:\/\/www.liberation.fr\/\u00a0\u00bb,\u00a0\u00bb\/environnement\u00a0\u00bb],\u00a0\u00bbfooter\u00a0\u00bb:[],\u00a0\u00bbfooter2&Prime;:[\u00ab\u00a0\/environnement\u00a0\u00bb]},\u00a0\u00bbinactive\u00a0\u00bb:false,\u00a0\u00bbnode_type\u00a0\u00bb:\u00a0\u00bbsection\u00a0\u00bb,\u00a0\u00bbchildren\u00a0\u00bb:[]},{\u00ab\u00a0_id\u00a0\u00bb:\u00a0\u00bb\/environnement\/climat\u00a0\u00bb,\u00a0\u00bbsite\u00a0\u00bb:{\u00ab\u00a0site_tagline\u00a0\u00bb:null,\u00a0\u00bbsite_url\u00a0\u00bb:null,\u00a0\u00bbsite_title\u00a0\u00bb:\u00a0\u00bbClimat : actualit\u00e9s et informations &#8211; Lib\u00e9ration\u00a0\u00bb,\u00a0\u00bbpagebuilder_path_for_native_apps\u00a0\u00bb:null,\u00a0\u00bbsite_about\u00a0\u00bb:null,\u00a0\u00bbsite_description\u00a0\u00bb:\u00a0\u00bbRetrouvez toute l&rsquo;actualit\u00e9 sur le climat et ses enjeux sur la soci\u00e9t\u00e9 : derniers articles, analyses et t\u00e9moignages de la rubrique Climat de Lib\u00e9ration.\u00a0\u00bb,\u00a0\u00bbsite_keywords\u00a0\u00bb:null},\u00a0\u00bbsite_topper\u00a0\u00bb:{\u00ab\u00a0site_logo_image\u00a0\u00bb:null},\u00a0\u00bbsocial\u00a0\u00bb:{\u00ab\u00a0twitter\u00a0\u00bb:null,\u00a0\u00bbfacebook\u00a0\u00bb:null,\u00a0\u00bbrss\u00a0\u00bb:null,\u00a0\u00bbinstagram\u00a0\u00bb:null},\u00a0\u00bbnavigation\u00a0\u00bb:{\u00ab\u00a0nav_title\u00a0\u00bb:\u00a0\u00bbClimat\u00a0\u00bb},\u00a0\u00bb_admin\u00a0\u00bb:{\u00ab\u00a0alias_ids\u00a0\u00bb:[\u00ab\u00a0\/environnement\/climat\u00a0\u00bb,\u00a0\u00bb200053&Prime;]},\u00a0\u00bb_website\u00a0\u00bb:\u00a0\u00bbliberation\u00a0\u00bb,\u00a0\u00bbname\u00a0\u00bb:\u00a0\u00bbClimat\u00a0\u00bb,\u00a0\u00bborder\u00a0\u00bb:{\u00ab\u00a0burgermenu\u00a0\u00bb:2005,\u00a0\u00bbamp-menu\u00a0\u00bb:2004,\u00a0\u00bbdefault\u00a0\u00bb:2005},\u00a0\u00bbparent\u00a0\u00bb:{\u00ab\u00a0default\u00a0\u00bb:\u00a0\u00bb\/environnement\u00a0\u00bb,\u00a0\u00bbfooter\u00a0\u00bb:null,\u00a0\u00bbheadernav\u00a0\u00bb:\u00a0\u00bb\/environnement\u00a0\u00bb,\u00a0\u00bbburgermenu\u00a0\u00bb:\u00a0\u00bb\/environnement\u00a0\u00bb,\u00a0\u00bbamp-menu\u00a0\u00bb:\u00a0\u00bb\/environnement\u00a0\u00bb,\u00a0\u00bbfooter2&Prime;:\u00a0\u00bb\/environnement\u00a0\u00bb},\u00a0\u00bbancestors\u00a0\u00bb:{\u00ab\u00a0default\u00a0\u00bb:[\u00ab\u00a0\/environnement\u00a0\u00bb,\u00a0\u00bbhttps:\/\/www.liberation.fr\/\u00a0\u00bb],\u00a0\u00bbfooter\u00a0\u00bb:[],\u00a0\u00bbheadernav\u00a0\u00bb:[\u00ab\u00a0\/environnement\u00a0\u00bb],\u00a0\u00bbburgermenu\u00a0\u00bb:[\u00ab\u00a0\/environnement\u00a0\u00bb,\u00a0\u00bbhttps:\/\/www.liberation.fr\/\u00a0\u00bb],\u00a0\u00bbamp-menu\u00a0\u00bb:[\u00ab\u00a0https:\/\/www.liberation.fr\/\u00a0\u00bb,\u00a0\u00bb\/environnement\u00a0\u00bb],\u00a0\u00bbfooter2&Prime;:[\u00ab\u00a0\/environnement\u00a0\u00bb]},\u00a0\u00bbinactive\u00a0\u00bb:false,\u00a0\u00bbnode_type\u00a0\u00bb:\u00a0\u00bbsection\u00a0\u00bb,\u00a0\u00bbchildren\u00a0\u00bb:[]},{\u00ab\u00a0_id\u00a0\u00bb:\u00a0\u00bb\/environnement\/nucleaire\u00a0\u00bb,\u00a0\u00bbsite\u00a0\u00bb:{\u00ab\u00a0site_tagline\u00a0\u00bb:null,\u00a0\u00bbsite_url\u00a0\u00bb:null,\u00a0\u00bbsite_title\u00a0\u00bb:\u00a0\u00bbNucl\u00e9aire : actualit\u00e9s et informations &#8211; Lib\u00e9ration\u00a0\u00bb,\u00a0\u00bbpagebuilder_path_for_native_apps\u00a0\u00bb:null,\u00a0\u00bbsite_about\u00a0\u00bb:null,\u00a0\u00bbsite_description\u00a0\u00bb:\u00a0\u00bbRetrouvez toute l&rsquo;actualit\u00e9 sur le nucl\u00e9aire et ses enjeux sur la soci\u00e9t\u00e9 : derniers articles, analyses et t\u00e9moignages de la rubrique Nucl\u00e9aire de Lib\u00e9ration.\u00a0\u00bb,\u00a0\u00bbsite_keywords\u00a0\u00bb:null},\u00a0\u00bbsite_topper\u00a0\u00bb:{\u00ab\u00a0site_logo_image\u00a0\u00bb:null},\u00a0\u00bbsocial\u00a0\u00bb:{\u00ab\u00a0twitter\u00a0\u00bb:null,\u00a0\u00bbfacebook\u00a0\u00bb:null,\u00a0\u00bbrss\u00a0\u00bb:null,\u00a0\u00bbinstagram\u00a0\u00bb:null},\u00a0\u00bbnavigation\u00a0\u00bb:{\u00ab\u00a0nav_title\u00a0\u00bb:\u00a0\u00bbNucl\u00e9aire\u00a0\u00bb},\u00a0\u00bb_admin\u00a0\u00bb:{\u00ab\u00a0alias_ids\u00a0\u00bb:[\u00ab\u00a0\/environnement\/nucleaire\u00a0\u00bb,\u00a0\u00bb200015&Prime;]},\u00a0\u00bb_website\u00a0\u00bb:\u00a0\u00bbliberation\u00a0\u00bb,\u00a0\u00bbname\u00a0\u00bb:\u00a0\u00bbNucl\u00e9aire\u00a0\u00bb,\u00a0\u00bborder\u00a0\u00bb:{\u00ab\u00a0burgermenu\u00a0\u00bb:2006,\u00a0\u00bbamp-menu\u00a0\u00bb:2005,\u00a0\u00bbdefault\u00a0\u00bb:2006},\u00a0\u00bbparent\u00a0\u00bb:{\u00ab\u00a0default\u00a0\u00bb:\u00a0\u00bb\/environnement\u00a0\u00bb,\u00a0\u00bbheadernav\u00a0\u00bb:\u00a0\u00bb\/environnement\u00a0\u00bb,\u00a0\u00bbburgermenu\u00a0\u00bb:\u00a0\u00bb\/environnement\u00a0\u00bb,\u00a0\u00bbamp-menu\u00a0\u00bb:\u00a0\u00bb\/environnement\u00a0\u00bb,\u00a0\u00bbfooter\u00a0\u00bb:null,\u00a0\u00bbfooter2&Prime;:\u00a0\u00bb\/environnement\u00a0\u00bb},\u00a0\u00bbancestors\u00a0\u00bb:{\u00ab\u00a0default\u00a0\u00bb:[\u00ab\u00a0\/environnement\u00a0\u00bb,\u00a0\u00bbhttps:\/\/www.liberation.fr\/\u00a0\u00bb],\u00a0\u00bbheadernav\u00a0\u00bb:[\u00ab\u00a0\/environnement\u00a0\u00bb],\u00a0\u00bbburgermenu\u00a0\u00bb:[\u00ab\u00a0\/environnement\u00a0\u00bb,\u00a0\u00bbhttps:\/\/www.liberation.fr\/\u00a0\u00bb],\u00a0\u00bbamp-menu\u00a0\u00bb:[\u00ab\u00a0https:\/\/www.liberation.fr\/\u00a0\u00bb,\u00a0\u00bb\/environnement\u00a0\u00bb],\u00a0\u00bbfooter\u00a0\u00bb:[],\u00a0\u00bbfooter2&Prime;:[\u00ab\u00a0\/environnement\u00a0\u00bb]},\u00a0\u00bbinactive\u00a0\u00bb:false,\u00a0\u00bbnode_type\u00a0\u00bb:\u00a0\u00bbsection\u00a0\u00bb,\u00a0\u00bbchildren\u00a0\u00bb:[]},{\u00ab\u00a0_id\u00a0\u00bb:\u00a0\u00bb\/environnement\/pollution\u00a0\u00bb,\u00a0\u00bbsite\u00a0\u00bb:{\u00ab\u00a0site_tagline\u00a0\u00bb:null,\u00a0\u00bbsite_url\u00a0\u00bb:null,\u00a0\u00bbsite_title\u00a0\u00bb:\u00a0\u00bbPollution : actualit\u00e9s et informations &#8211; Lib\u00e9ration\u00a0\u00bb,\u00a0\u00bbpagebuilder_path_for_native_apps\u00a0\u00bb:null,\u00a0\u00bbsite_about\u00a0\u00bb:null,\u00a0\u00bbsite_description\u00a0\u00bb:\u00a0\u00bbRetrouvez toute l&rsquo;actualit\u00e9 sur la pollution et ses enjeux sur la soci\u00e9t\u00e9 : derniers articles, analyses et t\u00e9moignages de la rubrique Pollution de Lib\u00e9ration.\u00a0\u00bb,\u00a0\u00bbsite_keywords\u00a0\u00bb:null},\u00a0\u00bbsite_topper\u00a0\u00bb:{\u00ab\u00a0site_logo_image\u00a0\u00bb:null},\u00a0\u00bbsocial\u00a0\u00bb:{\u00ab\u00a0twitter\u00a0\u00bb:null,\u00a0\u00bbfacebook\u00a0\u00bb:null,\u00a0\u00bbrss\u00a0\u00bb:null,\u00a0\u00bbinstagram\u00a0\u00bb:null},\u00a0\u00bbnavigation\u00a0\u00bb:{\u00ab\u00a0nav_title\u00a0\u00bb:\u00a0\u00bbPollution\u00a0\u00bb},\u00a0\u00bb_admin\u00a0\u00bb:{\u00ab\u00a0alias_ids\u00a0\u00bb:[\u00ab\u00a0\/environnement\/pollution\u00a0\u00bb,\u00a0\u00bb200012&Prime;]},\u00a0\u00bb_website\u00a0\u00bb:\u00a0\u00bbliberation\u00a0\u00bb,\u00a0\u00bbname\u00a0\u00bb:\u00a0\u00bbPollution\u00a0\u00bb,\u00a0\u00bborder\u00a0\u00bb:{\u00ab\u00a0burgermenu\u00a0\u00bb:2007,\u00a0\u00bbamp-menu\u00a0\u00bb:2006,\u00a0\u00bbdefault\u00a0\u00bb:2007},\u00a0\u00bbparent\u00a0\u00bb:{\u00ab\u00a0default\u00a0\u00bb:\u00a0\u00bb\/environnement\u00a0\u00bb,\u00a0\u00bbheadernav\u00a0\u00bb:\u00a0\u00bb\/environnement\u00a0\u00bb,\u00a0\u00bbburgermenu\u00a0\u00bb:\u00a0\u00bb\/environnement\u00a0\u00bb,\u00a0\u00bbamp-menu\u00a0\u00bb:\u00a0\u00bb\/environnement\u00a0\u00bb,\u00a0\u00bbfooter\u00a0\u00bb:null,\u00a0\u00bbfooter2&Prime;:\u00a0\u00bb\/environnement\u00a0\u00bb},\u00a0\u00bbancestors\u00a0\u00bb:{\u00ab\u00a0default\u00a0\u00bb:[\u00ab\u00a0\/environnement\u00a0\u00bb,\u00a0\u00bbhttps:\/\/www.liberation.fr\/\u00a0\u00bb],\u00a0\u00bbheadernav\u00a0\u00bb:[\u00ab\u00a0\/environnement\u00a0\u00bb],\u00a0\u00bbburgermenu\u00a0\u00bb:[\u00ab\u00a0\/environnement\u00a0\u00bb,\u00a0\u00bbhttps:\/\/www.liberation.fr\/\u00a0\u00bb],\u00a0\u00bbamp-menu\u00a0\u00bb:[\u00ab\u00a0https:\/\/www.liberation.fr\/\u00a0\u00bb,\u00a0\u00bb\/environnement\u00a0\u00bb],\u00a0\u00bbfooter\u00a0\u00bb:[],\u00a0\u00bbfooter2&Prime;:[\u00ab\u00a0\/environnement\u00a0\u00bb]},\u00a0\u00bbinactive\u00a0\u00bb:false,\u00a0\u00bbnode_type\u00a0\u00bb:\u00a0\u00bbsection\u00a0\u00bb,\u00a0\u00bbchildren\u00a0\u00bb:[]}]},{\u00ab\u00a0_id\u00a0\u00bb:\u00a0\u00bb\/economie\u00a0\u00bb,\u00a0\u00bbsite\u00a0\u00bb:{\u00ab\u00a0site_tagline\u00a0\u00bb:null,\u00a0\u00bbsite_url\u00a0\u00bb:null,\u00a0\u00bbsite_title\u00a0\u00bb:\u00a0\u00bbEconomie : toute l&rsquo;actualit\u00e9 \u00e9conomique avec Lib\u00e9ration\u00a0\u00bb,\u00a0\u00bbsite_about\u00a0\u00bb:null,\u00a0\u00bbpagebuilder_path_for_native_apps\u00a0\u00bb:null,\u00a0\u00bbsite_description\u00a0\u00bb:\u00a0\u00bbRetrouvez toute l&rsquo;actualit\u00e9 \u00e9conomique et financi\u00e8re en France et \u00e0 l&rsquo;international : conjoncture, \u00e9conomie num\u00e9rique, m\u00e9dias, social, transports&#8230;\u00a0\u00bb,\u00a0\u00bbsite_keywords\u00a0\u00bb:null},\u00a0\u00bbsite_topper\u00a0\u00bb:{\u00ab\u00a0site_logo_image\u00a0\u00bb:null},\u00a0\u00bbsocial\u00a0\u00bb:{\u00ab\u00a0twitter\u00a0\u00bb:null,\u00a0\u00bbfacebook\u00a0\u00bb:null,\u00a0\u00bbrss\u00a0\u00bb:null,\u00a0\u00bbinstagram\u00a0\u00bb:null},\u00a0\u00bbnavigation\u00a0\u00bb:{\u00ab\u00a0nav_title\u00a0\u00bb:\u00a0\u00bbEconomie\u00a0\u00bb},\u00a0\u00bb_admin\u00a0\u00bb:{\u00ab\u00a0alias_ids\u00a0\u00bb:[\u00ab\u00a0https:\/\/www.liberation.fr\/economie\/\u00a0\u00bb,\u00a0\u00bb200001&Prime;]},\u00a0\u00bb_website\u00a0\u00bb:\u00a0\u00bbliberation\u00a0\u00bb,\u00a0\u00bbname\u00a0\u00bb:\u00a0\u00bbEconomie\u00a0\u00bb,\u00a0\u00bborder\u00a0\u00bb:{\u00ab\u00a0amp-menu\u00a0\u00bb:1007,\u00a0\u00bbburgermenu\u00a0\u00bb:1013,\u00a0\u00bbdefault\u00a0\u00bb:1009,\u00a0\u00bbheadernav\u00a0\u00bb:1010,\u00a0\u00bbfooter2&Prime;:1006},\u00a0\u00bbparent\u00a0\u00bb:{\u00ab\u00a0default\u00a0\u00bb:\u00a0\u00bbhttps:\/\/www.liberation.fr\/\u00a0\u00bb,\u00a0\u00bbamp-menu\u00a0\u00bb:\u00a0\u00bbhttps:\/\/www.liberation.fr\/\u00a0\u00bb,\u00a0\u00bbburgermenu\u00a0\u00bb:\u00a0\u00bbhttps:\/\/www.liberation.fr\/\u00a0\u00bb,\u00a0\u00bbfooter\u00a0\u00bb:null,\u00a0\u00bbaccueil-tag-block\u00a0\u00bb:null,\u00a0\u00bbheadernav\u00a0\u00bb:\u00a0\u00bbhttps:\/\/www.liberation.fr\/\u00a0\u00bb,\u00a0\u00bbfooter2&Prime;:\u00a0\u00bbhttps:\/\/www.liberation.fr\/\u00a0\u00bb},\u00a0\u00bbancestors\u00a0\u00bb:{\u00ab\u00a0default\u00a0\u00bb:[\u00ab\u00a0https:\/\/www.liberation.fr\/\u00a0\u00bb],\u00a0\u00bbamp-menu\u00a0\u00bb:[\u00ab\u00a0https:\/\/www.liberation.fr\/\u00a0\u00bb],\u00a0\u00bbburgermenu\u00a0\u00bb:[\u00ab\u00a0https:\/\/www.liberation.fr\/\u00a0\u00bb],\u00a0\u00bbfooter\u00a0\u00bb:[],\u00a0\u00bbaccueil-tag-block\u00a0\u00bb:[],\u00a0\u00bbheadernav\u00a0\u00bb:[\u00ab\u00a0https:\/\/www.liberation.fr\/\u00a0\u00bb],\u00a0\u00bbfooter2&Prime;:[]},\u00a0\u00bbinactive\u00a0\u00bb:false,\u00a0\u00bbnode_type\u00a0\u00bb:\u00a0\u00bbsection\u00a0\u00bb,\u00a0\u00bbchildren\u00a0\u00bb:[{\u00ab\u00a0_id\u00a0\u00bb:\u00a0\u00bb\/economie\/transports\u00a0\u00bb,\u00a0\u00bbsite\u00a0\u00bb:{\u00ab\u00a0site_tagline\u00a0\u00bb:null,\u00a0\u00bbsite_url\u00a0\u00bb:null,\u00a0\u00bbsite_title\u00a0\u00bb:\u00a0\u00bbTransports : actualit\u00e9s et informations &#8211; Lib\u00e9ration\u00a0\u00bb,\u00a0\u00bbpagebuilder_path_for_native_apps\u00a0\u00bb:null,\u00a0\u00bbsite_about\u00a0\u00bb:null,\u00a0\u00bbsite_description\u00a0\u00bb:\u00a0\u00bbRetrouvez toute l&rsquo;actualit\u00e9 sur le secteur des Transports et ses enjeux : derniers articles, analyses et t\u00e9moignages de la rubrique Transports de Lib\u00e9ration.\u00a0\u00bb,\u00a0\u00bbsite_keywords\u00a0\u00bb:null},\u00a0\u00bbsite_topper\u00a0\u00bb:{\u00ab\u00a0site_logo_image\u00a0\u00bb:null},\u00a0\u00bbsocial\u00a0\u00bb:{\u00ab\u00a0twitter\u00a0\u00bb:null,\u00a0\u00bbfacebook\u00a0\u00bb:null,\u00a0\u00bbrss\u00a0\u00bb:null,\u00a0\u00bbinstagram\u00a0\u00bb:null},\u00a0\u00bbnavigation\u00a0\u00bb:{\u00ab\u00a0nav_title\u00a0\u00bb:\u00a0\u00bbTransports\u00a0\u00bb},\u00a0\u00bb_admin\u00a0\u00bb:{\u00ab\u00a0alias_ids\u00a0\u00bb:[\u00ab\u00a0\/economie\/transports\u00a0\u00bb,\u00a0\u00bb200007&Prime;]},\u00a0\u00bb_website\u00a0\u00bb:\u00a0\u00bbliberation\u00a0\u00bb,\u00a0\u00bbname\u00a0\u00bb:\u00a0\u00bbTransports\u00a0\u00bb,\u00a0\u00bborder\u00a0\u00bb:{\u00ab\u00a0default\u00a0\u00bb:2001,\u00a0\u00bbheadernav\u00a0\u00bb:2001,\u00a0\u00bbburgermenu\u00a0\u00bb:2003,\u00a0\u00bbamp-menu\u00a0\u00bb:2004,\u00a0\u00bbfooter2&Prime;:2001},\u00a0\u00bbparent\u00a0\u00bb:{\u00ab\u00a0default\u00a0\u00bb:\u00a0\u00bb\/economie\u00a0\u00bb,\u00a0\u00bbfooter\u00a0\u00bb:null,\u00a0\u00bbheadernav\u00a0\u00bb:\u00a0\u00bb\/economie\u00a0\u00bb,\u00a0\u00bbburgermenu\u00a0\u00bb:\u00a0\u00bb\/economie\u00a0\u00bb,\u00a0\u00bbamp-menu\u00a0\u00bb:\u00a0\u00bb\/economie\u00a0\u00bb,\u00a0\u00bbfooter2&Prime;:\u00a0\u00bb\/economie\u00a0\u00bb},\u00a0\u00bbancestors\u00a0\u00bb:{\u00ab\u00a0default\u00a0\u00bb:[\u00ab\u00a0\/economie\u00a0\u00bb],\u00a0\u00bbfooter\u00a0\u00bb:[],\u00a0\u00bbheadernav\u00a0\u00bb:[\u00ab\u00a0https:\/\/www.liberation.fr\/\u00a0\u00bb,\u00a0\u00bb\/economie\u00a0\u00bb],\u00a0\u00bbburgermenu\u00a0\u00bb:[\u00ab\u00a0https:\/\/www.liberation.fr\/\u00a0\u00bb,\u00a0\u00bb\/economie\u00a0\u00bb],\u00a0\u00bbamp-menu\u00a0\u00bb:[\u00ab\u00a0https:\/\/www.liberation.fr\/\u00a0\u00bb,\u00a0\u00bb\/economie\u00a0\u00bb],\u00a0\u00bbfooter2&Prime;:[\u00ab\u00a0\/economie\u00a0\u00bb]},\u00a0\u00bbinactive\u00a0\u00bb:false,\u00a0\u00bbnode_type\u00a0\u00bb:\u00a0\u00bbsection\u00a0\u00bb,\u00a0\u00bbchildren\u00a0\u00bb:[]},{\u00ab\u00a0_id\u00a0\u00bb:\u00a0\u00bb\/economie\/medias\u00a0\u00bb,\u00a0\u00bbsite\u00a0\u00bb:{\u00ab\u00a0site_tagline\u00a0\u00bb:null,\u00a0\u00bbsite_url\u00a0\u00bb:null,\u00a0\u00bbsite_title\u00a0\u00bb:\u00a0\u00bbToute l\u2019actualit\u00e9 m\u00e9dia avec Lib\u00e9ration &#8211; Lib\u00e9ration\u00a0\u00bb,\u00a0\u00bbpagebuilder_path_for_native_apps\u00a0\u00bb:null,\u00a0\u00bbsite_about\u00a0\u00bb:null,\u00a0\u00bbsite_description\u00a0\u00bb:\u00a0\u00bbActualit\u00e9 m\u00e9dia &#8211; tout savoir sur les derni\u00e8res infos m\u00e9dias avec Lib\u00e9ration : t\u00e9l\u00e9vision, radio, journal, audiences, communication&#8230;\u00a0\u00bb,\u00a0\u00bbsite_keywords\u00a0\u00bb:null},\u00a0\u00bbsite_topper\u00a0\u00bb:{\u00ab\u00a0site_logo_image\u00a0\u00bb:null},\u00a0\u00bbsocial\u00a0\u00bb:{\u00ab\u00a0twitter\u00a0\u00bb:null,\u00a0\u00bbfacebook\u00a0\u00bb:null,\u00a0\u00bbrss\u00a0\u00bb:null,\u00a0\u00bbinstagram\u00a0\u00bb:null},\u00a0\u00bbnavigation\u00a0\u00bb:{\u00ab\u00a0nav_title\u00a0\u00bb:\u00a0\u00bbM\u00e9dias\u00a0\u00bb},\u00a0\u00bb_admin\u00a0\u00bb:{\u00ab\u00a0alias_ids\u00a0\u00bb:[\u00ab\u00a0\/economie\/medias\u00a0\u00bb,\u00a0\u00bb200008&Prime;]},\u00a0\u00bb_website\u00a0\u00bb:\u00a0\u00bbliberation\u00a0\u00bb,\u00a0\u00bbname\u00a0\u00bb:\u00a0\u00bbM\u00e9dias\u00a0\u00bb,\u00a0\u00bborder\u00a0\u00bb:{\u00ab\u00a0default\u00a0\u00bb:2002,\u00a0\u00bbheadernav\u00a0\u00bb:2002,\u00a0\u00bbburgermenu\u00a0\u00bb:2001,\u00a0\u00bbamp-menu\u00a0\u00bb:2002,\u00a0\u00bbfooter2&Prime;:2002},\u00a0\u00bbparent\u00a0\u00bb:{\u00ab\u00a0default\u00a0\u00bb:\u00a0\u00bb\/economie\u00a0\u00bb,\u00a0\u00bbfooter\u00a0\u00bb:null,\u00a0\u00bbheadernav\u00a0\u00bb:\u00a0\u00bb\/economie\u00a0\u00bb,\u00a0\u00bbburgermenu\u00a0\u00bb:\u00a0\u00bb\/economie\u00a0\u00bb,\u00a0\u00bbamp-menu\u00a0\u00bb:\u00a0\u00bb\/economie\u00a0\u00bb,\u00a0\u00bbfooter2&Prime;:\u00a0\u00bb\/economie\u00a0\u00bb},\u00a0\u00bbancestors\u00a0\u00bb:{\u00ab\u00a0default\u00a0\u00bb:[\u00ab\u00a0\/economie\u00a0\u00bb],\u00a0\u00bbfooter\u00a0\u00bb:[],\u00a0\u00bbheadernav\u00a0\u00bb:[\u00ab\u00a0https:\/\/www.liberation.fr\/\u00a0\u00bb,\u00a0\u00bb\/economie\u00a0\u00bb],\u00a0\u00bbburgermenu\u00a0\u00bb:[\u00ab\u00a0https:\/\/www.liberation.fr\/\u00a0\u00bb,\u00a0\u00bb\/economie\u00a0\u00bb],\u00a0\u00bbamp-menu\u00a0\u00bb:[\u00ab\u00a0https:\/\/www.liberation.fr\/\u00a0\u00bb,\u00a0\u00bb\/economie\u00a0\u00bb],\u00a0\u00bbfooter2&Prime;:[\u00ab\u00a0\/economie\u00a0\u00bb]},\u00a0\u00bbinactive\u00a0\u00bb:false,\u00a0\u00bbnode_type\u00a0\u00bb:\u00a0\u00bbsection\u00a0\u00bb,\u00a0\u00bbchildren\u00a0\u00bb:[]},{\u00ab\u00a0_id\u00a0\u00bb:\u00a0\u00bb\/economie\/economie-numerique\u00a0\u00bb,\u00a0\u00bbsite\u00a0\u00bb:{\u00ab\u00a0site_tagline\u00a0\u00bb:null,\u00a0\u00bbsite_url\u00a0\u00bb:null,\u00a0\u00bbsite_title\u00a0\u00bb:\u00a0\u00bbEconomie num\u00e9rique : actualit\u00e9s et informations &#8211; Lib\u00e9ration\u00a0\u00bb,\u00a0\u00bbpagebuilder_path_for_native_apps\u00a0\u00bb:null,\u00a0\u00bbsite_about\u00a0\u00bb:null,\u00a0\u00bbsite_description\u00a0\u00bb:\u00a0\u00bbRetrouvez toute l&rsquo;actualit\u00e9 sur l&rsquo;\u00e9conomie num\u00e9rique et ses enjeux : derniers articles, analyses et t\u00e9moignages de la rubrique Economie Num\u00e9rique de Lib\u00e9ration.\u00a0\u00bb,\u00a0\u00bbsite_keywords\u00a0\u00bb:null},\u00a0\u00bbsite_topper\u00a0\u00bb:{\u00ab\u00a0site_logo_image\u00a0\u00bb:null},\u00a0\u00bbsocial\u00a0\u00bb:{\u00ab\u00a0twitter\u00a0\u00bb:null,\u00a0\u00bbfacebook\u00a0\u00bb:null,\u00a0\u00bbrss\u00a0\u00bb:null,\u00a0\u00bbinstagram\u00a0\u00bb:null},\u00a0\u00bbnavigation\u00a0\u00bb:{\u00ab\u00a0nav_title\u00a0\u00bb:\u00a0\u00bbEconomie num\u00e9rique\u00a0\u00bb},\u00a0\u00bb_admin\u00a0\u00bb:{\u00ab\u00a0alias_ids\u00a0\u00bb:[\u00ab\u00a0\/economie\/economie-numerique\u00a0\u00bb,\u00a0\u00bb200009&Prime;]},\u00a0\u00bb_website\u00a0\u00bb:\u00a0\u00bbliberation\u00a0\u00bb,\u00a0\u00bbname\u00a0\u00bb:\u00a0\u00bbEconomie num\u00e9rique\u00a0\u00bb,\u00a0\u00bborder\u00a0\u00bb:{\u00ab\u00a0default\u00a0\u00bb:2003,\u00a0\u00bbheadernav\u00a0\u00bb:2003,\u00a0\u00bbburgermenu\u00a0\u00bb:2004,\u00a0\u00bbamp-menu\u00a0\u00bb:2001,\u00a0\u00bbfooter2&Prime;:2003},\u00a0\u00bbparent\u00a0\u00bb:{\u00ab\u00a0default\u00a0\u00bb:\u00a0\u00bb\/economie\u00a0\u00bb,\u00a0\u00bbfooter\u00a0\u00bb:null,\u00a0\u00bbheadernav\u00a0\u00bb:\u00a0\u00bb\/economie\u00a0\u00bb,\u00a0\u00bbburgermenu\u00a0\u00bb:\u00a0\u00bb\/economie\u00a0\u00bb,\u00a0\u00bbamp-menu\u00a0\u00bb:\u00a0\u00bb\/economie\u00a0\u00bb,\u00a0\u00bbfooter2&Prime;:\u00a0\u00bb\/economie\u00a0\u00bb},\u00a0\u00bbancestors\u00a0\u00bb:{\u00ab\u00a0default\u00a0\u00bb:[\u00ab\u00a0\/economie\u00a0\u00bb],\u00a0\u00bbfooter\u00a0\u00bb:[],\u00a0\u00bbheadernav\u00a0\u00bb:[\u00ab\u00a0https:\/\/www.liberation.fr\/\u00a0\u00bb,\u00a0\u00bb\/economie\u00a0\u00bb],\u00a0\u00bbburgermenu\u00a0\u00bb:[\u00ab\u00a0https:\/\/www.liberation.fr\/\u00a0\u00bb,\u00a0\u00bb\/economie\u00a0\u00bb],\u00a0\u00bbamp-menu\u00a0\u00bb:[\u00ab\u00a0https:\/\/www.liberation.fr\/\u00a0\u00bb,\u00a0\u00bb\/economie\u00a0\u00bb],\u00a0\u00bbfooter2&Prime;:[\u00ab\u00a0\/economie\u00a0\u00bb]},\u00a0\u00bbinactive\u00a0\u00bb:false,\u00a0\u00bbnode_type\u00a0\u00bb:\u00a0\u00bbsection\u00a0\u00bb,\u00a0\u00bbchildren\u00a0\u00bb:[]},{\u00ab\u00a0_id\u00a0\u00bb:\u00a0\u00bb\/economie\/social\u00a0\u00bb,\u00a0\u00bbsite\u00a0\u00bb:{\u00ab\u00a0site_tagline\u00a0\u00bb:null,\u00a0\u00bbsite_url\u00a0\u00bb:null,\u00a0\u00bbsite_title\u00a0\u00bb:\u00a0\u00bbSocial : actualit\u00e9s et informations &#8211; Lib\u00e9ration\u00a0\u00bb,\u00a0\u00bbpagebuilder_path_for_native_apps\u00a0\u00bb:null,\u00a0\u00bbsite_about\u00a0\u00bb:null,\u00a0\u00bbsite_description\u00a0\u00bb:\u00a0\u00bbRetrouvez toute l&rsquo;actualit\u00e9 \u00e9conomique et sociale avec Lib\u00e9ration : derniers articles, analyses et t\u00e9moignages&#8230;\u00a0\u00bb,\u00a0\u00bbsite_keywords\u00a0\u00bb:null},\u00a0\u00bbsite_topper\u00a0\u00bb:{\u00ab\u00a0site_logo_image\u00a0\u00bb:null},\u00a0\u00bbsocial\u00a0\u00bb:{\u00ab\u00a0twitter\u00a0\u00bb:null,\u00a0\u00bbfacebook\u00a0\u00bb:null,\u00a0\u00bbrss\u00a0\u00bb:null,\u00a0\u00bbinstagram\u00a0\u00bb:null},\u00a0\u00bbnavigation\u00a0\u00bb:{\u00ab\u00a0nav_title\u00a0\u00bb:\u00a0\u00bbSocial\u00a0\u00bb},\u00a0\u00bb_admin\u00a0\u00bb:{\u00ab\u00a0alias_ids\u00a0\u00bb:[\u00ab\u00a0\/economie\/social\u00a0\u00bb,\u00a0\u00bb200010&Prime;]},\u00a0\u00bb_website\u00a0\u00bb:\u00a0\u00bbliberation\u00a0\u00bb,\u00a0\u00bbname\u00a0\u00bb:\u00a0\u00bbSocial\u00a0\u00bb,\u00a0\u00bborder\u00a0\u00bb:{\u00ab\u00a0default\u00a0\u00bb:2004,\u00a0\u00bbheadernav\u00a0\u00bb:2004,\u00a0\u00bbburgermenu\u00a0\u00bb:2002,\u00a0\u00bbamp-menu\u00a0\u00bb:2003,\u00a0\u00bbfooter2&Prime;:2004},\u00a0\u00bbparent\u00a0\u00bb:{\u00ab\u00a0default\u00a0\u00bb:\u00a0\u00bb\/economie\u00a0\u00bb,\u00a0\u00bbheadernav\u00a0\u00bb:\u00a0\u00bb\/economie\u00a0\u00bb,\u00a0\u00bbburgermenu\u00a0\u00bb:\u00a0\u00bb\/economie\u00a0\u00bb,\u00a0\u00bbamp-menu\u00a0\u00bb:\u00a0\u00bb\/economie\u00a0\u00bb,\u00a0\u00bbfooter\u00a0\u00bb:null,\u00a0\u00bbfooter2&Prime;:\u00a0\u00bb\/economie\u00a0\u00bb},\u00a0\u00bbancestors\u00a0\u00bb:{\u00ab\u00a0default\u00a0\u00bb:[\u00ab\u00a0\/economie\u00a0\u00bb],\u00a0\u00bbheadernav\u00a0\u00bb:[\u00ab\u00a0https:\/\/www.liberation.fr\/\u00a0\u00bb,\u00a0\u00bb\/economie\u00a0\u00bb],\u00a0\u00bbburgermenu\u00a0\u00bb:[\u00ab\u00a0https:\/\/www.liberation.fr\/\u00a0\u00bb,\u00a0\u00bb\/economie\u00a0\u00bb],\u00a0\u00bbamp-menu\u00a0\u00bb:[\u00ab\u00a0https:\/\/www.liberation.fr\/\u00a0\u00bb,\u00a0\u00bb\/economie\u00a0\u00bb],\u00a0\u00bbfooter\u00a0\u00bb:[],\u00a0\u00bbfooter2&Prime;:[\u00ab\u00a0\/economie\u00a0\u00bb]},\u00a0\u00bbinactive\u00a0\u00bb:false,\u00a0\u00bbnode_type\u00a0\u00bb:\u00a0\u00bbsection\u00a0\u00bb,\u00a0\u00bbchildren\u00a0\u00bb:[]}]},{\u00ab\u00a0_id\u00a0\u00bb:\u00a0\u00bb\/lifestyle\u00a0\u00bb,\u00a0\u00bb_website\u00a0\u00bb:\u00a0\u00bbliberation\u00a0\u00bb,\u00a0\u00bbname\u00a0\u00bb:\u00a0\u00bbLifestyle\u00a0\u00bb,\u00a0\u00bbinactive\u00a0\u00bb:false,\u00a0\u00bbancestors\u00a0\u00bb:{\u00ab\u00a0default\u00a0\u00bb:[\u00ab\u00a0https:\/\/www.liberation.fr\/\u00a0\u00bb],\u00a0\u00bbburgermenu\u00a0\u00bb:[\u00ab\u00a0https:\/\/www.liberation.fr\/\u00a0\u00bb],\u00a0\u00bbheadernav\u00a0\u00bb:[\u00ab\u00a0https:\/\/www.liberation.fr\/\u00a0\u00bb],\u00a0\u00bbamp-menu\u00a0\u00bb:[\u00ab\u00a0https:\/\/www.liberation.fr\/\u00a0\u00bb],\u00a0\u00bbfooter\u00a0\u00bb:[],\u00a0\u00bbfooter2&Prime;:[\u00ab\u00a0https:\/\/www.liberation.fr\/\u00a0\u00bb]},\u00a0\u00bbparent\u00a0\u00bb:{\u00ab\u00a0default\u00a0\u00bb:\u00a0\u00bbhttps:\/\/www.liberation.fr\/\u00a0\u00bb,\u00a0\u00bbburgermenu\u00a0\u00bb:\u00a0\u00bbhttps:\/\/www.liberation.fr\/\u00a0\u00bb,\u00a0\u00bbheadernav\u00a0\u00bb:\u00a0\u00bbhttps:\/\/www.liberation.fr\/\u00a0\u00bb,\u00a0\u00bbamp-menu\u00a0\u00bb:\u00a0\u00bbhttps:\/\/www.liberation.fr\/\u00a0\u00bb,\u00a0\u00bbfooter\u00a0\u00bb:null,\u00a0\u00bbfooter2&Prime;:\u00a0\u00bbhttps:\/\/www.liberation.fr\/\u00a0\u00bb},\u00a0\u00bborder\u00a0\u00bb:{\u00ab\u00a0burgermenu\u00a0\u00bb:1014,\u00a0\u00bbdefault\u00a0\u00bb:1010,\u00a0\u00bbamp-menu\u00a0\u00bb:1011,\u00a0\u00bbfooter2&Prime;:1007,\u00a0\u00bbheadernav\u00a0\u00bb:1011},\u00a0\u00bb_admin\u00a0\u00bb:{\u00ab\u00a0alias_ids\u00a0\u00bb:[\u00ab\u00a0\/lifestyle\u00a0\u00bb,\u00a0\u00bb15&Prime;]},\u00a0\u00bbnavigation\u00a0\u00bb:{\u00ab\u00a0nav_title\u00a0\u00bb:null},\u00a0\u00bbsite\u00a0\u00bb:{\u00ab\u00a0pagebuilder_path_for_native_apps\u00a0\u00bb:null,\u00a0\u00bbsite_about\u00a0\u00bb:null,\u00a0\u00bbsite_description\u00a0\u00bb:\u00a0\u00bbVoyages, Mode, Gastronomie, Design, Beaut\u00e9 et High-tech : d\u00e9couvrez toutes les tendances sur Lib\u00e9ration.\u00a0\u00bb,\u00a0\u00bbsite_keywords\u00a0\u00bb:null,\u00a0\u00bbsite_tagline\u00a0\u00bb:null,\u00a0\u00bbsite_title\u00a0\u00bb:\u00a0\u00bbLifestyle : l\u2019actualit\u00e9 du style de vie au quotidien &#8211; Lib\u00e9ration\u00a0\u00bb,\u00a0\u00bbsite_url\u00a0\u00bb:null},\u00a0\u00bbsite_topper\u00a0\u00bb:{\u00ab\u00a0site_logo_image\u00a0\u00bb:null},\u00a0\u00bbsocial\u00a0\u00bb:{\u00ab\u00a0facebook\u00a0\u00bb:null,\u00a0\u00bbinstagram\u00a0\u00bb:null,\u00a0\u00bbrss\u00a0\u00bb:null,\u00a0\u00bbtwitter\u00a0\u00bb:null},\u00a0\u00bbnode_type\u00a0\u00bb:\u00a0\u00bbsection\u00a0\u00bb,\u00a0\u00bbchildren\u00a0\u00bb:[]},{\u00ab\u00a0_id\u00a0\u00bb:\u00a0\u00bblink-IRBRAAYPD5FHDJDA6EUBRW4YGM\u00a0\u00bb,\u00a0\u00bb_website\u00a0\u00bb:\u00a0\u00bbliberation\u00a0\u00bb,\u00a0\u00bbdisplay_name\u00a0\u00bb:\u00a0\u00bbT\u00e9moignages\u00a0\u00bb,\u00a0\u00bburl\u00a0\u00bb:\u00a0\u00bbhttps:\/\/www.liberation.fr\/temoignages\/\u00a0\u00bb,\u00a0\u00bbparent\u00a0\u00bb:{\u00ab\u00a0burgermenu\u00a0\u00bb:\u00a0\u00bb\/lifestyle\u00a0\u00bb,\u00a0\u00bbheadernav\u00a0\u00bb:\u00a0\u00bbhttps:\/\/www.liberation.fr\/\u00a0\u00bb},\u00a0\u00bborder\u00a0\u00bb:{\u00ab\u00a0burgermenu\u00a0\u00bb:2010,\u00a0\u00bbheadernav\u00a0\u00bb:1012},\u00a0\u00bbnode_type\u00a0\u00bb:\u00a0\u00bblink\u00a0\u00bb,\u00a0\u00bbchildren\u00a0\u00bb:[]},{\u00ab\u00a0_id\u00a0\u00bb:\u00a0\u00bblink-CVAFAHXKI5AVTELUFP7BYGNOIM\u00a0\u00bb,\u00a0\u00bb_website\u00a0\u00bb:\u00a0\u00bbliberation\u00a0\u00bb,\u00a0\u00bbdisplay_name\u00a0\u00bb:\u00a0\u00bb\u00c7a va mieux en le lisant\u00a0\u00bb,\u00a0\u00bburl\u00a0\u00bb:\u00a0\u00bbhttps:\/\/www.liberation.fr\/tags\/ca-va-mieux-lisant\/\u00a0\u00bb,\u00a0\u00bbparent\u00a0\u00bb:{\u00ab\u00a0headernav\u00a0\u00bb:\u00a0\u00bbhttps:\/\/www.liberation.fr\/\u00a0\u00bb},\u00a0\u00bborder\u00a0\u00bb:{\u00ab\u00a0headernav\u00a0\u00bb:1013},\u00a0\u00bbnode_type\u00a0\u00bb:\u00a0\u00bblink\u00a0\u00bb,\u00a0\u00bbchildren\u00a0\u00bb:[]},{\u00ab\u00a0_id\u00a0\u00bb:\u00a0\u00bb\/portraits\u00a0\u00bb,\u00a0\u00bbsite\u00a0\u00bb:{\u00ab\u00a0site_tagline\u00a0\u00bb:null,\u00a0\u00bbsite_url\u00a0\u00bb:null,\u00a0\u00bbsite_title\u00a0\u00bb:\u00a0\u00bbTous les portraits de Lib\u00e9ration\u00a0\u00bb,\u00a0\u00bbsite_about\u00a0\u00bb:null,\u00a0\u00bbpagebuilder_path_for_native_apps\u00a0\u00bb:null,\u00a0\u00bbsite_description\u00a0\u00bb:\u00a0\u00bbD\u00e9couvrez chaque jour le portrait de Lib\u00e9ration sur des personnalit\u00e9s qui font l&rsquo;actualit\u00e9.\u00a0\u00bb,\u00a0\u00bbsite_keywords\u00a0\u00bb:null},\u00a0\u00bbsite_topper\u00a0\u00bb:{\u00ab\u00a0site_logo_image\u00a0\u00bb:null},\u00a0\u00bbsocial\u00a0\u00bb:{\u00ab\u00a0twitter\u00a0\u00bb:null,\u00a0\u00bbfacebook\u00a0\u00bb:null,\u00a0\u00bbrss\u00a0\u00bb:null,\u00a0\u00bbinstagram\u00a0\u00bb:null},\u00a0\u00bbnavigation\u00a0\u00bb:{\u00ab\u00a0nav_title\u00a0\u00bb:null},\u00a0\u00bb_admin\u00a0\u00bb:{\u00ab\u00a0alias_ids\u00a0\u00bb:[\u00ab\u00a0\/portraits\u00a0\u00bb,\u00a0\u00bb67&Prime;]},\u00a0\u00bb_website\u00a0\u00bb:\u00a0\u00bbliberation\u00a0\u00bb,\u00a0\u00bbname\u00a0\u00bb:\u00a0\u00bbPortraits\u00a0\u00bb,\u00a0\u00bborder\u00a0\u00bb:{\u00ab\u00a0default\u00a0\u00bb:1015,\u00a0\u00bbheadernav\u00a0\u00bb:1014,\u00a0\u00bbburgermenu\u00a0\u00bb:1018,\u00a0\u00bbamp-menu\u00a0\u00bb:1009,\u00a0\u00bbfooter2&Prime;:1012},\u00a0\u00bbparent\u00a0\u00bb:{\u00ab\u00a0default\u00a0\u00bb:\u00a0\u00bbhttps:\/\/www.liberation.fr\/\u00a0\u00bb,\u00a0\u00bbheadernav\u00a0\u00bb:\u00a0\u00bbhttps:\/\/www.liberation.fr\/\u00a0\u00bb,\u00a0\u00bbburgermenu\u00a0\u00bb:\u00a0\u00bbhttps:\/\/www.liberation.fr\/\u00a0\u00bb,\u00a0\u00bbamp-menu\u00a0\u00bb:\u00a0\u00bbhttps:\/\/www.liberation.fr\/\u00a0\u00bb,\u00a0\u00bbfooter\u00a0\u00bb:null,\u00a0\u00bbfooter2&Prime;:\u00a0\u00bbhttps:\/\/www.liberation.fr\/\u00a0\u00bb},\u00a0\u00bbancestors\u00a0\u00bb:{\u00ab\u00a0default\u00a0\u00bb:[\u00ab\u00a0https:\/\/www.liberation.fr\/\u00a0\u00bb],\u00a0\u00bbheadernav\u00a0\u00bb:[\u00ab\u00a0https:\/\/www.liberation.fr\/\u00a0\u00bb],\u00a0\u00bbburgermenu\u00a0\u00bb:[\u00ab\u00a0https:\/\/www.liberation.fr\/\u00a0\u00bb],\u00a0\u00bbamp-menu\u00a0\u00bb:[\u00ab\u00a0https:\/\/www.liberation.fr\/\u00a0\u00bb],\u00a0\u00bbfooter\u00a0\u00bb:[],\u00a0\u00bbfooter2&Prime;:[]},\u00a0\u00bbinactive\u00a0\u00bb:false,\u00a0\u00bbnode_type\u00a0\u00bb:\u00a0\u00bbsection\u00a0\u00bb,\u00a0\u00bbchildren\u00a0\u00bb:[]}]},\u00a0\u00bbexpires\u00a0\u00bb:1756529230250,\u00a0\u00bblastModified\u00a0\u00bb:1756528930213}},\u00a0\u00bbalert-bar-collections\u00a0\u00bb:{\u00ab\u00a0{\\\u00a0\u00bbfrom\\\u00a0\u00bb:0,\\\u00a0\u00bbsite\\\u00a0\u00bb:\\\u00a0\u00bbliberation\\\u00a0\u00bb,\\\u00a0\u00bbsize\\\u00a0\u00bb:1}\u00a0\u00bb:{\u00ab\u00a0data\u00a0\u00bb:{\u00ab\u00a0_id\u00a0\u00bb:\u00a0\u00bb4VXOY7T3RRAVPIN7RFAG3IXNFU\u00a0\u00bb,\u00a0\u00bbversion\u00a0\u00bb:\u00a0\u00bb0.10.6&Prime;,\u00a0\u00bbcreated_date\u00a0\u00bb:\u00a0\u00bb2021-01-26T08:33:27.405Z\u00a0\u00bb,\u00a0\u00bbheadlines\u00a0\u00bb:{\u00ab\u00a0basic\u00a0\u00bb:\u00a0\u00bbAlert Bar\u00a0\u00bb},\u00a0\u00bblast_updated_date\u00a0\u00bb:\u00a0\u00bb2025-08-27T11:59:14.820Z\u00a0\u00bb,\u00a0\u00bbtype\u00a0\u00bb:\u00a0\u00bbcollection\u00a0\u00bb,\u00a0\u00bbcanonical_website\u00a0\u00bb:\u00a0\u00bbliberation\u00a0\u00bb,\u00a0\u00bbcontent_elements\u00a0\u00bb:[],\u00a0\u00bbwebsites\u00a0\u00bb:{\u00ab\u00a0liberation\u00a0\u00bb:{}},\u00a0\u00bbdescription\u00a0\u00bb:{\u00ab\u00a0basic\u00a0\u00bb:\u00a0\u00bbAny story in this collection with show up in the alert bar below the Header\u00a0\u00bb},\u00a0\u00bbcontent_aliases\u00a0\u00bb:[\u00ab\u00a0alert-bar\u00a0\u00bb],\u00a0\u00bbowner\u00a0\u00bb:{\u00ab\u00a0id\u00a0\u00bb:\u00a0\u00bbliberation\u00a0\u00bb},\u00a0\u00bbrevision\u00a0\u00bb:{\u00ab\u00a0branch\u00a0\u00bb:\u00a0\u00bbdefault\u00a0\u00bb,\u00a0\u00bbpublished\u00a0\u00bb:true},\u00a0\u00bbcanonical_url\u00a0\u00bb:null,\u00a0\u00bbpublishing\u00a0\u00bb:{\u00ab\u00a0scheduled_operations\u00a0\u00bb:{\u00ab\u00a0publish_edition\u00a0\u00bb:[],\u00a0\u00bbunpublish_edition\u00a0\u00bb:[]}},\u00a0\u00bbwebsite\u00a0\u00bb:\u00a0\u00bbliberation\u00a0\u00bb},\u00a0\u00bbexpires\u00a0\u00bb:1756529247837,\u00a0\u00bblastModified\u00a0\u00bb:1756529127811}},\u00a0\u00bbtags-api-chunked\u00a0\u00bb:{\u00ab\u00a0{\\\u00a0\u00bbslug\\\u00a0\u00bb:\\\u00a0\u00bbnouvelle-zelande,faits-divers\\\u00a0\u00bb}\u00a0\u00bb:{\u00ab\u00a0data\u00a0\u00bb:{\u00ab\u00a0Payload\u00a0\u00bb:[{\u00ab\u00a0name\u00a0\u00bb:\u00a0\u00bbNouvelle-Z\u00e9lande\u00a0\u00bb,\u00a0\u00bbslug\u00a0\u00bb:\u00a0\u00bbnouvelle-zelande\u00a0\u00bb,\u00a0\u00bbsubtype\u00a0\u00bb:\u00a0\u00bbtag\u00a0\u00bb,\u00a0\u00bbtext\u00a0\u00bb:\u00a0\u00bbNouvelle-Z\u00e9lande\u00a0\u00bb},{\u00ab\u00a0name\u00a0\u00bb:\u00a0\u00bbFaits divers\u00a0\u00bb,\u00a0\u00bbslug\u00a0\u00bb:\u00a0\u00bbfaits-divers\u00a0\u00bb,\u00a0\u00bbsubtype\u00a0\u00bb:\u00a0\u00bbtag\u00a0\u00bb,\u00a0\u00bbtext\u00a0\u00bb:\u00a0\u00bbFaits divers\u00a0\u00bb}],\u00a0\u00bb_id\u00a0\u00bb:\u00a0\u00bb86d6564e02dd79288620227dd262496e4e9d74f0736ca9fde5c65768e9edf0f1&Prime;},\u00a0\u00bbexpires\u00a0\u00bb:1756529272643,\u00a0\u00bblastModified\u00a0\u00bb:1756528972511}},\u00a0\u00bbauthor-api-w404&Prime;:{\u00ab\u00a0{\\\u00a0\u00bbslug\\\u00a0\u00bb:\\\u00a0\u00bbcharles-delouche-bertolasi\\\u00a0\u00bb}\u00a0\u00bb:{\u00ab\u00a0data\u00a0\u00bb:{\u00ab\u00a0authors\u00a0\u00bb:[{\u00ab\u00a0_id\u00a0\u00bb:\u00a0\u00bb16525&Prime;,\u00a0\u00bbbyline\u00a0\u00bb:\u00a0\u00bbCharles Delouche-Bertolasi\u00a0\u00bb,\u00a0\u00bbfirstName\u00a0\u00bb:\u00a0\u00bbCharles\u00a0\u00bb,\u00a0\u00bblastName\u00a0\u00bb:\u00a0\u00bbDelouche-Bertolasi\u00a0\u00bb,\u00a0\u00bbrole\u00a0\u00bb:\u00a0\u00bb\u00a0\u00bb,\u00a0\u00bbemail\u00a0\u00bb:\u00a0\u00bbc.delouche@liberation.fr\u00a0\u00bb,\u00a0\u00bbslug\u00a0\u00bb:\u00a0\u00bbcharles-delouche-bertolasi\u00a0\u00bb,\u00a0\u00bbbooks\u00a0\u00bb:[],\u00a0\u00bbpodcasts\u00a0\u00bb:[],\u00a0\u00bbeducation\u00a0\u00bb:[],\u00a0\u00bbawards\u00a0\u00bb:[],\u00a0\u00bblast_updated_date\u00a0\u00bb:\u00a0\u00bb2021-01-16T15:09:07.057Z\u00a0\u00bb}],\u00a0\u00bbmore\u00a0\u00bb:false,\u00a0\u00bb_id\u00a0\u00bb:\u00a0\u00bb6ca24773179b8db96c37362b03f8a1fb542ff2051979afd54fbd66e74765d6b3&Prime;},\u00a0\u00bbexpires\u00a0\u00bb:1756529459091,\u00a0\u00bblastModified\u00a0\u00bb:1756529159070}},\u00a0\u00bbsite-story-feed-sections\u00a0\u00bb:{\u00ab\u00a0{\\\u00a0\u00bbarc-site\\\u00a0\u00bb:\\\u00a0\u00bbliberation\\\u00a0\u00bb,\\\u00a0\u00bbfeedOffset\\\u00a0\u00bb:0,\\\u00a0\u00bbfeedSize\\\u00a0\u00bb:1,\\\u00a0\u00bbimageRatio\\\u00a0\u00bb:1.5,\\\u00a0\u00bbincludeSections\\\u00a0\u00bb:\\\u00a0\u00bb\/international\/asie-pacifique\\\u00a0\u00bb}\u00a0\u00bb:{\u00ab\u00a0data\u00a0\u00bb:{\u00ab\u00a0_id\u00a0\u00bb:\u00a0\u00bb9aab881bc9f28c85a4cb6977c6317483d2968d4b00dbae98e9fd1ef02fa47b73&Prime;,\u00a0\u00bbcontent_elements\u00a0\u00bb:[{\u00ab\u00a0_id\u00a0\u00bb:\u00a0\u00bbBBTGLOIGKRGMZLKJEGQUNE4KVM\u00a0\u00bb,\u00a0\u00bbcontent_restrictions\u00a0\u00bb:{\u00ab\u00a0content_code\u00a0\u00bb:\u00a0\u00bbouvert\u00a0\u00bb},\u00a0\u00bbcredits\u00a0\u00bb:{\u00ab\u00a0by\u00a0\u00bb:[{\u00ab\u00a0_id\u00a0\u00bb:\u00a0\u00bb16525&Prime;,\u00a0\u00bbadditional_properties\u00a0\u00bb:{\u00ab\u00a0original\u00a0\u00bb:{\u00ab\u00a0byline\u00a0\u00bb:\u00a0\u00bbCharles Delouche-Bertolasi\u00a0\u00bb,\u00a0\u00bbslug\u00a0\u00bb:\u00a0\u00bbcharles-delouche-bertolasi\u00a0\u00bb}},\u00a0\u00bbname\u00a0\u00bb:\u00a0\u00bbCharles Delouche-Bertolasi\u00a0\u00bb,\u00a0\u00bbslug\u00a0\u00bb:\u00a0\u00bbcharles-delouche-bertolasi\u00a0\u00bb,\u00a0\u00bbtype\u00a0\u00bb:\u00a0\u00bbauthor\u00a0\u00bb}]},\u00a0\u00bbdescription\u00a0\u00bb:{\u00ab\u00a0basic\u00a0\u00bb:\u00a0\u00bbLes autorit\u00e9s n\u00e9o-z\u00e9landaises ont estim\u00e9 avoir retrouv\u00e9 la trace de Tom Phillips, disparu depuis\u00a02021 avec ses trois enfants, ce vendredi. Le fugitif aurait \u00e9t\u00e9 aper\u00e7u sur les images de vid\u00e9osurveillance d\u2019une \u00e9picerie du nord du pays.\u00a0\u00bb},\u00a0\u00bbdisplay_date\u00a0\u00bb:\u00a0\u00bb2025-08-29T17:28:13.552Z\u00a0\u00bb,\u00a0\u00bbheadlines\u00a0\u00bb:{\u00ab\u00a0basic\u00a0\u00bb:\u00a0\u00bbEn Nouvelle-Z\u00e9lande, un p\u00e8re disparu depuis quatre ans avec ses enfants pourrait avoir refait surface\u00a0\u00bb},\u00a0\u00bblabel\u00a0\u00bb:{\u00ab\u00a0basic\u00a0\u00bb:{\u00ab\u00a0text\u00a0\u00bb:\u00a0\u00bbTraque\u00a0\u00bb}},\u00a0\u00bbpromo_items\u00a0\u00bb:{\u00ab\u00a0basic\u00a0\u00bb:{\u00ab\u00a0_id\u00a0\u00bb:\u00a0\u00bbZQQKWIFUNFBX5PNBUHDYBUS4UE\u00a0\u00bb,\u00a0\u00bbauth\u00a0\u00bb:{\u00ab\u00a01&Prime;:\u00a0\u00bb1ce99c0b3ef8b1f219090d7a5884fd0e9ae33bf234bdd3d28aaa5704b4669b11&Prime;},\u00a0\u00bbfocal_point\u00a0\u00bb:{\u00ab\u00a0x\u00a0\u00bb:588,\u00a0\u00bby\u00a0\u00bb:216},\u00a0\u00bbheight\u00a0\u00bb:689,\u00a0\u00bbtype\u00a0\u00bb:\u00a0\u00bbimage\u00a0\u00bb,\u00a0\u00bburl\u00a0\u00bb:\u00a0\u00bbhttps:\/\/cloudfront-eu-central-1.images.arcpublishing.com\/liberation\/ZQQKWIFUNFBX5PNBUHDYBUS4UE.jpg\u00a0\u00bb,\u00a0\u00bbwidth\u00a0\u00bb:1034}},\u00a0\u00bbsubtype\u00a0\u00bb:\u00a0\u00bbdefault\u00a0\u00bb,\u00a0\u00bbtype\u00a0\u00bb:\u00a0\u00bbstory\u00a0\u00bb,\u00a0\u00bbwebsites\u00a0\u00bb:{\u00ab\u00a0liberation\u00a0\u00bb:{\u00ab\u00a0website_section\u00a0\u00bb:{\u00ab\u00a0_id\u00a0\u00bb:\u00a0\u00bb\/international\/asie-pacifique\u00a0\u00bb,\u00a0\u00bbname\u00a0\u00bb:\u00a0\u00bbAsie Pacifique\u00a0\u00bb},\u00a0\u00bbwebsite_url\u00a0\u00bb:\u00a0\u00bbhttps:\/\/www.liberation.fr\/international\/asie-pacifique\/en-nouvelle-zelande-un-pere-disparu-depuis-quatre-avec-ses-enfants-pourrait-avoir-refait-surface-20250829_BBTGLOIGKRGMZLKJEGQUNE4KVM\/\u00a0\u00bb}}}],\u00a0\u00bbcount\u00a0\u00bb:5118},\u00a0\u00bbexpires\u00a0\u00bb:1756529303100,\u00a0\u00bblastModified\u00a0\u00bb:1756529003016},\u00a0\u00bb{\\\u00a0\u00bbarc-site\\\u00a0\u00bb:\\\u00a0\u00bbliberation\\\u00a0\u00bb,\\\u00a0\u00bbfeedOffset\\\u00a0\u00bb:1,\\\u00a0\u00bbfeedSize\\\u00a0\u00bb:1,\\\u00a0\u00bbimageRatio\\\u00a0\u00bb:1.5,\\\u00a0\u00bbincludeSections\\\u00a0\u00bb:\\\u00a0\u00bb\/international\/asie-pacifique\\\u00a0\u00bb}\u00a0\u00bb:{\u00ab\u00a0data\u00a0\u00bb:{\u00ab\u00a0_id\u00a0\u00bb:\u00a0\u00bb9733db818de2b7088e967a43eacb381b650d37f71dc941ec8e0d681e3c762f5c\u00a0\u00bb,\u00a0\u00bbcontent_elements\u00a0\u00bb:[{\u00ab\u00a0_id\u00a0\u00bb:\u00a0\u00bbQNM7BSEUZFD5BFTFBIHBYSHCXE\u00a0\u00bb,\u00a0\u00bbcontent_restrictions\u00a0\u00bb:{\u00ab\u00a0content_code\u00a0\u00bb:\u00a0\u00bbouvert\u00a0\u00bb},\u00a0\u00bbcredits\u00a0\u00bb:{\u00ab\u00a0by\u00a0\u00bb:[{\u00ab\u00a0_id\u00a0\u00bb:\u00a0\u00bb13090&Prime;,\u00a0\u00bbadditional_properties\u00a0\u00bb:{\u00ab\u00a0original\u00a0\u00bb:{\u00ab\u00a0byline\u00a0\u00bb:\u00a0\u00bb LIBERATION\u00a0\u00bb,\u00a0\u00bbslug\u00a0\u00bb:\u00a0\u00bbliberation\u00a0\u00bb}},\u00a0\u00bbname\u00a0\u00bb:\u00a0\u00bb LIBERATION\u00a0\u00bb,\u00a0\u00bbslug\u00a0\u00bb:\u00a0\u00bbliberation\u00a0\u00bb,\u00a0\u00bbtype\u00a0\u00bb:\u00a0\u00bbauthor\u00a0\u00bb},{\u00ab\u00a0_id\u00a0\u00bb:\u00a0\u00bb2005&Prime;,\u00a0\u00bbadditional_properties\u00a0\u00bb:{\u00ab\u00a0original\u00a0\u00bb:{\u00ab\u00a0byline\u00a0\u00bb:\u00a0\u00bb AFP\u00a0\u00bb,\u00a0\u00bbslug\u00a0\u00bb:\u00a0\u00bbafp\u00a0\u00bb}},\u00a0\u00bbname\u00a0\u00bb:\u00a0\u00bb AFP\u00a0\u00bb,\u00a0\u00bbslug\u00a0\u00bb:\u00a0\u00bbafp\u00a0\u00bb,\u00a0\u00bbtype\u00a0\u00bb:\u00a0\u00bbauthor\u00a0\u00bb}]},\u00a0\u00bbdescription\u00a0\u00bb:{\u00ab\u00a0basic\u00a0\u00bb:\u00a0\u00bbLa Cour constitutionnelle a jug\u00e9 ce vendredi 29\u00a0ao\u00fbt que Paetongtarn Shinawatra n\u2019a pas respect\u00e9 les normes \u00e9thiques requises lors d\u2019un appel, en juin, avec un ancien dirigeant cambodgien, alors que les deux pays traversaient une crise.\u00a0\u00bb},\u00a0\u00bbdisplay_date\u00a0\u00bb:\u00a0\u00bb2025-08-29T12:54:19.491Z\u00a0\u00bb,\u00a0\u00bbheadlines\u00a0\u00bb:{\u00ab\u00a0basic\u00a0\u00bb:\u00a0\u00bbTha\u00eflande\u00a0: la Premi\u00e8re ministre destitu\u00e9e apr\u00e8s avoir \u00e9t\u00e9 jug\u00e9e trop complaisante avec le Cambodge\u00a0\u00bb},\u00a0\u00bblabel\u00a0\u00bb:{\u00ab\u00a0basic\u00a0\u00bb:{\u00ab\u00a0text\u00a0\u00bb:\u00a0\u00bbCrise\u00a0\u00bb}},\u00a0\u00bbpromo_items\u00a0\u00bb:{\u00ab\u00a0basic\u00a0\u00bb:{\u00ab\u00a0_id\u00a0\u00bb:\u00a0\u00bbJH72A2EP4NAFVFIR2SWXFYEAK4&Prime;,\u00a0\u00bbauth\u00a0\u00bb:{\u00ab\u00a01&Prime;:\u00a0\u00bbcf83c14abc0c09294a48f60aca6b12353741c6bdfae8dbc7216771d07f2e0bb0&Prime;},\u00a0\u00bbfocal_point\u00a0\u00bb:{\u00ab\u00a0x\u00a0\u00bb:3036,\u00a0\u00bby\u00a0\u00bb:1740},\u00a0\u00bbheight\u00a0\u00bb:3667,\u00a0\u00bbtype\u00a0\u00bb:\u00a0\u00bbimage\u00a0\u00bb,\u00a0\u00bburl\u00a0\u00bb:\u00a0\u00bbhttps:\/\/cloudfront-eu-central-1.images.arcpublishing.com\/liberation\/JH72A2EP4NAFVFIR2SWXFYEAK4.jpg\u00a0\u00bb,\u00a0\u00bbwidth\u00a0\u00bb:5500}},\u00a0\u00bbsubtype\u00a0\u00bb:\u00a0\u00bbnews\u00a0\u00bb,\u00a0\u00bbtype\u00a0\u00bb:\u00a0\u00bbstory\u00a0\u00bb,\u00a0\u00bbwebsites\u00a0\u00bb:{\u00ab\u00a0liberation\u00a0\u00bb:{\u00ab\u00a0website_section\u00a0\u00bb:{\u00ab\u00a0_id\u00a0\u00bb:\u00a0\u00bb\/international\/asie-pacifique\u00a0\u00bb,\u00a0\u00bbname\u00a0\u00bb:\u00a0\u00bbAsie Pacifique\u00a0\u00bb},\u00a0\u00bbwebsite_url\u00a0\u00bb:\u00a0\u00bbhttps:\/\/www.liberation.fr\/international\/asie-pacifique\/thailande-la-premiere-ministre-destituee-apres-avoir-ete-jugee-trop-complaisante-avec-le-cambodge-20250829_QNM7BSEUZFD5BFTFBIHBYSHCXE\/\u00a0\u00bb}}}],\u00a0\u00bbcount\u00a0\u00bb:5118},\u00a0\u00bbexpires\u00a0\u00bb:1756529482110,\u00a0\u00bblastModified\u00a0\u00bb:1756529182042},\u00a0\u00bb{\\\u00a0\u00bbarc-site\\\u00a0\u00bb:\\\u00a0\u00bbliberation\\\u00a0\u00bb,\\\u00a0\u00bbfeedOffset\\\u00a0\u00bb:2,\\\u00a0\u00bbfeedSize\\\u00a0\u00bb:1,\\\u00a0\u00bbimageRatio\\\u00a0\u00bb:1.5,\\\u00a0\u00bbincludeSections\\\u00a0\u00bb:\\\u00a0\u00bb\/international\/asie-pacifique\\\u00a0\u00bb}\u00a0\u00bb:{\u00ab\u00a0data\u00a0\u00bb:{\u00ab\u00a0_id\u00a0\u00bb:\u00a0\u00bb137b49ea80f7c8a5350d5381a46a69b1a31b19a99c555ec643fffb9243589e33&Prime;,\u00a0\u00bbcontent_elements\u00a0\u00bb:[{\u00ab\u00a0_id\u00a0\u00bb:\u00a0\u00bbEKCQNMCQORC23KJYVKSDV3DWNE\u00a0\u00bb,\u00a0\u00bbcontent_restrictions\u00a0\u00bb:{\u00ab\u00a0content_code\u00a0\u00bb:\u00a0\u00bbouvert\u00a0\u00bb},\u00a0\u00bbcredits\u00a0\u00bb:{\u00ab\u00a0by\u00a0\u00bb:[{\u00ab\u00a0_id\u00a0\u00bb:\u00a0\u00bb13090&Prime;,\u00a0\u00bbadditional_properties\u00a0\u00bb:{\u00ab\u00a0original\u00a0\u00bb:{\u00ab\u00a0byline\u00a0\u00bb:\u00a0\u00bb LIBERATION\u00a0\u00bb,\u00a0\u00bbslug\u00a0\u00bb:\u00a0\u00bbliberation\u00a0\u00bb}},\u00a0\u00bbname\u00a0\u00bb:\u00a0\u00bb LIBERATION\u00a0\u00bb,\u00a0\u00bbslug\u00a0\u00bb:\u00a0\u00bbliberation\u00a0\u00bb,\u00a0\u00bbtype\u00a0\u00bb:\u00a0\u00bbauthor\u00a0\u00bb},{\u00ab\u00a0_id\u00a0\u00bb:\u00a0\u00bb2005&Prime;,\u00a0\u00bbadditional_properties\u00a0\u00bb:{\u00ab\u00a0original\u00a0\u00bb:{\u00ab\u00a0byline\u00a0\u00bb:\u00a0\u00bb AFP\u00a0\u00bb,\u00a0\u00bbslug\u00a0\u00bb:\u00a0\u00bbafp\u00a0\u00bb}},\u00a0\u00bbname\u00a0\u00bb:\u00a0\u00bb AFP\u00a0\u00bb,\u00a0\u00bbslug\u00a0\u00bb:\u00a0\u00bbafp\u00a0\u00bb,\u00a0\u00bbtype\u00a0\u00bb:\u00a0\u00bbauthor\u00a0\u00bb}]},\u00a0\u00bbdescription\u00a0\u00bb:{\u00ab\u00a0basic\u00a0\u00bb:\u00a0\u00bbLa ministre d\u00e9l\u00e9gu\u00e9e au Num\u00e9rique Clara Chappaz avait annonc\u00e9 mardi son intention d\u2019attaquer la plateforme de streaming australienne en justice, pour \u00abmanquement face \u00e0 la loi\u00bb.\u00a0\u00bb},\u00a0\u00bbdisplay_date\u00a0\u00bb:\u00a0\u00bb2025-08-28T19:19:16.633Z\u00a0\u00bb,\u00a0\u00bbheadlines\u00a0\u00bb:{\u00ab\u00a0basic\u00a0\u00bb:\u00a0\u00bbAffaire Jean Pormanove\u00a0: la plateforme Kick accuse Paris de \u00abtirer parti\u00bb de la mort du streameur\u00a0\u00bb},\u00a0\u00bblabel\u00a0\u00bb:{\u00ab\u00a0basic\u00a0\u00bb:{\u00ab\u00a0text\u00a0\u00bb:\u00a0\u00bbViolences\u00a0\u00bb}},\u00a0\u00bbpromo_items\u00a0\u00bb:{\u00ab\u00a0basic\u00a0\u00bb:{\u00ab\u00a0_id\u00a0\u00bb:\u00a0\u00bbRXCPC4AOMRCR7I5ZVTBKOAEEPU\u00a0\u00bb,\u00a0\u00bbauth\u00a0\u00bb:{\u00ab\u00a01&Prime;:\u00a0\u00bb1df4b63e513cc6dcb2697a454ff794db1773c4620f374e9f864e647079b923d9&Prime;},\u00a0\u00bbfocal_point\u00a0\u00bb:{\u00ab\u00a0x\u00a0\u00bb:1720,\u00a0\u00bby\u00a0\u00bb:1281},\u00a0\u00bbheight\u00a0\u00bb:2333,\u00a0\u00bbtype\u00a0\u00bb:\u00a0\u00bbimage\u00a0\u00bb,\u00a0\u00bburl\u00a0\u00bb:\u00a0\u00bbhttps:\/\/cloudfront-eu-central-1.images.arcpublishing.com\/liberation\/RXCPC4AOMRCR7I5ZVTBKOAEEPU.jpg\u00a0\u00bb,\u00a0\u00bbwidth\u00a0\u00bb:3500}},\u00a0\u00bbsubtype\u00a0\u00bb:\u00a0\u00bbnews\u00a0\u00bb,\u00a0\u00bbtype\u00a0\u00bb:\u00a0\u00bbstory\u00a0\u00bb,\u00a0\u00bbwebsites\u00a0\u00bb:{\u00ab\u00a0liberation\u00a0\u00bb:{\u00ab\u00a0website_section\u00a0\u00bb:{\u00ab\u00a0_id\u00a0\u00bb:\u00a0\u00bb\/international\/asie-pacifique\u00a0\u00bb,\u00a0\u00bbname\u00a0\u00bb:\u00a0\u00bbAsie Pacifique\u00a0\u00bb},\u00a0\u00bbwebsite_url\u00a0\u00bb:\u00a0\u00bbhttps:\/\/www.liberation.fr\/international\/asie-pacifique\/affaire-jean-pormanove-la-plateforme-kick-accuse-paris-de-tirer-parti-de-la-mort-du-streamer-20250828_EKCQNMCQORC23KJYVKSDV3DWNE\/\u00a0\u00bb}}}],\u00a0\u00bbcount\u00a0\u00bb:5118},\u00a0\u00bbexpires\u00a0\u00bb:1756529482418,\u00a0\u00bblastModified\u00a0\u00bb:1756529182043},\u00a0\u00bb{\\\u00a0\u00bbarc-site\\\u00a0\u00bb:\\\u00a0\u00bbliberation\\\u00a0\u00bb,\\\u00a0\u00bbfeedOffset\\\u00a0\u00bb:3,\\\u00a0\u00bbfeedSize\\\u00a0\u00bb:1,\\\u00a0\u00bbimageRatio\\\u00a0\u00bb:1.5,\\\u00a0\u00bbincludeSections\\\u00a0\u00bb:\\\u00a0\u00bb\/international\/asie-pacifique\\\u00a0\u00bb}\u00a0\u00bb:{\u00ab\u00a0data\u00a0\u00bb:{\u00ab\u00a0_id\u00a0\u00bb:\u00a0\u00bb00c76e58d4af7d2a344d559909ba04773190ecce96200fc37ef03a9640d4c231&Prime;,\u00a0\u00bbcontent_elements\u00a0\u00bb:[{\u00ab\u00a0_id\u00a0\u00bb:\u00a0\u00bbJWKUNOSMZJHLZCPE33F2P3NQHI\u00a0\u00bb,\u00a0\u00bbcontent_restrictions\u00a0\u00bb:{\u00ab\u00a0content_code\u00a0\u00bb:\u00a0\u00bbouvert\u00a0\u00bb},\u00a0\u00bbcredits\u00a0\u00bb:{\u00ab\u00a0by\u00a0\u00bb:[{\u00ab\u00a0_id\u00a0\u00bb:\u00a0\u00bb13090&Prime;,\u00a0\u00bbadditional_properties\u00a0\u00bb:{\u00ab\u00a0original\u00a0\u00bb:{\u00ab\u00a0byline\u00a0\u00bb:\u00a0\u00bb LIBERATION\u00a0\u00bb,\u00a0\u00bbslug\u00a0\u00bb:\u00a0\u00bbliberation\u00a0\u00bb}},\u00a0\u00bbname\u00a0\u00bb:\u00a0\u00bb LIBERATION\u00a0\u00bb,\u00a0\u00bbslug\u00a0\u00bb:\u00a0\u00bbliberation\u00a0\u00bb,\u00a0\u00bbtype\u00a0\u00bb:\u00a0\u00bbauthor\u00a0\u00bb},{\u00ab\u00a0_id\u00a0\u00bb:\u00a0\u00bb2005&Prime;,\u00a0\u00bbadditional_properties\u00a0\u00bb:{\u00ab\u00a0original\u00a0\u00bb:{\u00ab\u00a0byline\u00a0\u00bb:\u00a0\u00bb AFP\u00a0\u00bb,\u00a0\u00bbslug\u00a0\u00bb:\u00a0\u00bbafp\u00a0\u00bb}},\u00a0\u00bbname\u00a0\u00bb:\u00a0\u00bb AFP\u00a0\u00bb,\u00a0\u00bbslug\u00a0\u00bb:\u00a0\u00bbafp\u00a0\u00bb,\u00a0\u00bbtype\u00a0\u00bb:\u00a0\u00bbauthor\u00a0\u00bb}]},\u00a0\u00bbdescription\u00a0\u00bb:{\u00ab\u00a0basic\u00a0\u00bb:\u00a0\u00bbLa capitale du Japon enregistre un encha\u00eenement des hautes temp\u00e9ratures in\u00e9dit depuis\u00a01875. Depuis d\u00e9but d\u2019ao\u00fbt, le pays a d\u00e9j\u00e0 fait face \u00e0 de nombreux \u00e9pisodes m\u00e9t\u00e9orologiques d\u2019ampleur.\u00a0\u00bb},\u00a0\u00bbdisplay_date\u00a0\u00bb:\u00a0\u00bb2025-08-27T07:11:28.977Z\u00a0\u00bb,\u00a0\u00bbheadlines\u00a0\u00bb:{\u00ab\u00a0basic\u00a0\u00bb:\u00a0\u00bbTokyo enregistre un record de chaleur de dix jours cons\u00e9cutifs \u00e0 plus de 35\u00a0\u00b0C\u00a0\u00bb},\u00a0\u00bblabel\u00a0\u00bb:{\u00ab\u00a0basic\u00a0\u00bb:{\u00ab\u00a0text\u00a0\u00bb:\u00a0\u00bbR\u00e9chauffement climatique\u00a0\u00bb}},\u00a0\u00bbpromo_items\u00a0\u00bb:{\u00ab\u00a0basic\u00a0\u00bb:{\u00ab\u00a0_id\u00a0\u00bb:\u00a0\u00bbB7KPVZZOBJB3NIMISQOQ57NWA4&Prime;,\u00a0\u00bbauth\u00a0\u00bb:{\u00ab\u00a01&Prime;:\u00a0\u00bb56e85006c4084effef1dd75732164f3eb8a303e051bbdb150bad6f496304e076&Prime;},\u00a0\u00bbheight\u00a0\u00bb:3334,\u00a0\u00bbtype\u00a0\u00bb:\u00a0\u00bbimage\u00a0\u00bb,\u00a0\u00bburl\u00a0\u00bb:\u00a0\u00bbhttps:\/\/cloudfront-eu-central-1.images.arcpublishing.com\/liberation\/B7KPVZZOBJB3NIMISQOQ57NWA4.jpg\u00a0\u00bb,\u00a0\u00bbwidth\u00a0\u00bb:5000}},\u00a0\u00bbsubtype\u00a0\u00bb:\u00a0\u00bbnews\u00a0\u00bb,\u00a0\u00bbtype\u00a0\u00bb:\u00a0\u00bbstory\u00a0\u00bb,\u00a0\u00bbwebsites\u00a0\u00bb:{\u00ab\u00a0liberation\u00a0\u00bb:{\u00ab\u00a0website_section\u00a0\u00bb:{\u00ab\u00a0_id\u00a0\u00bb:\u00a0\u00bb\/international\/asie-pacifique\u00a0\u00bb,\u00a0\u00bbname\u00a0\u00bb:\u00a0\u00bbAsie Pacifique\u00a0\u00bb},\u00a0\u00bbwebsite_url\u00a0\u00bb:\u00a0\u00bbhttps:\/\/www.liberation.fr\/international\/asie-pacifique\/tokyo-enregistre-un-record-de-chaleur-de-dix-jours-consecutifs-a-plus-de-35-c-20250827_JWKUNOSMZJHLZCPE33F2P3NQHI\/\u00a0\u00bb}}}],\u00a0\u00bbcount\u00a0\u00bb:5118},\u00a0\u00bbexpires\u00a0\u00bb:1756529443987,\u00a0\u00bblastModified\u00a0\u00bb:1756529143909}},\u00a0\u00bbsite-most-read-articles\u00a0\u00bb:{\u00ab\u00a0{\\\u00a0\u00bbmaxSize\\\u00a0\u00bb:4}\u00a0\u00bb:{\u00ab\u00a0data\u00a0\u00bb:{\u00ab\u00a0articles\u00a0\u00bb:[{\u00ab\u00a0text\u00a0\u00bb:\u00a0\u00bbL\u00e2ch\u00e9s par Fran\u00e7ois Bayrou, les ministres d\u00e9chantent en ch\u0153ur\u00a0\u00bb,\u00a0\u00bbtitle\u00a0\u00bb:\u00a0\u00bbR\u00e9cit\u00a0\u00bb,\u00a0\u00bburl\u00a0\u00bb:\u00a0\u00bbhttps:\/\/www.liberation.fr\/politique\/laches-par-francois-bayrou-les-ministres-dechantent-en-choeur-20250828_ZVMZRTVFRZAVZLPWPTJMYPZKSI\/\u00a0\u00bb,\u00a0\u00bbsubscribedLabel\u00a0\u00bb:\u00a0\u00bbAbonn\u00e9s\u00a0\u00bb},{\u00ab\u00a0text\u00a0\u00bb:\u00a0\u00bb\u00abChatGPT a tu\u00e9 mon fils\u00bb\u00a0: aux Etats-Unis, le r\u00f4le troublant de l\u2019IA dans le suicide d\u2019un adolescent\u00a0\u00bb,\u00a0\u00bbtitle\u00a0\u00bb:\u00a0\u00bbR\u00e9cit\u00a0\u00bb,\u00a0\u00bburl\u00a0\u00bb:\u00a0\u00bbhttps:\/\/www.liberation.fr\/economie\/economie-numerique\/chatgpt-a-tue-mon-fils-aux-etats-unis-le-role-troublant-de-lia-dans-le-suicide-dun-adolescent-20250829_QZ24E25JCREPFNL67O2HQ7JYQ4\/\u00a0\u00bb,\u00a0\u00bbsubscribedLabel\u00a0\u00bb:\u00a0\u00bbAbonn\u00e9s\u00a0\u00bb},{\u00ab\u00a0text\u00a0\u00bb:\u00a0\u00bb\u00abRien \u00e0 branler d\u2019\u00eatre un violeur\u00bb\u00a0: enqu\u00eate ouverte contre l\u2019influenceur masculiniste Paffman, apr\u00e8s des centaines de signalements\u00a0\u00bb,\u00a0\u00bbtitle\u00a0\u00bb:\u00a0\u00bbViolences sexuelles\u00a0\u00bb,\u00a0\u00bburl\u00a0\u00bb:\u00a0\u00bbhttps:\/\/www.liberation.fr\/societe\/police-justice\/rien-a-branler-detre-un-violeur-enquete-ouverte-contre-linfluenceur-paffman-apres-des-centaines-de-signalements-sur-tiktok-20250828_W54D56DR4NGQ5CKZR46HO7MPIM\/\u00a0\u00bb,\u00a0\u00bbsubscribedLabel\u00a0\u00bb:\u00a0\u00bbAbonn\u00e9s\u00a0\u00bb},{\u00ab\u00a0text\u00a0\u00bb:\u00a0\u00bbUne nouvelle gauche qui colle \u00e0 son \u00e9poque, par Beno\u00eet Hamon\u00a0\u00bb,\u00a0\u00bbtitle\u00a0\u00bb:\u00a0\u00bbTribune\u00a0\u00bb,\u00a0\u00bburl\u00a0\u00bb:\u00a0\u00bbhttps:\/\/www.liberation.fr\/idees-et-debats\/tribunes\/une-nouvelle-gauche-qui-colle-a-son-epoque-par-benoit-hamon-20250829_QJIZP6RGARDWNC2FS5LKRE7P5Q\/\u00a0\u00bb,\u00a0\u00bbsubscribedLabel\u00a0\u00bb:\u00a0\u00bbAbonn\u00e9s\u00a0\u00bb}],\u00a0\u00bb_id\u00a0\u00bb:\u00a0\u00bbc941caffa51d7d2a77abf608a140d2c78e5b0f6e27d85e5a96d0b1788a522e8d\u00a0\u00bb},\u00a0\u00bbexpires\u00a0\u00bb:1756529207755,\u00a0\u00bblastModified\u00a0\u00bb:1756529086758}},\u00a0\u00bbnavigation-hierarchy\u00a0\u00bb:{\u00ab\u00a0{\\\u00a0\u00bbfeature\\\u00a0\u00bb:\\\u00a0\u00bbfooter\\\u00a0\u00bb,\\\u00a0\u00bbhierarchy\\\u00a0\u00bb:\\\u00a0\u00bbfooter\\\u00a0\u00bb}\u00a0\u00bb:{\u00ab\u00a0data\u00a0\u00bb:{\u00ab\u00a0children\u00a0\u00bb:[{\u00ab\u00a0_id\u00a0\u00bb:\u00a0\u00bb\/rubriques\u00a0\u00bb,\u00a0\u00bbchildren\u00a0\u00bb:[{\u00ab\u00a0_id\u00a0\u00bb:\u00a0\u00bblink-7DJW34D5RVHVLD7HNCVPPWQSQ4&Prime;,\u00a0\u00bbdisplay_name\u00a0\u00bb:\u00a0\u00bbGouvernement Bayrou\u00a0\u00bb,\u00a0\u00bbnode_type\u00a0\u00bb:\u00a0\u00bblink\u00a0\u00bb,\u00a0\u00bburl\u00a0\u00bb:\u00a0\u00bbhttps:\/\/www.liberation.fr\/dossier\/gouvernement\/\u00a0\u00bb},{\u00ab\u00a0_id\u00a0\u00bb:\u00a0\u00bblink-RC369V56Q942188M64HXCF7GQ8&Prime;,\u00a0\u00bbdisplay_name\u00a0\u00bb:\u00a0\u00bbGuerre au Proche-Orient\u00a0\u00bb,\u00a0\u00bbnode_type\u00a0\u00bb:\u00a0\u00bblink\u00a0\u00bb,\u00a0\u00bburl\u00a0\u00bb:\u00a0\u00bbhttps:\/\/www.liberation.fr\/dossier\/guerre-hamas-israel\/\u00a0\u00bb},{\u00ab\u00a0_id\u00a0\u00bb:\u00a0\u00bblink-YPGJ1BRE6D08T0GDAFYDMGFM6R\u00a0\u00bb,\u00a0\u00bbdisplay_name\u00a0\u00bb:\u00a0\u00bbGuerre en Ukraine\u00a0\u00bb,\u00a0\u00bbnode_type\u00a0\u00bb:\u00a0\u00bblink\u00a0\u00bb,\u00a0\u00bburl\u00a0\u00bb:\u00a0\u00bbhttps:\/\/www.liberation.fr\/dossier\/ukraine-la-crise\/\u00a0\u00bb},{\u00ab\u00a0_id\u00a0\u00bb:\u00a0\u00bblink-CAGM62V2SFAMZOMJDUUFLZ3BQA\u00a0\u00bb,\u00a0\u00bbdisplay_name\u00a0\u00bb:\u00a0\u00bbDonald Trump \u00e0 la Maison Blanche\u00a0\u00bb,\u00a0\u00bbnode_type\u00a0\u00bb:\u00a0\u00bblink\u00a0\u00bb,\u00a0\u00bburl\u00a0\u00bb:\u00a0\u00bbhttps:\/\/www.liberation.fr\/tags\/donald-trump\/\u00a0\u00bb},{\u00ab\u00a0_id\u00a0\u00bb:\u00a0\u00bblink-9G4PAT524N05DDUWEUM8W43JU4&Prime;,\u00a0\u00bbdisplay_name\u00a0\u00bb:\u00a0\u00bbLa menace de l&rsquo;extr\u00eame droite\u00a0\u00bb,\u00a0\u00bbnode_type\u00a0\u00bb:\u00a0\u00bblink\u00a0\u00bb,\u00a0\u00bburl\u00a0\u00bb:\u00a0\u00bbhttps:\/\/www.liberation.fr\/tags\/extreme-droite\/\u00a0\u00bb},{\u00ab\u00a0_id\u00a0\u00bb:\u00a0\u00bblink-RNKDTRJWQBCZ5KMEOCJGQPOMVQ\u00a0\u00bb,\u00a0\u00bbdisplay_name\u00a0\u00bb:\u00a0\u00bbR\u00e9chauffement climatique\u00a0\u00bb,\u00a0\u00bbnode_type\u00a0\u00bb:\u00a0\u00bblink\u00a0\u00bb,\u00a0\u00bburl\u00a0\u00bb:\u00a0\u00bbhttps:\/\/www.liberation.fr\/tags\/rechauffement-climatique\/\u00a0\u00bb},{\u00ab\u00a0_id\u00a0\u00bb:\u00a0\u00bblink-9VF7BA3QMD7PB9V2YXBJ6AAFU0&Prime;,\u00a0\u00bbdisplay_name\u00a0\u00bb:\u00a0\u00bbLutte contre les violences sexistes\u00a0\u00bb,\u00a0\u00bbnode_type\u00a0\u00bb:\u00a0\u00bblink\u00a0\u00bb,\u00a0\u00bburl\u00a0\u00bb:\u00a0\u00bbhttps:\/\/www.liberation.fr\/dossier\/violences-sexuelles\/\u00a0\u00bb},{\u00ab\u00a0_id\u00a0\u00bb:\u00a0\u00bblink-CZS6MDHVGRCCPJCAD2B6RH4HQU\u00a0\u00bb,\u00a0\u00bbdisplay_name\u00a0\u00bb:\u00a0\u00bbR\u00e9cap d&rsquo;actu\u00a0\u00bb,\u00a0\u00bbnode_type\u00a0\u00bb:\u00a0\u00bblink\u00a0\u00bb,\u00a0\u00bburl\u00a0\u00bb:\u00a0\u00bbhttps:\/\/www.liberation.fr\/tags\/recap-actu\/\u00a0\u00bb}],\u00a0\u00bbname\u00a0\u00bb:\u00a0\u00bbDossiers\u00a0\u00bb,\u00a0\u00bbnode_type\u00a0\u00bb:\u00a0\u00bbsection\u00a0\u00bb},{\u00ab\u00a0_id\u00a0\u00bb:\u00a0\u00bb\/service\u00a0\u00bb,\u00a0\u00bbchildren\u00a0\u00bb:[{\u00ab\u00a0_id\u00a0\u00bb:\u00a0\u00bblink-HTNS4GU3NZBVDPNJGBVFWZ2ZKE\u00a0\u00bb,\u00a0\u00bbdisplay_name\u00a0\u00bb:\u00a0\u00bbContactez-nous\u00a0\u00bb,\u00a0\u00bbnode_type\u00a0\u00bb:\u00a0\u00bblink\u00a0\u00bb,\u00a0\u00bburl\u00a0\u00bb:\u00a0\u00bbhttps:\/\/www.liberation.fr\/contact\/\u00a0\u00bb},{\u00ab\u00a0_id\u00a0\u00bb:\u00a0\u00bblink-63RYRX3KD50AH00WZN2E03D0UR\u00a0\u00bb,\u00a0\u00bbdisplay_name\u00a0\u00bb:\u00a0\u00bbS&rsquo;abonner\u00a0\u00bb,\u00a0\u00bbnode_type\u00a0\u00bb:\u00a0\u00bblink\u00a0\u00bb,\u00a0\u00bburl\u00a0\u00bb:\u00a0\u00bbhttps:\/\/offre.liberation.fr\/abonnez-vous\u00a0\u00bb},{\u00ab\u00a0_id\u00a0\u00bb:\u00a0\u00bblink-OYXN6EHT6RHVDFB47HW5OCY2NE\u00a0\u00bb,\u00a0\u00bbdisplay_name\u00a0\u00bb:\u00a0\u00bbFaire un don (d\u00e9ductible des imp\u00f4ts)\u00a0\u00bb,\u00a0\u00bbnode_type\u00a0\u00bb:\u00a0\u00bblink\u00a0\u00bb,\u00a0\u00bburl\u00a0\u00bb:\u00a0\u00bbhttps:\/\/www.liberation.fr\/faire-un-don\/\u00a0\u00bb},{\u00ab\u00a0_id\u00a0\u00bb:\u00a0\u00bblink-HJTF0JBDM90710PFG5H51GYAF8&Prime;,\u00a0\u00bbdisplay_name\u00a0\u00bb:\u00a0\u00bbAnnonces l\u00e9gales\u00a0\u00bb,\u00a0\u00bbnode_type\u00a0\u00bb:\u00a0\u00bblink\u00a0\u00bb,\u00a0\u00bburl\u00a0\u00bb:\u00a0\u00bbhttps:\/\/annonces-legales.liberation.fr\/\u00a0\u00bb},{\u00ab\u00a0_id\u00a0\u00bb:\u00a0\u00bblink-9VA8YKE7GH49TDWP1J3BANCZKG\u00a0\u00bb,\u00a0\u00bbdisplay_name\u00a0\u00bb:\u00a0\u00bbDonnez-nous votre avis\u00a0\u00bb,\u00a0\u00bbnode_type\u00a0\u00bb:\u00a0\u00bblink\u00a0\u00bb,\u00a0\u00bburl\u00a0\u00bb:\u00a0\u00bbhttps:\/\/formulaire.liberation.fr\/votre-avis\u00a0\u00bb},{\u00ab\u00a0_id\u00a0\u00bb:\u00a0\u00bblink-TQCM39679X6E9DFBHVYJ2PQAMC\u00a0\u00bb,\u00a0\u00bbdisplay_name\u00a0\u00bb:\u00a0\u00bbFoire aux questions\u00a0\u00bb,\u00a0\u00bbnode_type\u00a0\u00bb:\u00a0\u00bblink\u00a0\u00bb,\u00a0\u00bburl\u00a0\u00bb:\u00a0\u00bbhttps:\/\/aideliberation.crisp.help\/fr\/\u00a0\u00bb},{\u00ab\u00a0_id\u00a0\u00bb:\u00a0\u00bblink-5BKFYBAR5D40B2BYE9CH5VHRY8&Prime;,\u00a0\u00bbdisplay_name\u00a0\u00bb:\u00a0\u00bbProposer une tribune\u00a0\u00bb,\u00a0\u00bbnode_type\u00a0\u00bb:\u00a0\u00bblink\u00a0\u00bb,\u00a0\u00bburl\u00a0\u00bb:\u00a0\u00bbhttps:\/\/www.liberation.fr\/proposer-une-tribune\/\u00a0\u00bb},{\u00ab\u00a0_id\u00a0\u00bb:\u00a0\u00bblink-6VAQDSFXBVCENE3D7IPHAMW4SY\u00a0\u00bb,\u00a0\u00bbdisplay_name\u00a0\u00bb:\u00a0\u00bbPublicit\u00e9\u00a0\u00bb,\u00a0\u00bbnode_type\u00a0\u00bb:\u00a0\u00bblink\u00a0\u00bb,\u00a0\u00bburl\u00a0\u00bb:\u00a0\u00bbhttps:\/\/libeplus.fr\/\u00a0\u00bb},{\u00ab\u00a0_id\u00a0\u00bb:\u00a0\u00bblink-WGIXPQBHYVCANHY42V3P3IMSGU\u00a0\u00bb,\u00a0\u00bbdisplay_name\u00a0\u00bb:\u00a0\u00bbConjugaison\u00a0\u00bb,\u00a0\u00bbnode_type\u00a0\u00bb:\u00a0\u00bblink\u00a0\u00bb,\u00a0\u00bburl\u00a0\u00bb:\u00a0\u00bbhttps:\/\/conjugaison.liberation.fr\/\u00a0\u00bb},{\u00ab\u00a0_id\u00a0\u00bb:\u00a0\u00bblink-B54NADCHPD4FB576T26N73MHZC\u00a0\u00bb,\u00a0\u00bbdisplay_name\u00a0\u00bb:\u00a0\u00bbCours d&rsquo;anglais\u00a0\u00bb,\u00a0\u00bbnode_type\u00a0\u00bb:\u00a0\u00bblink\u00a0\u00bb,\u00a0\u00bburl\u00a0\u00bb:\u00a0\u00bbhttps:\/\/cours-anglais.liberation.fr\/\u00a0\u00bb},{\u00ab\u00a0_id\u00a0\u00bb:\u00a0\u00bblink-MDR9V1GCHH26QB0EPXEVYAY1ZG\u00a0\u00bb,\u00a0\u00bbdisplay_name\u00a0\u00bb:\u00a0\u00bbPetites annonces\u00a0\u00bb,\u00a0\u00bbnode_type\u00a0\u00bb:\u00a0\u00bblink\u00a0\u00bb,\u00a0\u00bburl\u00a0\u00bb:\u00a0\u00bbhttps:\/\/petites-annonces.liberation.fr\/\u00a0\u00bb}],\u00a0\u00bbname\u00a0\u00bb:\u00a0\u00bbServices\u00a0\u00bb,\u00a0\u00bbnode_type\u00a0\u00bb:\u00a0\u00bbsection\u00a0\u00bb},{\u00ab\u00a0_id\u00a0\u00bb:\u00a0\u00bb\/conditions-g\u00e9n\u00e9rales\u00a0\u00bb,\u00a0\u00bbchildren\u00a0\u00bb:[{\u00ab\u00a0_id\u00a0\u00bb:\u00a0\u00bblink-AK4ERRAM0N0UN86D8WQ7RBZTJG\u00a0\u00bb,\u00a0\u00bbdisplay_name\u00a0\u00bb:\u00a0\u00bbMentions l\u00e9gales\u00a0\u00bb,\u00a0\u00bbnode_type\u00a0\u00bb:\u00a0\u00bblink\u00a0\u00bb,\u00a0\u00bburl\u00a0\u00bb:\u00a0\u00bbhttps:\/\/www.liberation.fr\/mentions-legales\/\u00a0\u00bb},{\u00ab\u00a0_id\u00a0\u00bb:\u00a0\u00bblink-Z3ED3QUF8N5J12T2N9B9X1W2KW\u00a0\u00bb,\u00a0\u00bbdisplay_name\u00a0\u00bb:\u00a0\u00bbCharte \u00e9thique\u00a0\u00bb,\u00a0\u00bbnode_type\u00a0\u00bb:\u00a0\u00bblink\u00a0\u00bb,\u00a0\u00bburl\u00a0\u00bb:\u00a0\u00bbhttps:\/\/www.liberation.fr\/charte-ethique\/\u00a0\u00bb},{\u00ab\u00a0_id\u00a0\u00bb:\u00a0\u00bblink-JYD7IEBXIJBSFN3FRTFSLTID3M\u00a0\u00bb,\u00a0\u00bbdisplay_name\u00a0\u00bb:\u00a0\u00bbPacte d&rsquo;ind\u00e9pendance \u00e9ditoriale\u00a0\u00bb,\u00a0\u00bbnode_type\u00a0\u00bb:\u00a0\u00bblink\u00a0\u00bb,\u00a0\u00bburl\u00a0\u00bb:\u00a0\u00bbhttps:\/\/www.liberation.fr\/pacte-independance-editoriale\/\u00a0\u00bb},{\u00ab\u00a0_id\u00a0\u00bb:\u00a0\u00bblink-1DDAP4QRK12TXAV4C5ZUTEFAM4&Prime;,\u00a0\u00bbdisplay_name\u00a0\u00bb:\u00a0\u00bbCGVU\u00a0\u00bb,\u00a0\u00bbnode_type\u00a0\u00bb:\u00a0\u00bblink\u00a0\u00bb,\u00a0\u00bburl\u00a0\u00bb:\u00a0\u00bbhttps:\/\/www.liberation.fr\/cgvu\/\u00a0\u00bb},{\u00ab\u00a0_id\u00a0\u00bb:\u00a0\u00bblink-FDAK21DHQH0XF67B9KR9ZCEFN8&Prime;,\u00a0\u00bbdisplay_name\u00a0\u00bb:\u00a0\u00bbProtection des donn\u00e9es personnelles\u00a0\u00bb,\u00a0\u00bbnode_type\u00a0\u00bb:\u00a0\u00bblink\u00a0\u00bb,\u00a0\u00bburl\u00a0\u00bb:\u00a0\u00bbhttps:\/\/www.liberation.fr\/protection-des-donnees-personnelles\/\u00a0\u00bb},{\u00ab\u00a0_id\u00a0\u00bb:\u00a0\u00bblink-MYKHZKG9BH151DN02KM91Y779G\u00a0\u00bb,\u00a0\u00bbdisplay_name\u00a0\u00bb:\u00a0\u00bbGestion des cookies\u00a0\u00bb,\u00a0\u00bbnode_type\u00a0\u00bb:\u00a0\u00bblink\u00a0\u00bb,\u00a0\u00bburl\u00a0\u00bb:\u00a0\u00bbhttps:\/\/www.liberation.fr\/gestions-des-cookies\/\u00a0\u00bb},{\u00ab\u00a0_id\u00a0\u00bb:\u00a0\u00bblink-5DZ6XQ3QV57WD261CVWCW7UBCW\u00a0\u00bb,\u00a0\u00bbdisplay_name\u00a0\u00bb:\u00a0\u00bbLicence\u00a0\u00bb,\u00a0\u00bbnode_type\u00a0\u00bb:\u00a0\u00bblink\u00a0\u00bb,\u00a0\u00bburl\u00a0\u00bb:\u00a0\u00bbhttps:\/\/www.liberation.fr\/licence\/\u00a0\u00bb},{\u00ab\u00a0_id\u00a0\u00bb:\u00a0\u00bblink-3GBZAORGDRC7DP32PFCT4EMYKA\u00a0\u00bb,\u00a0\u00bbdisplay_name\u00a0\u00bb:\u00a0\u00bbEco-contribution\u00a0\u00bb,\u00a0\u00bbnode_type\u00a0\u00bb:\u00a0\u00bblink\u00a0\u00bb,\u00a0\u00bburl\u00a0\u00bb:\u00a0\u00bbhttps:\/\/www.liberation.fr\/eco-contribution\/\u00a0\u00bb}],\u00a0\u00bbname\u00a0\u00bb:\u00a0\u00bbConditions g\u00e9n\u00e9rales\u00a0\u00bb,\u00a0\u00bbnode_type\u00a0\u00bb:\u00a0\u00bbsection\u00a0\u00bb},{\u00ab\u00a0_id\u00a0\u00bb:\u00a0\u00bb\/lire-libe\u00a0\u00bb,\u00a0\u00bbchildren\u00a0\u00bb:[{\u00ab\u00a0_id\u00a0\u00bb:\u00a0\u00bblink-LI2U665NO5D67JUFSFPW2EK45I\u00a0\u00bb,\u00a0\u00bbdisplay_name\u00a0\u00bb:\u00a0\u00bbGuide des festivals\u00a0\u00bb,\u00a0\u00bbnode_type\u00a0\u00bb:\u00a0\u00bblink\u00a0\u00bb,\u00a0\u00bburl\u00a0\u00bb:\u00a0\u00bbhttps:\/\/www.liberation.fr\/dossier\/festivals-de-l-ete\/\u00a0\u00bb},{\u00ab\u00a0_id\u00a0\u00bb:\u00a0\u00bblink-8EYG0HFTT17Q56ZMF4F2MY2NU8&Prime;,\u00a0\u00bbdisplay_name\u00a0\u00bb:\u00a0\u00bbEv\u00e9nements Lib\u00e9\u00a0\u00bb,\u00a0\u00bbnode_type\u00a0\u00bb:\u00a0\u00bblink\u00a0\u00bb,\u00a0\u00bburl\u00a0\u00bb:\u00a0\u00bbhttps:\/\/offre.liberation.fr\/evenements\/\u00a0\u00bb},{\u00ab\u00a0_id\u00a0\u00bb:\u00a0\u00bblink-UYM7XLYVJBD7JLAPTDBM3PAYLI\u00a0\u00bb,\u00a0\u00bbdisplay_name\u00a0\u00bb:\u00a0\u00bbClimat Lib\u00e9 Tour\u00a0\u00bb,\u00a0\u00bbnode_type\u00a0\u00bb:\u00a0\u00bblink\u00a0\u00bb,\u00a0\u00bburl\u00a0\u00bb:\u00a0\u00bbhttps:\/\/www.climat-libe-tour.liberation.fr\/\u00a0\u00bb},{\u00ab\u00a0_id\u00a0\u00bb:\u00a0\u00bblink-QMJXPD53OFAMJIML37XAB74YVY\u00a0\u00bb,\u00a0\u00bbdisplay_name\u00a0\u00bb:\u00a0\u00bbUniversit\u00e9 Lib\u00e9\u00a0\u00bb,\u00a0\u00bbnode_type\u00a0\u00bb:\u00a0\u00bblink\u00a0\u00bb,\u00a0\u00bburl\u00a0\u00bb:\u00a0\u00bbhttps:\/\/www.liberation.fr\/dossier\/universite-libe\/\u00a0\u00bb},{\u00ab\u00a0_id\u00a0\u00bb:\u00a0\u00bblink-WBU2ETVFYD7N129EAHEDEXM14R\u00a0\u00bb,\u00a0\u00bbdisplay_name\u00a0\u00bb:\u00a0\u00bbLes newsletters\u00a0\u00bb,\u00a0\u00bbnode_type\u00a0\u00bb:\u00a0\u00bblink\u00a0\u00bb,\u00a0\u00bburl\u00a0\u00bb:\u00a0\u00bbhttps:\/\/www.liberation.fr\/newsletters\/\u00a0\u00bb},{\u00ab\u00a0_id\u00a0\u00bb:\u00a0\u00bblink-GTULXHGA5BC73LNTCQCVD3KBD4&Prime;,\u00a0\u00bbdisplay_name\u00a0\u00bb:\u00a0\u00bbNos dossiers\u00a0\u00bb,\u00a0\u00bbnode_type\u00a0\u00bb:\u00a0\u00bblink\u00a0\u00bb,\u00a0\u00bburl\u00a0\u00bb:\u00a0\u00bbhttps:\/\/www.liberation.fr\/nos-dossiers\/\u00a0\u00bb},{\u00ab\u00a0_id\u00a0\u00bb:\u00a0\u00bblink-SFRQMYVD4NDZBLTV5ASBM4GY4E\u00a0\u00bb,\u00a0\u00bbdisplay_name\u00a0\u00bb:\u00a0\u00bbLes playlists de Lib\u00e9\u00a0\u00bb,\u00a0\u00bbnode_type\u00a0\u00bb:\u00a0\u00bblink\u00a0\u00bb,\u00a0\u00bburl\u00a0\u00bb:\u00a0\u00bbhttps:\/\/www.liberation.fr\/playlists-de-libe\/\u00a0\u00bb},{\u00ab\u00a0_id\u00a0\u00bb:\u00a0\u00bblink-MNIBXA6NJVCLVD3FSWGCAJHXEI\u00a0\u00bb,\u00a0\u00bbdisplay_name\u00a0\u00bb:\u00a0\u00bbLes s\u00e9lections Culture de Lib\u00e9\u00a0\u00bb,\u00a0\u00bbnode_type\u00a0\u00bb:\u00a0\u00bblink\u00a0\u00bb,\u00a0\u00bburl\u00a0\u00bb:\u00a0\u00bbhttps:\/\/www.liberation.fr\/selections-culture\/\u00a0\u00bb},{\u00ab\u00a0_id\u00a0\u00bb:\u00a0\u00bblink-DPK4VHXRC128Z0BJNMRGUAATTG\u00a0\u00bb,\u00a0\u00bbdisplay_name\u00a0\u00bb:\u00a0\u00bbPr\u00e9sentation de l&rsquo;application\u00a0\u00bb,\u00a0\u00bbnode_type\u00a0\u00bb:\u00a0\u00bblink\u00a0\u00bb,\u00a0\u00bburl\u00a0\u00bb:\u00a0\u00bbhttps:\/\/www.liberation.fr\/application-mobile\/\u00a0\u00bb},{\u00ab\u00a0_id\u00a0\u00bb:\u00a0\u00bblink-Z2H8XFXEB138BAMKZMTU0YKP1R\u00a0\u00bb,\u00a0\u00bbdisplay_name\u00a0\u00bb:\u00a0\u00bbApplication sur Android\u00a0\u00bb,\u00a0\u00bbnode_type\u00a0\u00bb:\u00a0\u00bblink\u00a0\u00bb,\u00a0\u00bburl\u00a0\u00bb:\u00a0\u00bbhttps:\/\/play.google.com\/store\/apps\/details?id=com.visuamobile.liberation&#038;hl=fr&#038;gl=US\u00a0\u00bb},{\u00ab\u00a0_id\u00a0\u00bb:\u00a0\u00bblink-9NMDHH91494W98YDFUQXF3436G\u00a0\u00bb,\u00a0\u00bbdisplay_name\u00a0\u00bb:\u00a0\u00bbApplication sur iPhone \/ iPad\u00a0\u00bb,\u00a0\u00bbnode_type\u00a0\u00bb:\u00a0\u00bblink\u00a0\u00bb,\u00a0\u00bburl\u00a0\u00bb:\u00a0\u00bbhttps:\/\/apps.apple.com\/fr\/app\/lib%C3%A9ration-toute-lactualit%C3%A9\/id336173383&Prime;},{\u00ab\u00a0_id\u00a0\u00bb:\u00a0\u00bb\/archives\u00a0\u00bb,\u00a0\u00bbname\u00a0\u00bb:\u00a0\u00bbArchives\u00a0\u00bb,\u00a0\u00bbnode_type\u00a0\u00bb:\u00a0\u00bbsection\u00a0\u00bb}],\u00a0\u00bbname\u00a0\u00bb:\u00a0\u00bbO\u00f9 lire Lib\u00e9?\u00a0\u00bb,\u00a0\u00bbnode_type\u00a0\u00bb:\u00a0\u00bbsection\u00a0\u00bb}],\u00a0\u00bb_id\u00a0\u00bb:\u00a0\u00bbhttps:\/\/www.liberation.fr\/\u00a0\u00bb},\u00a0\u00bbexpires\u00a0\u00bb:1756529384726,\u00a0\u00bblastModified\u00a0\u00bb:1756529084694}}};Fusion.layout=\u00a0\u00bbright-rail-layout\u00a0\u00bb;Fusion.metas={\u00ab\u00a0page-type\u00a0\u00bb:{\u00ab\u00a0value\u00a0\u00bb:\u00a0\u00bbarticle\u00a0\u00bb,\u00a0\u00bbhtml\u00a0\u00bb:true},\u00a0\u00bbtdm-reservation\u00a0\u00bb:{\u00ab\u00a0value\u00a0\u00bb:\u00a0\u00bb1&Prime;,\u00a0\u00bbhtml\u00a0\u00bb:true},\u00a0\u00bbtdm-policy\u00a0\u00bb:{\u00ab\u00a0value\u00a0\u00bb:\u00a0\u00bbhttps:\/\/www.liberation.fr\/.well-known\/tdmrep.json\u00a0\u00bb,\u00a0\u00bbhtml\u00a0\u00bb:true}};Fusion.outputType=\u00a0\u00bbdefault\u00a0\u00bb;Fusion.template=\u00a0\u00bbtemplate\/article-right-rail\u00a0\u00bb;Fusion.tree={\u00ab\u00a0collection\u00a0\u00bb:\u00a0\u00bblayouts\u00a0\u00bb,\u00a0\u00bbtype\u00a0\u00bb:\u00a0\u00bbright-rail-layout\u00a0\u00bb,\u00a0\u00bbprops\u00a0\u00bb:{\u00ab\u00a0collection\u00a0\u00bb:\u00a0\u00bblayouts\u00a0\u00bb,\u00a0\u00bbtype\u00a0\u00bb:\u00a0\u00bbright-rail-layout\u00a0\u00bb,\u00a0\u00bbid\u00a0\u00bb:\u00a0\u00bbright-rail-layout\u00a0\u00bb,\u00a0\u00bbchildProps\u00a0\u00bb:[{\u00ab\u00a0collection\u00a0\u00bb:\u00a0\u00bbsections\u00a0\u00bb,\u00a0\u00bbid\u00a0\u00bb:0},{\u00ab\u00a0collection\u00a0\u00bb:\u00a0\u00bbsections\u00a0\u00bb,\u00a0\u00bbid\u00a0\u00bb:1},{\u00ab\u00a0collection\u00a0\u00bb:\u00a0\u00bbsections\u00a0\u00bb,\u00a0\u00bbid\u00a0\u00bb:2},{\u00ab\u00a0collection\u00a0\u00bb:\u00a0\u00bbsections\u00a0\u00bb,\u00a0\u00bbid\u00a0\u00bb:3},{\u00ab\u00a0collection\u00a0\u00bb:\u00a0\u00bbsections\u00a0\u00bb,\u00a0\u00bbid\u00a0\u00bb:4},{\u00ab\u00a0collection\u00a0\u00bb:\u00a0\u00bbsections\u00a0\u00bb,\u00a0\u00bbid\u00a0\u00bb:5}]},\u00a0\u00bbchildren\u00a0\u00bb:[{\u00ab\u00a0collection\u00a0\u00bb:\u00a0\u00bbsections\u00a0\u00bb,\u00a0\u00bbprops\u00a0\u00bb:{\u00ab\u00a0collection\u00a0\u00bb:\u00a0\u00bbsections\u00a0\u00bb,\u00a0\u00bbid\u00a0\u00bb:0},\u00a0\u00bbchildren\u00a0\u00bb:[{\u00ab\u00a0collection\u00a0\u00bb:\u00a0\u00bbfeatures\u00a0\u00bb,\u00a0\u00bbtype\u00a0\u00bb:\u00a0\u00bbHeaders\/MainHeader\u00a0\u00bb,\u00a0\u00bbprops\u00a0\u00bb:{\u00ab\u00a0collection\u00a0\u00bb:\u00a0\u00bbfeatures\u00a0\u00bb,\u00a0\u00bbtype\u00a0\u00bb:\u00a0\u00bbHeaders\/MainHeader\u00a0\u00bb,\u00a0\u00bbid\u00a0\u00bb:\u00a0\u00bbf0fRFO5TwDG72ec\u00a0\u00bb,\u00a0\u00bbcontentConfig\u00a0\u00bb:{\u00ab\u00a0contentService\u00a0\u00bb:\u00a0\u00bb\u00a0\u00bb,\u00a0\u00bbcontentConfigValues\u00a0\u00bb:{},\u00a0\u00bbinherit\u00a0\u00bb:true},\u00a0\u00bbcustomFields\u00a0\u00bb:{\u00ab\u00a0hasTags\u00a0\u00bb:true,\u00a0\u00bblabelTag1&Prime;:\u00a0\u00bbGuerre en Ukraine\u00a0\u00bb,\u00a0\u00bburlTag1&Prime;:\u00a0\u00bbhttps:\/\/www.liberation.fr\/dossier\/ukraine-la-crise\/\u00a0\u00bb,\u00a0\u00bblabelTag2&Prime;:\u00a0\u00bbGaza\u00a0\u00bb,\u00a0\u00bburlTag2&Prime;:\u00a0\u00bbhttps:\/\/www.liberation.fr\/dossier\/guerre-hamas-israel\/\u00a0\u00bb,\u00a0\u00bblabelTag3&Prime;:\u00a0\u00bbGouvernement Bayrou\u00a0\u00bb,\u00a0\u00bburlTag3&Prime;:\u00a0\u00bbhttps:\/\/www.liberation.fr\/dossier\/gouvernement\/\u00a0\u00bb,\u00a0\u00bblabelTag4&Prime;:\u00a0\u00bbL&rsquo;Am\u00e9rique de Donald Trump\u00a0\u00bb,\u00a0\u00bburlTag4&Prime;:\u00a0\u00bbhttps:\/\/www.liberation.fr\/tags\/donald-trump\/\u00a0\u00bb,\u00a0\u00bblabelTag5&Prime;:\u00a0\u00bb\u00a0\u00bb,\u00a0\u00bburlTag5&Prime;:\u00a0\u00bb\u00a0\u00bb,\u00a0\u00bblabelTag6&Prime;:\u00a0\u00bb\u00a0\u00bb,\u00a0\u00bburlTag6&Prime;:\u00a0\u00bb\u00a0\u00bb,\u00a0\u00bbfacebookItem\u00a0\u00bb:\u00a0\u00bbhttps:\/\/www.facebook.com\/Liberation\/\u00a0\u00bb,\u00a0\u00bbtwitterItem\u00a0\u00bb:\u00a0\u00bbhttps:\/\/twitter.com\/libe\u00a0\u00bb,\u00a0\u00bblinkedinItem\u00a0\u00bb:\u00a0\u00bbhttps:\/\/www.linkedin.com\/company\/lib%C3%A9ration\/\u00a0\u00bb,\u00a0\u00bbinstagramItem\u00a0\u00bb:\u00a0\u00bbhttps:\/\/www.instagram.com\/liberationfr\/\u00a0\u00bb,\u00a0\u00bbyoutubeItem\u00a0\u00bb:\u00a0\u00bbhttps:\/\/www.youtube.com\/c\/liberation\u00a0\u00bb,\u00a0\u00bbtiktokItem\u00a0\u00bb:\u00a0\u00bbhttps:\/\/www.tiktok.com\/@liberation.fr\u00a0\u00bb,\u00a0\u00bbblueskyItem\u00a0\u00bb:\u00a0\u00bbhttps:\/\/bsky.app\/profile\/liberation.fr\u00a0\u00bb,\u00a0\u00bbtwitchItem\u00a0\u00bb:\u00a0\u00bbhttps:\/\/www.twitch.tv\/liberationfr\u00a0\u00bb,\u00a0\u00bbwhatsappItem\u00a0\u00bb:\u00a0\u00bbhttps:\/\/whatsapp.com\/channel\/0029VaBC5Q50G0Xdttyzpn0k\u00a0\u00bb,\u00a0\u00bbsubscriptionParams\u00a0\u00bb:\u00a0\u00bbhttps:\/\/offre.liberation.fr\/soutenez-libe\/?xtatc=INT-21-%5BSoutienLibe%5D\u00a0\u00bb,\u00a0\u00bburlButtonHeaderParams\u00a0\u00bb:\u00a0\u00bbhttps:\/\/offre.liberation.fr\/avantages-abonnes\u00a0\u00bb,\u00a0\u00bblabelButtonHeaderParams\u00a0\u00bb:\u00a0\u00bbVos avantages abonn\u00e9\u00a0\u00bb,\u00a0\u00bbcolorButtonHeaderLabel\u00a0\u00bb:\u00a0\u00bb#FFFFFF\u00a0\u00bb,\u00a0\u00bbborderColorButtonHeaderParams\u00a0\u00bb:\u00a0\u00bb#FFFFFF\u00a0\u00bb,\u00a0\u00bbbackgroundColorButtonHeaderParams\u00a0\u00bb:\u00a0\u00bb#4991E2&Prime;,\u00a0\u00bbpremiumButtonMobileUrl\u00a0\u00bb:\u00a0\u00bbhttps:\/\/offre.liberation.fr\/avantages-abonnes\u00a0\u00bb,\u00a0\u00bbpremiumButtonMobileLabel\u00a0\u00bb:\u00a0\u00bbVos avantages\u00a0\u00bb,\u00a0\u00bbpremiumButtonMobileTextColor\u00a0\u00bb:\u00a0\u00bb#FFFFFF\u00a0\u00bb,\u00a0\u00bbpremiumButtonMobileBborderColor\u00a0\u00bb:\u00a0\u00bb#FFFFFF\u00a0\u00bb,\u00a0\u00bbpremiumButtonMobileBackgroundColor\u00a0\u00bb:\u00a0\u00bb#4991E2&Prime;,\u00a0\u00bbmenuLabelBanner\u00a0\u00bb:\u00a0\u00bb1 mois pour 1\u20ac\u00a0\u00bb,\u00a0\u00bbmenuLabelButton\u00a0\u00bb:\u00a0\u00bbS&rsquo;abonner\u00a0\u00bb,\u00a0\u00bbmenuSubscriberLabel\u00a0\u00bb:\u00a0\u00bbParrainer un proche\u00a0\u00bb,\u00a0\u00bbmenuSubscriberCTALabel\u00a0\u00bb:\u00a0\u00bb\u27f6\u00a0\u00bb,\u00a0\u00bbmenuSubscriberCTALink\u00a0\u00bb:\u00a0\u00bbhttps:\/\/newsletter.liberation.fr\/wf\/200138\/218\/fr\/Start.act?source=menu-abonnes\u00a0\u00bb,\u00a0\u00bbmenuSubscriberBackgroundColor\u00a0\u00bb:\u00a0\u00bb#E0E9F5&Prime;},\u00a0\u00bbdisplayProperties\u00a0\u00bb:{},\u00a0\u00bblocalEdits\u00a0\u00bb:{},\u00a0\u00bbvariants\u00a0\u00bb:{}}}]},{\u00ab\u00a0collection\u00a0\u00bb:\u00a0\u00bbsections\u00a0\u00bb,\u00a0\u00bbprops\u00a0\u00bb:{\u00ab\u00a0collection\u00a0\u00bb:\u00a0\u00bbsections\u00a0\u00bb,\u00a0\u00bbid\u00a0\u00bb:1},\u00a0\u00bbchildren\u00a0\u00bb:[{\u00ab\u00a0collection\u00a0\u00bb:\u00a0\u00bbfeatures\u00a0\u00bb,\u00a0\u00bbtype\u00a0\u00bb:\u00a0\u00bb@wpmedia\/htmlbox-block\/htmlbox\u00a0\u00bb,\u00a0\u00bbprops\u00a0\u00bb:{\u00ab\u00a0collection\u00a0\u00bb:\u00a0\u00bbfeatures\u00a0\u00bb,\u00a0\u00bbtype\u00a0\u00bb:\u00a0\u00bb@wpmedia\/htmlbox-block\/htmlbox\u00a0\u00bb,\u00a0\u00bbid\u00a0\u00bb:\u00a0\u00bbf0fHuGl1erKI2wa\u00a0\u00bb,\u00a0\u00bbcontentConfig\u00a0\u00bb:{\u00ab\u00a0contentService\u00a0\u00bb:\u00a0\u00bb\u00a0\u00bb,\u00a0\u00bbcontentConfigValues\u00a0\u00bb:{},\u00a0\u00bbinherit\u00a0\u00bb:true},\u00a0\u00bbcustomFields\u00a0\u00bb:{\u00ab\u00a0HTML\u00a0\u00bb:\u00a0\u00bb\\n\\n.mailmunch-topbar\\n{\\n    z-index: 1010000004 !important;\\n}\\n\\n\u00a0\u00bb},\u00a0\u00bbdisplayProperties\u00a0\u00bb:{},\u00a0\u00bblocalEdits\u00a0\u00bb:{},\u00a0\u00bbvariants\u00a0\u00bb:{}}},{\u00ab\u00a0collection\u00a0\u00bb:\u00a0\u00bbfeatures\u00a0\u00bb,\u00a0\u00bbtype\u00a0\u00bb:\u00a0\u00bb@wpmedia\/alert-bar-block\/alert-bar\u00a0\u00bb,\u00a0\u00bbprops\u00a0\u00bb:{\u00ab\u00a0collection\u00a0\u00bb:\u00a0\u00bbfeatures\u00a0\u00bb,\u00a0\u00bbtype\u00a0\u00bb:\u00a0\u00bb@wpmedia\/alert-bar-block\/alert-bar\u00a0\u00bb,\u00a0\u00bbid\u00a0\u00bb:\u00a0\u00bb0fyf1HqBRHEIbDE\u00a0\u00bb,\u00a0\u00bbcontentConfig\u00a0\u00bb:{\u00ab\u00a0contentService\u00a0\u00bb:\u00a0\u00bb\u00a0\u00bb,\u00a0\u00bbcontentConfigValues\u00a0\u00bb:{},\u00a0\u00bbinherit\u00a0\u00bb:true},\u00a0\u00bbcustomFields\u00a0\u00bb:{\u00ab\u00a0_id\u00a0\u00bb:\u00a0\u00bbFGGR5EBGGRAY7G37VQSXS6EWTQ\u00a0\u00bb},\u00a0\u00bbdisplayProperties\u00a0\u00bb:{},\u00a0\u00bblocalEdits\u00a0\u00bb:{},\u00a0\u00bbvariants\u00a0\u00bb:{}}},{\u00ab\u00a0collection\u00a0\u00bb:\u00a0\u00bbfeatures\u00a0\u00bb,\u00a0\u00bbtype\u00a0\u00bb:\u00a0\u00bbcommon\/adPrisma\u00a0\u00bb,\u00a0\u00bbprops\u00a0\u00bb:{\u00ab\u00a0collection\u00a0\u00bb:\u00a0\u00bbfeatures\u00a0\u00bb,\u00a0\u00bbtype\u00a0\u00bb:\u00a0\u00bbcommon\/adPrisma\u00a0\u00bb,\u00a0\u00bbid\u00a0\u00bb:\u00a0\u00bbf0fGsy1V5ARj2R9&Prime;,\u00a0\u00bbcontentConfig\u00a0\u00bb:{\u00ab\u00a0contentService\u00a0\u00bb:\u00a0\u00bb\u00a0\u00bb,\u00a0\u00bbcontentConfigValues\u00a0\u00bb:{},\u00a0\u00bbinherit\u00a0\u00bb:true},\u00a0\u00bbcustomFields\u00a0\u00bb:{\u00ab\u00a0displayOnDesktop\u00a0\u00bb:false,\u00a0\u00bbdisplayOnTablet\u00a0\u00bb:false,\u00a0\u00bbdisplayOnMobile\u00a0\u00bb:true,\u00a0\u00bbpbInternal_cloneId\u00a0\u00bb:\u00a0\u00bbf0fGsy1V5ARj2R9&Prime;,\u00a0\u00bbadType\u00a0\u00bb:\u00a0\u00bbBanniere-Haute\u00a0\u00bb,\u00a0\u00bbadWidth\u00a0\u00bb:\u00a0\u00bb320&Prime;,\u00a0\u00bbadHeight\u00a0\u00bb:\u00a0\u00bb100&Prime;,\u00a0\u00bblayoutOnDesktop\u00a0\u00bb:null,\u00a0\u00bbhasMarginTop\u00a0\u00bb:false,\u00a0\u00bbhasMarginBottom\u00a0\u00bb:false,\u00a0\u00bblayoutOnMobile\u00a0\u00bb:\u00a0\u00bbHorizontal\u00a0\u00bb},\u00a0\u00bbdisplayProperties\u00a0\u00bb:{},\u00a0\u00bblocalEdits\u00a0\u00bb:{},\u00a0\u00bbvariants\u00a0\u00bb:{}}},{\u00ab\u00a0collection\u00a0\u00bb:\u00a0\u00bbfeatures\u00a0\u00bb,\u00a0\u00bbtype\u00a0\u00bb:\u00a0\u00bbcommon\/adPrisma\u00a0\u00bb,\u00a0\u00bbprops\u00a0\u00bb:{\u00ab\u00a0collection\u00a0\u00bb:\u00a0\u00bbfeatures\u00a0\u00bb,\u00a0\u00bbtype\u00a0\u00bb:\u00a0\u00bbcommon\/adPrisma\u00a0\u00bb,\u00a0\u00bbid\u00a0\u00bb:\u00a0\u00bbf0fA5NfUW5DrDf\u00a0\u00bb,\u00a0\u00bbcontentConfig\u00a0\u00bb:{\u00ab\u00a0contentService\u00a0\u00bb:\u00a0\u00bb\u00a0\u00bb,\u00a0\u00bbcontentConfigValues\u00a0\u00bb:{},\u00a0\u00bbinherit\u00a0\u00bb:true},\u00a0\u00bbcustomFields\u00a0\u00bb:{\u00ab\u00a0displayOnDesktop\u00a0\u00bb:true,\u00a0\u00bbdisplayOnTablet\u00a0\u00bb:false,\u00a0\u00bbdisplayOnMobile\u00a0\u00bb:false,\u00a0\u00bbpbInternal_cloneId\u00a0\u00bb:\u00a0\u00bbf0fA5NfUW5DrDf\u00a0\u00bb,\u00a0\u00bbadType\u00a0\u00bb:\u00a0\u00bbBanniere-Haute\u00a0\u00bb,\u00a0\u00bbadWidth\u00a0\u00bb:\u00a0\u00bb1000&Prime;,\u00a0\u00bbadHeight\u00a0\u00bb:\u00a0\u00bb250&Prime;,\u00a0\u00bblayoutOnDesktop\u00a0\u00bb:\u00a0\u00bbHorizontal\u00a0\u00bb,\u00a0\u00bbhasMarginTop\u00a0\u00bb:true,\u00a0\u00bbhasMarginBottom\u00a0\u00bb:true},\u00a0\u00bbdisplayProperties\u00a0\u00bb:{},\u00a0\u00bblocalEdits\u00a0\u00bb:{},\u00a0\u00bbvariants\u00a0\u00bb:{}}},{\u00ab\u00a0collection\u00a0\u00bb:\u00a0\u00bbfeatures\u00a0\u00bb,\u00a0\u00bbtype\u00a0\u00bb:\u00a0\u00bbcommon\/ad\u00a0\u00bb,\u00a0\u00bbprops\u00a0\u00bb:{\u00ab\u00a0collection\u00a0\u00bb:\u00a0\u00bbfeatures\u00a0\u00bb,\u00a0\u00bbtype\u00a0\u00bb:\u00a0\u00bbcommon\/ad\u00a0\u00bb,\u00a0\u00bbid\u00a0\u00bb:\u00a0\u00bbf0fmcNi97arLim\u00a0\u00bb,\u00a0\u00bbcontentConfig\u00a0\u00bb:{\u00ab\u00a0contentService\u00a0\u00bb:\u00a0\u00bb\u00a0\u00bb,\u00a0\u00bbcontentConfigValues\u00a0\u00bb:{},\u00a0\u00bbinherit\u00a0\u00bb:true},\u00a0\u00bbcustomFields\u00a0\u00bb:{\u00ab\u00a0displayOnDesktop\u00a0\u00bb:true,\u00a0\u00bbdisplayOnMobile\u00a0\u00bb:false,\u00a0\u00bbformatId\u00a0\u00bb:95},\u00a0\u00bbdisplayProperties\u00a0\u00bb:{},\u00a0\u00bblocalEdits\u00a0\u00bb:{},\u00a0\u00bbvariants\u00a0\u00bb:{}}},{\u00ab\u00a0collection\u00a0\u00bb:\u00a0\u00bbfeatures\u00a0\u00bb,\u00a0\u00bbtype\u00a0\u00bb:\u00a0\u00bbcommon\/breadcrumbs\u00a0\u00bb,\u00a0\u00bbprops\u00a0\u00bb:{\u00ab\u00a0collection\u00a0\u00bb:\u00a0\u00bbfeatures\u00a0\u00bb,\u00a0\u00bbtype\u00a0\u00bb:\u00a0\u00bbcommon\/breadcrumbs\u00a0\u00bb,\u00a0\u00bbid\u00a0\u00bb:\u00a0\u00bbf0fKXREtkqMnx9&Prime;,\u00a0\u00bbcontentConfig\u00a0\u00bb:{\u00ab\u00a0contentService\u00a0\u00bb:\u00a0\u00bb\u00a0\u00bb,\u00a0\u00bbcontentConfigValues\u00a0\u00bb:{},\u00a0\u00bbinherit\u00a0\u00bb:true},\u00a0\u00bbcustomFields\u00a0\u00bb:{},\u00a0\u00bbdisplayProperties\u00a0\u00bb:{},\u00a0\u00bblocalEdits\u00a0\u00bb:{},\u00a0\u00bbvariants\u00a0\u00bb:{}}}]},{\u00ab\u00a0collection\u00a0\u00bb:\u00a0\u00bbsections\u00a0\u00bb,\u00a0\u00bbprops\u00a0\u00bb:{\u00ab\u00a0collection\u00a0\u00bb:\u00a0\u00bbsections\u00a0\u00bb,\u00a0\u00bbid\u00a0\u00bb:2},\u00a0\u00bbchildren\u00a0\u00bb:[{\u00ab\u00a0collection\u00a0\u00bb:\u00a0\u00bbfeatures\u00a0\u00bb,\u00a0\u00bbtype\u00a0\u00bb:\u00a0\u00bbarticle\/header\u00a0\u00bb,\u00a0\u00bbprops\u00a0\u00bb:{\u00ab\u00a0collection\u00a0\u00bb:\u00a0\u00bbfeatures\u00a0\u00bb,\u00a0\u00bbtype\u00a0\u00bb:\u00a0\u00bbarticle\/header\u00a0\u00bb,\u00a0\u00bbid\u00a0\u00bb:\u00a0\u00bbf0fqzDoZz4o71JL\u00a0\u00bb,\u00a0\u00bbcontentConfig\u00a0\u00bb:{\u00ab\u00a0contentService\u00a0\u00bb:\u00a0\u00bb\u00a0\u00bb,\u00a0\u00bbcontentConfigValues\u00a0\u00bb:{},\u00a0\u00bbinherit\u00a0\u00bb:true},\u00a0\u00bbcustomFields\u00a0\u00bb:{\u00ab\u00a0displayLabel\u00a0\u00bb:true,\u00a0\u00bbdisplayHeadline\u00a0\u00bb:true,\u00a0\u00bbdisplaySubheadline\u00a0\u00bb:true,\u00a0\u00bbdisplayDossier\u00a0\u00bb:false},\u00a0\u00bbdisplayProperties\u00a0\u00bb:{},\u00a0\u00bblocalEdits\u00a0\u00bb:{},\u00a0\u00bbvariants\u00a0\u00bb:{}}},{\u00ab\u00a0collection\u00a0\u00bb:\u00a0\u00bbfeatures\u00a0\u00bb,\u00a0\u00bbtype\u00a0\u00bb:\u00a0\u00bbFolderLinks\/default\u00a0\u00bb,\u00a0\u00bbprops\u00a0\u00bb:{\u00ab\u00a0collection\u00a0\u00bb:\u00a0\u00bbfeatures\u00a0\u00bb,\u00a0\u00bbtype\u00a0\u00bb:\u00a0\u00bbFolderLinks\/default\u00a0\u00bb,\u00a0\u00bbid\u00a0\u00bb:\u00a0\u00bbf0fHJgweBryj2nM\u00a0\u00bb,\u00a0\u00bbcontentConfig\u00a0\u00bb:{\u00ab\u00a0contentService\u00a0\u00bb:\u00a0\u00bb\u00a0\u00bb,\u00a0\u00bbcontentConfigValues\u00a0\u00bb:{},\u00a0\u00bbinherit\u00a0\u00bb:true},\u00a0\u00bbcustomFields\u00a0\u00bb:{},\u00a0\u00bbdisplayProperties\u00a0\u00bb:{},\u00a0\u00bblocalEdits\u00a0\u00bb:{},\u00a0\u00bbvariants\u00a0\u00bb:{}}},{\u00ab\u00a0collection\u00a0\u00bb:\u00a0\u00bbfeatures\u00a0\u00bb,\u00a0\u00bbtype\u00a0\u00bb:\u00a0\u00bbcommon\/LeadArt\u00a0\u00bb,\u00a0\u00bbprops\u00a0\u00bb:{\u00ab\u00a0collection\u00a0\u00bb:\u00a0\u00bbfeatures\u00a0\u00bb,\u00a0\u00bbtype\u00a0\u00bb:\u00a0\u00bbcommon\/LeadArt\u00a0\u00bb,\u00a0\u00bbid\u00a0\u00bb:\u00a0\u00bbf0fLWKAwg6FP87b\u00a0\u00bb,\u00a0\u00bbcontentConfig\u00a0\u00bb:{\u00ab\u00a0contentService\u00a0\u00bb:\u00a0\u00bb\u00a0\u00bb,\u00a0\u00bbcontentConfigValues\u00a0\u00bb:{},\u00a0\u00bbinherit\u00a0\u00bb:true},\u00a0\u00bbcustomFields\u00a0\u00bb:{},\u00a0\u00bbdisplayProperties\u00a0\u00bb:{},\u00a0\u00bblocalEdits\u00a0\u00bb:{},\u00a0\u00bbvariants\u00a0\u00bb:{}}},{\u00ab\u00a0collection\u00a0\u00bb:\u00a0\u00bbfeatures\u00a0\u00bb,\u00a0\u00bbtype\u00a0\u00bb:\u00a0\u00bbarticle\/byline\u00a0\u00bb,\u00a0\u00bbprops\u00a0\u00bb:{\u00ab\u00a0collection\u00a0\u00bb:\u00a0\u00bbfeatures\u00a0\u00bb,\u00a0\u00bbtype\u00a0\u00bb:\u00a0\u00bbarticle\/byline\u00a0\u00bb,\u00a0\u00bbid\u00a0\u00bb:\u00a0\u00bbf0fhG2ECCO081EK\u00a0\u00bb,\u00a0\u00bbcontentConfig\u00a0\u00bb:{\u00ab\u00a0contentService\u00a0\u00bb:\u00a0\u00bb\u00a0\u00bb,\u00a0\u00bbcontentConfigValues\u00a0\u00bb:{},\u00a0\u00bbinherit\u00a0\u00bb:true},\u00a0\u00bbcustomFields\u00a0\u00bb:{},\u00a0\u00bbdisplayProperties\u00a0\u00bb:{},\u00a0\u00bblocalEdits\u00a0\u00bb:{},\u00a0\u00bbvariants\u00a0\u00bb:{}}},{\u00ab\u00a0collection\u00a0\u00bb:\u00a0\u00bbfeatures\u00a0\u00bb,\u00a0\u00bbtype\u00a0\u00bb:\u00a0\u00bbarticle\/date\u00a0\u00bb,\u00a0\u00bbprops\u00a0\u00bb:{\u00ab\u00a0collection\u00a0\u00bb:\u00a0\u00bbfeatures\u00a0\u00bb,\u00a0\u00bbtype\u00a0\u00bb:\u00a0\u00bbarticle\/date\u00a0\u00bb,\u00a0\u00bbid\u00a0\u00bb:\u00a0\u00bb0f7R2z6MSrh\u00a0\u00bb,\u00a0\u00bbcontentConfig\u00a0\u00bb:{\u00ab\u00a0contentService\u00a0\u00bb:\u00a0\u00bb\u00a0\u00bb,\u00a0\u00bbcontentConfigValues\u00a0\u00bb:{},\u00a0\u00bbinherit\u00a0\u00bb:false},\u00a0\u00bbcustomFields\u00a0\u00bb:{},\u00a0\u00bbdisplayProperties\u00a0\u00bb:{},\u00a0\u00bblocalEdits\u00a0\u00bb:{},\u00a0\u00bbvariants\u00a0\u00bb:{}}},{\u00ab\u00a0collection\u00a0\u00bb:\u00a0\u00bbfeatures\u00a0\u00bb,\u00a0\u00bbtype\u00a0\u00bb:\u00a0\u00bb@wpmedia\/htmlbox-block\/htmlbox\u00a0\u00bb,\u00a0\u00bbprops\u00a0\u00bb:{\u00ab\u00a0collection\u00a0\u00bb:\u00a0\u00bbfeatures\u00a0\u00bb,\u00a0\u00bbtype\u00a0\u00bb:\u00a0\u00bb@wpmedia\/htmlbox-block\/htmlbox\u00a0\u00bb,\u00a0\u00bbid\u00a0\u00bb:\u00a0\u00bbf0fxYZjElxf8ew\u00a0\u00bb,\u00a0\u00bbcontentConfig\u00a0\u00bb:{\u00ab\u00a0contentService\u00a0\u00bb:\u00a0\u00bb\u00a0\u00bb,\u00a0\u00bbcontentConfigValues\u00a0\u00bb:{},\u00a0\u00bbinherit\u00a0\u00bb:true},\u00a0\u00bbcustomFields\u00a0\u00bb:{\u00ab\u00a0HTML\u00a0\u00bb:\u00a0\u00bb\u00a0\u00bb},\u00a0\u00bbdisplayProperties\u00a0\u00bb:{},\u00a0\u00bblocalEdits\u00a0\u00bb:{},\u00a0\u00bbvariants\u00a0\u00bb:{}}},{\u00ab\u00a0collection\u00a0\u00bb:\u00a0\u00bbfeatures\u00a0\u00bb,\u00a0\u00bbtype\u00a0\u00bb:\u00a0\u00bbcommon\/adPrisma\u00a0\u00bb,\u00a0\u00bbprops\u00a0\u00bb:{\u00ab\u00a0collection\u00a0\u00bb:\u00a0\u00bbfeatures\u00a0\u00bb,\u00a0\u00bbtype\u00a0\u00bb:\u00a0\u00bbcommon\/adPrisma\u00a0\u00bb,\u00a0\u00bbid\u00a0\u00bb:\u00a0\u00bbf0f0tueVMIPJccj\u00a0\u00bb,\u00a0\u00bbcontentConfig\u00a0\u00bb:{\u00ab\u00a0contentService\u00a0\u00bb:\u00a0\u00bb\u00a0\u00bb,\u00a0\u00bbcontentConfigValues\u00a0\u00bb:{},\u00a0\u00bbinherit\u00a0\u00bb:true},\u00a0\u00bbcustomFields\u00a0\u00bb:{\u00ab\u00a0displayOnDesktop\u00a0\u00bb:true,\u00a0\u00bbdisplayOnTablet\u00a0\u00bb:false,\u00a0\u00bbdisplayOnMobile\u00a0\u00bb:false,\u00a0\u00bbadType\u00a0\u00bb:\u00a0\u00bbPave-Haut2-Desktop\u00a0\u00bb,\u00a0\u00bbhasStickyPlaceholder\u00a0\u00bb:false,\u00a0\u00bbhasStickyAd\u00a0\u00bb:false,\u00a0\u00bbadWidth\u00a0\u00bb:\u00a0\u00bb600&Prime;,\u00a0\u00bbadHeight\u00a0\u00bb:\u00a0\u00bb400&Prime;,\u00a0\u00bblayoutOnDesktop\u00a0\u00bb:\u00a0\u00bbHorizontal\u00a0\u00bb,\u00a0\u00bbhasMarginTop\u00a0\u00bb:true,\u00a0\u00bbhasMarginBottom\u00a0\u00bb:true},\u00a0\u00bbdisplayProperties\u00a0\u00bb:{},\u00a0\u00bblocalEdits\u00a0\u00bb:{},\u00a0\u00bbvariants\u00a0\u00bb:{}}},{\u00ab\u00a0collection\u00a0\u00bb:\u00a0\u00bbfeatures\u00a0\u00bb,\u00a0\u00bbtype\u00a0\u00bb:\u00a0\u00bbcommon\/adPrisma\u00a0\u00bb,\u00a0\u00bbprops\u00a0\u00bb:{\u00ab\u00a0collection\u00a0\u00bb:\u00a0\u00bbfeatures\u00a0\u00bb,\u00a0\u00bbtype\u00a0\u00bb:\u00a0\u00bbcommon\/adPrisma\u00a0\u00bb,\u00a0\u00bbid\u00a0\u00bb:\u00a0\u00bbf0fTBz3xtDVQ67&Prime;,\u00a0\u00bbcontentConfig\u00a0\u00bb:{\u00ab\u00a0contentService\u00a0\u00bb:\u00a0\u00bb\u00a0\u00bb,\u00a0\u00bbcontentConfigValues\u00a0\u00bb:{},\u00a0\u00bbinherit\u00a0\u00bb:true},\u00a0\u00bbcustomFields\u00a0\u00bb:{\u00ab\u00a0displayOnDesktop\u00a0\u00bb:false,\u00a0\u00bbdisplayOnTablet\u00a0\u00bb:false,\u00a0\u00bbdisplayOnMobile\u00a0\u00bb:true,\u00a0\u00bbadType\u00a0\u00bb:\u00a0\u00bbPave-Haut\u00a0\u00bb,\u00a0\u00bbpbInternal_cloneId\u00a0\u00bb:\u00a0\u00bbf0fTBz3xtDVQ67&Prime;,\u00a0\u00bbadWidth\u00a0\u00bb:\u00a0\u00bb300&Prime;,\u00a0\u00bbadHeight\u00a0\u00bb:\u00a0\u00bb400&Prime;,\u00a0\u00bblayoutOnMobile\u00a0\u00bb:\u00a0\u00bbVertical\u00a0\u00bb,\u00a0\u00bbhasMarginTop\u00a0\u00bb:true,\u00a0\u00bbhasMarginBottom\u00a0\u00bb:true,\u00a0\u00bbhasStickyAd\u00a0\u00bb:true},\u00a0\u00bbdisplayProperties\u00a0\u00bb:{},\u00a0\u00bblocalEdits\u00a0\u00bb:{},\u00a0\u00bbvariants\u00a0\u00bb:{}}},{\u00ab\u00a0collection\u00a0\u00bb:\u00a0\u00bbchains\u00a0\u00bb,\u00a0\u00bbtype\u00a0\u00bb:\u00a0\u00bbarticle-body\u00a0\u00bb,\u00a0\u00bbprops\u00a0\u00bb:{\u00ab\u00a0collection\u00a0\u00bb:\u00a0\u00bbchains\u00a0\u00bb,\u00a0\u00bbtype\u00a0\u00bb:\u00a0\u00bbarticle-body\u00a0\u00bb,\u00a0\u00bbid\u00a0\u00bb:\u00a0\u00bbc0fFBxtnoyMx6vA\u00a0\u00bb,\u00a0\u00bbcustomFields\u00a0\u00bb:{\u00ab\u00a0elementPlacement\u00a0\u00bb:{\u00ab\u00a01&Prime;:\u00a0\u00bb11&Prime;,\u00a0\u00bb3&Prime;:\u00a0\u00bb2&Prime;,\u00a0\u00bb4&Prime;:\u00a0\u00bb4&Prime;,\u00a0\u00bb5&Prime;:\u00a0\u00bb6&Prime;,\u00a0\u00bb6&Prime;:\u00a0\u00bb8&Prime;,\u00a0\u00bb7&Prime;:\u00a0\u00bb10&Prime;,\u00a0\u00bb8&Prime;:\u00a0\u00bb12&Prime;,\u00a0\u00bb9&Prime;:\u00a0\u00bb14&Prime;,\u00a0\u00bb10&Prime;:\u00a0\u00bb16&Prime;,\u00a0\u00bb11&Prime;:\u00a0\u00bb18&Prime;,\u00a0\u00bb12&Prime;:\u00a0\u00bb20&Prime;,\u00a0\u00bb13&Prime;:\u00a0\u00bb4&Prime;,\u00a0\u00bb14&Prime;:\u00a0\u00bb8&Prime;,\u00a0\u00bb15&Prime;:\u00a0\u00bb4&Prime;,\u00a0\u00bb16&Prime;:\u00a0\u00bb8&Prime;,\u00a0\u00bb17&Prime;:\u00a0\u00bb14&Prime;,\u00a0\u00bb\u00a0\u00bb:\u00a0\u00bb\u00a0\u00bb}},\u00a0\u00bbdisplayProperties\u00a0\u00bb:{}},\u00a0\u00bbchildren\u00a0\u00bb:[{\u00ab\u00a0collection\u00a0\u00bb:\u00a0\u00bbfeatures\u00a0\u00bb,\u00a0\u00bbtype\u00a0\u00bb:\u00a0\u00bbcommon\/adPrisma\u00a0\u00bb,\u00a0\u00bbprops\u00a0\u00bb:{\u00ab\u00a0collection\u00a0\u00bb:\u00a0\u00bbfeatures\u00a0\u00bb,\u00a0\u00bbtype\u00a0\u00bb:\u00a0\u00bbcommon\/adPrisma\u00a0\u00bb,\u00a0\u00bbid\u00a0\u00bb:\u00a0\u00bbf0fJfv4wLVoK5fT\u00a0\u00bb,\u00a0\u00bbcontentConfig\u00a0\u00bb:{\u00ab\u00a0contentService\u00a0\u00bb:\u00a0\u00bb\u00a0\u00bb,\u00a0\u00bbcontentConfigValues\u00a0\u00bb:{},\u00a0\u00bbinherit\u00a0\u00bb:true},\u00a0\u00bbcustomFields\u00a0\u00bb:{\u00ab\u00a0displayOnDesktop\u00a0\u00bb:true,\u00a0\u00bblayoutOnDesktop\u00a0\u00bb:\u00a0\u00bbHorizontal\u00a0\u00bb,\u00a0\u00bbdisplayOnTablet\u00a0\u00bb:false,\u00a0\u00bblayoutOnTablet\u00a0\u00bb:null,\u00a0\u00bbdisplayOnMobile\u00a0\u00bb:false,\u00a0\u00bblayoutOnMobile\u00a0\u00bb:null,\u00a0\u00bbadType\u00a0\u00bb:\u00a0\u00bbPave-Haut2-Desktop\u00a0\u00bb,\u00a0\u00bbadWidth\u00a0\u00bb:600,\u00a0\u00bbadHeight\u00a0\u00bb:400},\u00a0\u00bbdisplayProperties\u00a0\u00bb:{},\u00a0\u00bblocalEdits\u00a0\u00bb:{},\u00a0\u00bbvariants\u00a0\u00bb:{}}},{\u00ab\u00a0collection\u00a0\u00bb:\u00a0\u00bbfeatures\u00a0\u00bb,\u00a0\u00bbtype\u00a0\u00bb:\u00a0\u00bbcommon\/adPrisma\u00a0\u00bb,\u00a0\u00bbprops\u00a0\u00bb:{\u00ab\u00a0collection\u00a0\u00bb:\u00a0\u00bbfeatures\u00a0\u00bb,\u00a0\u00bbtype\u00a0\u00bb:\u00a0\u00bbcommon\/adPrisma\u00a0\u00bb,\u00a0\u00bbid\u00a0\u00bb:\u00a0\u00bbf0fSE1HDtw9L53Y\u00a0\u00bb,\u00a0\u00bbcontentConfig\u00a0\u00bb:{\u00ab\u00a0contentService\u00a0\u00bb:\u00a0\u00bb\u00a0\u00bb,\u00a0\u00bbcontentConfigValues\u00a0\u00bb:{},\u00a0\u00bbinherit\u00a0\u00bb:true},\u00a0\u00bbcustomFields\u00a0\u00bb:{\u00ab\u00a0displayOnDesktop\u00a0\u00bb:false,\u00a0\u00bblayoutOnDesktop\u00a0\u00bb:null,\u00a0\u00bbdisplayOnTablet\u00a0\u00bb:false,\u00a0\u00bblayoutOnTablet\u00a0\u00bb:null,\u00a0\u00bbdisplayOnMobile\u00a0\u00bb:true,\u00a0\u00bblayoutOnMobile\u00a0\u00bb:\u00a0\u00bbVertical\u00a0\u00bb,\u00a0\u00bbadType\u00a0\u00bb:\u00a0\u00bbPave-Haut\u00a0\u00bb,\u00a0\u00bbadWidth\u00a0\u00bb:300,\u00a0\u00bbadHeight\u00a0\u00bb:\u00a0\u00bb400&Prime;,\u00a0\u00bbpbInternal_cloneId\u00a0\u00bb:\u00a0\u00bbf0fSE1HDtw9L53Y\u00a0\u00bb,\u00a0\u00bbhasStickyAd\u00a0\u00bb:true},\u00a0\u00bbdisplayProperties\u00a0\u00bb:{},\u00a0\u00bblocalEdits\u00a0\u00bb:{},\u00a0\u00bbvariants\u00a0\u00bb:{}}},{\u00ab\u00a0collection\u00a0\u00bb:\u00a0\u00bbfeatures\u00a0\u00bb,\u00a0\u00bbtype\u00a0\u00bb:\u00a0\u00bbcommon\/adPrisma\u00a0\u00bb,\u00a0\u00bbprops\u00a0\u00bb:{\u00ab\u00a0collection\u00a0\u00bb:\u00a0\u00bbfeatures\u00a0\u00bb,\u00a0\u00bbtype\u00a0\u00bb:\u00a0\u00bbcommon\/adPrisma\u00a0\u00bb,\u00a0\u00bbid\u00a0\u00bb:\u00a0\u00bbf0f27dasiVo462W\u00a0\u00bb,\u00a0\u00bbcontentConfig\u00a0\u00bb:{\u00ab\u00a0contentService\u00a0\u00bb:\u00a0\u00bb\u00a0\u00bb,\u00a0\u00bbcontentConfigValues\u00a0\u00bb:{},\u00a0\u00bbinherit\u00a0\u00bb:true},\u00a0\u00bbcustomFields\u00a0\u00bb:{\u00ab\u00a0displayOnDesktop\u00a0\u00bb:false,\u00a0\u00bblayoutOnDesktop\u00a0\u00bb:null,\u00a0\u00bbdisplayOnTablet\u00a0\u00bb:false,\u00a0\u00bblayoutOnTablet\u00a0\u00bb:null,\u00a0\u00bbdisplayOnMobile\u00a0\u00bb:true,\u00a0\u00bblayoutOnMobile\u00a0\u00bb:\u00a0\u00bbVertical\u00a0\u00bb,\u00a0\u00bbadType\u00a0\u00bb:\u00a0\u00bbPave-Haut2&Prime;,\u00a0\u00bbadWidth\u00a0\u00bb:300,\u00a0\u00bbadHeight\u00a0\u00bb:\u00a0\u00bb400&Prime;,\u00a0\u00bbpbInternal_cloneId\u00a0\u00bb:\u00a0\u00bbf0f27dasiVo462W\u00a0\u00bb,\u00a0\u00bbhasStickyAd\u00a0\u00bb:true,\u00a0\u00bbhasMarginTop\u00a0\u00bb:true,\u00a0\u00bbhasMarginBottom\u00a0\u00bb:true},\u00a0\u00bbdisplayProperties\u00a0\u00bb:{},\u00a0\u00bblocalEdits\u00a0\u00bb:{},\u00a0\u00bbvariants\u00a0\u00bb:{}}},{\u00ab\u00a0collection\u00a0\u00bb:\u00a0\u00bbfeatures\u00a0\u00bb,\u00a0\u00bbtype\u00a0\u00bb:\u00a0\u00bbcommon\/adPrisma\u00a0\u00bb,\u00a0\u00bbprops\u00a0\u00bb:{\u00ab\u00a0collection\u00a0\u00bb:\u00a0\u00bbfeatures\u00a0\u00bb,\u00a0\u00bbtype\u00a0\u00bb:\u00a0\u00bbcommon\/adPrisma\u00a0\u00bb,\u00a0\u00bbid\u00a0\u00bb:\u00a0\u00bbf0fftZPUtmeM5qO\u00a0\u00bb,\u00a0\u00bbcontentConfig\u00a0\u00bb:{\u00ab\u00a0contentService\u00a0\u00bb:\u00a0\u00bb\u00a0\u00bb,\u00a0\u00bbcontentConfigValues\u00a0\u00bb:{},\u00a0\u00bbinherit\u00a0\u00bb:true},\u00a0\u00bbcustomFields\u00a0\u00bb:{\u00ab\u00a0displayOnDesktop\u00a0\u00bb:false,\u00a0\u00bblayoutOnDesktop\u00a0\u00bb:null,\u00a0\u00bbdisplayOnTablet\u00a0\u00bb:false,\u00a0\u00bblayoutOnTablet\u00a0\u00bb:null,\u00a0\u00bbdisplayOnMobile\u00a0\u00bb:true,\u00a0\u00bblayoutOnMobile\u00a0\u00bb:\u00a0\u00bbVertical\u00a0\u00bb,\u00a0\u00bbadType\u00a0\u00bb:\u00a0\u00bbPave-Haut2&Prime;,\u00a0\u00bbadWidth\u00a0\u00bb:300,\u00a0\u00bbadHeight\u00a0\u00bb:\u00a0\u00bb400&Prime;,\u00a0\u00bbpbInternal_cloneId\u00a0\u00bb:\u00a0\u00bbf0fftZPUtmeM5qO\u00a0\u00bb,\u00a0\u00bbhasStickyAd\u00a0\u00bb:true,\u00a0\u00bbhasMarginTop\u00a0\u00bb:true,\u00a0\u00bbhasMarginBottom\u00a0\u00bb:true},\u00a0\u00bbdisplayProperties\u00a0\u00bb:{},\u00a0\u00bblocalEdits\u00a0\u00bb:{},\u00a0\u00bbvariants\u00a0\u00bb:{}}},{\u00ab\u00a0collection\u00a0\u00bb:\u00a0\u00bbfeatures\u00a0\u00bb,\u00a0\u00bbtype\u00a0\u00bb:\u00a0\u00bbcommon\/adPrisma\u00a0\u00bb,\u00a0\u00bbprops\u00a0\u00bb:{\u00ab\u00a0collection\u00a0\u00bb:\u00a0\u00bbfeatures\u00a0\u00bb,\u00a0\u00bbtype\u00a0\u00bb:\u00a0\u00bbcommon\/adPrisma\u00a0\u00bb,\u00a0\u00bbid\u00a0\u00bb:\u00a0\u00bbf0fCDISK7jsn39V\u00a0\u00bb,\u00a0\u00bbcontentConfig\u00a0\u00bb:{\u00ab\u00a0contentService\u00a0\u00bb:\u00a0\u00bb\u00a0\u00bb,\u00a0\u00bbcontentConfigValues\u00a0\u00bb:{},\u00a0\u00bbinherit\u00a0\u00bb:true},\u00a0\u00bbcustomFields\u00a0\u00bb:{\u00ab\u00a0displayOnDesktop\u00a0\u00bb:false,\u00a0\u00bblayoutOnDesktop\u00a0\u00bb:null,\u00a0\u00bbdisplayOnTablet\u00a0\u00bb:false,\u00a0\u00bblayoutOnTablet\u00a0\u00bb:null,\u00a0\u00bbdisplayOnMobile\u00a0\u00bb:true,\u00a0\u00bblayoutOnMobile\u00a0\u00bb:\u00a0\u00bbVertical\u00a0\u00bb,\u00a0\u00bbadType\u00a0\u00bb:\u00a0\u00bbPave-Haut2&Prime;,\u00a0\u00bbadWidth\u00a0\u00bb:300,\u00a0\u00bbadHeight\u00a0\u00bb:\u00a0\u00bb400&Prime;,\u00a0\u00bbpbInternal_cloneId\u00a0\u00bb:\u00a0\u00bbf0fCDISK7jsn39V\u00a0\u00bb,\u00a0\u00bbhasStickyAd\u00a0\u00bb:true,\u00a0\u00bbhasMarginTop\u00a0\u00bb:true,\u00a0\u00bbhasMarginBottom\u00a0\u00bb:true},\u00a0\u00bbdisplayProperties\u00a0\u00bb:{},\u00a0\u00bblocalEdits\u00a0\u00bb:{},\u00a0\u00bbvariants\u00a0\u00bb:{}}},{\u00ab\u00a0collection\u00a0\u00bb:\u00a0\u00bbfeatures\u00a0\u00bb,\u00a0\u00bbtype\u00a0\u00bb:\u00a0\u00bbcommon\/adPrisma\u00a0\u00bb,\u00a0\u00bbprops\u00a0\u00bb:{\u00ab\u00a0collection\u00a0\u00bb:\u00a0\u00bbfeatures\u00a0\u00bb,\u00a0\u00bbtype\u00a0\u00bb:\u00a0\u00bbcommon\/adPrisma\u00a0\u00bb,\u00a0\u00bbid\u00a0\u00bb:\u00a0\u00bbf0fU1CNp29HL1OU\u00a0\u00bb,\u00a0\u00bbcontentConfig\u00a0\u00bb:{\u00ab\u00a0contentService\u00a0\u00bb:\u00a0\u00bb\u00a0\u00bb,\u00a0\u00bbcontentConfigValues\u00a0\u00bb:{},\u00a0\u00bbinherit\u00a0\u00bb:true},\u00a0\u00bbcustomFields\u00a0\u00bb:{\u00ab\u00a0displayOnDesktop\u00a0\u00bb:false,\u00a0\u00bblayoutOnDesktop\u00a0\u00bb:null,\u00a0\u00bbdisplayOnTablet\u00a0\u00bb:false,\u00a0\u00bblayoutOnTablet\u00a0\u00bb:null,\u00a0\u00bbdisplayOnMobile\u00a0\u00bb:true,\u00a0\u00bblayoutOnMobile\u00a0\u00bb:\u00a0\u00bbVertical\u00a0\u00bb,\u00a0\u00bbadType\u00a0\u00bb:\u00a0\u00bbPave-Haut2&Prime;,\u00a0\u00bbadWidth\u00a0\u00bb:300,\u00a0\u00bbadHeight\u00a0\u00bb:\u00a0\u00bb400&Prime;,\u00a0\u00bbpbInternal_cloneId\u00a0\u00bb:\u00a0\u00bbf0fU1CNp29HL1OU\u00a0\u00bb,\u00a0\u00bbhasStickyAd\u00a0\u00bb:true,\u00a0\u00bbhasMarginTop\u00a0\u00bb:true,\u00a0\u00bbhasMarginBottom\u00a0\u00bb:true},\u00a0\u00bbdisplayProperties\u00a0\u00bb:{},\u00a0\u00bblocalEdits\u00a0\u00bb:{},\u00a0\u00bbvariants\u00a0\u00bb:{}}},{\u00ab\u00a0collection\u00a0\u00bb:\u00a0\u00bbfeatures\u00a0\u00bb,\u00a0\u00bbtype\u00a0\u00bb:\u00a0\u00bbcommon\/adPrisma\u00a0\u00bb,\u00a0\u00bbprops\u00a0\u00bb:{\u00ab\u00a0collection\u00a0\u00bb:\u00a0\u00bbfeatures\u00a0\u00bb,\u00a0\u00bbtype\u00a0\u00bb:\u00a0\u00bbcommon\/adPrisma\u00a0\u00bb,\u00a0\u00bbid\u00a0\u00bb:\u00a0\u00bbf0ffpAb7sXIL18p\u00a0\u00bb,\u00a0\u00bbcontentConfig\u00a0\u00bb:{\u00ab\u00a0contentService\u00a0\u00bb:\u00a0\u00bb\u00a0\u00bb,\u00a0\u00bbcontentConfigValues\u00a0\u00bb:{},\u00a0\u00bbinherit\u00a0\u00bb:true},\u00a0\u00bbcustomFields\u00a0\u00bb:{\u00ab\u00a0displayOnDesktop\u00a0\u00bb:false,\u00a0\u00bblayoutOnDesktop\u00a0\u00bb:null,\u00a0\u00bbdisplayOnTablet\u00a0\u00bb:false,\u00a0\u00bblayoutOnTablet\u00a0\u00bb:null,\u00a0\u00bbdisplayOnMobile\u00a0\u00bb:true,\u00a0\u00bblayoutOnMobile\u00a0\u00bb:\u00a0\u00bbVertical\u00a0\u00bb,\u00a0\u00bbadType\u00a0\u00bb:\u00a0\u00bbPave-Haut2&Prime;,\u00a0\u00bbadWidth\u00a0\u00bb:300,\u00a0\u00bbadHeight\u00a0\u00bb:\u00a0\u00bb400&Prime;,\u00a0\u00bbpbInternal_cloneId\u00a0\u00bb:\u00a0\u00bbf0ffpAb7sXIL18p\u00a0\u00bb,\u00a0\u00bbhasStickyAd\u00a0\u00bb:true,\u00a0\u00bbhasMarginTop\u00a0\u00bb:true,\u00a0\u00bbhasMarginBottom\u00a0\u00bb:true},\u00a0\u00bbdisplayProperties\u00a0\u00bb:{},\u00a0\u00bblocalEdits\u00a0\u00bb:{},\u00a0\u00bbvariants\u00a0\u00bb:{}}},{\u00ab\u00a0collection\u00a0\u00bb:\u00a0\u00bbfeatures\u00a0\u00bb,\u00a0\u00bbtype\u00a0\u00bb:\u00a0\u00bbcommon\/adPrisma\u00a0\u00bb,\u00a0\u00bbprops\u00a0\u00bb:{\u00ab\u00a0collection\u00a0\u00bb:\u00a0\u00bbfeatures\u00a0\u00bb,\u00a0\u00bbtype\u00a0\u00bb:\u00a0\u00bbcommon\/adPrisma\u00a0\u00bb,\u00a0\u00bbid\u00a0\u00bb:\u00a0\u00bbf0fqDrV6aTKL18r\u00a0\u00bb,\u00a0\u00bbcontentConfig\u00a0\u00bb:{\u00ab\u00a0contentService\u00a0\u00bb:\u00a0\u00bb\u00a0\u00bb,\u00a0\u00bbcontentConfigValues\u00a0\u00bb:{},\u00a0\u00bbinherit\u00a0\u00bb:true},\u00a0\u00bbcustomFields\u00a0\u00bb:{\u00ab\u00a0displayOnDesktop\u00a0\u00bb:false,\u00a0\u00bblayoutOnDesktop\u00a0\u00bb:null,\u00a0\u00bbdisplayOnTablet\u00a0\u00bb:false,\u00a0\u00bblayoutOnTablet\u00a0\u00bb:null,\u00a0\u00bbdisplayOnMobile\u00a0\u00bb:true,\u00a0\u00bblayoutOnMobile\u00a0\u00bb:\u00a0\u00bbVertical\u00a0\u00bb,\u00a0\u00bbadType\u00a0\u00bb:\u00a0\u00bbPave-Haut2&Prime;,\u00a0\u00bbadWidth\u00a0\u00bb:300,\u00a0\u00bbadHeight\u00a0\u00bb:\u00a0\u00bb400&Prime;,\u00a0\u00bbpbInternal_cloneId\u00a0\u00bb:\u00a0\u00bbf0fqDrV6aTKL18r\u00a0\u00bb,\u00a0\u00bbhasStickyAd\u00a0\u00bb:true,\u00a0\u00bbhasMarginTop\u00a0\u00bb:true,\u00a0\u00bbhasMarginBottom\u00a0\u00bb:true},\u00a0\u00bbdisplayProperties\u00a0\u00bb:{},\u00a0\u00bblocalEdits\u00a0\u00bb:{},\u00a0\u00bbvariants\u00a0\u00bb:{}}},{\u00ab\u00a0collection\u00a0\u00bb:\u00a0\u00bbfeatures\u00a0\u00bb,\u00a0\u00bbtype\u00a0\u00bb:\u00a0\u00bbcommon\/adPrisma\u00a0\u00bb,\u00a0\u00bbprops\u00a0\u00bb:{\u00ab\u00a0collection\u00a0\u00bb:\u00a0\u00bbfeatures\u00a0\u00bb,\u00a0\u00bbtype\u00a0\u00bb:\u00a0\u00bbcommon\/adPrisma\u00a0\u00bb,\u00a0\u00bbid\u00a0\u00bb:\u00a0\u00bbf0fPujFYZiNL10K\u00a0\u00bb,\u00a0\u00bbcontentConfig\u00a0\u00bb:{\u00ab\u00a0contentService\u00a0\u00bb:\u00a0\u00bb\u00a0\u00bb,\u00a0\u00bbcontentConfigValues\u00a0\u00bb:{},\u00a0\u00bbinherit\u00a0\u00bb:true},\u00a0\u00bbcustomFields\u00a0\u00bb:{\u00ab\u00a0displayOnDesktop\u00a0\u00bb:false,\u00a0\u00bblayoutOnDesktop\u00a0\u00bb:null,\u00a0\u00bbdisplayOnTablet\u00a0\u00bb:false,\u00a0\u00bblayoutOnTablet\u00a0\u00bb:null,\u00a0\u00bbdisplayOnMobile\u00a0\u00bb:true,\u00a0\u00bblayoutOnMobile\u00a0\u00bb:\u00a0\u00bbVertical\u00a0\u00bb,\u00a0\u00bbadType\u00a0\u00bb:\u00a0\u00bbPave-Haut2&Prime;,\u00a0\u00bbadWidth\u00a0\u00bb:300,\u00a0\u00bbadHeight\u00a0\u00bb:\u00a0\u00bb400&Prime;,\u00a0\u00bbpbInternal_cloneId\u00a0\u00bb:\u00a0\u00bbf0fPujFYZiNL10K\u00a0\u00bb,\u00a0\u00bbhasStickyAd\u00a0\u00bb:true,\u00a0\u00bbhasMarginTop\u00a0\u00bb:true,\u00a0\u00bbhasMarginBottom\u00a0\u00bb:true},\u00a0\u00bbdisplayProperties\u00a0\u00bb:{},\u00a0\u00bblocalEdits\u00a0\u00bb:{},\u00a0\u00bbvariants\u00a0\u00bb:{}}},{\u00ab\u00a0collection\u00a0\u00bb:\u00a0\u00bbfeatures\u00a0\u00bb,\u00a0\u00bbtype\u00a0\u00bb:\u00a0\u00bbcommon\/adPrisma\u00a0\u00bb,\u00a0\u00bbprops\u00a0\u00bb:{\u00ab\u00a0collection\u00a0\u00bb:\u00a0\u00bbfeatures\u00a0\u00bb,\u00a0\u00bbtype\u00a0\u00bb:\u00a0\u00bbcommon\/adPrisma\u00a0\u00bb,\u00a0\u00bbid\u00a0\u00bb:\u00a0\u00bbf0fFzaovdKYL1z1&Prime;,\u00a0\u00bbcontentConfig\u00a0\u00bb:{\u00ab\u00a0contentService\u00a0\u00bb:\u00a0\u00bb\u00a0\u00bb,\u00a0\u00bbcontentConfigValues\u00a0\u00bb:{},\u00a0\u00bbinherit\u00a0\u00bb:true},\u00a0\u00bbcustomFields\u00a0\u00bb:{\u00ab\u00a0displayOnDesktop\u00a0\u00bb:false,\u00a0\u00bblayoutOnDesktop\u00a0\u00bb:null,\u00a0\u00bbdisplayOnTablet\u00a0\u00bb:false,\u00a0\u00bblayoutOnTablet\u00a0\u00bb:null,\u00a0\u00bbdisplayOnMobile\u00a0\u00bb:true,\u00a0\u00bblayoutOnMobile\u00a0\u00bb:\u00a0\u00bbVertical\u00a0\u00bb,\u00a0\u00bbadType\u00a0\u00bb:\u00a0\u00bbPave-Haut2&Prime;,\u00a0\u00bbadWidth\u00a0\u00bb:300,\u00a0\u00bbadHeight\u00a0\u00bb:\u00a0\u00bb400&Prime;,\u00a0\u00bbpbInternal_cloneId\u00a0\u00bb:\u00a0\u00bbf0fFzaovdKYL1z1&Prime;,\u00a0\u00bbhasStickyAd\u00a0\u00bb:true,\u00a0\u00bbhasMarginTop\u00a0\u00bb:true,\u00a0\u00bbhasMarginBottom\u00a0\u00bb:true},\u00a0\u00bbdisplayProperties\u00a0\u00bb:{},\u00a0\u00bblocalEdits\u00a0\u00bb:{},\u00a0\u00bbvariants\u00a0\u00bb:{}}},{\u00ab\u00a0collection\u00a0\u00bb:\u00a0\u00bbfeatures\u00a0\u00bb,\u00a0\u00bbtype\u00a0\u00bb:\u00a0\u00bbcommon\/adPrisma\u00a0\u00bb,\u00a0\u00bbprops\u00a0\u00bb:{\u00ab\u00a0collection\u00a0\u00bb:\u00a0\u00bbfeatures\u00a0\u00bb,\u00a0\u00bbtype\u00a0\u00bb:\u00a0\u00bbcommon\/adPrisma\u00a0\u00bb,\u00a0\u00bbid\u00a0\u00bb:\u00a0\u00bbf0f00fWk9HjD3Gy\u00a0\u00bb,\u00a0\u00bbcontentConfig\u00a0\u00bb:{\u00ab\u00a0contentService\u00a0\u00bb:\u00a0\u00bb\u00a0\u00bb,\u00a0\u00bbcontentConfigValues\u00a0\u00bb:{},\u00a0\u00bbinherit\u00a0\u00bb:true},\u00a0\u00bbcustomFields\u00a0\u00bb:{\u00ab\u00a0displayOnDesktop\u00a0\u00bb:false,\u00a0\u00bblayoutOnDesktop\u00a0\u00bb:null,\u00a0\u00bbdisplayOnTablet\u00a0\u00bb:false,\u00a0\u00bblayoutOnTablet\u00a0\u00bb:null,\u00a0\u00bbdisplayOnMobile\u00a0\u00bb:true,\u00a0\u00bblayoutOnMobile\u00a0\u00bb:\u00a0\u00bbVertical\u00a0\u00bb,\u00a0\u00bbadType\u00a0\u00bb:\u00a0\u00bbPave-Haut2&Prime;,\u00a0\u00bbadWidth\u00a0\u00bb:300,\u00a0\u00bbadHeight\u00a0\u00bb:\u00a0\u00bb400&Prime;,\u00a0\u00bbpbInternal_cloneId\u00a0\u00bb:\u00a0\u00bbf0f00fWk9HjD3Gy\u00a0\u00bb,\u00a0\u00bbhasStickyAd\u00a0\u00bb:true,\u00a0\u00bbhasMarginTop\u00a0\u00bb:true,\u00a0\u00bbhasMarginBottom\u00a0\u00bb:true},\u00a0\u00bbdisplayProperties\u00a0\u00bb:{},\u00a0\u00bblocalEdits\u00a0\u00bb:{},\u00a0\u00bbvariants\u00a0\u00bb:{}}},{\u00ab\u00a0collection\u00a0\u00bb:\u00a0\u00bbfeatures\u00a0\u00bb,\u00a0\u00bbtype\u00a0\u00bb:\u00a0\u00bbcommon\/adPrisma\u00a0\u00bb,\u00a0\u00bbprops\u00a0\u00bb:{\u00ab\u00a0collection\u00a0\u00bb:\u00a0\u00bbfeatures\u00a0\u00bb,\u00a0\u00bbtype\u00a0\u00bb:\u00a0\u00bbcommon\/adPrisma\u00a0\u00bb,\u00a0\u00bbid\u00a0\u00bb:\u00a0\u00bbf0fY1yQA6sSs3HK\u00a0\u00bb,\u00a0\u00bbcontentConfig\u00a0\u00bb:{\u00ab\u00a0contentService\u00a0\u00bb:\u00a0\u00bb\u00a0\u00bb,\u00a0\u00bbcontentConfigValues\u00a0\u00bb:{},\u00a0\u00bbinherit\u00a0\u00bb:true},\u00a0\u00bbcustomFields\u00a0\u00bb:{\u00ab\u00a0displayOnDesktop\u00a0\u00bb:false,\u00a0\u00bblayoutOnDesktop\u00a0\u00bb:null,\u00a0\u00bbdisplayOnTablet\u00a0\u00bb:false,\u00a0\u00bblayoutOnTablet\u00a0\u00bb:null,\u00a0\u00bbdisplayOnMobile\u00a0\u00bb:true,\u00a0\u00bblayoutOnMobile\u00a0\u00bb:\u00a0\u00bbVertical\u00a0\u00bb,\u00a0\u00bbadType\u00a0\u00bb:\u00a0\u00bbPave-Haut2&Prime;,\u00a0\u00bbadWidth\u00a0\u00bb:300,\u00a0\u00bbadHeight\u00a0\u00bb:\u00a0\u00bb400&Prime;,\u00a0\u00bbpbInternal_cloneId\u00a0\u00bb:\u00a0\u00bbf0fY1yQA6sSs3HK\u00a0\u00bb,\u00a0\u00bbhasStickyAd\u00a0\u00bb:true,\u00a0\u00bbhasMarginTop\u00a0\u00bb:true,\u00a0\u00bbhasMarginBottom\u00a0\u00bb:true},\u00a0\u00bbdisplayProperties\u00a0\u00bb:{},\u00a0\u00bblocalEdits\u00a0\u00bb:{},\u00a0\u00bbvariants\u00a0\u00bb:{}}},{\u00ab\u00a0collection\u00a0\u00bb:\u00a0\u00bbfeatures\u00a0\u00bb,\u00a0\u00bbtype\u00a0\u00bb:\u00a0\u00bb@wpmedia\/htmlbox-block\/htmlbox\u00a0\u00bb,\u00a0\u00bbprops\u00a0\u00bb:{\u00ab\u00a0collection\u00a0\u00bb:\u00a0\u00bbfeatures\u00a0\u00bb,\u00a0\u00bbtype\u00a0\u00bb:\u00a0\u00bb@wpmedia\/htmlbox-block\/htmlbox\u00a0\u00bb,\u00a0\u00bbid\u00a0\u00bb:\u00a0\u00bbf0fDDbYMYiut3FT\u00a0\u00bb,\u00a0\u00bbcontentConfig\u00a0\u00bb:{\u00ab\u00a0contentService\u00a0\u00bb:\u00a0\u00bb\u00a0\u00bb,\u00a0\u00bbcontentConfigValues\u00a0\u00bb:{},\u00a0\u00bbinherit\u00a0\u00bb:true},\u00a0\u00bbcustomFields\u00a0\u00bb:{\u00ab\u00a0HTML\u00a0\u00bb:\u00a0\u00bb\\n\\n\\n\\n.mailmunch-embedded-iframe{margin-bottom:0 !important;} \u00ab\u00a0},\u00a0\u00bbdisplayProperties\u00a0\u00bb:{},\u00a0\u00bblocalEdits\u00a0\u00bb:{},\u00a0\u00bbvariants\u00a0\u00bb:{}}},{\u00ab\u00a0collection\u00a0\u00bb:\u00a0\u00bbfeatures\u00a0\u00bb,\u00a0\u00bbtype\u00a0\u00bb:\u00a0\u00bb@wpmedia\/htmlbox-block\/htmlbox\u00a0\u00bb,\u00a0\u00bbprops\u00a0\u00bb:{\u00ab\u00a0collection\u00a0\u00bb:\u00a0\u00bbfeatures\u00a0\u00bb,\u00a0\u00bbtype\u00a0\u00bb:\u00a0\u00bb@wpmedia\/htmlbox-block\/htmlbox\u00a0\u00bb,\u00a0\u00bbid\u00a0\u00bb:\u00a0\u00bbf0fpINmuLQW76D1&Prime;,\u00a0\u00bbcontentConfig\u00a0\u00bb:{\u00ab\u00a0contentService\u00a0\u00bb:\u00a0\u00bb\u00a0\u00bb,\u00a0\u00bbcontentConfigValues\u00a0\u00bb:{},\u00a0\u00bbinherit\u00a0\u00bb:true},\u00a0\u00bbcustomFields\u00a0\u00bb:{\u00ab\u00a0pbInternal_cloneId\u00a0\u00bb:\u00a0\u00bbf0fpINmuLQW76D1&Prime;,\u00a0\u00bbHTML\u00a0\u00bb:\u00a0\u00bb\\n\\n\\n.mailmunch-embedded-iframe{margin-bottom:0 !important;} \u00ab\u00a0},\u00a0\u00bbdisplayProperties\u00a0\u00bb:{},\u00a0\u00bblocalEdits\u00a0\u00bb:{},\u00a0\u00bbvariants\u00a0\u00bb:{}}},{\u00ab\u00a0collection\u00a0\u00bb:\u00a0\u00bbfeatures\u00a0\u00bb,\u00a0\u00bbtype\u00a0\u00bb:\u00a0\u00bbcommon\/adPrisma\u00a0\u00bb,\u00a0\u00bbprops\u00a0\u00bb:{\u00ab\u00a0collection\u00a0\u00bb:\u00a0\u00bbfeatures\u00a0\u00bb,\u00a0\u00bbtype\u00a0\u00bb:\u00a0\u00bbcommon\/adPrisma\u00a0\u00bb,\u00a0\u00bbid\u00a0\u00bb:\u00a0\u00bbf0feeszWIa532UK\u00a0\u00bb,\u00a0\u00bbcontentConfig\u00a0\u00bb:{\u00ab\u00a0contentService\u00a0\u00bb:\u00a0\u00bb\u00a0\u00bb,\u00a0\u00bbcontentConfigValues\u00a0\u00bb:{},\u00a0\u00bbinherit\u00a0\u00bb:true},\u00a0\u00bbcustomFields\u00a0\u00bb:{\u00ab\u00a0displayOnDesktop\u00a0\u00bb:true,\u00a0\u00bblayoutOnDesktop\u00a0\u00bb:\u00a0\u00bbHorizontal\u00a0\u00bb,\u00a0\u00bbdisplayOnTablet\u00a0\u00bb:false,\u00a0\u00bblayoutOnTablet\u00a0\u00bb:null,\u00a0\u00bbdisplayOnMobile\u00a0\u00bb:false,\u00a0\u00bblayoutOnMobile\u00a0\u00bb:null,\u00a0\u00bbadType\u00a0\u00bb:\u00a0\u00bbPave-Haut2-Desktop\u00a0\u00bb,\u00a0\u00bbadWidth\u00a0\u00bb:\u00a0\u00bb600&Prime;,\u00a0\u00bbadHeight\u00a0\u00bb:\u00a0\u00bb400&Prime;,\u00a0\u00bbpbInternal_cloneId\u00a0\u00bb:\u00a0\u00bbf0feeszWIa532UK\u00a0\u00bb,\u00a0\u00bbhasStickyAd\u00a0\u00bb:true,\u00a0\u00bbhasMarginTop\u00a0\u00bb:false,\u00a0\u00bbhasMarginBottom\u00a0\u00bb:false},\u00a0\u00bbdisplayProperties\u00a0\u00bb:{},\u00a0\u00bblocalEdits\u00a0\u00bb:{},\u00a0\u00bbvariants\u00a0\u00bb:{}}},{\u00ab\u00a0collection\u00a0\u00bb:\u00a0\u00bbfeatures\u00a0\u00bb,\u00a0\u00bbtype\u00a0\u00bb:\u00a0\u00bbcommon\/adPrisma\u00a0\u00bb,\u00a0\u00bbprops\u00a0\u00bb:{\u00ab\u00a0collection\u00a0\u00bb:\u00a0\u00bbfeatures\u00a0\u00bb,\u00a0\u00bbtype\u00a0\u00bb:\u00a0\u00bbcommon\/adPrisma\u00a0\u00bb,\u00a0\u00bbid\u00a0\u00bb:\u00a0\u00bbf0flJXlEvZDj59R\u00a0\u00bb,\u00a0\u00bbcontentConfig\u00a0\u00bb:{\u00ab\u00a0contentService\u00a0\u00bb:\u00a0\u00bb\u00a0\u00bb,\u00a0\u00bbcontentConfigValues\u00a0\u00bb:{},\u00a0\u00bbinherit\u00a0\u00bb:true},\u00a0\u00bbcustomFields\u00a0\u00bb:{\u00ab\u00a0displayOnDesktop\u00a0\u00bb:true,\u00a0\u00bblayoutOnDesktop\u00a0\u00bb:\u00a0\u00bbHorizontal\u00a0\u00bb,\u00a0\u00bbdisplayOnTablet\u00a0\u00bb:false,\u00a0\u00bblayoutOnTablet\u00a0\u00bb:null,\u00a0\u00bbdisplayOnMobile\u00a0\u00bb:false,\u00a0\u00bblayoutOnMobile\u00a0\u00bb:null,\u00a0\u00bbadType\u00a0\u00bb:\u00a0\u00bbPave-Haut2-Desktop\u00a0\u00bb,\u00a0\u00bbadWidth\u00a0\u00bb:\u00a0\u00bb600&Prime;,\u00a0\u00bbadHeight\u00a0\u00bb:\u00a0\u00bb400&Prime;,\u00a0\u00bbpbInternal_cloneId\u00a0\u00bb:\u00a0\u00bbf0flJXlEvZDj59R\u00a0\u00bb,\u00a0\u00bbhasStickyAd\u00a0\u00bb:true,\u00a0\u00bbhasMarginTop\u00a0\u00bb:false,\u00a0\u00bbhasMarginBottom\u00a0\u00bb:false},\u00a0\u00bbdisplayProperties\u00a0\u00bb:{},\u00a0\u00bblocalEdits\u00a0\u00bb:{},\u00a0\u00bbvariants\u00a0\u00bb:{}}},{\u00ab\u00a0collection\u00a0\u00bb:\u00a0\u00bbfeatures\u00a0\u00bb,\u00a0\u00bbtype\u00a0\u00bb:\u00a0\u00bbcommon\/adPrisma\u00a0\u00bb,\u00a0\u00bbprops\u00a0\u00bb:{\u00ab\u00a0collection\u00a0\u00bb:\u00a0\u00bbfeatures\u00a0\u00bb,\u00a0\u00bbtype\u00a0\u00bb:\u00a0\u00bbcommon\/adPrisma\u00a0\u00bb,\u00a0\u00bbid\u00a0\u00bb:\u00a0\u00bbf0fUqEPIRzQ4aAO\u00a0\u00bb,\u00a0\u00bbcontentConfig\u00a0\u00bb:{\u00ab\u00a0contentService\u00a0\u00bb:\u00a0\u00bb\u00a0\u00bb,\u00a0\u00bbcontentConfigValues\u00a0\u00bb:{},\u00a0\u00bbinherit\u00a0\u00bb:true},\u00a0\u00bbcustomFields\u00a0\u00bb:{\u00ab\u00a0displayOnDesktop\u00a0\u00bb:true,\u00a0\u00bblayoutOnDesktop\u00a0\u00bb:\u00a0\u00bbHorizontal\u00a0\u00bb,\u00a0\u00bbdisplayOnTablet\u00a0\u00bb:false,\u00a0\u00bblayoutOnTablet\u00a0\u00bb:null,\u00a0\u00bbdisplayOnMobile\u00a0\u00bb:false,\u00a0\u00bblayoutOnMobile\u00a0\u00bb:null,\u00a0\u00bbadType\u00a0\u00bb:\u00a0\u00bbPave-Haut2-Desktop\u00a0\u00bb,\u00a0\u00bbadWidth\u00a0\u00bb:\u00a0\u00bb600&Prime;,\u00a0\u00bbadHeight\u00a0\u00bb:\u00a0\u00bb400&Prime;,\u00a0\u00bbpbInternal_cloneId\u00a0\u00bb:\u00a0\u00bbf0fUqEPIRzQ4aAO\u00a0\u00bb,\u00a0\u00bbhasStickyAd\u00a0\u00bb:true,\u00a0\u00bbhasMarginTop\u00a0\u00bb:false,\u00a0\u00bbhasMarginBottom\u00a0\u00bb:false},\u00a0\u00bbdisplayProperties\u00a0\u00bb:{},\u00a0\u00bblocalEdits\u00a0\u00bb:{},\u00a0\u00bbvariants\u00a0\u00bb:{}}}]},{\u00ab\u00a0collection\u00a0\u00bb:\u00a0\u00bbfeatures\u00a0\u00bb,\u00a0\u00bbtype\u00a0\u00bb:\u00a0\u00bbarticle\/paywall\u00a0\u00bb,\u00a0\u00bbprops\u00a0\u00bb:{\u00ab\u00a0collection\u00a0\u00bb:\u00a0\u00bbfeatures\u00a0\u00bb,\u00a0\u00bbtype\u00a0\u00bb:\u00a0\u00bbarticle\/paywall\u00a0\u00bb,\u00a0\u00bbid\u00a0\u00bb:\u00a0\u00bbf0f8vGVlAd832fw\u00a0\u00bb,\u00a0\u00bbcontentConfig\u00a0\u00bb:{\u00ab\u00a0contentService\u00a0\u00bb:\u00a0\u00bb\u00a0\u00bb,\u00a0\u00bbcontentConfigValues\u00a0\u00bb:{},\u00a0\u00bbinherit\u00a0\u00bb:true},\u00a0\u00bbcustomFields\u00a0\u00bb:{\u00ab\u00a0colorBorder\u00a0\u00bb:\u00a0\u00bbF8F8F8&Prime;,\u00a0\u00bbcolorBackground\u00a0\u00bb:\u00a0\u00bbF8F8F8&Prime;,\u00a0\u00bbintroText\u00a0\u00bb:\u00a0\u00bbPour lire la suite, abonnez-vous\u00a0\u00bb,\u00a0\u00bbpricePrimary\u00a0\u00bb:\u00a0\u00bb15 jours pour 1\u20ac\u00a0\u00bb,\u00a0\u00bbpriceSecondary\u00a0\u00bb:\u00a0\u00bbSans engagement\u00a0\u00bb,\u00a0\u00bbbuttonText\u00a0\u00bb:\u00a0\u00bbS\u2019abonner pour lire l\u2019article\u00a0\u00bb,\u00a0\u00bbpoint1&Prime;:\u00a0\u00bb Tous les contenus \u00ab abonn\u00e9s \u00bb en illimit\u00e9\u00a0\u00bb,\u00a0\u00bbpoint2&Prime;:\u00a0\u00bb Le journal num\u00e9rique en avant-premi\u00e8re\u00a0\u00bb,\u00a0\u00bbpoint3&Prime;:\u00a0\u00bb Newsletters exclusives, club abonn\u00e9s\u00a0\u00bb,\u00a0\u00bbbuttonLinkParams\u00a0\u00bb:{},\u00a0\u00bbshowClassicOffer\u00a0\u00bb:true,\u00a0\u00bbshowAdvantageOffer\u00a0\u00bb:false,\u00a0\u00bbbuttonLink\u00a0\u00bb:\u00a0\u00bbhttps:\/\/abo.liberation.fr\/numerique\/inscription\/offre-decouverte-numerique-15jours-1euro?origin=PAYWALL&#038;xtatc=INT-28-[15jours_1euro]\u00a0\u00bb,\u00a0\u00bbshowSwgOffer\u00a0\u00bb:false,\u00a0\u00bbtitleSwg\u00a0\u00bb:\u00a0\u00bb1 an pour 36\u20ac (au lieu de 119\u20ac)\u00a0\u00bb,\u00a0\u00bblegendeSwg\u00a0\u00bb:\u00a0\u00bbEn choisissant ce parcours d\u2019abonnement promotionnel, vous acceptez le d\u00e9p\u00f4t d\u2019un cookie d\u2019analyse par Google\u00a0\u00bb,\u00a0\u00bblinkSwg\u00a0\u00bb:\u00a0\u00bbhttps:\/\/abo.liberation.fr\/swg\/offre-swg-promo-annuelle-1an-36euros\/?origin=PAYWALL&#038;xtatc=INT-28-[swg-1an36]\u00a0\u00bb,\u00a0\u00bbtitleSecondOffer\u00a0\u00bb:\u00a0\u00bb1 an pour 59,50\u20ac (au lieu de 119\u20ac)\u00a0\u00bb,\u00a0\u00bblabelButtonSecondOfferButton\u00a0\u00bb:\u00a0\u00bbJe profite de l&rsquo;offre annuelle\u00a0\u00bb,\u00a0\u00bblinkSecondOffer\u00a0\u00bb:\u00a0\u00bbhttps:\/\/abo.liberation.fr\/numerique\/inscription\/formule-numerique-annuelle-promo\/?origin=PAYWALL&#038;xtatc=INT-28-[offre-annuelle]\u00a0\u00bb,\u00a0\u00bbshowSecondOffer\u00a0\u00bb:true,\u00a0\u00bbborderColor\u00a0\u00bb:\u00a0\u00bb#4991E2&Prime;,\u00a0\u00bbtextColor\u00a0\u00bb:\u00a0\u00bb\u00a0\u00bb,\u00a0\u00bbbackgroundColor\u00a0\u00bb:\u00a0\u00bb#E0E9F5&Prime;},\u00a0\u00bbdisplayProperties\u00a0\u00bb:{},\u00a0\u00bblocalEdits\u00a0\u00bb:{},\u00a0\u00bbvariants\u00a0\u00bb:{}}},{\u00ab\u00a0collection\u00a0\u00bb:\u00a0\u00bbfeatures\u00a0\u00bb,\u00a0\u00bbtype\u00a0\u00bb:\u00a0\u00bbarticle\/tag\u00a0\u00bb,\u00a0\u00bbprops\u00a0\u00bb:{\u00ab\u00a0collection\u00a0\u00bb:\u00a0\u00bbfeatures\u00a0\u00bb,\u00a0\u00bbtype\u00a0\u00bb:\u00a0\u00bbarticle\/tag\u00a0\u00bb,\u00a0\u00bbid\u00a0\u00bb:\u00a0\u00bbf0fKgNUtanUBgp\u00a0\u00bb,\u00a0\u00bbcontentConfig\u00a0\u00bb:{\u00ab\u00a0contentService\u00a0\u00bb:\u00a0\u00bb\u00a0\u00bb,\u00a0\u00bbcontentConfigValues\u00a0\u00bb:{},\u00a0\u00bbinherit\u00a0\u00bb:true},\u00a0\u00bbcustomFields\u00a0\u00bb:{\u00ab\u00a0title\u00a0\u00bb:\u00a0\u00bbPour aller plus loin :\u00a0\u00bb},\u00a0\u00bbdisplayProperties\u00a0\u00bb:{},\u00a0\u00bblocalEdits\u00a0\u00bb:{},\u00a0\u00bbvariants\u00a0\u00bb:{}}},{\u00ab\u00a0collection\u00a0\u00bb:\u00a0\u00bbfeatures\u00a0\u00bb,\u00a0\u00bbtype\u00a0\u00bb:\u00a0\u00bbarticle\/outbrain\u00a0\u00bb,\u00a0\u00bbprops\u00a0\u00bb:{\u00ab\u00a0collection\u00a0\u00bb:\u00a0\u00bbfeatures\u00a0\u00bb,\u00a0\u00bbtype\u00a0\u00bb:\u00a0\u00bbarticle\/outbrain\u00a0\u00bb,\u00a0\u00bbid\u00a0\u00bb:\u00a0\u00bbf0fFgEF7moy02yS\u00a0\u00bb,\u00a0\u00bbcontentConfig\u00a0\u00bb:{\u00ab\u00a0contentService\u00a0\u00bb:\u00a0\u00bb\u00a0\u00bb,\u00a0\u00bbcontentConfigValues\u00a0\u00bb:{},\u00a0\u00bbinherit\u00a0\u00bb:true},\u00a0\u00bbcustomFields\u00a0\u00bb:{\u00ab\u00a0widgetId\u00a0\u00bb:\u00a0\u00bbarticleBody\u00a0\u00bb},\u00a0\u00bbdisplayProperties\u00a0\u00bb:{},\u00a0\u00bblocalEdits\u00a0\u00bb:{},\u00a0\u00bbvariants\u00a0\u00bb:{}}},{\u00ab\u00a0collection\u00a0\u00bb:\u00a0\u00bbfeatures\u00a0\u00bb,\u00a0\u00bbtype\u00a0\u00bb:\u00a0\u00bbShareBar\/default\u00a0\u00bb,\u00a0\u00bbprops\u00a0\u00bb:{\u00ab\u00a0collection\u00a0\u00bb:\u00a0\u00bbfeatures\u00a0\u00bb,\u00a0\u00bbtype\u00a0\u00bb:\u00a0\u00bbShareBar\/default\u00a0\u00bb,\u00a0\u00bbid\u00a0\u00bb:\u00a0\u00bbf0f2zPAoJBJx22s\u00a0\u00bb,\u00a0\u00bbcontentConfig\u00a0\u00bb:{\u00ab\u00a0contentService\u00a0\u00bb:\u00a0\u00bb\u00a0\u00bb,\u00a0\u00bbcontentConfigValues\u00a0\u00bb:{},\u00a0\u00bbinherit\u00a0\u00bb:true},\u00a0\u00bbcustomFields\u00a0\u00bb:{\u00ab\u00a0facebookItem\u00a0\u00bb:true,\u00a0\u00bbtwitterItem\u00a0\u00bb:false,\u00a0\u00bbpinterestItem\u00a0\u00bb:true,\u00a0\u00bblinkedinItem\u00a0\u00bb:true,\u00a0\u00bbemailItem\u00a0\u00bb:true,\u00a0\u00bbgiftItem\u00a0\u00bb:true,\u00a0\u00bblinkItem\u00a0\u00bb:true},\u00a0\u00bbdisplayProperties\u00a0\u00bb:{},\u00a0\u00bblocalEdits\u00a0\u00bb:{},\u00a0\u00bbvariants\u00a0\u00bb:{}}},{\u00ab\u00a0collection\u00a0\u00bb:\u00a0\u00bbfeatures\u00a0\u00bb,\u00a0\u00bbtype\u00a0\u00bb:\u00a0\u00bbcommon\/CustomCardTitle\u00a0\u00bb,\u00a0\u00bbprops\u00a0\u00bb:{\u00ab\u00a0collection\u00a0\u00bb:\u00a0\u00bbfeatures\u00a0\u00bb,\u00a0\u00bbtype\u00a0\u00bb:\u00a0\u00bbcommon\/CustomCardTitle\u00a0\u00bb,\u00a0\u00bbid\u00a0\u00bb:\u00a0\u00bbf0foqM8guYos2Uw\u00a0\u00bb,\u00a0\u00bbcontentConfig\u00a0\u00bb:{\u00ab\u00a0contentService\u00a0\u00bb:\u00a0\u00bb\u00a0\u00bb,\u00a0\u00bbcontentConfigValues\u00a0\u00bb:{},\u00a0\u00bbinherit\u00a0\u00bb:true},\u00a0\u00bbcustomFields\u00a0\u00bb:{\u00ab\u00a0title\u00a0\u00bb:\u00a0\u00bbDans la m\u00eame rubrique\u00a0\u00bb,\u00a0\u00bblink\u00a0\u00bb:\u00a0\u00bb\u00a0\u00bb},\u00a0\u00bbdisplayProperties\u00a0\u00bb:{},\u00a0\u00bblocalEdits\u00a0\u00bb:{},\u00a0\u00bbvariants\u00a0\u00bb:{}}},{\u00ab\u00a0collection\u00a0\u00bb:\u00a0\u00bbchains\u00a0\u00bb,\u00a0\u00bbtype\u00a0\u00bb:\u00a0\u00bbflex-chain\u00a0\u00bb,\u00a0\u00bbprops\u00a0\u00bb:{\u00ab\u00a0collection\u00a0\u00bb:\u00a0\u00bbchains\u00a0\u00bb,\u00a0\u00bbtype\u00a0\u00bb:\u00a0\u00bbflex-chain\u00a0\u00bb,\u00a0\u00bbid\u00a0\u00bb:\u00a0\u00bbc0f2rXNWJ30g7O\u00a0\u00bb,\u00a0\u00bbcustomFields\u00a0\u00bb:{\u00ab\u00a0layout\u00a0\u00bb:\u00a0\u00bb6-6&Prime;,\u00a0\u00bbcolumn1&Prime;:2,\u00a0\u00bbcolumn2&Prime;:2,\u00a0\u00bbcolumn3&Prime;:1,\u00a0\u00bbcolumn4&Prime;:1,\u00a0\u00bbmobileOrderColumn1&Prime;:1,\u00a0\u00bbmobileOrderColumn2&Prime;:2,\u00a0\u00bbmobileOrderColumn3&Prime;:3,\u00a0\u00bbmobileOrderColumn4&Prime;:4},\u00a0\u00bbdisplayProperties\u00a0\u00bb:{}},\u00a0\u00bbchildren\u00a0\u00bb:[{\u00ab\u00a0collection\u00a0\u00bb:\u00a0\u00bbfeatures\u00a0\u00bb,\u00a0\u00bbtype\u00a0\u00bb:\u00a0\u00bbcommon\/customCardList\u00a0\u00bb,\u00a0\u00bbprops\u00a0\u00bb:{\u00ab\u00a0collection\u00a0\u00bb:\u00a0\u00bbfeatures\u00a0\u00bb,\u00a0\u00bbtype\u00a0\u00bb:\u00a0\u00bbcommon\/customCardList\u00a0\u00bb,\u00a0\u00bbid\u00a0\u00bb:\u00a0\u00bbf0fvaRXfKAFdSc\u00a0\u00bb,\u00a0\u00bbcontentConfig\u00a0\u00bb:{\u00ab\u00a0contentService\u00a0\u00bb:\u00a0\u00bb\u00a0\u00bb,\u00a0\u00bbcontentConfigValues\u00a0\u00bb:{},\u00a0\u00bbinherit\u00a0\u00bb:true},\u00a0\u00bbcustomFields\u00a0\u00bb:{\u00ab\u00a0listContentConfig\u00a0\u00bb:{\u00ab\u00a0contentService\u00a0\u00bb:\u00a0\u00bbsite-story-feed-sections\u00a0\u00bb,\u00a0\u00bbcontentConfigValues\u00a0\u00bb:{\u00ab\u00a0includeSections\u00a0\u00bb:\u00a0\u00bb\/international\/asie-pacifique\u00a0\u00bb,\u00a0\u00bbfeedSize\u00a0\u00bb:1,\u00a0\u00bbfeedOffset\u00a0\u00bb:0}},\u00a0\u00bboverwriteSize\u00a0\u00bb:null,\u00a0\u00bbshowPrimary\u00a0\u00bb:true,\u00a0\u00bbshowOverlinePrimary\u00a0\u00bb:true,\u00a0\u00bbshowHeadlinePrimary\u00a0\u00bb:true,\u00a0\u00bbshowImagePrimary\u00a0\u00bb:false,\u00a0\u00bbshowDescriptionPrimary\u00a0\u00bb:false,\u00a0\u00bbshowBylinePrimary\u00a0\u00bb:false,\u00a0\u00bbshowDatePrimary\u00a0\u00bb:true,\u00a0\u00bbimageRatioPrimary\u00a0\u00bb:\u00a0\u00bb3:2&Prime;,\u00a0\u00bbimagePositionPrimary\u00a0\u00bb:\u00a0\u00bbtop\u00a0\u00bb,\u00a0\u00bbshowSectionList\u00a0\u00bb:true,\u00a0\u00bbshowHeadlineList\u00a0\u00bb:true,\u00a0\u00bbshowImageList\u00a0\u00bb:false,\u00a0\u00bbshowDescriptionList\u00a0\u00bb:false,\u00a0\u00bbshowDateList\u00a0\u00bb:true,\u00a0\u00bbimageRatioList\u00a0\u00bb:\u00a0\u00bb1:1&Prime;,\u00a0\u00bbimagePositionList\u00a0\u00bb:\u00a0\u00bbtop\u00a0\u00bb,\u00a0\u00bbtitle\u00a0\u00bb:\u00a0\u00bb\u00a0\u00bb,\u00a0\u00bbtitleFontSize\u00a0\u00bb:\u00a0\u00bbS\u00a0\u00bb},\u00a0\u00bbdisplayProperties\u00a0\u00bb:{},\u00a0\u00bblocalEdits\u00a0\u00bb:{},\u00a0\u00bbvariants\u00a0\u00bb:{}}},{\u00ab\u00a0collection\u00a0\u00bb:\u00a0\u00bbfeatures\u00a0\u00bb,\u00a0\u00bbtype\u00a0\u00bb:\u00a0\u00bbcommon\/customCardList\u00a0\u00bb,\u00a0\u00bbprops\u00a0\u00bb:{\u00ab\u00a0collection\u00a0\u00bb:\u00a0\u00bbfeatures\u00a0\u00bb,\u00a0\u00bbtype\u00a0\u00bb:\u00a0\u00bbcommon\/customCardList\u00a0\u00bb,\u00a0\u00bbid\u00a0\u00bb:\u00a0\u00bbf0fHvQGffWcl4Qx\u00a0\u00bb,\u00a0\u00bbcontentConfig\u00a0\u00bb:{\u00ab\u00a0contentService\u00a0\u00bb:\u00a0\u00bb\u00a0\u00bb,\u00a0\u00bbcontentConfigValues\u00a0\u00bb:{},\u00a0\u00bbinherit\u00a0\u00bb:true},\u00a0\u00bbcustomFields\u00a0\u00bb:{\u00ab\u00a0listContentConfig\u00a0\u00bb:{\u00ab\u00a0contentService\u00a0\u00bb:\u00a0\u00bbsite-story-feed-sections\u00a0\u00bb,\u00a0\u00bbcontentConfigValues\u00a0\u00bb:{\u00ab\u00a0includeSections\u00a0\u00bb:\u00a0\u00bb\/international\/asie-pacifique\u00a0\u00bb,\u00a0\u00bbfeedSize\u00a0\u00bb:1,\u00a0\u00bbfeedOffset\u00a0\u00bb:1}},\u00a0\u00bboverwriteSize\u00a0\u00bb:null,\u00a0\u00bbshowPrimary\u00a0\u00bb:true,\u00a0\u00bbshowOverlinePrimary\u00a0\u00bb:true,\u00a0\u00bbshowHeadlinePrimary\u00a0\u00bb:true,\u00a0\u00bbshowImagePrimary\u00a0\u00bb:false,\u00a0\u00bbshowDescriptionPrimary\u00a0\u00bb:false,\u00a0\u00bbshowBylinePrimary\u00a0\u00bb:false,\u00a0\u00bbshowDatePrimary\u00a0\u00bb:true,\u00a0\u00bbimageRatioPrimary\u00a0\u00bb:\u00a0\u00bb3:2&Prime;,\u00a0\u00bbimagePositionPrimary\u00a0\u00bb:\u00a0\u00bbtop\u00a0\u00bb,\u00a0\u00bbshowSectionList\u00a0\u00bb:true,\u00a0\u00bbshowHeadlineList\u00a0\u00bb:true,\u00a0\u00bbshowImageList\u00a0\u00bb:false,\u00a0\u00bbshowDescriptionList\u00a0\u00bb:false,\u00a0\u00bbshowDateList\u00a0\u00bb:true,\u00a0\u00bbimageRatioList\u00a0\u00bb:\u00a0\u00bb1:1&Prime;,\u00a0\u00bbimagePositionList\u00a0\u00bb:\u00a0\u00bbtop\u00a0\u00bb,\u00a0\u00bbtitle\u00a0\u00bb:\u00a0\u00bb\u00a0\u00bb,\u00a0\u00bbtitleFontSize\u00a0\u00bb:\u00a0\u00bbS\u00a0\u00bb,\u00a0\u00bbpbInternal_cloneId\u00a0\u00bb:\u00a0\u00bbf0fHvQGffWcl4Qx\u00a0\u00bb},\u00a0\u00bbdisplayProperties\u00a0\u00bb:{},\u00a0\u00bblocalEdits\u00a0\u00bb:{},\u00a0\u00bbvariants\u00a0\u00bb:{}}},{\u00ab\u00a0collection\u00a0\u00bb:\u00a0\u00bbfeatures\u00a0\u00bb,\u00a0\u00bbtype\u00a0\u00bb:\u00a0\u00bbcommon\/customCardList\u00a0\u00bb,\u00a0\u00bbprops\u00a0\u00bb:{\u00ab\u00a0collection\u00a0\u00bb:\u00a0\u00bbfeatures\u00a0\u00bb,\u00a0\u00bbtype\u00a0\u00bb:\u00a0\u00bbcommon\/customCardList\u00a0\u00bb,\u00a0\u00bbid\u00a0\u00bb:\u00a0\u00bbf0fpr8FonMWLnY\u00a0\u00bb,\u00a0\u00bbcontentConfig\u00a0\u00bb:{\u00ab\u00a0contentService\u00a0\u00bb:\u00a0\u00bb\u00a0\u00bb,\u00a0\u00bbcontentConfigValues\u00a0\u00bb:{},\u00a0\u00bbinherit\u00a0\u00bb:true},\u00a0\u00bbcustomFields\u00a0\u00bb:{\u00ab\u00a0listContentConfig\u00a0\u00bb:{\u00ab\u00a0contentService\u00a0\u00bb:\u00a0\u00bbsite-story-feed-sections\u00a0\u00bb,\u00a0\u00bbcontentConfigValues\u00a0\u00bb:{\u00ab\u00a0includeSections\u00a0\u00bb:\u00a0\u00bb\/international\/asie-pacifique\u00a0\u00bb,\u00a0\u00bbfeedSize\u00a0\u00bb:1,\u00a0\u00bbfeedOffset\u00a0\u00bb:2}},\u00a0\u00bboverwriteSize\u00a0\u00bb:null,\u00a0\u00bbshowPrimary\u00a0\u00bb:true,\u00a0\u00bbshowOverlinePrimary\u00a0\u00bb:true,\u00a0\u00bbshowHeadlinePrimary\u00a0\u00bb:true,\u00a0\u00bbshowImagePrimary\u00a0\u00bb:false,\u00a0\u00bbshowDescriptionPrimary\u00a0\u00bb:false,\u00a0\u00bbshowBylinePrimary\u00a0\u00bb:false,\u00a0\u00bbshowDatePrimary\u00a0\u00bb:true,\u00a0\u00bbimageRatioPrimary\u00a0\u00bb:\u00a0\u00bb3:2&Prime;,\u00a0\u00bbimagePositionPrimary\u00a0\u00bb:\u00a0\u00bbtop\u00a0\u00bb,\u00a0\u00bbshowSectionList\u00a0\u00bb:true,\u00a0\u00bbshowHeadlineList\u00a0\u00bb:true,\u00a0\u00bbshowImageList\u00a0\u00bb:false,\u00a0\u00bbshowDescriptionList\u00a0\u00bb:false,\u00a0\u00bbshowDateList\u00a0\u00bb:true,\u00a0\u00bbimageRatioList\u00a0\u00bb:\u00a0\u00bb1:1&Prime;,\u00a0\u00bbimagePositionList\u00a0\u00bb:\u00a0\u00bbtop\u00a0\u00bb,\u00a0\u00bbtitle\u00a0\u00bb:\u00a0\u00bb\u00a0\u00bb,\u00a0\u00bbtitleFontSize\u00a0\u00bb:\u00a0\u00bbS\u00a0\u00bb,\u00a0\u00bbpbInternal_cloneId\u00a0\u00bb:\u00a0\u00bbf0fpr8FonMWLnY\u00a0\u00bb},\u00a0\u00bbdisplayProperties\u00a0\u00bb:{},\u00a0\u00bblocalEdits\u00a0\u00bb:{},\u00a0\u00bbvariants\u00a0\u00bb:{}}},{\u00ab\u00a0collection\u00a0\u00bb:\u00a0\u00bbfeatures\u00a0\u00bb,\u00a0\u00bbtype\u00a0\u00bb:\u00a0\u00bbcommon\/customCardList\u00a0\u00bb,\u00a0\u00bbprops\u00a0\u00bb:{\u00ab\u00a0collection\u00a0\u00bb:\u00a0\u00bbfeatures\u00a0\u00bb,\u00a0\u00bbtype\u00a0\u00bb:\u00a0\u00bbcommon\/customCardList\u00a0\u00bb,\u00a0\u00bbid\u00a0\u00bb:\u00a0\u00bbf0fPLmWaR5cs2DD\u00a0\u00bb,\u00a0\u00bbcontentConfig\u00a0\u00bb:{\u00ab\u00a0contentService\u00a0\u00bb:\u00a0\u00bb\u00a0\u00bb,\u00a0\u00bbcontentConfigValues\u00a0\u00bb:{},\u00a0\u00bbinherit\u00a0\u00bb:true},\u00a0\u00bbcustomFields\u00a0\u00bb:{\u00ab\u00a0listContentConfig\u00a0\u00bb:{\u00ab\u00a0contentService\u00a0\u00bb:\u00a0\u00bbsite-story-feed-sections\u00a0\u00bb,\u00a0\u00bbcontentConfigValues\u00a0\u00bb:{\u00ab\u00a0includeSections\u00a0\u00bb:\u00a0\u00bb\/international\/asie-pacifique\u00a0\u00bb,\u00a0\u00bbfeedSize\u00a0\u00bb:1,\u00a0\u00bbfeedOffset\u00a0\u00bb:3}},\u00a0\u00bboverwriteSize\u00a0\u00bb:null,\u00a0\u00bbshowPrimary\u00a0\u00bb:true,\u00a0\u00bbshowOverlinePrimary\u00a0\u00bb:true,\u00a0\u00bbshowHeadlinePrimary\u00a0\u00bb:true,\u00a0\u00bbshowImagePrimary\u00a0\u00bb:false,\u00a0\u00bbshowDescriptionPrimary\u00a0\u00bb:false,\u00a0\u00bbshowBylinePrimary\u00a0\u00bb:false,\u00a0\u00bbshowDatePrimary\u00a0\u00bb:true,\u00a0\u00bbimageRatioPrimary\u00a0\u00bb:\u00a0\u00bb3:2&Prime;,\u00a0\u00bbimagePositionPrimary\u00a0\u00bb:\u00a0\u00bbtop\u00a0\u00bb,\u00a0\u00bbshowSectionList\u00a0\u00bb:true,\u00a0\u00bbshowHeadlineList\u00a0\u00bb:true,\u00a0\u00bbshowImageList\u00a0\u00bb:false,\u00a0\u00bbshowDescriptionList\u00a0\u00bb:false,\u00a0\u00bbshowDateList\u00a0\u00bb:true,\u00a0\u00bbimageRatioList\u00a0\u00bb:\u00a0\u00bb1:1&Prime;,\u00a0\u00bbimagePositionList\u00a0\u00bb:\u00a0\u00bbtop\u00a0\u00bb,\u00a0\u00bbtitle\u00a0\u00bb:\u00a0\u00bb\u00a0\u00bb,\u00a0\u00bbtitleFontSize\u00a0\u00bb:\u00a0\u00bbS\u00a0\u00bb,\u00a0\u00bbpbInternal_cloneId\u00a0\u00bb:\u00a0\u00bbf0fPLmWaR5cs2DD\u00a0\u00bb},\u00a0\u00bbdisplayProperties\u00a0\u00bb:{},\u00a0\u00bblocalEdits\u00a0\u00bb:{},\u00a0\u00bbvariants\u00a0\u00bb:{}}}]}]},{\u00ab\u00a0collection\u00a0\u00bb:\u00a0\u00bbsections\u00a0\u00bb,\u00a0\u00bbprops\u00a0\u00bb:{\u00ab\u00a0collection\u00a0\u00bb:\u00a0\u00bbsections\u00a0\u00bb,\u00a0\u00bbid\u00a0\u00bb:3},\u00a0\u00bbchildren\u00a0\u00bb:[{\u00ab\u00a0collection\u00a0\u00bb:\u00a0\u00bbfeatures\u00a0\u00bb,\u00a0\u00bbtype\u00a0\u00bb:\u00a0\u00bbcommon\/CustomCardTitle\u00a0\u00bb,\u00a0\u00bbprops\u00a0\u00bb:{\u00ab\u00a0collection\u00a0\u00bb:\u00a0\u00bbfeatures\u00a0\u00bb,\u00a0\u00bbtype\u00a0\u00bb:\u00a0\u00bbcommon\/CustomCardTitle\u00a0\u00bb,\u00a0\u00bbid\u00a0\u00bb:\u00a0\u00bbf0fK6dKiYqoY28g\u00a0\u00bb,\u00a0\u00bbcontentConfig\u00a0\u00bb:{\u00ab\u00a0contentService\u00a0\u00bb:\u00a0\u00bb\u00a0\u00bb,\u00a0\u00bbcontentConfigValues\u00a0\u00bb:{},\u00a0\u00bbinherit\u00a0\u00bb:true},\u00a0\u00bbcustomFields\u00a0\u00bb:{\u00ab\u00a0title\u00a0\u00bb:\u00a0\u00bbNos newsletters\u00a0\u00bb,\u00a0\u00bblink\u00a0\u00bb:\u00a0\u00bbhttps:\/\/www.liberation.fr\/newsletters\/\u00a0\u00bb,\u00a0\u00bbpbInternal_cloneId\u00a0\u00bb:\u00a0\u00bbf0fK6dKiYqoY28g\u00a0\u00bb},\u00a0\u00bbdisplayProperties\u00a0\u00bb:{},\u00a0\u00bblocalEdits\u00a0\u00bb:{},\u00a0\u00bbvariants\u00a0\u00bb:{}}},{\u00ab\u00a0collection\u00a0\u00bb:\u00a0\u00bbfeatures\u00a0\u00bb,\u00a0\u00bbtype\u00a0\u00bb:\u00a0\u00bbSlideBarItem\/default\u00a0\u00bb,\u00a0\u00bbprops\u00a0\u00bb:{\u00ab\u00a0collection\u00a0\u00bb:\u00a0\u00bbfeatures\u00a0\u00bb,\u00a0\u00bbtype\u00a0\u00bb:\u00a0\u00bbSlideBarItem\/default\u00a0\u00bb,\u00a0\u00bbid\u00a0\u00bb:\u00a0\u00bbf0fDapvk7YMv3Lm\u00a0\u00bb,\u00a0\u00bbcontentConfig\u00a0\u00bb:{\u00ab\u00a0contentService\u00a0\u00bb:\u00a0\u00bb\u00a0\u00bb,\u00a0\u00bbcontentConfigValues\u00a0\u00bb:{},\u00a0\u00bbinherit\u00a0\u00bb:true},\u00a0\u00bbcustomFields\u00a0\u00bb:{\u00ab\u00a0surtitle\u00a0\u00bb:\u00a0\u00bbAlerte Lib\u00e9\u00a0\u00bb,\u00a0\u00bbtitle\u00a0\u00bb:\u00a0\u00bbLes alertes, infos et enqu\u00eates Lib\u00e9 \u00e0 ne pas manquer\u00a0\u00bb,\u00a0\u00bbimageSrc\u00a0\u00bb:\u00a0\u00bbhttps:\/\/www.liberation.fr\/resizer\/v2\/W6N6IKOH7BBO7DNAV6Z55CC47Q.png?auth=3f8d5faa5deb6f875c08fc1fdc2a3dd0ec4008b507a3283a83222fad5eec39df&#038;quality=80&Prime;,\u00a0\u00bbarticleLink\u00a0\u00bb:\u00a0\u00bbhttps:\/\/offre.liberation.fr\/les-alertes-libe\u00a0\u00bb},\u00a0\u00bbdisplayProperties\u00a0\u00bb:{},\u00a0\u00bblocalEdits\u00a0\u00bb:{},\u00a0\u00bbvariants\u00a0\u00bb:{}}},{\u00ab\u00a0collection\u00a0\u00bb:\u00a0\u00bbfeatures\u00a0\u00bb,\u00a0\u00bbtype\u00a0\u00bb:\u00a0\u00bbSlideBarItem\/default\u00a0\u00bb,\u00a0\u00bbprops\u00a0\u00bb:{\u00ab\u00a0collection\u00a0\u00bb:\u00a0\u00bbfeatures\u00a0\u00bb,\u00a0\u00bbtype\u00a0\u00bb:\u00a0\u00bbSlideBarItem\/default\u00a0\u00bb,\u00a0\u00bbid\u00a0\u00bb:\u00a0\u00bbf0fBjjoN94bd4Su\u00a0\u00bb,\u00a0\u00bbcontentConfig\u00a0\u00bb:{\u00ab\u00a0contentService\u00a0\u00bb:\u00a0\u00bb\u00a0\u00bb,\u00a0\u00bbcontentConfigValues\u00a0\u00bb:{},\u00a0\u00bbinherit\u00a0\u00bb:true},\u00a0\u00bbcustomFields\u00a0\u00bb:{\u00ab\u00a0surtitle\u00a0\u00bb:\u00a0\u00bbLib\u00e9 Matin\u00a0\u00bb,\u00a0\u00bbtitle\u00a0\u00bb:\u00a0\u00bbLe brief matinal id\u00e9al pour bien commencer la journ\u00e9e\u00a0\u00bb,\u00a0\u00bbimageSrc\u00a0\u00bb:\u00a0\u00bbhttps:\/\/www.liberation.fr\/resizer\/v2\/345MSOLPRJGOPKF5IHFHGEJWTU.png?auth=5a6082bc2e76ac381fe898873139d4eb7974707df7c5278d27ecf3200c9d21ca&#038;quality=80&Prime;,\u00a0\u00bbarticleLink\u00a0\u00bb:\u00a0\u00bbhttps:\/\/offre.liberation.fr\/les-alertes-libe\u00a0\u00bb,\u00a0\u00bbpbInternal_cloneId\u00a0\u00bb:\u00a0\u00bbf0fBjjoN94bd4Su\u00a0\u00bb},\u00a0\u00bbdisplayProperties\u00a0\u00bb:{},\u00a0\u00bblocalEdits\u00a0\u00bb:{},\u00a0\u00bbvariants\u00a0\u00bb:{}}},{\u00ab\u00a0collection\u00a0\u00bb:\u00a0\u00bbfeatures\u00a0\u00bb,\u00a0\u00bbtype\u00a0\u00bb:\u00a0\u00bbSlideBarItem\/default\u00a0\u00bb,\u00a0\u00bbprops\u00a0\u00bb:{\u00ab\u00a0collection\u00a0\u00bb:\u00a0\u00bbfeatures\u00a0\u00bb,\u00a0\u00bbtype\u00a0\u00bb:\u00a0\u00bbSlideBarItem\/default\u00a0\u00bb,\u00a0\u00bbid\u00a0\u00bb:\u00a0\u00bbf0f5QHgR1HBt1qL\u00a0\u00bb,\u00a0\u00bbcontentConfig\u00a0\u00bb:{\u00ab\u00a0contentService\u00a0\u00bb:\u00a0\u00bb\u00a0\u00bb,\u00a0\u00bbcontentConfigValues\u00a0\u00bb:{},\u00a0\u00bbinherit\u00a0\u00bb:true},\u00a0\u00bbcustomFields\u00a0\u00bb:{\u00ab\u00a0surtitle\u00a0\u00bb:\u00a0\u00bbOpinions\u00a0\u00bb,\u00a0\u00bbtitle\u00a0\u00bb:\u00a0\u00bbLes billets, \u00e9ditos, tribunes ou chroniques qui font d\u00e9bat\u00a0\u00bb,\u00a0\u00bbimageSrc\u00a0\u00bb:\u00a0\u00bbhttps:\/\/www.liberation.fr\/resizer\/v2\/M7A3F5AS4NFYNAZ3MYKHJRM5RM.png?auth=fe40ba50bc314996abc0ae1adf4975c437133a0bb58adf9bd182bdafc84d1089&#038;quality=80&Prime;,\u00a0\u00bbarticleLink\u00a0\u00bb:\u00a0\u00bbhttps:\/\/offre.liberation.fr\/chroniqueurs-de-libe\u00a0\u00bb,\u00a0\u00bbpbInternal_cloneId\u00a0\u00bb:\u00a0\u00bbf0f5QHgR1HBt1qL\u00a0\u00bb},\u00a0\u00bbdisplayProperties\u00a0\u00bb:{},\u00a0\u00bblocalEdits\u00a0\u00bb:{},\u00a0\u00bbvariants\u00a0\u00bb:{}}},{\u00ab\u00a0collection\u00a0\u00bb:\u00a0\u00bbfeatures\u00a0\u00bb,\u00a0\u00bbtype\u00a0\u00bb:\u00a0\u00bbSlideBarItem\/default\u00a0\u00bb,\u00a0\u00bbprops\u00a0\u00bb:{\u00ab\u00a0collection\u00a0\u00bb:\u00a0\u00bbfeatures\u00a0\u00bb,\u00a0\u00bbtype\u00a0\u00bb:\u00a0\u00bbSlideBarItem\/default\u00a0\u00bb,\u00a0\u00bbid\u00a0\u00bb:\u00a0\u00bbf0fxinaqBo4M3GR\u00a0\u00bb,\u00a0\u00bbcontentConfig\u00a0\u00bb:{\u00ab\u00a0contentService\u00a0\u00bb:\u00a0\u00bb\u00a0\u00bb,\u00a0\u00bbcontentConfigValues\u00a0\u00bb:{},\u00a0\u00bbinherit\u00a0\u00bb:true},\u00a0\u00bbcustomFields\u00a0\u00bb:{\u00ab\u00a0surtitle\u00a0\u00bb:\u00a0\u00bbToutes nos newsletters\u00a0\u00bb,\u00a0\u00bbtitle\u00a0\u00bb:\u00a0\u00bbActualit\u00e9, politique, lifestyle&#8230; d\u00e9couvrez toutes nos newsletters\u00a0\u00bb,\u00a0\u00bbimageSrc\u00a0\u00bb:\u00a0\u00bbhttps:\/\/www.liberation.fr\/resizer\/v2\/JZ7JLWLRV5AUXEJWKXWIWJPIIM.png?auth=5b998f94c32627882a883dbba36d4ab1bd24871333a764d01e9b769678a5beea&#038;quality=80&Prime;,\u00a0\u00bbarticleLink\u00a0\u00bb:\u00a0\u00bbhttps:\/\/www.liberation.fr\/newsletters\/\u00a0\u00bb,\u00a0\u00bbpbInternal_cloneId\u00a0\u00bb:\u00a0\u00bbf0fxinaqBo4M3GR\u00a0\u00bb},\u00a0\u00bbdisplayProperties\u00a0\u00bb:{},\u00a0\u00bblocalEdits\u00a0\u00bb:{},\u00a0\u00bbvariants\u00a0\u00bb:{}}},{\u00ab\u00a0collection\u00a0\u00bb:\u00a0\u00bbfeatures\u00a0\u00bb,\u00a0\u00bbtype\u00a0\u00bb:\u00a0\u00bb@wpmedia\/htmlbox-block\/htmlbox\u00a0\u00bb,\u00a0\u00bbprops\u00a0\u00bb:{\u00ab\u00a0collection\u00a0\u00bb:\u00a0\u00bbfeatures\u00a0\u00bb,\u00a0\u00bbtype\u00a0\u00bb:\u00a0\u00bb@wpmedia\/htmlbox-block\/htmlbox\u00a0\u00bb,\u00a0\u00bbid\u00a0\u00bb:\u00a0\u00bbf0fPDLS7SzFB6XU\u00a0\u00bb,\u00a0\u00bbcontentConfig\u00a0\u00bb:{\u00ab\u00a0contentService\u00a0\u00bb:\u00a0\u00bb\u00a0\u00bb,\u00a0\u00bbcontentConfigValues\u00a0\u00bb:{},\u00a0\u00bbinherit\u00a0\u00bb:true},\u00a0\u00bbcustomFields\u00a0\u00bb:{\u00ab\u00a0HTML\u00a0\u00bb:\u00a0\u00bb\u00a0\u00bb},\u00a0\u00bbdisplayProperties\u00a0\u00bb:{},\u00a0\u00bblocalEdits\u00a0\u00bb:{},\u00a0\u00bbvariants\u00a0\u00bb:{}}},{\u00ab\u00a0collection\u00a0\u00bb:\u00a0\u00bbfeatures\u00a0\u00bb,\u00a0\u00bbtype\u00a0\u00bb:\u00a0\u00bbBanner\/default\u00a0\u00bb,\u00a0\u00bbprops\u00a0\u00bb:{\u00ab\u00a0collection\u00a0\u00bb:\u00a0\u00bbfeatures\u00a0\u00bb,\u00a0\u00bbtype\u00a0\u00bb:\u00a0\u00bbBanner\/default\u00a0\u00bb,\u00a0\u00bbid\u00a0\u00bb:\u00a0\u00bbf0fiPfvxLiBy1jS\u00a0\u00bb,\u00a0\u00bbcontentConfig\u00a0\u00bb:{\u00ab\u00a0contentService\u00a0\u00bb:\u00a0\u00bb\u00a0\u00bb,\u00a0\u00bbcontentConfigValues\u00a0\u00bb:{},\u00a0\u00bbinherit\u00a0\u00bb:true},\u00a0\u00bbcustomFields\u00a0\u00bb:{\u00ab\u00a0desktopImageSrc\u00a0\u00bb:\u00a0\u00bbhttps:\/\/www.liberation.fr\/resizer\/v2\/57VH7DLHKJEP3DMGU56GK2D2IE.png?auth=9f7f220578654010b71b7773ee13fa92773914bc29a405a6bd5dcb828227eb1f&#038;quality=80&Prime;,\u00a0\u00bbmobileImageSrc\u00a0\u00bb:\u00a0\u00bbhttps:\/\/www.liberation.fr\/resizer\/v2\/57VH7DLHKJEP3DMGU56GK2D2IE.png?auth=9f7f220578654010b71b7773ee13fa92773914bc29a405a6bd5dcb828227eb1f&#038;quality=80&Prime;,\u00a0\u00bbaltImage\u00a0\u00bb:\u00a0\u00bbConfidences &#8211; Ev\u00e9nement Lib\u00e9\u00a0\u00bb,\u00a0\u00bburlImage\u00a0\u00bb:\u00a0\u00bbhttps:\/\/www.maisondesmetallos.paris\/festival-confidences-liberation\u00a0\u00bb},\u00a0\u00bbdisplayProperties\u00a0\u00bb:{},\u00a0\u00bblocalEdits\u00a0\u00bb:{},\u00a0\u00bbvariants\u00a0\u00bb:{}}},{\u00ab\u00a0collection\u00a0\u00bb:\u00a0\u00bbfeatures\u00a0\u00bb,\u00a0\u00bbtype\u00a0\u00bb:\u00a0\u00bb@wpmedia\/htmlbox-block\/htmlbox\u00a0\u00bb,\u00a0\u00bbprops\u00a0\u00bb:{\u00ab\u00a0collection\u00a0\u00bb:\u00a0\u00bbfeatures\u00a0\u00bb,\u00a0\u00bbtype\u00a0\u00bb:\u00a0\u00bb@wpmedia\/htmlbox-block\/htmlbox\u00a0\u00bb,\u00a0\u00bbid\u00a0\u00bb:\u00a0\u00bbf0fNrHDXQ4sy18E\u00a0\u00bb,\u00a0\u00bbcontentConfig\u00a0\u00bb:{\u00ab\u00a0contentService\u00a0\u00bb:\u00a0\u00bb\u00a0\u00bb,\u00a0\u00bbcontentConfigValues\u00a0\u00bb:{},\u00a0\u00bbinherit\u00a0\u00bb:true},\u00a0\u00bbcustomFields\u00a0\u00bb:{\u00ab\u00a0HTML\u00a0\u00bb:\u00a0\u00bb\u00a0\u00bb,\u00a0\u00bbpbInternal_cloneId\u00a0\u00bb:\u00a0\u00bbf0fNrHDXQ4sy18E\u00a0\u00bb},\u00a0\u00bbdisplayProperties\u00a0\u00bb:{},\u00a0\u00bblocalEdits\u00a0\u00bb:{},\u00a0\u00bbvariants\u00a0\u00bb:{}}},{\u00ab\u00a0collection\u00a0\u00bb:\u00a0\u00bbfeatures\u00a0\u00bb,\u00a0\u00bbtype\u00a0\u00bb:\u00a0\u00bbcommon\/adPrisma\u00a0\u00bb,\u00a0\u00bbprops\u00a0\u00bb:{\u00ab\u00a0collection\u00a0\u00bb:\u00a0\u00bbfeatures\u00a0\u00bb,\u00a0\u00bbtype\u00a0\u00bb:\u00a0\u00bbcommon\/adPrisma\u00a0\u00bb,\u00a0\u00bbid\u00a0\u00bb:\u00a0\u00bbf0f5l9oC2rQzJL\u00a0\u00bb,\u00a0\u00bbcontentConfig\u00a0\u00bb:{\u00ab\u00a0contentService\u00a0\u00bb:\u00a0\u00bb\u00a0\u00bb,\u00a0\u00bbcontentConfigValues\u00a0\u00bb:{},\u00a0\u00bbinherit\u00a0\u00bb:true},\u00a0\u00bbcustomFields\u00a0\u00bb:{\u00ab\u00a0displayOnDesktop\u00a0\u00bb:true,\u00a0\u00bbdisplayOnTablet\u00a0\u00bb:false,\u00a0\u00bbdisplayOnMobile\u00a0\u00bb:false,\u00a0\u00bbadType\u00a0\u00bb:\u00a0\u00bbPave-Haut\u00a0\u00bb,\u00a0\u00bbadWidth\u00a0\u00bb:\u00a0\u00bb450&Prime;,\u00a0\u00bbadHeight\u00a0\u00bb:\u00a0\u00bb1200&Prime;,\u00a0\u00bblayoutOnDesktop\u00a0\u00bb:\u00a0\u00bbVertical\u00a0\u00bb,\u00a0\u00bbhasStickyPlaceholder\u00a0\u00bb:false,\u00a0\u00bbhasStickyAd\u00a0\u00bb:true,\u00a0\u00bbhasMarginTop\u00a0\u00bb:true,\u00a0\u00bbhasMarginBottom\u00a0\u00bb:true},\u00a0\u00bbdisplayProperties\u00a0\u00bb:{},\u00a0\u00bblocalEdits\u00a0\u00bb:{},\u00a0\u00bbvariants\u00a0\u00bb:{}}},{\u00ab\u00a0collection\u00a0\u00bb:\u00a0\u00bbfeatures\u00a0\u00bb,\u00a0\u00bbtype\u00a0\u00bb:\u00a0\u00bbcommon\/CustomCardTitle\u00a0\u00bb,\u00a0\u00bbprops\u00a0\u00bb:{\u00ab\u00a0collection\u00a0\u00bb:\u00a0\u00bbfeatures\u00a0\u00bb,\u00a0\u00bbtype\u00a0\u00bb:\u00a0\u00bbcommon\/CustomCardTitle\u00a0\u00bb,\u00a0\u00bbid\u00a0\u00bb:\u00a0\u00bbf0ftIbHRR6s62oy\u00a0\u00bb,\u00a0\u00bbcontentConfig\u00a0\u00bb:{\u00ab\u00a0contentService\u00a0\u00bb:\u00a0\u00bb\u00a0\u00bb,\u00a0\u00bbcontentConfigValues\u00a0\u00bb:{},\u00a0\u00bbinherit\u00a0\u00bb:true},\u00a0\u00bbcustomFields\u00a0\u00bb:{\u00ab\u00a0title\u00a0\u00bb:\u00a0\u00bbLes plus lus\u00a0\u00bb,\u00a0\u00bblink\u00a0\u00bb:\u00a0\u00bb\u00a0\u00bb},\u00a0\u00bbdisplayProperties\u00a0\u00bb:{},\u00a0\u00bblocalEdits\u00a0\u00bb:{},\u00a0\u00bbvariants\u00a0\u00bb:{}}},{\u00ab\u00a0collection\u00a0\u00bb:\u00a0\u00bbfeatures\u00a0\u00bb,\u00a0\u00bbtype\u00a0\u00bb:\u00a0\u00bbMostReadArticle\/default\u00a0\u00bb,\u00a0\u00bbprops\u00a0\u00bb:{\u00ab\u00a0collection\u00a0\u00bb:\u00a0\u00bbfeatures\u00a0\u00bb,\u00a0\u00bbtype\u00a0\u00bb:\u00a0\u00bbMostReadArticle\/default\u00a0\u00bb,\u00a0\u00bbid\u00a0\u00bb:\u00a0\u00bbf0fp5Hb0pxWL2bS\u00a0\u00bb,\u00a0\u00bbcontentConfig\u00a0\u00bb:{\u00ab\u00a0contentService\u00a0\u00bb:\u00a0\u00bb\u00a0\u00bb,\u00a0\u00bbcontentConfigValues\u00a0\u00bb:{},\u00a0\u00bbinherit\u00a0\u00bb:true},\u00a0\u00bbcustomFields\u00a0\u00bb:{\u00ab\u00a0maxDisplaySize\u00a0\u00bb:4,\u00a0\u00bbvariant\u00a0\u00bb:\u00a0\u00bb1 colonne\u00a0\u00bb},\u00a0\u00bbdisplayProperties\u00a0\u00bb:{},\u00a0\u00bblocalEdits\u00a0\u00bb:{},\u00a0\u00bbvariants\u00a0\u00bb:{}}},{\u00ab\u00a0collection\u00a0\u00bb:\u00a0\u00bbfeatures\u00a0\u00bb,\u00a0\u00bbtype\u00a0\u00bb:\u00a0\u00bb@wpmedia\/htmlbox-block\/htmlbox\u00a0\u00bb,\u00a0\u00bbprops\u00a0\u00bb:{\u00ab\u00a0collection\u00a0\u00bb:\u00a0\u00bbfeatures\u00a0\u00bb,\u00a0\u00bbtype\u00a0\u00bb:\u00a0\u00bb@wpmedia\/htmlbox-block\/htmlbox\u00a0\u00bb,\u00a0\u00bbid\u00a0\u00bb:\u00a0\u00bbf0fraWVHYlAg6Ub\u00a0\u00bb,\u00a0\u00bbcontentConfig\u00a0\u00bb:{\u00ab\u00a0contentService\u00a0\u00bb:\u00a0\u00bb\u00a0\u00bb,\u00a0\u00bbcontentConfigValues\u00a0\u00bb:{},\u00a0\u00bbinherit\u00a0\u00bb:true},\u00a0\u00bbcustomFields\u00a0\u00bb:{\u00ab\u00a0HTML\u00a0\u00bb:\u00a0\u00bb\u00a0\u00bb,\u00a0\u00bbpbInternal_clipboardId\u00a0\u00bb:\u00a0\u00bbf0fraWVHYlAg6Ub\u00a0\u00bb},\u00a0\u00bbdisplayProperties\u00a0\u00bb:{},\u00a0\u00bblocalEdits\u00a0\u00bb:{},\u00a0\u00bbvariants\u00a0\u00bb:{}}},{\u00ab\u00a0collection\u00a0\u00bb:\u00a0\u00bbfeatures\u00a0\u00bb,\u00a0\u00bbtype\u00a0\u00bb:\u00a0\u00bbcommon\/checkNewsCTA\u00a0\u00bb,\u00a0\u00bbprops\u00a0\u00bb:{\u00ab\u00a0collection\u00a0\u00bb:\u00a0\u00bbfeatures\u00a0\u00bb,\u00a0\u00bbtype\u00a0\u00bb:\u00a0\u00bbcommon\/checkNewsCTA\u00a0\u00bb,\u00a0\u00bbid\u00a0\u00bb:\u00a0\u00bbf0fXbvxCzSyU4j\u00a0\u00bb,\u00a0\u00bbcontentConfig\u00a0\u00bb:{\u00ab\u00a0contentService\u00a0\u00bb:\u00a0\u00bb\u00a0\u00bb,\u00a0\u00bbcontentConfigValues\u00a0\u00bb:{},\u00a0\u00bbinherit\u00a0\u00bb:true},\u00a0\u00bbcustomFields\u00a0\u00bb:{},\u00a0\u00bbdisplayProperties\u00a0\u00bb:{},\u00a0\u00bblocalEdits\u00a0\u00bb:{},\u00a0\u00bbvariants\u00a0\u00bb:{}}},{\u00ab\u00a0collection\u00a0\u00bb:\u00a0\u00bbfeatures\u00a0\u00bb,\u00a0\u00bbtype\u00a0\u00bb:\u00a0\u00bb@wpmedia\/htmlbox-block\/htmlbox\u00a0\u00bb,\u00a0\u00bbprops\u00a0\u00bb:{\u00ab\u00a0collection\u00a0\u00bb:\u00a0\u00bbfeatures\u00a0\u00bb,\u00a0\u00bbtype\u00a0\u00bb:\u00a0\u00bb@wpmedia\/htmlbox-block\/htmlbox\u00a0\u00bb,\u00a0\u00bbid\u00a0\u00bb:\u00a0\u00bbf0fDGhnupDiX13B\u00a0\u00bb,\u00a0\u00bbcontentConfig\u00a0\u00bb:{\u00ab\u00a0contentService\u00a0\u00bb:\u00a0\u00bb\u00a0\u00bb,\u00a0\u00bbcontentConfigValues\u00a0\u00bb:{},\u00a0\u00bbinherit\u00a0\u00bb:true},\u00a0\u00bbcustomFields\u00a0\u00bb:{\u00ab\u00a0HTML\u00a0\u00bb:\u00a0\u00bb\\n\u00a0\u00bb,\u00a0\u00bbpbInternal_clipboardId\u00a0\u00bb:\u00a0\u00bbf0fraWVHYlAg6Ub\u00a0\u00bb,\u00a0\u00bbpbInternal_cloneId\u00a0\u00bb:\u00a0\u00bbf0fDGhnupDiX13B\u00a0\u00bb},\u00a0\u00bbdisplayProperties\u00a0\u00bb:{},\u00a0\u00bblocalEdits\u00a0\u00bb:{},\u00a0\u00bbvariants\u00a0\u00bb:{}}},{\u00ab\u00a0collection\u00a0\u00bb:\u00a0\u00bbfeatures\u00a0\u00bb,\u00a0\u00bbtype\u00a0\u00bb:\u00a0\u00bbcommon\/adPrisma\u00a0\u00bb,\u00a0\u00bbprops\u00a0\u00bb:{\u00ab\u00a0collection\u00a0\u00bb:\u00a0\u00bbfeatures\u00a0\u00bb,\u00a0\u00bbtype\u00a0\u00bb:\u00a0\u00bbcommon\/adPrisma\u00a0\u00bb,\u00a0\u00bbid\u00a0\u00bb:\u00a0\u00bbf0flwLGJ3Blg17A\u00a0\u00bb,\u00a0\u00bbcontentConfig\u00a0\u00bb:{\u00ab\u00a0contentService\u00a0\u00bb:\u00a0\u00bb\u00a0\u00bb,\u00a0\u00bbcontentConfigValues\u00a0\u00bb:{},\u00a0\u00bbinherit\u00a0\u00bb:true},\u00a0\u00bbcustomFields\u00a0\u00bb:{\u00ab\u00a0displayOnDesktop\u00a0\u00bb:true,\u00a0\u00bbdisplayOnTablet\u00a0\u00bb:false,\u00a0\u00bbdisplayOnMobile\u00a0\u00bb:false,\u00a0\u00bbadType\u00a0\u00bb:\u00a0\u00bbPave-Bas\u00a0\u00bb,\u00a0\u00bbpbInternal_cloneId\u00a0\u00bb:\u00a0\u00bbf0flwLGJ3Blg17A\u00a0\u00bb,\u00a0\u00bbadWidth\u00a0\u00bb:\u00a0\u00bb450&Prime;,\u00a0\u00bbadHeight\u00a0\u00bb:\u00a0\u00bb800&Prime;,\u00a0\u00bblayoutOnDesktop\u00a0\u00bb:\u00a0\u00bbVertical\u00a0\u00bb,\u00a0\u00bbhasStickyPlaceholder\u00a0\u00bb:false,\u00a0\u00bbhasStickyAd\u00a0\u00bb:true,\u00a0\u00bbhasMarginTop\u00a0\u00bb:true,\u00a0\u00bbhasMarginBottom\u00a0\u00bb:true},\u00a0\u00bbdisplayProperties\u00a0\u00bb:{},\u00a0\u00bblocalEdits\u00a0\u00bb:{},\u00a0\u00bbvariants\u00a0\u00bb:{}}},{\u00ab\u00a0collection\u00a0\u00bb:\u00a0\u00bbfeatures\u00a0\u00bb,\u00a0\u00bbtype\u00a0\u00bb:\u00a0\u00bbarticle\/outbrain\u00a0\u00bb,\u00a0\u00bbprops\u00a0\u00bb:{\u00ab\u00a0collection\u00a0\u00bb:\u00a0\u00bbfeatures\u00a0\u00bb,\u00a0\u00bbtype\u00a0\u00bb:\u00a0\u00bbarticle\/outbrain\u00a0\u00bb,\u00a0\u00bbid\u00a0\u00bb:\u00a0\u00bbf0fdVod2L1Dfjh\u00a0\u00bb,\u00a0\u00bbcontentConfig\u00a0\u00bb:{\u00ab\u00a0contentService\u00a0\u00bb:\u00a0\u00bb\u00a0\u00bb,\u00a0\u00bbcontentConfigValues\u00a0\u00bb:{},\u00a0\u00bbinherit\u00a0\u00bb:true},\u00a0\u00bbcustomFields\u00a0\u00bb:{\u00ab\u00a0widgetId\u00a0\u00bb:\u00a0\u00bbrightRail\u00a0\u00bb},\u00a0\u00bbdisplayProperties\u00a0\u00bb:{},\u00a0\u00bblocalEdits\u00a0\u00bb:{},\u00a0\u00bbvariants\u00a0\u00bb:{}}},{\u00ab\u00a0collection\u00a0\u00bb:\u00a0\u00bbfeatures\u00a0\u00bb,\u00a0\u00bbtype\u00a0\u00bb:\u00a0\u00bbcommon\/adPrisma\u00a0\u00bb,\u00a0\u00bbprops\u00a0\u00bb:{\u00ab\u00a0collection\u00a0\u00bb:\u00a0\u00bbfeatures\u00a0\u00bb,\u00a0\u00bbtype\u00a0\u00bb:\u00a0\u00bbcommon\/adPrisma\u00a0\u00bb,\u00a0\u00bbid\u00a0\u00bb:\u00a0\u00bbf0f2x0gOsgSE8F9&Prime;,\u00a0\u00bbcontentConfig\u00a0\u00bb:{\u00ab\u00a0contentService\u00a0\u00bb:\u00a0\u00bb\u00a0\u00bb,\u00a0\u00bbcontentConfigValues\u00a0\u00bb:{},\u00a0\u00bbinherit\u00a0\u00bb:true},\u00a0\u00bbcustomFields\u00a0\u00bb:{\u00ab\u00a0displayOnDesktop\u00a0\u00bb:true,\u00a0\u00bblayoutOnDesktop\u00a0\u00bb:\u00a0\u00bbVertical\u00a0\u00bb,\u00a0\u00bbdisplayOnTablet\u00a0\u00bb:true,\u00a0\u00bblayoutOnTablet\u00a0\u00bb:\u00a0\u00bbVertical\u00a0\u00bb,\u00a0\u00bbdisplayOnMobile\u00a0\u00bb:false,\u00a0\u00bblayoutOnMobile\u00a0\u00bb:\u00a0\u00bbHorizontal\u00a0\u00bb,\u00a0\u00bbhasStickyPlaceholder\u00a0\u00bb:true,\u00a0\u00bbhasStickyAd\u00a0\u00bb:true,\u00a0\u00bbadType\u00a0\u00bb:\u00a0\u00bbPave-Bas2&Prime;,\u00a0\u00bbadWidth\u00a0\u00bb:\u00a0\u00bb450&Prime;,\u00a0\u00bbadHeight\u00a0\u00bb:\u00a0\u00bb800&Prime;,\u00a0\u00bbhasMarginTop\u00a0\u00bb:true,\u00a0\u00bbhasMarginBottom\u00a0\u00bb:true},\u00a0\u00bbdisplayProperties\u00a0\u00bb:{},\u00a0\u00bblocalEdits\u00a0\u00bb:{},\u00a0\u00bbvariants\u00a0\u00bb:{}}},{\u00ab\u00a0collection\u00a0\u00bb:\u00a0\u00bbfeatures\u00a0\u00bb,\u00a0\u00bbtype\u00a0\u00bb:\u00a0\u00bb@wpmedia\/htmlbox-block\/htmlbox\u00a0\u00bb,\u00a0\u00bbprops\u00a0\u00bb:{\u00ab\u00a0collection\u00a0\u00bb:\u00a0\u00bbfeatures\u00a0\u00bb,\u00a0\u00bbtype\u00a0\u00bb:\u00a0\u00bb@wpmedia\/htmlbox-block\/htmlbox\u00a0\u00bb,\u00a0\u00bbid\u00a0\u00bb:\u00a0\u00bbf0fTmfarDLDf6Jq\u00a0\u00bb,\u00a0\u00bbcontentConfig\u00a0\u00bb:{\u00ab\u00a0contentService\u00a0\u00bb:\u00a0\u00bb\u00a0\u00bb,\u00a0\u00bbcontentConfigValues\u00a0\u00bb:{},\u00a0\u00bbinherit\u00a0\u00bb:true},\u00a0\u00bbcustomFields\u00a0\u00bb:{\u00ab\u00a0HTML\u00a0\u00bb:\u00a0\u00bb\u00a0\u00bb,\u00a0\u00bbpbInternal_cloneId\u00a0\u00bb:\u00a0\u00bbf0fOEJ4pewL24Gt\u00a0\u00bb,\u00a0\u00bbpbInternal_clipboardId\u00a0\u00bb:\u00a0\u00bbf0fTmfarDLDf6Jq\u00a0\u00bb},\u00a0\u00bbdisplayProperties\u00a0\u00bb:{},\u00a0\u00bblocalEdits\u00a0\u00bb:{},\u00a0\u00bbvariants\u00a0\u00bb:{}}}]},{\u00ab\u00a0collection\u00a0\u00bb:\u00a0\u00bbsections\u00a0\u00bb,\u00a0\u00bbprops\u00a0\u00bb:{\u00ab\u00a0collection\u00a0\u00bb:\u00a0\u00bbsections\u00a0\u00bb,\u00a0\u00bbid\u00a0\u00bb:4},\u00a0\u00bbchildren\u00a0\u00bb:[]},{\u00ab\u00a0collection\u00a0\u00bb:\u00a0\u00bbsections\u00a0\u00bb,\u00a0\u00bbprops\u00a0\u00bb:{\u00ab\u00a0collection\u00a0\u00bb:\u00a0\u00bbsections\u00a0\u00bb,\u00a0\u00bbid\u00a0\u00bb:5},\u00a0\u00bbchildren\u00a0\u00bb:[{\u00ab\u00a0collection\u00a0\u00bb:\u00a0\u00bbfeatures\u00a0\u00bb,\u00a0\u00bbtype\u00a0\u00bb:\u00a0\u00bb@wpmedia\/event-tester-block\/event-tester\u00a0\u00bb,\u00a0\u00bbprops\u00a0\u00bb:{\u00ab\u00a0collection\u00a0\u00bb:\u00a0\u00bbfeatures\u00a0\u00bb,\u00a0\u00bbtype\u00a0\u00bb:\u00a0\u00bb@wpmedia\/event-tester-block\/event-tester\u00a0\u00bb,\u00a0\u00bbid\u00a0\u00bb:\u00a0\u00bb0fdKl3sZUizm86n\u00a0\u00bb,\u00a0\u00bbcontentConfig\u00a0\u00bb:{\u00ab\u00a0contentService\u00a0\u00bb:\u00a0\u00bb\u00a0\u00bb,\u00a0\u00bbcontentConfigValues\u00a0\u00bb:{},\u00a0\u00bbinherit\u00a0\u00bb:true},\u00a0\u00bbcustomFields\u00a0\u00bb:{},\u00a0\u00bbdisplayProperties\u00a0\u00bb:{},\u00a0\u00bblocalEdits\u00a0\u00bb:{},\u00a0\u00bbvariants\u00a0\u00bb:{}}},{\u00ab\u00a0collection\u00a0\u00bb:\u00a0\u00bbfeatures\u00a0\u00bb,\u00a0\u00bbtype\u00a0\u00bb:\u00a0\u00bbFooter\/default\u00a0\u00bb,\u00a0\u00bbprops\u00a0\u00bb:{\u00ab\u00a0collection\u00a0\u00bb:\u00a0\u00bbfeatures\u00a0\u00bb,\u00a0\u00bbtype\u00a0\u00bb:\u00a0\u00bbFooter\/default\u00a0\u00bb,\u00a0\u00bbid\u00a0\u00bb:\u00a0\u00bbf0fWCmXziG7A7M9&Prime;,\u00a0\u00bbcontentConfig\u00a0\u00bb:{\u00ab\u00a0contentService\u00a0\u00bb:\u00a0\u00bb\u00a0\u00bb,\u00a0\u00bbcontentConfigValues\u00a0\u00bb:{},\u00a0\u00bbinherit\u00a0\u00bb:true},\u00a0\u00bbcustomFields\u00a0\u00bb:{\u00ab\u00a0facebookItem\u00a0\u00bb:\u00a0\u00bbhttps:\/\/www.facebook.com\/Liberation\/\u00a0\u00bb,\u00a0\u00bbtwitterItem\u00a0\u00bb:\u00a0\u00bbhttps:\/\/twitter.com\/libe\u00a0\u00bb,\u00a0\u00bblinkedinItem\u00a0\u00bb:\u00a0\u00bbhttps:\/\/www.linkedin.com\/company\/lib%C3%A9ration\/\u00a0\u00bb,\u00a0\u00bbinstagramItem\u00a0\u00bb:\u00a0\u00bbhttps:\/\/www.instagram.com\/liberationfr\/\u00a0\u00bb,\u00a0\u00bbyoutubeItem\u00a0\u00bb:\u00a0\u00bbhttps:\/\/www.youtube.com\/c\/liberation\u00a0\u00bb,\u00a0\u00bbrssItem\u00a0\u00bb:\u00a0\u00bbhttps:\/\/www.liberation.fr\/liste-flux-rss\/\u00a0\u00bb,\u00a0\u00bbtiktokItem\u00a0\u00bb:\u00a0\u00bbhttps:\/\/www.tiktok.com\/@liberation.fr\u00a0\u00bb,\u00a0\u00bbblueskyItem\u00a0\u00bb:\u00a0\u00bbhttps:\/\/bsky.app\/profile\/liberation.fr\u00a0\u00bb,\u00a0\u00bbtwitchItem\u00a0\u00bb:\u00a0\u00bbhttps:\/\/www.twitch.tv\/liberationfr\u00a0\u00bb,\u00a0\u00bbwhatsappItem\u00a0\u00bb:\u00a0\u00bbhttps:\/\/whatsapp.com\/channel\/0029VaBC5Q50G0Xdttyzpn0k\u00a0\u00bb},\u00a0\u00bbdisplayProperties\u00a0\u00bb:{},\u00a0\u00bblocalEdits\u00a0\u00bb:{},\u00a0\u00bbvariants\u00a0\u00bb:{}}},{\u00ab\u00a0collection\u00a0\u00bb:\u00a0\u00bbfeatures\u00a0\u00bb,\u00a0\u00bbtype\u00a0\u00bb:\u00a0\u00bb@wpmedia\/htmlbox-block\/htmlbox\u00a0\u00bb,\u00a0\u00bbprops\u00a0\u00bb:{\u00ab\u00a0collection\u00a0\u00bb:\u00a0\u00bbfeatures\u00a0\u00bb,\u00a0\u00bbtype\u00a0\u00bb:\u00a0\u00bb@wpmedia\/htmlbox-block\/htmlbox\u00a0\u00bb,\u00a0\u00bbid\u00a0\u00bb:\u00a0\u00bbf0fYCc8Xjx7onp\u00a0\u00bb,\u00a0\u00bbcontentConfig\u00a0\u00bb:{\u00ab\u00a0contentService\u00a0\u00bb:\u00a0\u00bb\u00a0\u00bb,\u00a0\u00bbcontentConfigValues\u00a0\u00bb:{},\u00a0\u00bbinherit\u00a0\u00bb:true},\u00a0\u00bbcustomFields\u00a0\u00bb:{\u00ab\u00a0HTML\u00a0\u00bb:\u00a0\u00bb \\n.article-body-image{\\n  padding-bottom: 16px !important;\\n}\\n\\n@media (min-width: 768px) {\\n    .article-body-image-float-left {\\n        padding-right: 16px;\\n    }\\n\\n    .article-body-image-float-right {\\n        padding-left: 16px;\\n    }\\n}\\n\u00a0\u00bb},\u00a0\u00bbdisplayProperties\u00a0\u00bb:{},\u00a0\u00bblocalEdits\u00a0\u00bb:{},\u00a0\u00bbvariants\u00a0\u00bb:{}}},{\u00ab\u00a0collection\u00a0\u00bb:\u00a0\u00bbfeatures\u00a0\u00bb,\u00a0\u00bbtype\u00a0\u00bb:\u00a0\u00bb@wpmedia\/htmlbox-block\/htmlbox\u00a0\u00bb,\u00a0\u00bbprops\u00a0\u00bb:{\u00ab\u00a0collection\u00a0\u00bb:\u00a0\u00bbfeatures\u00a0\u00bb,\u00a0\u00bbtype\u00a0\u00bb:\u00a0\u00bb@wpmedia\/htmlbox-block\/htmlbox\u00a0\u00bb,\u00a0\u00bbid\u00a0\u00bb:\u00a0\u00bbf0fw2VTovWwiOB\u00a0\u00bb,\u00a0\u00bbcontentConfig\u00a0\u00bb:{\u00ab\u00a0contentService\u00a0\u00bb:\u00a0\u00bb\u00a0\u00bb,\u00a0\u00bbcontentConfigValues\u00a0\u00bb:{},\u00a0\u00bbinherit\u00a0\u00bb:true},\u00a0\u00bbcustomFields\u00a0\u00bb:{\u00ab\u00a0HTML\u00a0\u00bb:\u00a0\u00bb\\n@media (max-width: 960px) {\\n  .hrWZEv {\\n    margin-bottom: 48px !important;\\n  }\\n}\\n\u00a0\u00bb},\u00a0\u00bbdisplayProperties\u00a0\u00bb:{},\u00a0\u00bblocalEdits\u00a0\u00bb:{},\u00a0\u00bbvariants\u00a0\u00bb:{}}},{\u00ab\u00a0collection\u00a0\u00bb:\u00a0\u00bbfeatures\u00a0\u00bb,\u00a0\u00bbtype\u00a0\u00bb:\u00a0\u00bbcommon\/adPrisma\u00a0\u00bb,\u00a0\u00bbprops\u00a0\u00bb:{\u00ab\u00a0collection\u00a0\u00bb:\u00a0\u00bbfeatures\u00a0\u00bb,\u00a0\u00bbtype\u00a0\u00bb:\u00a0\u00bbcommon\/adPrisma\u00a0\u00bb,\u00a0\u00bbid\u00a0\u00bb:\u00a0\u00bbf0fsLNH1FWArKY\u00a0\u00bb,\u00a0\u00bbcontentConfig\u00a0\u00bb:{\u00ab\u00a0contentService\u00a0\u00bb:\u00a0\u00bb\u00a0\u00bb,\u00a0\u00bbcontentConfigValues\u00a0\u00bb:{},\u00a0\u00bbinherit\u00a0\u00bb:true},\u00a0\u00bbcustomFields\u00a0\u00bb:{\u00ab\u00a0displayOnDesktop\u00a0\u00bb:true,\u00a0\u00bbdisplayOnTablet\u00a0\u00bb:true,\u00a0\u00bbdisplayOnMobile\u00a0\u00bb:true,\u00a0\u00bbpbInternal_cloneId\u00a0\u00bb:\u00a0\u00bbf0fsLNH1FWArKY\u00a0\u00bb,\u00a0\u00bbadType\u00a0\u00bb:\u00a0\u00bbPostitiel\u00a0\u00bb,\u00a0\u00bbhasMarginTop\u00a0\u00bb:true,\u00a0\u00bbhasMarginBottom\u00a0\u00bb:true},\u00a0\u00bbdisplayProperties\u00a0\u00bb:{},\u00a0\u00bblocalEdits\u00a0\u00bb:{},\u00a0\u00bbvariants\u00a0\u00bb:{}}},{\u00ab\u00a0collection\u00a0\u00bb:\u00a0\u00bbfeatures\u00a0\u00bb,\u00a0\u00bbtype\u00a0\u00bb:\u00a0\u00bbcommon\/adPrisma\u00a0\u00bb,\u00a0\u00bbprops\u00a0\u00bb:{\u00ab\u00a0collection\u00a0\u00bb:\u00a0\u00bbfeatures\u00a0\u00bb,\u00a0\u00bbtype\u00a0\u00bb:\u00a0\u00bbcommon\/adPrisma\u00a0\u00bb,\u00a0\u00bbid\u00a0\u00bb:\u00a0\u00bbf0fqrJdCLOcxyX\u00a0\u00bb,\u00a0\u00bbcontentConfig\u00a0\u00bb:{\u00ab\u00a0contentService\u00a0\u00bb:\u00a0\u00bb\u00a0\u00bb,\u00a0\u00bbcontentConfigValues\u00a0\u00bb:{},\u00a0\u00bbinherit\u00a0\u00bb:true},\u00a0\u00bbcustomFields\u00a0\u00bb:{\u00ab\u00a0displayOnDesktop\u00a0\u00bb:true,\u00a0\u00bbdisplayOnTablet\u00a0\u00bb:true,\u00a0\u00bbdisplayOnMobile\u00a0\u00bb:true,\u00a0\u00bbadType\u00a0\u00bb:\u00a0\u00bbOut-Of-Banner\u00a0\u00bb,\u00a0\u00bbhasMarginTop\u00a0\u00bb:false,\u00a0\u00bbhasMarginBottom\u00a0\u00bb:true},\u00a0\u00bbdisplayProperties\u00a0\u00bb:{},\u00a0\u00bblocalEdits\u00a0\u00bb:{},\u00a0\u00bbvariants\u00a0\u00bb:{}}},{\u00ab\u00a0collection\u00a0\u00bb:\u00a0\u00bbfeatures\u00a0\u00bb,\u00a0\u00bbtype\u00a0\u00bb:\u00a0\u00bbBottomBar\/default\u00a0\u00bb,\u00a0\u00bbprops\u00a0\u00bb:{\u00ab\u00a0collection\u00a0\u00bb:\u00a0\u00bbfeatures\u00a0\u00bb,\u00a0\u00bbtype\u00a0\u00bb:\u00a0\u00bbBottomBar\/default\u00a0\u00bb,\u00a0\u00bbid\u00a0\u00bb:\u00a0\u00bbf0fDbg7ZHRRS0e\u00a0\u00bb,\u00a0\u00bbcontentConfig\u00a0\u00bb:{\u00ab\u00a0contentService\u00a0\u00bb:\u00a0\u00bb\u00a0\u00bb,\u00a0\u00bbcontentConfigValues\u00a0\u00bb:{},\u00a0\u00bbinherit\u00a0\u00bb:true},\u00a0\u00bbcustomFields\u00a0\u00bb:{\u00ab\u00a0desktopDescription\u00a0\u00bb:\u00a0\u00bb\u23f0Derniers jours de notre offre d&rsquo;\u00e9t\u00e9 : 2 mois pour 2\u20ac\u00a0\u00bb,\u00a0\u00bbmobileDescription\u00a0\u00bb:\u00a0\u00bb\u23f0Derniers jours : 2 mois pour 2\u20ac\u00a0\u00bb,\u00a0\u00bbdesktopCtaText\u00a0\u00bb:\u00a0\u00bbJ&rsquo;en profite !\u00a0\u00bb,\u00a0\u00bbbackgroundColor\u00a0\u00bb:\u00a0\u00bb#e60004&Prime;,\u00a0\u00bbdescriptionColor\u00a0\u00bb:\u00a0\u00bb#FFFFFF\u00a0\u00bb,\u00a0\u00bblinkDesktop\u00a0\u00bb:\u00a0\u00bbhttps:\/\/abo.liberation.fr\/numerique\/inscription\/offre-numerique-speciale-2mois-2euros\/?origin=AUTOPROMO&#038;xtatc=INT-41-[ete_2025_gratuit]\u00a0\u00bb,\u00a0\u00bblinkMobile\u00a0\u00bb:\u00a0\u00bbhttps:\/\/abo.liberation.fr\/numerique\/inscription\/offre-numerique-speciale-2mois-2euros\/?origin=AUTOPROMO&#038;xtatc=INT-41-[ete_2025_gratuit]\u00a0\u00bb,\u00a0\u00bbmobileImage\u00a0\u00bb:\u00a0\u00bb\u00a0\u00bb,\u00a0\u00bbdesktopImage\u00a0\u00bb:\u00a0\u00bb\u00a0\u00bb,\u00a0\u00bbclosedDuration\u00a0\u00bb:1,\u00a0\u00bbtype\u00a0\u00bb:\u00a0\u00bbnon_sub_free\u00a0\u00bb},\u00a0\u00bbdisplayProperties\u00a0\u00bb:{},\u00a0\u00bblocalEdits\u00a0\u00bb:{},\u00a0\u00bbvariants\u00a0\u00bb:{}}},{\u00ab\u00a0collection\u00a0\u00bb:\u00a0\u00bbfeatures\u00a0\u00bb,\u00a0\u00bbtype\u00a0\u00bb:\u00a0\u00bbBottomBar\/default\u00a0\u00bb,\u00a0\u00bbprops\u00a0\u00bb:{\u00ab\u00a0collection\u00a0\u00bb:\u00a0\u00bbfeatures\u00a0\u00bb,\u00a0\u00bbtype\u00a0\u00bb:\u00a0\u00bbBottomBar\/default\u00a0\u00bb,\u00a0\u00bbid\u00a0\u00bb:\u00a0\u00bbf0fJ3xWO1fbe4a1&Prime;,\u00a0\u00bbcontentConfig\u00a0\u00bb:{\u00ab\u00a0contentService\u00a0\u00bb:\u00a0\u00bb\u00a0\u00bb,\u00a0\u00bbcontentConfigValues\u00a0\u00bb:{},\u00a0\u00bbinherit\u00a0\u00bb:true},\u00a0\u00bbcustomFields\u00a0\u00bb:{\u00ab\u00a0desktopDescription\u00a0\u00bb:\u00a0\u00bb\u23f0Derniers jours de notre offre d&rsquo;\u00e9t\u00e9 : 2 mois pour 2\u20ac\u00a0\u00bb,\u00a0\u00bbmobileDescription\u00a0\u00bb:\u00a0\u00bb\u23f0Derniers jours : 2 mois pour 2\u20ac\u00a0\u00bb,\u00a0\u00bbdesktopCtaText\u00a0\u00bb:\u00a0\u00bbJ&rsquo;en profite !\u00a0\u00bb,\u00a0\u00bbbackgroundColor\u00a0\u00bb:\u00a0\u00bb#e60004&Prime;,\u00a0\u00bbdescriptionColor\u00a0\u00bb:\u00a0\u00bb#FFFFFF\u00a0\u00bb,\u00a0\u00bblinkDesktop\u00a0\u00bb:\u00a0\u00bbhttps:\/\/abo.liberation.fr\/numerique\/inscription\/offre-numerique-speciale-2mois-2euros\/?origin=AUTOPROMO&#038;xtatc=INT-41-[ete_2025_premium]\u00a0\u00bb,\u00a0\u00bblinkMobile\u00a0\u00bb:\u00a0\u00bbhttps:\/\/abo.liberation.fr\/numerique\/inscription\/offre-numerique-speciale-2mois-2euros\/?origin=AUTOPROMO&#038;xtatc=INT-41-[ete_2025_premium]\u00a0\u00bb,\u00a0\u00bbmobileImage\u00a0\u00bb:\u00a0\u00bb\u00a0\u00bb,\u00a0\u00bbdesktopImage\u00a0\u00bb:\u00a0\u00bb\u00a0\u00bb,\u00a0\u00bbclosedDuration\u00a0\u00bb:1,\u00a0\u00bbtype\u00a0\u00bb:\u00a0\u00bbnon_sub_paid\u00a0\u00bb},\u00a0\u00bbdisplayProperties\u00a0\u00bb:{},\u00a0\u00bblocalEdits\u00a0\u00bb:{},\u00a0\u00bbvariants\u00a0\u00bb:{}}},{\u00ab\u00a0collection\u00a0\u00bb:\u00a0\u00bbfeatures\u00a0\u00bb,\u00a0\u00bbtype\u00a0\u00bb:\u00a0\u00bbBottomBar\/default\u00a0\u00bb,\u00a0\u00bbprops\u00a0\u00bb:{\u00ab\u00a0collection\u00a0\u00bb:\u00a0\u00bbfeatures\u00a0\u00bb,\u00a0\u00bbtype\u00a0\u00bb:\u00a0\u00bbBottomBar\/default\u00a0\u00bb,\u00a0\u00bbid\u00a0\u00bb:\u00a0\u00bbf0fOnuIAZqPa1yX\u00a0\u00bb,\u00a0\u00bbcontentConfig\u00a0\u00bb:{\u00ab\u00a0contentService\u00a0\u00bb:\u00a0\u00bb\u00a0\u00bb,\u00a0\u00bbcontentConfigValues\u00a0\u00bb:{},\u00a0\u00bbinherit\u00a0\u00bb:true},\u00a0\u00bbcustomFields\u00a0\u00bb:{\u00ab\u00a0desktopDescription\u00a0\u00bb:\u00a0\u00bbVous faites vivre Lib\u00e9. Ensemble, d\u00e9fendons une info libre et engag\u00e9e\u00a0\u00bb,\u00a0\u00bbmobileDescription\u00a0\u00bb:\u00a0\u00bbPour une info libre, je fais un don \u00e0 Lib\u00e9 \u2794 \u00ab\u00a0,\u00a0\u00bbmobileCtaText\u00a0\u00bb:\u00a0\u00bb\u00a0\u00bb,\u00a0\u00bbdesktopCtaText\u00a0\u00bb:\u00a0\u00bbFaire un don\u00a0\u00bb,\u00a0\u00bbbackgroundColor\u00a0\u00bb:\u00a0\u00bb#F7E4D9&Prime;,\u00a0\u00bbdescriptionColor\u00a0\u00bb:\u00a0\u00bb#000000&Prime;,\u00a0\u00bblinkDesktop\u00a0\u00bb:\u00a0\u00bbhttps:\/\/www.liberation.fr\/faire-un-don\/\u00a0\u00bb,\u00a0\u00bblinkMobile\u00a0\u00bb:\u00a0\u00bbhttps:\/\/www.liberation.fr\/faire-un-don\/\u00a0\u00bb,\u00a0\u00bbmobileImage\u00a0\u00bb:\u00a0\u00bb\u00a0\u00bb,\u00a0\u00bbdesktopImage\u00a0\u00bb:\u00a0\u00bb\u00a0\u00bb,\u00a0\u00bbdisplayCloseButton\u00a0\u00bb:true,\u00a0\u00bbclosedDuration\u00a0\u00bb:300,\u00a0\u00bbtype\u00a0\u00bb:\u00a0\u00bbsub\u00a0\u00bb},\u00a0\u00bbdisplayProperties\u00a0\u00bb:{},\u00a0\u00bblocalEdits\u00a0\u00bb:{},\u00a0\u00bbvariants\u00a0\u00bb:{}}},{\u00ab\u00a0collection\u00a0\u00bb:\u00a0\u00bbfeatures\u00a0\u00bb,\u00a0\u00bbtype\u00a0\u00bb:\u00a0\u00bb@wpmedia\/htmlbox-block\/htmlbox\u00a0\u00bb,\u00a0\u00bbprops\u00a0\u00bb:{\u00ab\u00a0collection\u00a0\u00bb:\u00a0\u00bbfeatures\u00a0\u00bb,\u00a0\u00bbtype\u00a0\u00bb:\u00a0\u00bb@wpmedia\/htmlbox-block\/htmlbox\u00a0\u00bb,\u00a0\u00bbid\u00a0\u00bb:\u00a0\u00bbf0fJjNuHjWlvWp\u00a0\u00bb,\u00a0\u00bbcontentConfig\u00a0\u00bb:{\u00ab\u00a0contentService\u00a0\u00bb:\u00a0\u00bb\u00a0\u00bb,\u00a0\u00bbcontentConfigValues\u00a0\u00bb:{},\u00a0\u00bbinherit\u00a0\u00bb:true},\u00a0\u00bbcustomFields\u00a0\u00bb:{\u00ab\u00a0HTML\u00a0\u00bb:\u00a0\u00bb\\nh2.padding-xxs-bottom  {\\n  font-weight:400 !important;\\n}\\n\\n\\n\u00a0\u00bb,\u00a0\u00bbpbInternal_cloneId\u00a0\u00bb:\u00a0\u00bbf0fJjNuHjWlvWp\u00a0\u00bb},\u00a0\u00bbdisplayProperties\u00a0\u00bb:{},\u00a0\u00bblocalEdits\u00a0\u00bb:{},\u00a0\u00bbvariants\u00a0\u00bb:{}}}]}]};Fusion.spa=false;Fusion.spaEnabled=false;<script async src=\"https:\/\/platform.twitter.com\/widgets.js\" charset=\"utf-8\"><\/script><script async src=\"\/\/www.instagram.com\/embed.js\"><\/script><script async src=\"\/\/www.tiktok.com\/embed.js\"><\/script><\/p>\n","protected":false},"excerpt":{"rendered":"La sup\u00e9rette de Piopio, ville rurale du nord de la Nouvelle-Z\u00e9lande, a \u00e9t\u00e9 le th\u00e9\u00e2tre d\u2019un maigre larcin&hellip;\n","protected":false},"author":2,"featured_media":353771,"comment_status":"","ping_status":"","sticky":false,"template":"","format":"standard","meta":{"footnotes":""},"categories":[5],"tags":[11,118,1011,27,14,12,13071,28],"class_list":{"0":"post-353770","1":"post","2":"type-post","3":"status-publish","4":"format-standard","5":"has-post-thumbnail","7":"category-international","8":"tag-actualites","9":"tag-faits-divers","10":"tag-fr","11":"tag-france","12":"tag-international","13":"tag-news","14":"tag-nouvelle-zelande","15":"tag-world"},"share_on_mastodon":{"url":"https:\/\/pubeurope.com\/@fr\/115115907020461357","error":""},"_links":{"self":[{"href":"https:\/\/www.europesays.com\/fr\/wp-json\/wp\/v2\/posts\/353770","targetHints":{"allow":["GET"]}}],"collection":[{"href":"https:\/\/www.europesays.com\/fr\/wp-json\/wp\/v2\/posts"}],"about":[{"href":"https:\/\/www.europesays.com\/fr\/wp-json\/wp\/v2\/types\/post"}],"author":[{"embeddable":true,"href":"https:\/\/www.europesays.com\/fr\/wp-json\/wp\/v2\/users\/2"}],"replies":[{"embeddable":true,"href":"https:\/\/www.europesays.com\/fr\/wp-json\/wp\/v2\/comments?post=353770"}],"version-history":[{"count":0,"href":"https:\/\/www.europesays.com\/fr\/wp-json\/wp\/v2\/posts\/353770\/revisions"}],"wp:featuredmedia":[{"embeddable":true,"href":"https:\/\/www.europesays.com\/fr\/wp-json\/wp\/v2\/media\/353771"}],"wp:attachment":[{"href":"https:\/\/www.europesays.com\/fr\/wp-json\/wp\/v2\/media?parent=353770"}],"wp:term":[{"taxonomy":"category","embeddable":true,"href":"https:\/\/www.europesays.com\/fr\/wp-json\/wp\/v2\/categories?post=353770"},{"taxonomy":"post_tag","embeddable":true,"href":"https:\/\/www.europesays.com\/fr\/wp-json\/wp\/v2\/tags?post=353770"}],"curies":[{"name":"wp","href":"https:\/\/api.w.org\/{rel}","templated":true}]}}