{"id":353780,"date":"2025-08-30T04:52:52","date_gmt":"2025-08-30T04:52:52","guid":{"rendered":"https:\/\/www.europesays.com\/fr\/353780\/"},"modified":"2025-08-30T04:52:52","modified_gmt":"2025-08-30T04:52:52","slug":"porte-disparu-un-jeune-papa-dune-vingtaine-dannees-retrouve-mort-en-lorraine","status":"publish","type":"post","link":"https:\/\/www.europesays.com\/fr\/353780\/","title":{"rendered":"Port\u00e9 disparu, un jeune papa d&rsquo;une vingtaine d&rsquo;ann\u00e9es retrouv\u00e9 mort en Lorraine"},"content":{"rendered":"<p>            Par<br \/>\n        <strong><br \/>\n            <a href=\"https:\/\/actu.fr\/auteur\/amandine-mehl\" title=\"Consulter tous les articles de Amandine Mehl\" rel=\"nofollow noopener\" target=\"_blank\">Amandine Mehl<\/a><br \/>\n        <\/strong><\/p>\n<p>        Publi\u00e9 le<\/p>\n<p>            28 ao\u00fbt 2025 \u00e0 10h01        <\/p>\n<p>Ses proches avaient signal\u00e9 sa <a href=\"https:\/\/actu.fr\/tag\/disparition\" rel=\"nofollow noopener\" target=\"_blank\">disparition jug\u00e9e inqui\u00e9tante<\/a> et avaient lanc\u00e9 un <a href=\"https:\/\/actu.fr\/tag\/appel-a-temoins\" rel=\"nofollow noopener\" target=\"_blank\">appel \u00e0 t\u00e9moins<\/a> sur les <strong>r\u00e9seaux sociaux<\/strong>. Port\u00e9 disparu depuis le samedi 23\u00a0ao\u00fbt 2025 \u00e0 15h, un <strong>jeune Meusien<\/strong>, vingtenaire, a \u00e9t\u00e9 <strong>retrouv\u00e9 mort \u00e0 Chavigny<\/strong> (Meurthe-et-Moselle) mercredi 27\u00a0ao\u00fbt.<\/p>\n<p>Le jeune papa \u00e9tait parti sans t\u00e9l\u00e9phone, sans papiers et sans moyens de paiement<\/p>\n<p class=\" wall-content\">Jeune papa, il \u00e9tait parti <strong>sans son t\u00e9l\u00e9phone<\/strong>, <strong>sans ses papiers<\/strong> et <strong>sans moyens de paiement<\/strong>. Inquiets, ses proches avaient multipli\u00e9 les appels \u00e0 t\u00e9moins et pr\u00e9venu la <a href=\"https:\/\/actu.fr\/tag\/gendarmerie\" rel=\"nofollow noopener\" target=\"_blank\">gendarmerie<\/a>.<\/p>\n<p class=\" wall-content\">En fin de journ\u00e9e, mercredi, des membres de la famille ont annonc\u00e9 sur les r\u00e9seaux sociaux que le corps du jeune homme avait \u00e9t\u00e9 <strong>retrouv\u00e9 sans vie<\/strong>.<\/p>\n<p class=\" wall-content\">Contact\u00e9 par Lorraine Actu, <strong>Fran\u00e7ois Capin-Dulhoste<\/strong>, procureur de la R\u00e9publique de Nancy, indique qu\u2019une <strong>enqu\u00eate en recherche des causes de la mort est en cours<\/strong>, confi\u00e9e \u00e0 la brigade de gendarmerie de Neuves-Maisons.<\/p>\n<p class=\" wall-content\">Personnalisez votre actualit\u00e9 en ajoutant vos villes et m\u00e9dias en favori avec <a href=\"https:\/\/moncompte.actu.fr\" title=\"D\u00e9couvez Mon Actu\" rel=\"nofollow noopener\" data-trk=\"{&quot;cta&quot;:{&quot;action&quot;:&quot;https:\\\/\\\/moncompte.actu.fr&quot;,&quot;category&quot;:&quot;mon compte&quot;,&quot;from&quot;:&quot;article footer&quot;,&quot;name&quot;:&quot;Mon actu&quot;,&quot;type&quot;:&quot;cta&quot;}}\" target=\"_blank\">Mon Actu<\/a>.<\/p>\n","protected":false},"excerpt":{"rendered":"Par Amandine Mehl Publi\u00e9 le 28 ao\u00fbt 2025 \u00e0 10h01 Ses proches avaient signal\u00e9 sa disparition jug\u00e9e inqui\u00e9tante&hellip;\n","protected":false},"author":2,"featured_media":353781,"comment_status":"","ping_status":"","sticky":false,"template":"","format":"standard","meta":{"footnotes":""},"categories":[9635],"tags":[1111,11,4260,3676,1777,674,118,1011,27,3381,775,1702,12,25],"class_list":{"0":"post-353780","1":"post","2":"type-post","3":"status-publish","4":"format-standard","5":"has-post-thumbnail","7":"category-nancy","8":"tag-actu","9":"tag-actualites","10":"tag-appel-a-temoins","11":"tag-disparition-inquietante","12":"tag-eu","13":"tag-europe","14":"tag-faits-divers","15":"tag-fr","16":"tag-france","17":"tag-gendarmerie","18":"tag-grand-est","19":"tag-nancy","20":"tag-news","21":"tag-republique-francaise"},"share_on_mastodon":{"url":"https:\/\/pubeurope.com\/@fr\/115115930598708644","error":""},"_links":{"self":[{"href":"https:\/\/www.europesays.com\/fr\/wp-json\/wp\/v2\/posts\/353780","targetHints":{"allow":["GET"]}}],"collection":[{"href":"https:\/\/www.europesays.com\/fr\/wp-json\/wp\/v2\/posts"}],"about":[{"href":"https:\/\/www.europesays.com\/fr\/wp-json\/wp\/v2\/types\/post"}],"author":[{"embeddable":true,"href":"https:\/\/www.europesays.com\/fr\/wp-json\/wp\/v2\/users\/2"}],"replies":[{"embeddable":true,"href":"https:\/\/www.europesays.com\/fr\/wp-json\/wp\/v2\/comments?post=353780"}],"version-history":[{"count":0,"href":"https:\/\/www.europesays.com\/fr\/wp-json\/wp\/v2\/posts\/353780\/revisions"}],"wp:featuredmedia":[{"embeddable":true,"href":"https:\/\/www.europesays.com\/fr\/wp-json\/wp\/v2\/media\/353781"}],"wp:attachment":[{"href":"https:\/\/www.europesays.com\/fr\/wp-json\/wp\/v2\/media?parent=353780"}],"wp:term":[{"taxonomy":"category","embeddable":true,"href":"https:\/\/www.europesays.com\/fr\/wp-json\/wp\/v2\/categories?post=353780"},{"taxonomy":"post_tag","embeddable":true,"href":"https:\/\/www.europesays.com\/fr\/wp-json\/wp\/v2\/tags?post=353780"}],"curies":[{"name":"wp","href":"https:\/\/api.w.org\/{rel}","templated":true}]}}