{"id":353784,"date":"2025-08-30T04:54:10","date_gmt":"2025-08-30T04:54:10","guid":{"rendered":"https:\/\/www.europesays.com\/fr\/353784\/"},"modified":"2025-08-30T04:54:10","modified_gmt":"2025-08-30T04:54:10","slug":"on-vous-raconte-lhistoire-passionnante-de-ces-familles-qui-ont-faconne-le-chateau-de-carqueiranne-charles-richet-erudit-passionne-et-touche-a-tout","status":"publish","type":"post","link":"https:\/\/www.europesays.com\/fr\/353784\/","title":{"rendered":"On vous raconte l\u2019histoire passionnante de ces familles qui ont fa\u00e7onn\u00e9 le Ch\u00e2teau de Carqueiranne: Charles Richet, \u00e9rudit passionn\u00e9 et touche-\u00e0-tout"},"content":{"rendered":"<p>De tout temps, le ch\u00e2teau de Carqueiranne, b\u00e2tisse au style difficilement qualifiable, a suscit\u00e9 de nombreuses interrogations. Ancienne seigneurie proven\u00e7ale, elle daterait du XVIIe si\u00e8cle. Tr\u00e8s vite, Vincent Lamour, qui l\u2019a rachet\u00e9 en 2023, s\u2019int\u00e9resse \u00e0 l\u2019histoire du \u00ab\u00a0ch\u00e2teau Richet\u00a0\u00bb, du nom de la famille l\u2019ayant acquis en 1873. Avant sa disparition, l\u2019historien local Ren\u00e9 Ghiglione lui transmet ses connaissances. Vincent Lamour est stup\u00e9fait de la richesse des th\u00e9matiques en lien avec le ch\u00e2teau, son architecture, les \u00e9v\u00e8nements dont il a \u00e9t\u00e9 t\u00e9moin et les personnages qui y ont s\u00e9journ\u00e9. Il poursuit les recherches avec l\u2019aide de Roger Reineri, agr\u00e9g\u00e9 de g\u00e9ographie et passionn\u00e9 par l\u2019histoire du ch\u00e2teau. Var-matin vous propose de partager ces richesses et d\u00e9couvertes dans une s\u00e9rie d\u2019articles. Aujourd\u2019hui: Charles Richet 1850-1935<\/p>\n<p>Le plus c\u00e9l\u00e8bre des Richet, dont le ch\u00e2teau a port\u00e9 le nom durant 150 ans, a marqu\u00e9 l\u2019histoire du domaine et l\u2019Histoire tout court.<\/p>\n<p>Charles Richet na\u00eet \u00e0 Paris en 1850 et grandit dans un environnement intellectuel, influenc\u00e9 par son p\u00e8re, Alfred (Var-matin 25 ao\u00fbt) et son grand-p\u00e8re, Charles Renouard, Pair de France. Il a 23 ans lorsqu\u2019il d\u00e9couvre Carqueiranne. \u00c0 27 ans, il \u00e9pouse Am\u00e9lie Aubry \u00e0 Paris. Le soir m\u00eame, les mari\u00e9s rejoignent Carqueiranne. Am\u00e9lie lui donnera 7 enfants et de nombreux descendants.<\/p>\n<p>\u00c0 41 ans, \u00e0 la mort d\u2019Alfred, il devient propri\u00e9taire du domaine o\u00f9 il passera une grande partie de sa vie, jusqu\u2019\u00e0 sa mort \u00e0 85 ans.<\/p>\n<p>Exp\u00e9riences sur des animaux marins<\/p>\n<p>Penseur \u00e9clectique, il s\u2019illustre dans des domaines aussi vari\u00e9s que la m\u00e9decine, l\u2019a\u00e9ronautique, la litt\u00e9rature et la m\u00e9tapsychique. Tr\u00e8s t\u00f4t attir\u00e9 par la litt\u00e9rature et les sciences, il s\u2019oriente vers la m\u00e9decine.<\/p>\n<p>Devenu physiologiste, agr\u00e9g\u00e9 de la facult\u00e9 de m\u00e9decine de Paris, membre de l\u2019Acad\u00e9mie des sciences, ses travaux sur l\u2019anaphylaxie, (r\u00e9actions allergiques), lui valent le prix Nobel de m\u00e9decine 1913.<\/p>\n<p>\u00c0 Carqueiranne, il construit un aquarium et m\u00e8ne des exp\u00e9riences sur des animaux marins dans une propri\u00e9t\u00e9 de Beau Rivage (aujourd\u2019hui r\u00e9sidence Eden Roc).<\/p>\n<p>\u00ab\u00a0M\u00e9decin au front durant la guerre de 1914-1918, il obtint la Croix de Guerre\u00a0\u00bb, rappelle Roger Reineri dans un projet d\u2019ouvrage consacr\u00e9 au \u00ab\u00a0Ch\u00e2teau Carqueiranne\u00a0\u00bb.<\/p>\n<p>Richet laisse \u00e9galement une \u0153uvre litt\u00e9raire consid\u00e9rable, avec pr\u00e8s de 700 ouvrages, la plupart r\u00e9dig\u00e9s au ch\u00e2teau, entre promenades en for\u00eat et parties de p\u00eache avec son ami le peintre Louis Gaidan.<\/p>\n<p>Circ\u00e9 pi\u00e8ce jou\u00e9e avec Sarah Bernhard en 1905<\/p>\n<p>Outre des essais, romans et recueils de po\u00e9sies, il \u00e9crit aussi pour le th\u00e9\u00e2tre. Sa pi\u00e8ce Circ\u00e9e est jou\u00e9e \u00e0 Monte Carlo en 1905, avec, dans le r\u00f4le-titre, Sarah Bernhard, dont il aurait \u00e9t\u00e9 l\u2019amant.<\/p>\n<p>Par ailleurs, il consacre beaucoup d\u2019\u00e9nergie \u00e0 ce qu\u2019il nommera la m\u00e9tapsychique, \u00ab\u00a0l\u2019\u00e9tude scientifique des ph\u00e9nom\u00e8nes paranormaux li\u00e9s \u00e0 l\u2019esprit\u00a0\u00bb: t\u00e9l\u00e9pathie, voyance, spiritisme. Il exp\u00e9rimente cette \u00ab\u00a0science de l\u2019inhabituel\u00a0\u00bb au ch\u00e2teau et sur l\u2019\u00eele du Grand Ribaud, qu\u2019il ach\u00e8te avec son ami Gaidan pour 16000 francs en 1897. Malgr\u00e9 ses efforts, ses travaux dans ce domaine peinent \u00e0 convaincre.<\/p>\n<p>Parfois en avance sur son temps<\/p>\n<p>Sur d\u2019autres sujets, Charles Richet est en avance sur son temps. D\u00e8s 1892, il soutient la position de L\u00e9on Tolsto\u00ef sur le v\u00e9g\u00e9tarisme (Les mangeurs de viande) et affirme que \u00ab\u00a0notre alimentation est trop abondante. L\u2019alimentation v\u00e9g\u00e9tale est pr\u00e9f\u00e9rable \u00e0 l\u2019alimentation animale\u00a0\u00bb.<\/p>\n<p>D\u00e8s 1932, il se dit favorable au vote des femmes. Personnalit\u00e9 complexe et ambivalente, le savant est aussi admir\u00e9 que controvers\u00e9.<\/p>\n<p>Ses r\u00e9flexions proches de l\u2019eug\u00e9nisme, r\u00e9pandues parmi certains intellectuels et scientifiques \u00e0 la fin du XIX\u1d49, refont surface en 2015 et d\u00e9clenchent une pol\u00e9mique autour de l\u2019homme qui, parall\u00e8lement, avait d\u00e9fendu Dreyfus au c\u00f4t\u00e9 de Zola et co-fond\u00e9 de la Ligue des droits de l\u2019homme.<\/p>\n<p>Le d\u00e9bat, relat\u00e9 dans le Figaro du 20 mars 2015, illustre la complexit\u00e9 de l\u2019intellectuel et la n\u00e9cessit\u00e9 de replacer ses \u00e9crits en perspective de l\u2019int\u00e9gralit\u00e9 de ses positions et dans leur contexte historique. Dans le prochain et dernier \u00e9pisode de la s\u00e9rie consacr\u00e9e au d\u00e9sormais \u00ab\u00a0Ch\u00e2teau Carqueiranne\u00a0\u00bb, il sera question de sa contribution \u00e0 l\u2019histoire de l\u2019a\u00e9ronautique.<\/p>\n<p>Pour tout t\u00e9moignage sur ce patrimoine: histoire@chateaucarqueiranne.com<\/p>\n","protected":false},"excerpt":{"rendered":"De tout temps, le ch\u00e2teau de Carqueiranne, b\u00e2tisse au style difficilement qualifiable, a suscit\u00e9 de nombreuses interrogations. Ancienne&hellip;\n","protected":false},"author":2,"featured_media":353785,"comment_status":"","ping_status":"","sticky":false,"template":"","format":"standard","meta":{"footnotes":""},"categories":[9619],"tags":[1111,11,1777,674,1011,27,12,882,25,2310,3366],"class_list":{"0":"post-353784","1":"post","2":"type-post","3":"status-publish","4":"format-standard","5":"has-post-thumbnail","7":"category-toulon","8":"tag-actu","9":"tag-actualites","10":"tag-eu","11":"tag-europe","12":"tag-fr","13":"tag-france","14":"tag-news","15":"tag-provence-alpes-cote-dazur","16":"tag-republique-francaise","17":"tag-toulon","18":"tag-vie-locale"},"share_on_mastodon":{"url":"https:\/\/pubeurope.com\/@fr\/115115934566087857","error":""},"_links":{"self":[{"href":"https:\/\/www.europesays.com\/fr\/wp-json\/wp\/v2\/posts\/353784","targetHints":{"allow":["GET"]}}],"collection":[{"href":"https:\/\/www.europesays.com\/fr\/wp-json\/wp\/v2\/posts"}],"about":[{"href":"https:\/\/www.europesays.com\/fr\/wp-json\/wp\/v2\/types\/post"}],"author":[{"embeddable":true,"href":"https:\/\/www.europesays.com\/fr\/wp-json\/wp\/v2\/users\/2"}],"replies":[{"embeddable":true,"href":"https:\/\/www.europesays.com\/fr\/wp-json\/wp\/v2\/comments?post=353784"}],"version-history":[{"count":0,"href":"https:\/\/www.europesays.com\/fr\/wp-json\/wp\/v2\/posts\/353784\/revisions"}],"wp:featuredmedia":[{"embeddable":true,"href":"https:\/\/www.europesays.com\/fr\/wp-json\/wp\/v2\/media\/353785"}],"wp:attachment":[{"href":"https:\/\/www.europesays.com\/fr\/wp-json\/wp\/v2\/media?parent=353784"}],"wp:term":[{"taxonomy":"category","embeddable":true,"href":"https:\/\/www.europesays.com\/fr\/wp-json\/wp\/v2\/categories?post=353784"},{"taxonomy":"post_tag","embeddable":true,"href":"https:\/\/www.europesays.com\/fr\/wp-json\/wp\/v2\/tags?post=353784"}],"curies":[{"name":"wp","href":"https:\/\/api.w.org\/{rel}","templated":true}]}}