{"id":353788,"date":"2025-08-30T04:56:23","date_gmt":"2025-08-30T04:56:23","guid":{"rendered":"https:\/\/www.europesays.com\/fr\/353788\/"},"modified":"2025-08-30T04:56:23","modified_gmt":"2025-08-30T04:56:23","slug":"je-netais-pas-destine-a-etre-maire-les-reunions-etaient-animees-deux-anciens-maires-racontent-la-transformation-de-castries","status":"publish","type":"post","link":"https:\/\/www.europesays.com\/fr\/353788\/","title":{"rendered":"\u00ab\u00a0Je n\u2019\u00e9tais pas destin\u00e9 \u00e0 \u00eatre maire\u00a0\u00bb, \u00ab\u00a0Les r\u00e9unions \u00e9taient anim\u00e9es\u00a0\u00bb\u00a0: deux anciens maires racontent la transformation de Castries"},"content":{"rendered":"<p>\n                                                                En un demi-si\u00e8cle de mandats, Paul Brunel (de 1977 \u00e0 1995) puis Maurice Andrieux (de 1995 \u00e0 2001) ont accompagn\u00e9 les grands changements de la commune que l\u2019on conna\u00eet aujourd\u2019hui.\n                            <\/p>\n<p>Ils se sont retir\u00e9s de la vie politique et gardent leurs distances, mais restent des <a href=\"https:\/\/www.midilibre.fr\/herault\/castries\/\" target=\"_self\" rel=\"noopener\">Castriotes <\/a>attentifs \u00e0 la vie de leur village. Bien s\u00fbr. <a href=\"https:\/\/www.midilibre.fr\/2023\/07\/26\/le-square-madou-brunel-inaugure-au-terme-dune-belle-ceremonie-11361885.php\" target=\"_self\" rel=\"noopener\">Paul Brunel<\/a>, aujourd\u2019hui \u00e2g\u00e9 de 92 ans, fut maire de 1977 \u00e0 1995, et<a href=\"https:\/\/www.midilibre.fr\/2024\/01\/30\/president-des-anciens-combattants-maurice-andrieux-passe-la-main-11730207.php\" target=\"_self\" rel=\"noopener\"> Maurice Andrieux<\/a>, 87 ans, de 1995 \u00e0 2001. Ils livrent le t\u00e9moignage historique et pr\u00e9cieux de deux m\u00e9moires vivantes.<\/p>\n<p>\u00ab\u00a0Je n\u2019\u00e9tais pas destin\u00e9 \u00e0 \u00eatre ni conseiller g\u00e9n\u00e9ral ni maire\u00a0!\u00a0\u00bb, confie avec humilit\u00e9 Paul Brunel, n\u00e9 le 21\u00a0janvier 1933 \u00e0 Castries. Pourtant, durant plus de trente ans, il a marqu\u00e9 l\u2019histoire municipale, d\u2019abord comme conseiller g\u00e9n\u00e9ral du canton entre\u00a01972 et\u00a01985, puis comme maire, de 1977 \u00e0 1995.<\/p>\n<p>        <img decoding=\"async\" class=\"std-img__img responsive-img\" src=\"https:\/\/www.europesays.com\/fr\/wp-content\/uploads\/2025\/08\/1756529782_645_image.jpg\" alt=\"Paul Brunel a fait construire la halle aux sports, le dojo, la cr\u00e8che, la r\u00e9sidence pour les personnes \u00e2g\u00e9es,\u00a0etc.\"\/><\/p>\n<p>                Paul Brunel a fait construire la halle aux sports, le dojo, la cr\u00e8che, la r\u00e9sidence pour les personnes \u00e2g\u00e9es,\u00a0etc.<br \/>\n                                    Michel M\u00e9jean<\/p>\n<p>Sous ses trois mandats, la commune a vu sa population doubler, passant de 2\u00a0500 \u00e0 5\u00a0000 habitants. Une croissance qui a impos\u00e9 de nouveaux besoins. \u00ab\u00a0On me demandait des terrains de sport, des salles de r\u00e9union pour les associations\u00a0\u00bb, se souvient l\u2019ancien \u00e9dile. \u00c0 ces attentes, il a r\u00e9pondu par des \u00e9quipements structurants\u00a0: halle aux sports, dojo, cr\u00e8che, r\u00e9sidence pour personnes \u00e2g\u00e9es La Farigoule, hangars pour pompiers et forestiers-sapeurs.<\/p>\n<p>Paul Brunel, visionnaire avec le \u00ab\u00a0bon sens paysan\u00a0\u00bb<\/p>\n<p>Mais son empreinte d\u00e9passe les infrastructures. Visionnaire, il a d\u00e9fendu l\u2019acquisition du domaine de Fondespierre et des terres de la Guesse. \u00ab\u00a0Personne ne me l\u2019avait demand\u00e9, c\u2019\u00e9tait mon choix, se souvient-il. Je ne pouvais concevoir que ces terres partent \u00e0 un promoteur.\u00a0\u00bb<\/p>\n<p>Ce pari s\u2019est transform\u00e9 en projet global\u00a0: un centre de formation, des jardins familiaux, un rucher \u00e9cole, l\u2019entretien de 1\u00a0200 oliviers, sans oublier le Tennis-Padel Club et un centre de loisirs pour les enfants.<\/p>\n<p>Ses regrets\u00a0? L\u2019arr\u00eat des concours d\u2019attelage, ou celui du projet d\u2019un \u00ab\u00a0village des automates\u00a0\u00bb comme \u00e0 Saint-Cannat dans les Bouches-du-Rh\u00f4ne, ou encore le manque de perspectives sur les carri\u00e8res. Mais il reste fid\u00e8le \u00e0 sa m\u00e9thode\u00a0: penser \u00ab\u00a0avec le bon sens paysan\u00a0\u00bb et toujours proposer. \u00ab\u00a0Le maire doit s\u2019entourer de gens qui s\u2019impliquent et ma\u00eetriser l\u2019urbanisation pour \u00e9viter la concentration.\u00a0\u00bb<\/p>\n<p>Aujourd\u2019hui, Paul Brunel se garde de prodiguer des conseils aux \u00e9quipes actuelles. Mais \u00e0 travers ses r\u00e9alisations et \u00e0 la forte implication de feu son \u00e9pouse \u00ab\u00a0Madou\u00a0\u00bb, c\u2019est toute une vision de Castries qu\u2019il a laiss\u00e9e, celle d\u2019un village qui a grandi sans renier son \u00e2me.<\/p>\n<p>Maurice Andrieux \u00e0 l\u2019origine du rond-point Charles-de-Gaulle<\/p>\n<p>D\u2019abord adjoint \u00e0 l\u2019urbanisme d\u00e8s 1983, Maurice Andrieux, n\u00e9 le 27\u00a0avril 1938, a acc\u00e9d\u00e9 \u00e0 la fonction de maire en 1995. Un mandat unique, interrompu en 2001 pour des raisons de sant\u00e9, mais riche en r\u00e9alisations.<\/p>\n<p>Porteur du projet de rond-point d\u2019entr\u00e9e de ville, il l\u2019inaugurera sous le nom \u00ab\u00a0Charles de Gaulle\u00a0\u00bb. Deux ans plus tard, en 1997, il n\u00e9gocie avec le Conseil g\u00e9n\u00e9ral, pr\u00e9sid\u00e9 alors par G\u00e9rard Saumade, l\u2019acquisition des terrains de l\u2019ancienne gendarmerie \u00e0 l\u2019entr\u00e9e de Castries.<\/p>\n<p>        <img decoding=\"async\" class=\"std-img__img responsive-img\" src=\"https:\/\/www.europesays.com\/fr\/wp-content\/uploads\/2025\/08\/1756529782_823_image.jpg\" alt=\"Maurice Andrieux a \u00e9t\u00e9 maire de Castries de 1995 \u00e0 2001.\"\/><\/p>\n<p>                Maurice Andrieux a \u00e9t\u00e9 maire de Castries de 1995 \u00e0 2001.<br \/>\n                                    Michel M\u00e9jean<\/p>\n<p>Son mandat voit aussi l\u2019\u00e9mergence de nombreux projets\u00a0: am\u00e9nagement des jardins familiaux \u00e0 Fondespierre, construction de logements sociaux, cr\u00e9ation du parking des Libert\u00e9s. Mais son \u00ab\u00a0coup de c\u0153ur\u00a0\u00bb reste l\u2019am\u00e9nagement de l\u2019espace Gare et la construction de la nouvelle \u00e9cole de la Guesse, symboles d\u2019un village en pleine transformation.<\/p>\n<p>Conscient de l\u2019\u00e9volution d\u00e9mographique, il met en place la police municipale et fait construire les cuisines des \u00e9coles \u00e0 Marcel-Pagnol. \u00ab\u00a0Il fallait bien adapter les services\u00a0\u00bb, rappelle-t-il. Avec un sourire, il \u00e9voque aussi une \u00e9poque o\u00f9 la vie politique locale se vivait avec intensit\u00e9\u00a0: \u00ab\u00a0Les r\u00e9unions \u00e9taient anim\u00e9es, \u00e7a remuait lors des campagnes \u00e9lectorales et de l\u2019affichage. Mais apr\u00e8s l\u2019\u00e9lection, on reprenait le travail pour la collectivit\u00e9.\u00a0\u00bb<\/p>\n<p>Entre les deux, des divergences politiques<\/p>\n<p>Guid\u00e9 par une conviction gaulliste, Maurice Andrieux se voulait pragmatique\u00a0: au-del\u00e0 des \u00e9tiquettes, l\u2019essentiel \u00e9tait que \u00ab\u00a0chaque projet r\u00e9ponde aux besoins de la population\u00a0\u00bb. Il conserve toutefois quelques regrets\u00a0: ne pas avoir men\u00e9 \u00e0 bien l\u2019extension de la mairie, qui aurait reli\u00e9 le b\u00e2timent principal au service urbanisme, ou encore l\u2019am\u00e9nagement du secteur du foyer Paulet.<\/p>\n<p>        <img decoding=\"async\" class=\"std-img__img responsive-img\" src=\"https:\/\/www.europesays.com\/fr\/wp-content\/uploads\/2025\/08\/1756529783_629_image.jpg\" alt=\"Le complexe sportif du stade Emile-Granier avec le foyer Paulet et la halle aux sports Babeth-Bertaud (\u00e0 gauche).\"\/><\/p>\n<p>                Le complexe sportif du stade Emile-Granier avec le foyer Paulet et la halle aux sports Babeth-Bertaud (\u00e0 gauche).<br \/>\n                                    Michel M\u00e9jean<\/p>\n<p>Avec son pr\u00e9d\u00e9cesseur Paul Brunel, il a connu des divergences politiques, mais garde le souvenir de relations franches et respectueuses. Aujourd\u2019hui retir\u00e9 de la vie publique, il observe avec int\u00e9r\u00eat l\u2019\u00e9volution du village, sans intervenir. \u00ab\u00a0Je me garde de donner des conseils\u00a0\u00bb, dit-il simplement.<br \/>Reste le t\u00e9moignage d\u2019un maire qui aura accompagn\u00e9 Castries sur le chemin de la modernit\u00e9, sans jamais perdre de vue l\u2019int\u00e9r\u00eat collectif.<\/p>\n<p>Correspondant Midi Libre\u00a0: 06\u00a061\u00a097\u00a088\u00a084<\/p>\n","protected":false},"excerpt":{"rendered":"En un demi-si\u00e8cle de mandats, Paul Brunel (de 1977 \u00e0 1995) puis Maurice Andrieux (de 1995 \u00e0 2001)&hellip;\n","protected":false},"author":2,"featured_media":353789,"comment_status":"","ping_status":"","sticky":false,"template":"","format":"standard","meta":{"footnotes":""},"categories":[9599],"tags":[1111,11,1777,674,1011,27,2208,12,2680,25],"class_list":{"0":"post-353788","1":"post","2":"type-post","3":"status-publish","4":"format-standard","5":"has-post-thumbnail","7":"category-montpellier","8":"tag-actu","9":"tag-actualites","10":"tag-eu","11":"tag-europe","12":"tag-fr","13":"tag-france","14":"tag-montpellier","15":"tag-news","16":"tag-occitanie","17":"tag-republique-francaise"},"share_on_mastodon":{"url":"https:\/\/pubeurope.com\/@fr\/115115942623808098","error":""},"_links":{"self":[{"href":"https:\/\/www.europesays.com\/fr\/wp-json\/wp\/v2\/posts\/353788","targetHints":{"allow":["GET"]}}],"collection":[{"href":"https:\/\/www.europesays.com\/fr\/wp-json\/wp\/v2\/posts"}],"about":[{"href":"https:\/\/www.europesays.com\/fr\/wp-json\/wp\/v2\/types\/post"}],"author":[{"embeddable":true,"href":"https:\/\/www.europesays.com\/fr\/wp-json\/wp\/v2\/users\/2"}],"replies":[{"embeddable":true,"href":"https:\/\/www.europesays.com\/fr\/wp-json\/wp\/v2\/comments?post=353788"}],"version-history":[{"count":0,"href":"https:\/\/www.europesays.com\/fr\/wp-json\/wp\/v2\/posts\/353788\/revisions"}],"wp:featuredmedia":[{"embeddable":true,"href":"https:\/\/www.europesays.com\/fr\/wp-json\/wp\/v2\/media\/353789"}],"wp:attachment":[{"href":"https:\/\/www.europesays.com\/fr\/wp-json\/wp\/v2\/media?parent=353788"}],"wp:term":[{"taxonomy":"category","embeddable":true,"href":"https:\/\/www.europesays.com\/fr\/wp-json\/wp\/v2\/categories?post=353788"},{"taxonomy":"post_tag","embeddable":true,"href":"https:\/\/www.europesays.com\/fr\/wp-json\/wp\/v2\/tags?post=353788"}],"curies":[{"name":"wp","href":"https:\/\/api.w.org\/{rel}","templated":true}]}}