{"id":353790,"date":"2025-08-30T04:57:12","date_gmt":"2025-08-30T04:57:12","guid":{"rendered":"https:\/\/www.europesays.com\/fr\/353790\/"},"modified":"2025-08-30T04:57:12","modified_gmt":"2025-08-30T04:57:12","slug":"psg-montpellier-a-quelle-heure-et-sur-quelle-chaine-tv-suivre-le-trophee-des-champions-de-handball","status":"publish","type":"post","link":"https:\/\/www.europesays.com\/fr\/353790\/","title":{"rendered":"PSG-Montpellier : \u00e0 quelle heure et sur quelle cha\u00eene TV suivre le troph\u00e9e des champions de handball ?"},"content":{"rendered":"<p class=\"paragraph text_align_left lp-f-body-02\">Ce n\u2019est plus l\u2019affiche royale du <a href=\"https:\/\/www.leparisien.fr\/sports\/handball\/\" target=\"_blank\" rel=\"noreferrer nofollow noopener\">handball fran\u00e7ais <\/a>m\u00eame si elle r\u00e9unit ses deux clubs les plus titr\u00e9s. Nantes a remplac\u00e9 Montpellier dans la hi\u00e9rarchie juste derri\u00e8re le PSG qui truste tous les titres de champion de France depuis 10 ans.<\/p>\n<blockquote class=\"twitter-tweet\">\n<p lang=\"fr\" dir=\"ltr\">\ud835\udddf\ud835\uddf2 \ud835\uddfd\ud835\uddee\ud835\uddf9\ud835\uddfa\ud835\uddee\ud835\uddff\ud835\uddf2\u0300\ud835\ude00 \ud835\uddf1\ud835\ude02 \ud835\udde7\ud835\uddff\ud835\uddfc\ud835\uddfd\ud835\uddf5\ud835\uddf2\u0301\ud835\uddf2 \ud835\uddf1\ud835\uddf2\ud835\ude00 \ud835\uddd6\ud835\uddf5\ud835\uddee\ud835\uddfa\ud835\uddfd\ud835\uddf6\ud835\uddfc\ud835\uddfb\ud835\ude00 ! \ud83c\udfc6<\/p>\n<p>Tu veux voir le gagnant soulever le troph\u00e9e devant tes yeux ? R\u00e9serve vite tes places pour assister au show ! \u26a1<\/p>\n<p>Un petit pronostic ? \ud83e\udd14 <a href=\"https:\/\/t.co\/0D3lFigBq9\" rel=\"nofollow\">pic.twitter.com\/0D3lFigBq9<\/a><\/p>\n<p>\u2014 Ligue Nationale de Handball (@LNHofficiel) <a href=\"https:\/\/twitter.com\/LNHofficiel\/status\/1955970379622572493?ref_src=twsrc%5Etfw\" rel=\"nofollow noopener\" target=\"_blank\">August 14, 2025<\/a><\/p><\/blockquote>\n<p class=\"paragraph text_align_left lp-f-body-02\">Un PSG-Montpellier reste n\u00e9anmoins un clasico et les deux rivaux historiques se retrouvent ce samedi 30 ao\u00fbt dans l\u2019Arena du Futuroscope pr\u00e8s de Poitiers pour lancer la saison. Le troph\u00e9e des champions, vieux de 15 ans maintenant, oppose le champion de France (le PSG) au vainqueur de la Coupe de France (Montpellier) de la saison pr\u00e9c\u00e9dente.<\/p>\n<p class=\"paragraph text_align_left lp-f-body-02\">Pour l\u2019occasion, c\u2019est aussi un remake de la finale de cette Coupe de France que les joueurs de l\u2019H\u00e9rault avaient remport\u00e9e face au PSG en mai aux tirs au but.<\/p>\n<p class=\"paragraph text_align_left lp-f-body-02\">Le troph\u00e9e des champions n\u2019est \u00e9videmment pas l\u2019\u00e9v\u00e9nement majeur de cette saison qui se terminera d\u00e9but juin. D\u2019ici l\u00e0, les internationaux des deux camps vont disputer plus de 60 matchs et ils auront vite oubli\u00e9 cette mise en bouche. <\/p>\n<p class=\"paragraph text_align_left lp-f-body-02\">Cela reste toutefois un troph\u00e9e et \u00e7a compte. Ici m\u00eame il y a un an, le PSG avait perdu dans les grandes largeurs contre Nantes (36-29) et cela avait lanc\u00e9 sa saison sur une mauvaise note.<\/p>\n<p class=\"paragraph text_align_left lp-f-body-02\">De retour d\u2019une tourn\u00e9e estivale au Japon, le PSG veut donc gagner cette Coupe comme il l\u2019a fait \u00e0 5 reprises depuis 10 ans. Loin de Coubertin, son antre qu\u2019il retrouvera pour le lancement de la Starligue le 6 septembre, le PSG profite aussi de l\u2019occasion pour faire d\u00e9couvrir ses <a href=\"https:\/\/www.leparisien.fr\/sports\/handball\/handball-linternational-noah-gaudin-sengage-avec-le-psg-pour-trois-ans-15-07-2025-GXH7NCTZ75GL7LL26EEOC6M46E.php\" target=\"_blank\" rel=\"noreferrer nofollow noopener\">nouvelles t\u00eates,<\/a> \u00e0 commencer par son international Karl Konan qui a remport\u00e9 la Coupe de France avec\u2026 Montpellier en mai et a depuis chang\u00e9 de camp.<\/p>\n<p class=\"paragraph text_align_left lp-f-body-02\">C\u2019est aussi le premier match officiel du nouveau coach parisien, le Danois Stefan Madsen, qui prend ses marques tout en sachant que \u00ab son \u00bb PSG doit tout gagner. <\/p>\n<p class=\"paragraph text_align_left lp-f-body-02\">On lui rappellera toutefois, pour lui enlever un peu de pression, qu\u2019en 2018 \u00e0 Montb\u00e9liard son pr\u00e9d\u00e9cesseur Raul Gonzalez avait perdu son premier match \u00e0 la t\u00eate du PSG, ce troph\u00e9e des champions justement. Cela ne l\u2019avait pas emp\u00each\u00e9 durant ses 7 ann\u00e9es dans la capitale de tout rafler. Sauf la Ligue des champions.<\/p>\n<p class=\"paragraph text_align_left lp-f-body-02\"><b>Le troph\u00e9e des champions entre le PSG Hand et Montpellier a lieu ce samedi 30 a\u00f4ut \u00e0 partir de 20 heures. Le match est diffus\u00e9 en direct sur beIN Sports 3. <\/b><\/p>\n<p><script async src=\"https:\/\/platform.twitter.com\/widgets.js\" charset=\"utf-8\"><\/script><\/p>\n","protected":false},"excerpt":{"rendered":"Ce n\u2019est plus l\u2019affiche royale du handball fran\u00e7ais m\u00eame si elle r\u00e9unit ses deux clubs les plus titr\u00e9s.&hellip;\n","protected":false},"author":2,"featured_media":353791,"comment_status":"","ping_status":"","sticky":false,"template":"","format":"standard","meta":{"footnotes":""},"categories":[9599],"tags":[1111,11,1777,674,1011,27,1792,2208,12,2680,25,60],"class_list":{"0":"post-353790","1":"post","2":"type-post","3":"status-publish","4":"format-standard","5":"has-post-thumbnail","7":"category-montpellier","8":"tag-actu","9":"tag-actualites","10":"tag-eu","11":"tag-europe","12":"tag-fr","13":"tag-france","14":"tag-handball","15":"tag-montpellier","16":"tag-news","17":"tag-occitanie","18":"tag-republique-francaise","19":"tag-sports"},"share_on_mastodon":{"url":"https:\/\/pubeurope.com\/@fr\/115115946290510812","error":""},"_links":{"self":[{"href":"https:\/\/www.europesays.com\/fr\/wp-json\/wp\/v2\/posts\/353790","targetHints":{"allow":["GET"]}}],"collection":[{"href":"https:\/\/www.europesays.com\/fr\/wp-json\/wp\/v2\/posts"}],"about":[{"href":"https:\/\/www.europesays.com\/fr\/wp-json\/wp\/v2\/types\/post"}],"author":[{"embeddable":true,"href":"https:\/\/www.europesays.com\/fr\/wp-json\/wp\/v2\/users\/2"}],"replies":[{"embeddable":true,"href":"https:\/\/www.europesays.com\/fr\/wp-json\/wp\/v2\/comments?post=353790"}],"version-history":[{"count":0,"href":"https:\/\/www.europesays.com\/fr\/wp-json\/wp\/v2\/posts\/353790\/revisions"}],"wp:featuredmedia":[{"embeddable":true,"href":"https:\/\/www.europesays.com\/fr\/wp-json\/wp\/v2\/media\/353791"}],"wp:attachment":[{"href":"https:\/\/www.europesays.com\/fr\/wp-json\/wp\/v2\/media?parent=353790"}],"wp:term":[{"taxonomy":"category","embeddable":true,"href":"https:\/\/www.europesays.com\/fr\/wp-json\/wp\/v2\/categories?post=353790"},{"taxonomy":"post_tag","embeddable":true,"href":"https:\/\/www.europesays.com\/fr\/wp-json\/wp\/v2\/tags?post=353790"}],"curies":[{"name":"wp","href":"https:\/\/api.w.org\/{rel}","templated":true}]}}