{"id":353792,"date":"2025-08-30T04:59:41","date_gmt":"2025-08-30T04:59:41","guid":{"rendered":"https:\/\/www.europesays.com\/fr\/353792\/"},"modified":"2025-08-30T04:59:41","modified_gmt":"2025-08-30T04:59:41","slug":"ce-nest-pas-le-bon-chemin-a-suivre-lavertissement-de-stephane-moulin-avant-vafc","status":"publish","type":"post","link":"https:\/\/www.europesays.com\/fr\/353792\/","title":{"rendered":"\u00ab\u00a0Ce n&rsquo;est pas le bon chemin \u00e0 suivre\u00a0\u00bb, l&rsquo;avertissement de St\u00e9phane Moulin avant VAFC"},"content":{"rendered":"<p>Globalement hors sujet \u00e0 Orl\u00e9ans, le VAFC a pour ambition de se remettre la t\u00eate \u00e0 l\u2019endroit face au FC Rouen, ce vendredi (19h30) pour le compte de la quatri\u00e8me journ\u00e9e de National. Un match pour lequel St\u00e9phane Moulin r\u00e9cup\u00e8re Ga\u00ebtan Courtet, qui postule au onze de d\u00e9part, tel que l\u2019entra\u00eeneur valenciennois l\u2019a confi\u00e9 dans des propos relay\u00e9s sur la cha\u00eene Youtube du club.<\/p>\n<p>Orl\u00e9ans, un signal d\u2019alerte pour le VAFC<\/p>\n<p>\u00ab\u00a0J\u2019ai dit les choses aux joueurs apr\u00e8s le match d\u2019Orl\u00e9ans. Certaines doivent rester entre nous, parce que \u00e7a les concerne de mani\u00e8re un peu plus \u00ab\u00a0intime\u00a0\u00bb. L\u2019id\u00e9e \u00e9tait de faire bien comprendre que ce n\u2019est pas le bon chemin \u00e0 suivre. Il fallait vite reprendre le bon chemin, vu le week-end d\u2019avant. Pour l\u2019instant, j\u2019esp\u00e8re que ce sera au moins un sur deux sur ce qu\u2019on est capable de proposer. Les r\u00e9sultats, c\u2019est autre chose. Force est de constater que nos r\u00e9sultats de d\u00e9but de saison, en comp\u00e9tition, vont dans le sens des contenus et des performances sur le plan du jeu. Il y a bien une causalit\u00e9.\u00a0\u00bb<\/p>\n<p>Du temps, oui mais\u2026<\/p>\n<p>\u00ab\u00a0Quand on travaille, j\u2019aime bien que \u00e7a se voit. Pour l\u2019instant, je trouve qu\u2019on fait un pas en avant et un pas en arri\u00e8re. Il va falloir un peu de temps pour trouver le bon \u00e9quilibre, la compl\u00e9mentarit\u00e9 dans un premier temps. Pour l\u2019instant, on n\u2019y est pas. Est-ce logique ou illogique ? En attendant, ce n\u2019est pas ce vers quoi je veux aller. J\u2019ai demand\u00e9 une remise en question de leur part, de la n\u00f4tre aussi. Ce n\u2019est pas nous avons gagn\u00e9 et vous avez perdu.<\/p>\n<blockquote>\n<p>On doit \u00eatre en capacit\u00e9 de faire mieux et parfois plus.<\/p>\n<p>Stephane Moulin, entra\u00eeneur du VAFC<\/p><\/blockquote>\n<p>Je suis le responsable de l\u2019\u00e9quipe dans les victoires comme dans les d\u00e9faites. On travaille pour am\u00e9liorer tout ce qui concerne notre jeu collectif. Les joueurs ne se connaissent pas, on ne ne se connaissait pas. On a le sentiment que tout \u00e7a peut \u00eatre r\u00e9gl\u00e9 en un mois et demi. Quand on conna\u00eet bien le football, on sait qu\u2019il faut plus de temps. Maintenant, je n\u2019ai pas envie de me retrancher derri\u00e8re \u00e7a. Quel que soit le nombre de nouveaux joueurs, on doit \u00eatre en capacit\u00e9 de faire mieux et parfois plus.\u00a0\u00bb<\/p>\n<p>Le match contre le FC Rouen<\/p>\n<p>\u00ab\u00a0C\u2019est un adversaire solide, qui ma\u00eetrise bien ce qu\u2019il fait. C\u2019est une \u00e9quipe difficile \u00e0 manoeuvrer, contre laquelle il est difficile de se cr\u00e9er des occasions. Ensuite, ils ont des armes pour profiter des d\u00e9s\u00e9quilibres adverses. Il va falloir faire un match avec de l\u2019intensit\u00e9, mais aussi de l\u2019intelligence pour ne pas leur donner la possibilit\u00e9 de faire ce qu\u2019ils font plut\u00f4t bien jusqu\u2019ici. C\u2019est bien huile et rod\u00e9, c\u2019est pour \u00e7a qu\u2019ils n\u2019ont pas encore perdu. Pour nous, c\u2019est un beau challenge.\u00a0\u00bb<\/p>\n<p>Courtet de retour<\/p>\n<p>\u00ab\u00a0Lo\u00efck Landre, Derrick Abu et Ga\u00ebtan Courtet sont disponibles pour ce matin. El Hadary (Raheriniaina) qui est arriv\u00e9 en d\u00e9but de semaine est \u00e9galement op\u00e9rationnel. Est-ce qu\u2019ils vont d\u00e9buter, je ne sais pas. J\u2019ai essay\u00e9 plusieurs choses. On va continuer \u00e0 travailler et je prendrai mes d\u00e9cisions ensuite. J\u2019aurais aim\u00e9 qu\u2019on prenne un peu plus notre temps avec Ga\u00ebtan, mais on est oblig\u00e9 de bousculer les choses.\u00a0\u00bb<\/p>\n<\/p>\n<p>VAFC \u2013 FC ROUEN<\/p>\n<p>Quatri\u00e8me journ\u00e9e de National<\/p>\n<p>Vendredi 29 ao\u00fbt, 19h30<\/p>\n<p>Stade du Hainaut, Valenciennes<\/p>\n","protected":false},"excerpt":{"rendered":"Globalement hors sujet \u00e0 Orl\u00e9ans, le VAFC a pour ambition de se remettre la t\u00eate \u00e0 l\u2019endroit face&hellip;\n","protected":false},"author":2,"featured_media":353793,"comment_status":"","ping_status":"","sticky":false,"template":"","format":"standard","meta":{"footnotes":""},"categories":[9587],"tags":[1111,11,1777,674,1011,27,12,5161,25,9590],"class_list":{"0":"post-353792","1":"post","2":"type-post","3":"status-publish","4":"format-standard","5":"has-post-thumbnail","7":"category-rouen","8":"tag-actu","9":"tag-actualites","10":"tag-eu","11":"tag-europe","12":"tag-fr","13":"tag-france","14":"tag-news","15":"tag-normandie","16":"tag-republique-francaise","17":"tag-rouen"},"share_on_mastodon":{"url":"https:\/\/pubeurope.com\/@fr\/115115954182953827","error":""},"_links":{"self":[{"href":"https:\/\/www.europesays.com\/fr\/wp-json\/wp\/v2\/posts\/353792","targetHints":{"allow":["GET"]}}],"collection":[{"href":"https:\/\/www.europesays.com\/fr\/wp-json\/wp\/v2\/posts"}],"about":[{"href":"https:\/\/www.europesays.com\/fr\/wp-json\/wp\/v2\/types\/post"}],"author":[{"embeddable":true,"href":"https:\/\/www.europesays.com\/fr\/wp-json\/wp\/v2\/users\/2"}],"replies":[{"embeddable":true,"href":"https:\/\/www.europesays.com\/fr\/wp-json\/wp\/v2\/comments?post=353792"}],"version-history":[{"count":0,"href":"https:\/\/www.europesays.com\/fr\/wp-json\/wp\/v2\/posts\/353792\/revisions"}],"wp:featuredmedia":[{"embeddable":true,"href":"https:\/\/www.europesays.com\/fr\/wp-json\/wp\/v2\/media\/353793"}],"wp:attachment":[{"href":"https:\/\/www.europesays.com\/fr\/wp-json\/wp\/v2\/media?parent=353792"}],"wp:term":[{"taxonomy":"category","embeddable":true,"href":"https:\/\/www.europesays.com\/fr\/wp-json\/wp\/v2\/categories?post=353792"},{"taxonomy":"post_tag","embeddable":true,"href":"https:\/\/www.europesays.com\/fr\/wp-json\/wp\/v2\/tags?post=353792"}],"curies":[{"name":"wp","href":"https:\/\/api.w.org\/{rel}","templated":true}]}}