{"id":353794,"date":"2025-08-30T05:02:12","date_gmt":"2025-08-30T05:02:12","guid":{"rendered":"https:\/\/www.europesays.com\/fr\/353794\/"},"modified":"2025-08-30T05:02:12","modified_gmt":"2025-08-30T05:02:12","slug":"la-compo-probable-de-lasse-pour-affronter-grenoble","status":"publish","type":"post","link":"https:\/\/www.europesays.com\/fr\/353794\/","title":{"rendered":"La compo probable de l&rsquo;ASSE pour affronter Grenoble"},"content":{"rendered":"<p>Pas de Ben Old (choix), Yvann Ma\u00e7on (choix), Dylan Batubinsika (choix), Igor Miladinovic (choix), N\u2019Guessan (reprise), Annan (bless\u00e9), Appiah (bless\u00e9), Bouchouari (bless\u00e9) pour ce match de cl\u00f4ture de la quatri\u00e8me journ\u00e9e de championnat. Incertains avant la rencontre, Zuriko Davitashvili (malade) et A\u00efmen Moueffek (touch\u00e9 \u00e0 la cheville) font bien partie du groupe retenu par Eirik Horneland sur ce match.<\/p>\n<p>Plusieurs questions animent l\u2019avant-match entre St\u00e9phanois et Grenoblois, notamment le joueur qui va pallier \u00e0 la blessure d\u2019Ebenezer Annan. Faute de r\u00e9f\u00e9rence malgr\u00e9 plusieurs sorties durant la pr\u00e9paration, le jeune Traor\u00e9 pourrait passer derri\u00e8re la solution menant \u00e0 Maxime Bernauer, de retour de blessure. \u00c0 ses c\u00f4t\u00e9s, la charni\u00e8re Nad\u00e9-Lamba, Ferreira et bien entendu le capitaine : Larsonneur. Au milieu, si Moueffek touch\u00e9 \u00e0 la cheville en d\u00e9but de semaine est \u00e0 100%, il d\u00e9marrera avec Jaber et Tardieu.<\/p>\n<p>Enfin l\u2019attaque, Horneland a du choix et a fait tourner sur les trois premiers matchs de la saison. Davitashvili, malade en milieu de semaine et Stassin au c\u0153ur des discussions sur le mercato pourraient d\u00e9marrer sur le banc, laissant Cardona, Boakye et Duffus d\u00e9buter dans le Chaudron.<\/p>\n<p><strong>Le groupe de l\u2019ASSE pour affronter Grenoble :<\/strong><\/p>\n<ul>\n<li>Gardiens :\u00a0Maubleu, Larsonneur<\/li>\n<li>D\u00e9fenseurs : Traor\u00e9, Ferreira, Lamba, Nad\u00e9, Bernauer, Stojkovic<\/li>\n<li>Milieux : Gadegbeku, Moueffek, Jaber, Tardieu, El Jamali<\/li>\n<li>Attaquants : Boakye, Cardona, Davitashvili, Duffus, Stassin<\/li>\n<\/ul>\n<blockquote class=\"twitter-tweet\">\n<p dir=\"ltr\" lang=\"fr\">\ud83d\udca5 Des changements dans le groupe de l&rsquo;ASSE pour affronter Grenoble <a href=\"https:\/\/twitter.com\/hashtag\/ASSEGF38?src=hash&amp;ref_src=twsrc%5Etfw\" rel=\"nofollow noopener\" target=\"_blank\">#ASSEGF38<\/a> <a href=\"https:\/\/twitter.com\/hashtag\/ASSE?src=hash&amp;ref_src=twsrc%5Etfw\" rel=\"nofollow noopener\" target=\"_blank\">#ASSE<\/a> <a href=\"https:\/\/t.co\/ie4KKfd2JN\" rel=\"nofollow\">https:\/\/t.co\/ie4KKfd2JN<\/a><\/p>\n<p>\u2014 Envertetcontretous (@Site_Evect) <a href=\"https:\/\/twitter.com\/Site_Evect\/status\/1961459909179892194?ref_src=twsrc%5Etfw\" rel=\"nofollow noopener\" target=\"_blank\">August 29, 2025<\/a><\/p><\/blockquote>\n<p>                  <a href=\"https:\/\/media.unibet.fr\/redirect.aspx?pid=274690&amp;bid=4442\" rel=\"nofollow noopener\" target=\"_blank\"><img decoding=\"async\" src=\"https:\/\/www.europesays.com\/fr\/wp-content\/uploads\/2025\/06\/EVECT10_560x100_V2.gif\" class=\"img-fluid\" alt=\"Pariez sur l'ASSE avec Unibet\" style=\"max-width: auto !important;margin-left: 0 !important;width: 100%;\"\/><\/a><\/p>\n<p>                         <script async src=\"https:\/\/platform.twitter.com\/widgets.js\" charset=\"utf-8\"><\/script><\/p>\n","protected":false},"excerpt":{"rendered":"Pas de Ben Old (choix), Yvann Ma\u00e7on (choix), Dylan Batubinsika (choix), Igor Miladinovic (choix), N\u2019Guessan (reprise), Annan (bless\u00e9),&hellip;\n","protected":false},"author":2,"featured_media":213884,"comment_status":"","ping_status":"","sticky":false,"template":"","format":"standard","meta":{"footnotes":""},"categories":[9566],"tags":[1111,11,2430,1777,674,1011,27,2731,12,25],"class_list":{"0":"post-353794","1":"post","2":"type-post","3":"status-publish","4":"format-standard","5":"has-post-thumbnail","7":"category-grenoble","8":"tag-actu","9":"tag-actualites","10":"tag-auvergne-rhone-alpes","11":"tag-eu","12":"tag-europe","13":"tag-fr","14":"tag-france","15":"tag-grenoble","16":"tag-news","17":"tag-republique-francaise"},"share_on_mastodon":{"url":"https:\/\/pubeurope.com\/@fr\/115115966155765419","error":""},"_links":{"self":[{"href":"https:\/\/www.europesays.com\/fr\/wp-json\/wp\/v2\/posts\/353794","targetHints":{"allow":["GET"]}}],"collection":[{"href":"https:\/\/www.europesays.com\/fr\/wp-json\/wp\/v2\/posts"}],"about":[{"href":"https:\/\/www.europesays.com\/fr\/wp-json\/wp\/v2\/types\/post"}],"author":[{"embeddable":true,"href":"https:\/\/www.europesays.com\/fr\/wp-json\/wp\/v2\/users\/2"}],"replies":[{"embeddable":true,"href":"https:\/\/www.europesays.com\/fr\/wp-json\/wp\/v2\/comments?post=353794"}],"version-history":[{"count":0,"href":"https:\/\/www.europesays.com\/fr\/wp-json\/wp\/v2\/posts\/353794\/revisions"}],"wp:featuredmedia":[{"embeddable":true,"href":"https:\/\/www.europesays.com\/fr\/wp-json\/wp\/v2\/media\/213884"}],"wp:attachment":[{"href":"https:\/\/www.europesays.com\/fr\/wp-json\/wp\/v2\/media?parent=353794"}],"wp:term":[{"taxonomy":"category","embeddable":true,"href":"https:\/\/www.europesays.com\/fr\/wp-json\/wp\/v2\/categories?post=353794"},{"taxonomy":"post_tag","embeddable":true,"href":"https:\/\/www.europesays.com\/fr\/wp-json\/wp\/v2\/tags?post=353794"}],"curies":[{"name":"wp","href":"https:\/\/api.w.org\/{rel}","templated":true}]}}