{"id":353795,"date":"2025-08-30T05:03:10","date_gmt":"2025-08-30T05:03:10","guid":{"rendered":"https:\/\/www.europesays.com\/fr\/353795\/"},"modified":"2025-08-30T05:03:10","modified_gmt":"2025-08-30T05:03:10","slug":"on-a-voulu-quitter-le-centre-ville-lopera-de-rennes-sinstalle-dans-une-ferme-pour-une-representation-inedite","status":"publish","type":"post","link":"https:\/\/www.europesays.com\/fr\/353795\/","title":{"rendered":"\u00ab\u00a0On a voulu quitter le centre-ville\u00a0\u00bb\u00a0: l\u2019Op\u00e9ra de Rennes s\u2019installe dans une ferme pour une repr\u00e9sentation in\u00e9dite"},"content":{"rendered":"<p>L\u2019op\u00e9ra de Rennes s\u2019installe \u00e0 la ferme ce samedi 30 ao\u00fbt ! Pour la premi\u00e8re fois, la structure organise un op\u00e9ra en plein air au c\u0153ur de l\u2019\u00e9comus\u00e9e de la Bintinais aux portes de Rennes. Une repr\u00e9sentation exclusive qui verra jouer la fameuse \u0153uvre \u00ab Rinaldo \u00bb, cr\u00e9\u00e9e en 1711 par Georg Friedrich Haendel.<\/p>\n<p>\u00ab Dragon, poissons fantastiques, magicienne redoutable et chevaliers se donnent rendez-vous \u00e0 la ferme pour une aventure lyrique hors du commun \u00bb, peut-on lire sur le descriptif de l\u2019\u00e9v\u00e9nement.<\/p>\n<p>Sortir des murs<\/p>\n<p>\u00ab On a voulu quitter le centre-ville pour aller toucher un autre public \u00bb, raconte l\u2019Op\u00e9ra de Rennes. Une premi\u00e8re pour la structure qui n\u2019a jamais propos\u00e9 de repr\u00e9sentations hors de son site traditionnel. \u00ab Nous avons eu l\u2019id\u00e9e de faire \u00e7a dans l\u2019\u00e9comus\u00e9e, on leur a propos\u00e9 et ils ont tout de suite \u00e9t\u00e9 enchant\u00e9s ! \u00bb<\/p>\n<p>Des coulisses \u00e0 la vue de tous<\/p>\n<p>Situ\u00e9 dans une ferme, l\u2019\u00e9comus\u00e9e de Bintinais ne ressemble en rien aux traditionnelles salles de spectacle sur\u00e9quip\u00e9es que connait l\u2019Op\u00e9ra. Ainsi, il a fallu s\u2019adapter, et retravailler certains points comme le jeu de lumi\u00e8re. \u00ab Dans une salle, on n\u2019est pas soumis \u00e0 la luminosit\u00e9 naturelle donc \u00e7a a \u00e9t\u00e9 le changement majeur \u00bb. Autre changement et cette fois-ci unique en son genre, le public aura la possibilit\u00e9 de voir l\u2019int\u00e9gralit\u00e9 des coulisses, difficiles \u00e0 cacher au vu de la disposition du site. \u00ab On trouvait \u00e7a vraiment int\u00e9ressant ! Les gens vont pouvoir voir les changements de d\u00e9cors. \u00bb<\/p>\n<p>Pour autant, l\u2019Op\u00e9ra affirme qu\u2019il s\u2019agit des seules modifications qui seront apport\u00e9es \u00e0 la repr\u00e9sentation. \u00ab On est en mesure de transf\u00e9rer tous le mat\u00e9riel, costumes, machines\u2026 Directement sur place. \u00bb Accessible pour les enfants d\u00e8s dix ans, la pi\u00e8ce se veut familiale et marquante gr\u00e2ce \u00e0 ses \u00ab marionnettes fantastiques, machines infernales et effets sp\u00e9ciaux \u00bb.<\/p>\n<p>D\u2019une dur\u00e9e de 2 h 30 entracte comprise, l\u2019op\u00e9ra sera chant\u00e9 enti\u00e8rement en italien. Des sous-titres en fran\u00e7ais seront, comme d\u2019habitude, mis en place pour le public. Sur place, il sera possible de se restaurant pendant l\u2019entracte. C\u00f4t\u00e9 tarif, l\u2019\u00e9v\u00e8nement se veut accessible, avec des entr\u00e9es \u00e0 14 \u20ac par personne ou 5 \u20ac avec la carte Sortir. La billetterie est disponible sur le site de l\u2019Op\u00e9ra de Rennes.<\/p>\n","protected":false},"excerpt":{"rendered":"L\u2019op\u00e9ra de Rennes s\u2019installe \u00e0 la ferme ce samedi 30 ao\u00fbt ! Pour la premi\u00e8re fois, la structure&hellip;\n","protected":false},"author":2,"featured_media":353796,"comment_status":"","ping_status":"","sticky":false,"template":"","format":"standard","meta":{"footnotes":""},"categories":[2821],"tags":[1111,11,829,1777,674,1011,27,848,12,584,25],"class_list":{"0":"post-353795","1":"post","2":"type-post","3":"status-publish","4":"format-standard","5":"has-post-thumbnail","7":"category-rennes","8":"tag-actu","9":"tag-actualites","10":"tag-bretagne","11":"tag-eu","12":"tag-europe","13":"tag-fr","14":"tag-france","15":"tag-ille-et-vilaine","16":"tag-news","17":"tag-rennes","18":"tag-republique-francaise"},"share_on_mastodon":{"url":"https:\/\/pubeurope.com\/@fr\/115115969938254065","error":""},"_links":{"self":[{"href":"https:\/\/www.europesays.com\/fr\/wp-json\/wp\/v2\/posts\/353795","targetHints":{"allow":["GET"]}}],"collection":[{"href":"https:\/\/www.europesays.com\/fr\/wp-json\/wp\/v2\/posts"}],"about":[{"href":"https:\/\/www.europesays.com\/fr\/wp-json\/wp\/v2\/types\/post"}],"author":[{"embeddable":true,"href":"https:\/\/www.europesays.com\/fr\/wp-json\/wp\/v2\/users\/2"}],"replies":[{"embeddable":true,"href":"https:\/\/www.europesays.com\/fr\/wp-json\/wp\/v2\/comments?post=353795"}],"version-history":[{"count":0,"href":"https:\/\/www.europesays.com\/fr\/wp-json\/wp\/v2\/posts\/353795\/revisions"}],"wp:featuredmedia":[{"embeddable":true,"href":"https:\/\/www.europesays.com\/fr\/wp-json\/wp\/v2\/media\/353796"}],"wp:attachment":[{"href":"https:\/\/www.europesays.com\/fr\/wp-json\/wp\/v2\/media?parent=353795"}],"wp:term":[{"taxonomy":"category","embeddable":true,"href":"https:\/\/www.europesays.com\/fr\/wp-json\/wp\/v2\/categories?post=353795"},{"taxonomy":"post_tag","embeddable":true,"href":"https:\/\/www.europesays.com\/fr\/wp-json\/wp\/v2\/tags?post=353795"}],"curies":[{"name":"wp","href":"https:\/\/api.w.org\/{rel}","templated":true}]}}