{"id":353803,"date":"2025-08-30T05:07:12","date_gmt":"2025-08-30T05:07:12","guid":{"rendered":"https:\/\/www.europesays.com\/fr\/353803\/"},"modified":"2025-08-30T05:07:12","modified_gmt":"2025-08-30T05:07:12","slug":"200-millions-deuros-pour-soffrir-le-cap-estel-maisons-hotels-domaines-vinicoles-parfumeries-quels-sont-les-biens-de-bernard-arnault-et-de-lvmh-sur-la-cote-dazur","status":"publish","type":"post","link":"https:\/\/www.europesays.com\/fr\/353803\/","title":{"rendered":"200 millions d&rsquo;euros pour s&rsquo;offrir le Cap Estel: maisons, h\u00f4tels, domaines vinicoles, parfumeries&#8230; quels sont les biens de Bernard Arnault et de LVMH sur la C\u00f4te d\u2019Azur?"},"content":{"rendered":"<p>On conna\u00eet depuis longtemps l\u2019int\u00e9r\u00eat de <strong>Bernard Arnault, pr\u00e9sident-directeur g\u00e9n\u00e9ral du groupe de luxe LVMH<\/strong>\u00a0(leader mondial du secteur), pour la C\u00f4te d\u2019Azur.<\/p>\n<p>On aper\u00e7oit r\u00e9guli\u00e8rement <strong>son m\u00e9ga-yacht de 101 m\u00e8tres,\u00a0<\/strong><a href=\"https:\/\/www.nicematin.com\/environnement\/le-yacht-fantome-de-bernard-arnault-repere-a-eze-853221\" rel=\"nofollow noopener\" target=\"_blank\"><strong>Symphony<\/strong><\/a>, croiser\u00a0entre Monaco et Saint-Tropez. <strong>Les boutiques de ses marques<\/strong> sont partout, aimants d&rsquo;une client\u00e8le ais\u00e9e.<\/p>\n<p>Mais l&rsquo;homme d&rsquo;affaires, <strong>en son nom propre, par le biais de holdings ou avec LVMH<\/strong>, a \u00e9galement investi dans l&rsquo;immobilier dans les Alpes-Maritimes et le Var.<\/p>\n<p><strong>Maison individuelle, h\u00f4tels, restaurants, villa priv\u00e9e ou domaines vinicoles<\/strong>, petit tour d&rsquo;horizon des biens <strong>d\u00e9tenus par chez nous par <a href=\"https:\/\/www.nicematin.com\/economie\/mais-qui-est-devenu-lhomme-le-plus-riche-du-monde-a-la-place-du-francais-bernard-arnault-924366\" rel=\"nofollow noopener\" target=\"_blank\">l&rsquo;homme le plus riche de France<\/a><\/strong> (et 10e le plus riche du monde au 1er ao\u00fbt 2025) et son entreprise.<\/p>\n<p>                                Une maison personnelle<\/p>\n<p>Bernard Arnault poss\u00e8de <strong>une villa dans le domaine priv\u00e9 des Parcs de Saint-Tropez<\/strong>, une enclave exclusive de 200 hectares situ\u00e9e <strong>sur la presqu&rsquo;\u00eele du cap Saint-Pierre. <\/strong><\/p>\n<p>Ce domaine, <strong>am\u00e9nag\u00e9 dans les ann\u00e9es 1950<\/strong>, est s\u00e9curis\u00e9 par des gardiens pr\u00e9sents 24h\/24 et accessible uniquement par une entr\u00e9e contr\u00f4l\u00e9e.<\/p>\n<p>Parmi les r\u00e9sidents notables ont \u00e9galement figur\u00e9\u00a0<strong>Mohammed Al-Fayed ou Lakshmi Mittal.\u00a0<\/strong><\/p>\n<p>La villa du milliardaire, d&rsquo;<strong>une valeur estim\u00e9e \u00e0 40 millions d&rsquo;euros<\/strong>, s&rsquo;\u00e9tend sur environ 400 m\u00b2 et dispose de <strong>sept chambres, cinq salles de bains, d&rsquo;une piscine ext\u00e9rieure<\/strong>, d&rsquo;un court de tennis priv\u00e9, d&rsquo;une salle de cin\u00e9ma, d&rsquo;une salle de sport et d&rsquo;un jacuzzi.<\/p>\n<p>Entour\u00e9e d&rsquo;un jardin paysager luxuriant, elle offre <strong>une vue imprenable sur la mer M\u00e9diterran\u00e9e<\/strong>.<\/p>\n<p>Des h\u00f4tels restaurants<\/p>\n<p><strong>Cap Estel \u00e0 Eze<\/strong><\/p>\n<p>              <img ci-src=\"https:\/\/www.nicematin.com\/economie\/protec\/DATA_ART_16141696-Xn7cQ1wS.jpg?vh=fc6fae&amp;ci_seal=f082d30ddb\" alt=\"\"\/><br \/>\n        Apr\u00e8s Saint-Tropez, Bernard Arnault a poursuivi en juillet 2025 son ancrage sur la French Riviera, avec l\u2019achat du prestigieux Cap Estel \u00e0 \u00c8ze.  <strong>Photo D.G.<\/strong> <\/p>\n<p>Bernard Arnault, via sa soci\u00e9t\u00e9 Agache, <strong>vient d\u2019acqu\u00e9rir en juillet 2025 pour 200 millions d&rsquo;euros<\/strong>\u00a0l\u2019h\u00f4tel Cap Estel \u00e0 \u00c8ze, joyau h\u00f4telier de la C\u00f4te d\u2019Azur.<\/p>\n<p>Nich\u00e9 sur un promontoire confidentiel, <strong>cet \u00e9tablissement cinq-\u00e9toiles compte 28 chambres et suites<\/strong>, un spa, une piscine et un vaste parc.<\/p>\n<p><strong>Construit en 1899 par l\u2019\u00e9crivain Franck Harris<\/strong>, ami d\u2019Oscar Wilde, le site passa entre les mains du comte M\u00e9ry de la Canorgue, du Russe Stroganoff, puis de l\u2019armateur grec Andr\u00e9 Embiricos.<\/p>\n<p>Devenu <strong>h\u00f4tel de luxe en 1951 sous Robert Squarciafichi<\/strong>, il accueillit Greta Garbo, les Beatles ou Anthony Quinn.<\/p>\n<p>R\u00e9nov\u00e9 en 2000 par un propri\u00e9taire russe, <strong>il a conserv\u00e9 son charme Belle \u00c9poque<\/strong>. Depuis avril 2025, le chef K\u00e9vin Garcia y dirige les cuisines.<\/p>\n<p><strong>Cheval Blanc \u00e0 Saint-Tropez<\/strong><\/p>\n<p>              <img ci-src=\"https:\/\/www.nicematin.com\/economie\/cheval-blanc-st-tropez-MfadeuU3.jpg?vh=3dc33e&amp;ci_seal=2c0f3aeb0c\" alt=\"\"\/><br \/>\n        L&rsquo;h\u00f4tel Cheval Blanc \u00e0 Saint-Tropez. <strong>DR.<\/strong> <\/p>\n<p>En mai 2019, <strong>Bernard Arnault a inaugur\u00e9 le Cheval Blanc Saint-Tropez<\/strong>, transformation de l\u2019embl\u00e9matique R\u00e9sidence de la Pin\u00e8de, acquise en 2016 par LVMH.<\/p>\n<p>Situ\u00e9 sur la plage de la Bouillabaisse, <strong>cet h\u00f4tel cinq \u00e9toiles allie \u00e9l\u00e9gance m\u00e9diterran\u00e9enne et design contemporain<\/strong> sign\u00e9 Jean-Michel Wilmotte.<\/p>\n<p>Avec 30 chambres et suites, dont la Villa Riviera et ses 400 m\u00b2, l\u2019\u00e9tablissement offre <strong>une vue panoramique sur la mer<\/strong>, une plage priv\u00e9e, un spa Guerlain, une piscine chauff\u00e9e et <a href=\"https:\/\/www.nicematin.com\/conso-shopping\/une-nouvelle-etoile-pour-arnaud-donckele-a-saint-tropez-980255\" rel=\"nofollow noopener\" target=\"_blank\">le restaurant triplement \u00e9toil\u00e9 La Vague d\u2019Or<\/a>, dirig\u00e9 par le chef Arnaud Donckele.<\/p>\n<p>Ce dernier dirige \u00e9galement un autre \u00e9toil\u00e9 \u00e0 Saint-Tropez,\u00a0<strong>avec son \u00ab\u00a0Restaurant Arnaud Donckele &amp; Maxime Fr\u00e9d\u00e9ric at Louis Vuitton\u00a0\u00bb, <\/strong>au White 1921 (lire-ci-dessous).\u00a0<\/p>\n<p>Un nom de table qui confirme\u00a0<strong>l&rsquo;omnipr\u00e9sence de LVMH dans la r\u00e9gion<\/strong>, <a href=\"https:\/\/www.courrierinternational.com\/article\/vu-du-royaume-uni-c-est-devenu-lvmh-ville-a-saint-tropez-les-locaux-en-revolte-contre-la-mainmise-des-super-riches\" target=\"_blank\" rel=\"noopener nofollow\">avec ses multiples boutiques habillant le c\u0153ur de ville<\/a>.<\/p>\n<p><strong>White 1921 \u00e0 Saint-Tropez<\/strong><\/p>\n<p>Adresse mythique de la Place des Lices, <strong>le White 1921 est un boutique-h\u00f4tel g\u00e9r\u00e9 par LVMH<\/strong>, anciennement connu sous le nom de Maison Blanche.<\/p>\n<p>Il propose sept chambres et suites, d\u00e9cor\u00e9es <strong>dans un style contemporain,<\/strong> avec une s\u00e9lection d\u2019objets design et des touches color\u00e9es.<\/p>\n<p>Son bar\/resto, \u00ab\u00a0Restaurant Arnaud Donckele &amp; Maxime Fr\u00e9d\u00e9ric at Louis Vuitton\u00a0\u00bb<strong>,\u00a0<\/strong><a href=\"https:\/\/www.nicematin.com\/conso-shopping\/une-nouvelle-etoile-pour-arnaud-donckele-a-saint-tropez-980255\" rel=\"nofollow noopener\" target=\"_blank\"><strong>a<\/strong> <strong>re\u00e7u fin mars 2025 sa premi\u00e8re \u00e9toile au guide Michelin<\/strong><\/a>.<\/p>\n<p>Une b\u00e2tisse d\u00e9di\u00e9e aux \u00e9v\u00e9nements du groupe de luxe<\/p>\n<p><strong>La Villa Bagatelle \u00e0 Cannes<\/strong><\/p>\n<p>              <img ci-src=\"https:\/\/www.nicematin.com\/economie\/villa+bagatelle+cannes-cKV5altL.PNG?vh=44edef&amp;ci_seal=f0be6d66cb\" alt=\"\"\/><br \/>\n        La Villa Bagatelle \u00e0 Cannes, centre n\u00e9vralgique des soir\u00e9es cannoises du groupe LVMH. <strong>DR.<\/strong> <\/p>\n<p>La Villa Bagatelle est une propri\u00e9t\u00e9 embl\u00e9matique du quartier de La Californie \u00e0 Cannes, <strong>acquise par LVMH en avril 2024 pour 46,5 millions d\u2019euros<\/strong>.<\/p>\n<p>Cet \u00e9difice Art d\u00e9co de 3.000\u202fm\u00b2, avec <strong>douze chambres, trois piscines et un spa<\/strong>, est utilis\u00e9 pour les \u00e9v\u00e9nements exclusifs des marques du groupe.<\/p>\n<p>En effet, LVMH investit les lieux pour organiser des expositions et des soir\u00e9es pour ses maisons (Louis Vuitton, Dior, Mo\u00ebt &amp; Chandon&#8230;), <strong>en particulier pendant le Festival de Cannes et Cannes Lions<\/strong>.<\/p>\n<p>Le reste de l&rsquo;ann\u00e9e, <strong>l&rsquo;immense maison est propos\u00e9e \u00e0 la location\u00a0<\/strong>\u00e0 de fortun\u00e9s voyageurs.<\/p>\n<p>Les domaines vinicoles: le ros\u00e9 en majest\u00e9<\/p>\n<p>Avec Galoupet, Minuty et Esclans, LVMH a consolid\u00e9 depuis 2019 <strong>son assise varoise et sa volont\u00e9 de positionner le vin ros\u00e9 comme un produit de luxe<\/strong>, port\u00e9 par l\u2019export.<\/p>\n<p>              <img ci-src=\"https:\/\/www.nicematin.com\/economie\/maxmatinarchtwo097650-iY6iNBkZ.jpg?vh=73a9c9&amp;ci_seal=705ff82f99\" alt=\"\"\/><br \/>\n        Le Chateau Jas d&rsquo;Esclans \u00e0 La Motte, propri\u00e9t\u00e9 de LVMH, fait partie du dossier sp\u00e9cial sur les 70 ans des Crus Class\u00e9s en Provence.  <strong>Photo ABJ.<\/strong> <\/p>\n<p><strong>Ch\u00e2teau d&rsquo;Esclans<\/strong><\/p>\n<p>En 2019, Bernard Arnault, via Mo\u00ebt Hennessy, <a href=\"https:\/\/www.nicematin.com\/economie\/le-groupe-lvmh-de-bernard-arnault-nouveau-proprietaire-du-chateau-desclans-435625\" rel=\"nofollow noopener\" target=\"_blank\">est entr\u00e9 <\/a><strong>majoritairement au capital du Ch\u00e2teau d\u2019Esclans \u00e0 La Motte<\/strong><\/p>\n<p>LVMH a ensuite renforc\u00e9 ses positions en <strong>rachetant en 2023 la totalit\u00e9 des parts d\u2019Herv\u00e9 Vinciguerra,<\/strong> ainsi que 5% de celles de Sacha Lichine.<\/p>\n<p><strong>C\u00e9l\u00e8bre pour Whispering Angel, ros\u00e9 le plus vendu aux \u00c9tats-Unis,<\/strong> et Garrus (longtemps consid\u00e9r\u00e9 comme le ros\u00e9 le plus cher du monde), <strong>le domaine s\u2019\u00e9tend sur 260 hectares, dont 44 en production.<\/strong><\/p>\n<p>Avec cette op\u00e9ration, Esclans est devenu <strong>l\u2019un des piliers strat\u00e9giques du portefeuille ros\u00e9 de LVMH<\/strong>, aux c\u00f4t\u00e9s de Minuty et Galoupet (lire ci-dessous).<\/p>\n<p>Derri\u00e8re l\u2019image glamour, <strong>le mod\u00e8le inqui\u00e8te toutefois les vignerons locaux<\/strong>, qui d\u00e9noncent la flamb\u00e9e du foncier et la concentration aux mains de g\u00e9ants financiers.<\/p>\n<p><strong>Le Jas d&rsquo;Esclans<\/strong><\/p>\n<p>La vente, cens\u00e9e rester confidentielle, avait \u00e9t\u00e9 <strong>r\u00e9v\u00e9l\u00e9e en 2023 par la Conf\u00e9d\u00e9ration paysanne<\/strong>, qui d\u00e9non\u00e7ait alors une sp\u00e9culation fonci\u00e8re et <strong>le risque d\u2019un quasi-monopole de LVMH dans cette vall\u00e9e<\/strong>.<\/p>\n<p>Le Jas d\u2019Esclans, <strong>cru class\u00e9 de Provence rachet\u00e9 par Mo\u00ebt Hennessy<\/strong>, vit depuis une profonde mutation.<\/p>\n<p>Anciennement dirig\u00e9 par Matthieu de Wulf, adepte des rouges bio, <strong>le domaine de La Motte est d\u00e9sormais recentr\u00e9 sur le ros\u00e9<\/strong>, ADN du voisin Ch\u00e2teau d\u2019Esclans.<\/p>\n<p>Depuis la reprise, <strong>deux mill\u00e9simes n\u2019ont pas \u00e9t\u00e9 commercialis\u00e9s et une partie des 55 hectares a \u00e9t\u00e9 arrach\u00e9e<\/strong> pour \u00eatre replant\u00e9e en grenache et rolle.<\/p>\n<p>Historiquement s\u00e9par\u00e9 du ch\u00e2teau en 1939, <strong>le Jas avait acquis une notori\u00e9t\u00e9 ind\u00e9pendante<\/strong> en rejoignant le cercle ferm\u00e9 des crus class\u00e9s de 1955.<\/p>\n<p>L&rsquo;objectif affich\u00e9 \u00e9tait donc est clair: <strong>r\u00e9unifier les deux propri\u00e9t\u00e9s et absorber le Jas<\/strong>, <a href=\"https:\/\/www.varmatin.com\/vie-locale\/rachete-en-2023-par-le-groupe-lvmh-le-cru-classe-jas-d-esclans-appele-a-disparaitre--978233\" rel=\"nofollow noopener\" target=\"_blank\">dont l\u2019identit\u00e9 propre pourrait dispara\u00eetre<\/a>.<\/p>\n<p><strong>Ch\u00e2teau Galoupet<\/strong><\/p>\n<p>En 2019, <a href=\"https:\/\/www.nicematin.com\/economie\/le-groupe-lvmh-de-bernard-arnault-nouveau-proprietaire-du-chateau-desclans-435625\" rel=\"nofollow noopener\" target=\"_blank\">Mo\u00ebt Hennessy (LVMH) a acquis le Ch\u00e2teau Galoupet<\/a>, <strong>cru class\u00e9 de Provence situ\u00e9 \u00e0 La Londe-les-Maures<\/strong>, toujours dans le Var.<\/p>\n<p><strong>Ce domaine de 69 hectares de vignes<\/strong>, sur un terroir dominant les \u00eeles d\u2019Hy\u00e8res, \u00e9tait en sommeil depuis plusieurs ann\u00e9es.<\/p>\n<p>Le groupe de Bernard Arnault a lanc\u00e9 <strong>un vaste chantier de r\u00e9novation<\/strong>: conversion int\u00e9grale \u00e0 l\u2019agriculture biologique, r\u00e9habilitation du vignoble et des b\u00e2timents, avec pour objectif de faire de Galoupet \u00ab\u00a0un mod\u00e8le de viticulture durable\u00a0\u00bb.<\/p>\n<p><strong>La premi\u00e8re cuv\u00e9e sign\u00e9e LVMH est sortie en 2021<\/strong>, pr\u00e9sent\u00e9e dans une bouteille \u00e9co-con\u00e7ue, en verre recycl\u00e9 et recyclable, marquant une rupture dans l\u2019univers des grands ros\u00e9s.<\/p>\n<p>L&rsquo;ann\u00e9e suivante, <strong>c&rsquo;est une bouteille plate en plastique<\/strong> <a href=\"https:\/\/www.varmatin.com\/conso-shopping\/un-celebre-vignoble-du-var-repris-par-lvmh-commercialise-son-rose-dans-une-bouteille-plate-en-plastique-778903\" rel=\"nofollow noopener\" target=\"_blank\">qui a fait scandale<\/a>.<\/p>\n<p><strong>Ch\u00e2teau Minuty<\/strong><\/p>\n<p>Ch\u00e2teau Minuty, cru class\u00e9 des C\u00f4tes de Provence, <a href=\"https:\/\/www.varmatin.com\/economie\/loffensive-du-leader-mondial-du-luxe-lvmh-sur-les-vignobles-du-var-828257\" rel=\"nofollow noopener\" target=\"_blank\"><strong>est pass\u00e9 en 2023 sous le contr\u00f4le majoritaire de Mo\u00ebt Hennessy<\/strong><\/a>.<\/p>\n<p><strong>Cette success-story trop\u00e9zienne n\u00e9e en 1936<\/strong> est aujourd\u2019hui un embl\u00e8me mondial du ros\u00e9, avec <strong>9 millions de bouteilles vendues en 2022<\/strong>, dont 80 % de l\u2019entr\u00e9e de gamme M.<\/p>\n<p>L\u2019iconique \u00ab\u00a0cuv\u00e9e 281\u00a0\u00bb, flacon bleu Pantone,<strong> incarne son positionnement premium.<\/strong><\/p>\n<p>Le groupe de Bernard Arnault aurait <strong>d\u00e9bours\u00e9 pr\u00e8s de 300 millions d\u2019euros pour ce joyau<\/strong>, troisi\u00e8me cru class\u00e9 varois \u00e0 rejoindre son portefeuille.<\/p>\n<p><strong>La famille Matton-Farnet, quatri\u00e8me g\u00e9n\u00e9ration<\/strong>, a conserv\u00e9 la direction. Mais l\u2019op\u00e9ration a <strong>raviv\u00e9 la col\u00e8re des vignerons ind\u00e9pendants<\/strong>, d\u00e9non\u00e7ant la flamb\u00e9e des prix du foncier et l\u2019accaparement par des g\u00e9ants financiers, qui fragilise la transmission familiale.<\/p>\n<p>              <img ci-src=\"https:\/\/www.nicematin.com\/economie\/Capture-G9si47Vg.PNG?vh=52a363&amp;ci_seal=7575177db3\" alt=\"\"\/><br \/>\n        La culture de Rosa xcentifolia, qui entre dans la composition de nombreux parfums. <strong>Photo Philippe Arnassan.<\/strong> <\/p>\n<p>                                LVMH d\u00e9j\u00e0 au parfum<\/p>\n<p>LVMH cultivait en premier lieu\u00a0<strong>un ancrage historique dans les Alpes-Maritimes et le Var<\/strong> \u00e0 travers la parfumerie de prestige.<\/p>\n<p>Le groupe de Bernard Arnault, <strong>via sa filiale \u00ab\u00a0Parfums Christian Dior\u00a0\u00bb<\/strong>, a acquis en 2013 <strong>le Ch\u00e2teau de la Colle Noire<\/strong>, situ\u00e9 \u00e0 Montauroux, <strong>aupr\u00e8s de la famille h\u00e9riti\u00e8re de Christian Dior. <\/strong><\/p>\n<p>Apr\u00e8s plusieurs d\u00e9cennies d\u2019abandon, <strong>ce domaine (que Dior avait rachet\u00e9 lui-m\u00eame en 1951)<\/strong>, a fait l\u2019objet d\u2019une restauration restituant \u00e0 l\u2019identique l\u2019atmosph\u00e8re d\u2019origine voulue par le couturier-parfumeur. Elle\u00a0a \u00e9t\u00e9 <strong>achev\u00e9e et inaugur\u00e9e officiellement en mai 2016.<\/strong><\/p>\n<p>\u00c0 Grasse, <strong>LVMH avait aussi acquis et restaur\u00e9 cette m\u00eame ann\u00e9e Les Fontaines parfum\u00e9es<\/strong>, vaste bastide du XVII\u1d49 si\u00e8cle devenue un centre de cr\u00e9ation partag\u00e9 par Dior et Louis Vuitton, ou des nez locaux\u00a0cr\u00e9ent les fragrances de la maison.<\/p>\n","protected":false},"excerpt":{"rendered":"On conna\u00eet depuis longtemps l\u2019int\u00e9r\u00eat de Bernard Arnault, pr\u00e9sident-directeur g\u00e9n\u00e9ral du groupe de luxe LVMH\u00a0(leader mondial du secteur),&hellip;\n","protected":false},"author":2,"featured_media":353804,"comment_status":"","ping_status":"","sticky":false,"template":"","format":"standard","meta":{"footnotes":""},"categories":[2819],"tags":[1111,11,33,1777,674,1011,27,12,2401,882,25],"class_list":{"0":"post-353803","1":"post","2":"type-post","3":"status-publish","4":"format-standard","5":"has-post-thumbnail","7":"category-nice","8":"tag-actu","9":"tag-actualites","10":"tag-economie","11":"tag-eu","12":"tag-europe","13":"tag-fr","14":"tag-france","15":"tag-news","16":"tag-nice","17":"tag-provence-alpes-cote-dazur","18":"tag-republique-francaise"},"share_on_mastodon":{"url":"https:\/\/pubeurope.com\/@fr\/115115985828905818","error":""},"_links":{"self":[{"href":"https:\/\/www.europesays.com\/fr\/wp-json\/wp\/v2\/posts\/353803","targetHints":{"allow":["GET"]}}],"collection":[{"href":"https:\/\/www.europesays.com\/fr\/wp-json\/wp\/v2\/posts"}],"about":[{"href":"https:\/\/www.europesays.com\/fr\/wp-json\/wp\/v2\/types\/post"}],"author":[{"embeddable":true,"href":"https:\/\/www.europesays.com\/fr\/wp-json\/wp\/v2\/users\/2"}],"replies":[{"embeddable":true,"href":"https:\/\/www.europesays.com\/fr\/wp-json\/wp\/v2\/comments?post=353803"}],"version-history":[{"count":0,"href":"https:\/\/www.europesays.com\/fr\/wp-json\/wp\/v2\/posts\/353803\/revisions"}],"wp:featuredmedia":[{"embeddable":true,"href":"https:\/\/www.europesays.com\/fr\/wp-json\/wp\/v2\/media\/353804"}],"wp:attachment":[{"href":"https:\/\/www.europesays.com\/fr\/wp-json\/wp\/v2\/media?parent=353803"}],"wp:term":[{"taxonomy":"category","embeddable":true,"href":"https:\/\/www.europesays.com\/fr\/wp-json\/wp\/v2\/categories?post=353803"},{"taxonomy":"post_tag","embeddable":true,"href":"https:\/\/www.europesays.com\/fr\/wp-json\/wp\/v2\/tags?post=353803"}],"curies":[{"name":"wp","href":"https:\/\/api.w.org\/{rel}","templated":true}]}}