{"id":353805,"date":"2025-08-30T05:08:09","date_gmt":"2025-08-30T05:08:09","guid":{"rendered":"https:\/\/www.europesays.com\/fr\/353805\/"},"modified":"2025-08-30T05:08:09","modified_gmt":"2025-08-30T05:08:09","slug":"son-proprietaire-serait-tres-connu","status":"publish","type":"post","link":"https:\/\/www.europesays.com\/fr\/353805\/","title":{"rendered":"son propri\u00e9taire serait tr\u00e8s connu"},"content":{"rendered":"<p>            Par<br \/>\n        <strong><br \/>\n            <a href=\"https:\/\/actu.fr\/auteur\/manon-reinhardt\" title=\"Consulter tous les articles de Manon Reinhardt\" rel=\"nofollow noopener\" target=\"_blank\">Manon Reinhardt<\/a><br \/>\n        <\/strong><\/p>\n<p>        Publi\u00e9 le<\/p>\n<p>            30 ao\u00fbt 2025 \u00e0 6h34        <\/p>\n<p>Qui n\u2019aurait pas envie d\u2019aller y s\u00e9journer\u2009? Le luxueux bateau, le \u00ab\u2009Breakthrough\u2009\u00bb, mouille sur la C\u00f4te d\u2019Azur depuis le d\u00e9but de l\u2019\u00e9t\u00e9 et a r\u00e9cemment \u00e9t\u00e9 aper\u00e7u \u00e0 Monaco, pr\u00e8s de <a href=\"https:\/\/actu.fr\/provence-alpes-cote-d-azur\/nice_06088\" rel=\"nofollow noopener\" target=\"_blank\">Nice<\/a> (<a href=\"https:\/\/actu.fr\/provence-alpes-cote-d-azur\/alpes-maritimes_06\" rel=\"nofollow noopener\" target=\"_blank\">Alpes-Maritimes<\/a>).<\/p>\n<p class=\" wall-content\">Tr\u00e8s remarqu\u00e9, ce mastodonte des mers n\u2019est autre que l\u2019unique yacht qui fonctionne \u00e0 l\u2019hydrog\u00e8ne au monde. Il est actuellement en vente. Et ce dernier appartiendrait \u00e0 <strong>une personnalit\u00e9 mondialement connue<\/strong>, qui a longtemps figur\u00e9 parmi les plus riches de la plan\u00e8te.<\/p>\n<p>Il stationne dans le port de Vauban \u00e0 Antibes<\/p>\n<p class=\" wall-content\">Il faut dire que le luxe a \u00e9t\u00e9 pouss\u00e9 \u00e0 son paroxysme. Beach club, piscine, suites avec terrasse sur l\u2019eau, salon semi-immerg\u00e9, h\u00e9liport\u2026 Le gigantesque yacht de 118\u00a0m\u00e8tres, le \u00ab\u2009Breakthrough\u2009\u00bb, se trouvait sur la C\u00f4te d\u2019Azur cet \u00e9t\u00e9, comme l\u2019ont remarqu\u00e9 nos confr\u00e8res de <a href=\"https:\/\/www.nicematin.com\/technologie\/derriere-le-premier-yacht-a-hydrogene-au-monde-l-ombre-de-bill-gates-au-port-vauban-d-antibes-993021\" rel=\"nofollow noopener\" target=\"_blank\">Nice-Matin<\/a>, et mouille toujours dans le port de Vauban \u00e0 Antibes. Le prix de ce g\u00e9ant des mers est fix\u00e9 \u00e0 <strong>645\u00a0millions de dollars<\/strong>.<\/p>\n<p class=\" wall-content\">\n<p class=\" wall-content\">C\u2019est en tout cas ce que Bill Gates, le propri\u00e9taire pr\u00e9sum\u00e9, aurait d\u00e9bours\u00e9. Mais l\u2019entrepreneur am\u00e9ricain, fondateur de Microsoft, <strong>n\u2019a jamais confirm\u00e9 son achat.<\/strong> Il\u00a0souhaiterait m\u00eame garder l\u2019anonymat, d\u2019apr\u00e8s le journal r\u00e9gional.<\/p>\n<p class=\" wall-content\">\u00ab\u2009Je ne peux pas vous parler du propri\u00e9taire ni du bateau, un contrat de confidentialit\u00e9 m\u2019emp\u00eache de vous en dire davantage\u2009\u00bb, a notamment d\u00e9clar\u00e9 Didier Ochs, directeur d\u2019exploitation du port.<\/p>\n<p>Le seul yacht \u00e0 hydrog\u00e8ne au monde, d\u00e9j\u00e0 en vente<\/p>\n<p class=\" wall-content\">Unique au monde, le yacht est le seul au monde \u00e0 fonctionner \u00e0 l\u2019hydrog\u00e8ne. Un syst\u00e8me particuli\u00e8rement ing\u00e9nieux qui lui permet de naviguer sans rejeter d\u2019\u00e9missions.<\/p>\n<p class=\" wall-content\">Livr\u00e9 il y a seulement quelques mois, cet extraordinaire bateau serait pourtant <strong>d\u00e9j\u00e0 en vente<\/strong>. C\u2019est \u00ab\u2009Edmiston and Company\u2009\u00bb qui est en charge de lui trouver un repreneur. Sur <a href=\"https:\/\/www.edmiston.com\/3300\/breakthrough-yacht-for-sale\/\" rel=\"nofollow noopener\" target=\"_blank\">son annonce internet<\/a>, le site d\u00e9crit le navire comme \u00ab\u2009le yacht le plus extraordinaire jamais construit\u2009\u00bb.<\/p>\n<p>Votre r\u00e9gion, votre actu !<\/p>\n<p>Recevez chaque jour les infos qui comptent pour vous.<\/p>\n<p>\t<a href=\"https:\/\/actu.fr\/newsletter\" class=\"ac-btn ac-btn--corner ac-btn--medium ac-btn--blue800\" rel=\"nofollow noopener\" target=\"_blank\">S&rsquo;incrire<\/a><\/p>\n<p class=\" wall-content\">\n<p class=\" wall-content\">Toujours selon Nice-Matin, il devrait \u00eatre pr\u00e9sent\u00e9 durant le tr\u00e8s attendu <a href=\"https:\/\/www.monacoyachtshow.com\/\" rel=\"nofollow noopener\" target=\"_blank\">Monaco Yacht Show<\/a> qui se tiendra du 24 au 27\u00a0septembre prochain. Il ne devrait donc pas quitter la C\u00f4te d\u2019Azur tout de suite.<\/p>\n<p class=\" wall-content\">Personnalisez votre actualit\u00e9 en ajoutant vos villes et m\u00e9dias en favori avec <a href=\"https:\/\/moncompte.actu.fr\" title=\"D\u00e9couvez Mon Actu\" rel=\"nofollow noopener\" data-trk=\"{&quot;cta&quot;:{&quot;action&quot;:&quot;https:\\\/\\\/moncompte.actu.fr&quot;,&quot;category&quot;:&quot;mon compte&quot;,&quot;from&quot;:&quot;article footer&quot;,&quot;name&quot;:&quot;Mon actu&quot;,&quot;type&quot;:&quot;cta&quot;}}\" target=\"_blank\">Mon Actu<\/a>.<\/p>\n","protected":false},"excerpt":{"rendered":"Par Manon Reinhardt Publi\u00e9 le 30 ao\u00fbt 2025 \u00e0 6h34 Qui n\u2019aurait pas envie d\u2019aller y s\u00e9journer\u2009? Le&hellip;\n","protected":false},"author":2,"featured_media":353806,"comment_status":"","ping_status":"","sticky":false,"template":"","format":"standard","meta":{"footnotes":""},"categories":[2819],"tags":[1111,11,1777,674,1011,27,1757,12,2401,882,25],"class_list":{"0":"post-353805","1":"post","2":"type-post","3":"status-publish","4":"format-standard","5":"has-post-thumbnail","7":"category-nice","8":"tag-actu","9":"tag-actualites","10":"tag-eu","11":"tag-europe","12":"tag-fr","13":"tag-france","14":"tag-insolite","15":"tag-news","16":"tag-nice","17":"tag-provence-alpes-cote-dazur","18":"tag-republique-francaise"},"share_on_mastodon":{"url":"https:\/\/pubeurope.com\/@fr\/115115989614001904","error":""},"_links":{"self":[{"href":"https:\/\/www.europesays.com\/fr\/wp-json\/wp\/v2\/posts\/353805","targetHints":{"allow":["GET"]}}],"collection":[{"href":"https:\/\/www.europesays.com\/fr\/wp-json\/wp\/v2\/posts"}],"about":[{"href":"https:\/\/www.europesays.com\/fr\/wp-json\/wp\/v2\/types\/post"}],"author":[{"embeddable":true,"href":"https:\/\/www.europesays.com\/fr\/wp-json\/wp\/v2\/users\/2"}],"replies":[{"embeddable":true,"href":"https:\/\/www.europesays.com\/fr\/wp-json\/wp\/v2\/comments?post=353805"}],"version-history":[{"count":0,"href":"https:\/\/www.europesays.com\/fr\/wp-json\/wp\/v2\/posts\/353805\/revisions"}],"wp:featuredmedia":[{"embeddable":true,"href":"https:\/\/www.europesays.com\/fr\/wp-json\/wp\/v2\/media\/353806"}],"wp:attachment":[{"href":"https:\/\/www.europesays.com\/fr\/wp-json\/wp\/v2\/media?parent=353805"}],"wp:term":[{"taxonomy":"category","embeddable":true,"href":"https:\/\/www.europesays.com\/fr\/wp-json\/wp\/v2\/categories?post=353805"},{"taxonomy":"post_tag","embeddable":true,"href":"https:\/\/www.europesays.com\/fr\/wp-json\/wp\/v2\/tags?post=353805"}],"curies":[{"name":"wp","href":"https:\/\/api.w.org\/{rel}","templated":true}]}}