{"id":353809,"date":"2025-08-30T05:11:12","date_gmt":"2025-08-30T05:11:12","guid":{"rendered":"https:\/\/www.europesays.com\/fr\/353809\/"},"modified":"2025-08-30T05:11:12","modified_gmt":"2025-08-30T05:11:12","slug":"les-previsions-meteo-du-samedi-30-aout-a-bordeaux","status":"publish","type":"post","link":"https:\/\/www.europesays.com\/fr\/353809\/","title":{"rendered":"Les pr\u00e9visions m\u00e9t\u00e9o du samedi 30 ao\u00fbt \u00e0 Bordeaux"},"content":{"rendered":"<p>Aujourd\u2019hui \u00e0 Bordeaux, inutile de craindre l\u2019averse : la journ\u00e9e s\u2019annonce globalement s\u00e8che, m\u00eame si le ciel restera bien charg\u00e9. Les temp\u00e9ratures, elles, \u00e9volueront entre 18 et 25\u00b0C, des valeurs proches des normales de saison. Bref, une m\u00e9t\u00e9o mitig\u00e9e, mais plut\u00f4t agr\u00e9able.<\/p>\n<p style=\"font-size:16px\"><strong>Ce matin<\/strong>, tu ouvriras tes volets sur un ciel tr\u00e8s nuageux. Le thermom\u00e8tre affichera <strong>18\u00b0C<\/strong>, ressenti <strong>16\u00b0C<\/strong> sous l\u2019effet d\u2019un petit vent de sud-ouest (rafales \u00e0 <strong>25 km\/h<\/strong>). Quelques \u00e9claircies parviendront \u00e0 se glisser entre les nuages, mais la pluie restera absente.<\/p>\n<p><img fetchpriority=\"high\" decoding=\"async\" width=\"1024\" height=\"576\" src=\"https:\/\/www.europesays.com\/fr\/wp-content\/uploads\/2025\/08\/nuageux-2-1024x576.png\" alt=\"\" class=\"wp-image-82782\" style=\"width:684px;height:auto\"  \/>Aujourd\u2019hui \u00e0 Bordeaux, pr\u00e9pare toi \u00e0 un temps nuageux. <\/p>\n<p style=\"font-size:16px\"><strong>Cet apr\u00e8s-midi<\/strong>, le d\u00e9cor ne changera pas beaucoup : de nombreux nuages, mais aussi de belles perc\u00e9es lumineuses. Avec <strong>25\u00b0C<\/strong> ressentis <strong>28\u00b0C<\/strong>, la douceur sera bien pr\u00e9sente. Le vent se renforcera l\u00e9g\u00e8rement, avec des rafales \u00e0 <strong>40 km\/h<\/strong>, mais l\u00e0 encore, aucun risque de pluie.<\/p>\n<p style=\"font-size:16px\"><strong>En soir\u00e9e<\/strong>, tu profiteras d\u2019un ciel partag\u00e9 entre nuages et soleil. Il fera <strong>22\u00b0C<\/strong> (ressenti <strong>24\u00b0C<\/strong>), et le vent restera mod\u00e9r\u00e9. Les conditions resteront s\u00e8ches, parfaites pour sortir.<\/p>\n<p style=\"font-size:16px\"><strong>La nuit<\/strong>, en revanche, les nuages reprendront le dessus. Le mercure descendra \u00e0 <strong>19\u00b0C<\/strong> ressenti <strong>17\u00b0C<\/strong>, avec un petit vent du sud. Quelques gouttes isol\u00e9es pourront tomber (<strong>25 % de risque de pluie<\/strong>), mais rien de bien m\u00e9chant.<\/p>\n<p style=\"font-size:16px\">En r\u00e9sum\u00e9 : beaucoup de grisaille ce samedi, mais une atmosph\u00e8re douce et s\u00e8che.<\/p>\n<p style=\"font-size:16px\">\u00c0 lire aussi : <a href=\"https:\/\/www.bougerabordeaux.com\/actu\/ubb-le-nouveau-maillot-domicile-officiellement-presente-et-cest-un-banger\/\" target=\"_blank\" rel=\"noreferrer noopener nofollow\">UBB : le nouveau maillot domicile officiellement pr\u00e9sent\u00e9 et c\u2019est un BANGER !<\/a><\/p>\n","protected":false},"excerpt":{"rendered":"Aujourd\u2019hui \u00e0 Bordeaux, inutile de craindre l\u2019averse : la journ\u00e9e s\u2019annonce globalement s\u00e8che, m\u00eame si le ciel restera&hellip;\n","protected":false},"author":2,"featured_media":353810,"comment_status":"","ping_status":"","sticky":false,"template":"","format":"standard","meta":{"footnotes":""},"categories":[2817],"tags":[1111,11,1997,1777,674,1011,27,12,2219,25],"class_list":{"0":"post-353809","1":"post","2":"type-post","3":"status-publish","4":"format-standard","5":"has-post-thumbnail","7":"category-bordeaux","8":"tag-actu","9":"tag-actualites","10":"tag-bordeaux","11":"tag-eu","12":"tag-europe","13":"tag-fr","14":"tag-france","15":"tag-news","16":"tag-nouvelle-aquitaine","17":"tag-republique-francaise"},"share_on_mastodon":{"url":"https:\/\/pubeurope.com\/@fr\/115116001787931203","error":""},"_links":{"self":[{"href":"https:\/\/www.europesays.com\/fr\/wp-json\/wp\/v2\/posts\/353809","targetHints":{"allow":["GET"]}}],"collection":[{"href":"https:\/\/www.europesays.com\/fr\/wp-json\/wp\/v2\/posts"}],"about":[{"href":"https:\/\/www.europesays.com\/fr\/wp-json\/wp\/v2\/types\/post"}],"author":[{"embeddable":true,"href":"https:\/\/www.europesays.com\/fr\/wp-json\/wp\/v2\/users\/2"}],"replies":[{"embeddable":true,"href":"https:\/\/www.europesays.com\/fr\/wp-json\/wp\/v2\/comments?post=353809"}],"version-history":[{"count":0,"href":"https:\/\/www.europesays.com\/fr\/wp-json\/wp\/v2\/posts\/353809\/revisions"}],"wp:featuredmedia":[{"embeddable":true,"href":"https:\/\/www.europesays.com\/fr\/wp-json\/wp\/v2\/media\/353810"}],"wp:attachment":[{"href":"https:\/\/www.europesays.com\/fr\/wp-json\/wp\/v2\/media?parent=353809"}],"wp:term":[{"taxonomy":"category","embeddable":true,"href":"https:\/\/www.europesays.com\/fr\/wp-json\/wp\/v2\/categories?post=353809"},{"taxonomy":"post_tag","embeddable":true,"href":"https:\/\/www.europesays.com\/fr\/wp-json\/wp\/v2\/tags?post=353809"}],"curies":[{"name":"wp","href":"https:\/\/api.w.org\/{rel}","templated":true}]}}