{"id":353811,"date":"2025-08-30T05:12:20","date_gmt":"2025-08-30T05:12:20","guid":{"rendered":"https:\/\/www.europesays.com\/fr\/353811\/"},"modified":"2025-08-30T05:12:20","modified_gmt":"2025-08-30T05:12:20","slug":"ce-quil-faut-savoir-avant-le-match-a-chateaubriant","status":"publish","type":"post","link":"https:\/\/www.europesays.com\/fr\/353811\/","title":{"rendered":"ce qu\u2019il faut savoir avant le match \u00e0 Ch\u00e2teaubriant"},"content":{"rendered":"<p>Le parall\u00e8le est trop marquant pour ne pas y penser. Une mont\u00e9e \u00e9chapp\u00e9e au printemps pr\u00e9c\u00e9dent, un entra\u00eeneur reconduit apr\u00e8s r\u00e9flexion, un projet de jeu et un effectif remani\u00e9s, la volont\u00e9 de mont\u00e9e clam\u00e9e, des bless\u00e9s, une mise en route compliqu\u00e9e\u00a0: l\u2019\u00e9pisode 2 en National 2 des Girondins ressemble jusqu\u2019ici au second de Ligue 2, en 2023-2024. Jean Grillot et ses co\u00e9quipiers, \u00e0 l\u2019arr\u00eat face Avranches (0-0) puis Granville (0-1), savent comment casser le signe indien\u00a0: s\u2019imposer ce samedi \u00e0 Ch\u00e2teaubriant (18 heures, sur TV7) alors que l\u2019outsider Angoul\u00eame, vainqueur de Bayonne (1-0) en match avanc\u00e9 de la 3e journ\u00e9e jeudi, compte d\u00e9j\u00e0 8 points de plus.<\/p>\n<p>Comme David Guion avant lui, l\u2019entra\u00eeneur Bruno Irles est coinc\u00e9 dans la schyzophr\u00e9nie du contexte\u00a0: le besoin de temps pour harmoniser le collectif et les \u00e9tats de forme mais l\u2019\u00e9p\u00e9e de Damocles de l\u2019objectif et de l\u2019impatience de l\u2019environnement. <a href=\"https:\/\/www.sudouest.fr\/sport\/football\/girondins-de-bordeaux-les-ultramarines-sont-venus-parler-aux-joueurs-25700094.php\" target=\"_blank\" rel=\"follow nofollow noopener\">Les Ultramarines l\u2019ont rappel\u00e9 lors d\u2019une visite \u00e0 l\u2019entra\u00eenement jeudi<\/a>. \u00ab\u00a0Aux Girondins, il y a une urgence de r\u00e9sultats diff\u00e9rente d\u2019ailleurs\u00a0\u00bb r\u00e9p\u00e8te Irles, qui convoque l\u2019exemple de Saint-Brieuc, 14e \u00e0 11 points de la t\u00eate apr\u00e8s 6 journ\u00e9es la saison derni\u00e8re avant de monter. \u00ab\u00a0C\u2019est une \u00e9quipe qui se construisait. On est dans cette phase-l\u00e0.\u00a0\u00bb<\/p>\n<p>\u00ab\u00a0Faire plus mal\u00a0\u00bb<\/p>\n<p>\u00ab\u00a0Tout n\u2019a pas \u00e9t\u00e9 \u00e0 jeter\u00a0\u00bb jusqu\u2019ici, comme le souligne Soufiane Bahassa\u00a0: de la solidit\u00e9 d\u00e9fensive, de la qualit\u00e9 technique en hausse. Mais le quasi-n\u00e9ant dans les 30 derniers m\u00e8tres interpelle. \u00ab\u00a0On n\u2019a pas encore les connexions offensives, mais on y travaille. On doit aussi prendre plus d\u2019initiatives, faire plus mal \u00e0 l\u2019adversaire\u00a0\u00bb poursuit l\u2019ailier.<\/p>\n<p>Un d\u00e9fenseur central pourrait arriver combler l\u2019absence sur blessure de Nadjib Ciss\u00e9 (ex-QRM), <a href=\"https:\/\/www.sudouest.fr\/sport\/football\/girondins-de-bordeaux\/girondins-de-bordeaux-yanis-ne-fait-pas-partie-de-ce-projet-bruno-irles-reste-ferme-pour-merdji-25697197.php\" target=\"_blank\" rel=\"follow nofollow noopener\">mais Bruno Irles garde la porte ferm\u00e9e \u00e0 l\u2019attaquant Yanis Merdji<\/a>, toujours l\u00e0 mais pas dans les plans. En qu\u00eate des meilleures associations, il devrait \u00e0 nouveau modifier son onze. Avec le champion de France 1984 avec les Girondins Michel Audrain d\u00e9sormais sur le banc, les Voltigeurs ont encore plus mal commenc\u00e9 (0-2 contre Les Herbiers \u00e0 Avranches). \u00ab\u00a0Les joueurs ont besoin de valider ce qu\u2019ils font bien, mais en aucun cas j\u2019ai vu un rel\u00e2chement. Au contraire\u00a0\u00bb dit l\u2019entra\u00eeneur. Maintenant, il faut des points.<\/p>\n<p>    EFFECTIF<br \/>\nApr\u00e8s son 4-3-3 hybride de la semaine derni\u00e8re, li\u00e9 notamment \u00e0 la semaine perturb\u00e9e par une b\u00e9quille du d\u00e9fenseur Eric Vandenabeele, Bruno Irles devrait revenir \u00e0 un 3-5-2 ce samedi. La bataille de l\u2019entrejeu devrait \u00eatre cruciale face \u00e0 des Lig\u00e9riens organis\u00e9s dans le m\u00eame sch\u00e9ma et qui ont attir\u00e9 l\u2019ancien milieu de Saint-Malo Leroyer aux c\u00f4t\u00e9s des Guedj ou Homssa, qui avaient mis les Girondins en difficult\u00e9 en f\u00e9vrier.<br \/><strong>L\u2019\u00e9quipe probable\u00a0:<\/strong> Hoekstra &#8211; Grillot (cap), Vandenabeele, Droehnle &#8211; Jousselin, Odru, Ba, Shamal, Trichard &#8211; Etonde, Villette.<\/p>\n","protected":false},"excerpt":{"rendered":"Le parall\u00e8le est trop marquant pour ne pas y penser. Une mont\u00e9e \u00e9chapp\u00e9e au printemps pr\u00e9c\u00e9dent, un entra\u00eeneur&hellip;\n","protected":false},"author":2,"featured_media":353812,"comment_status":"","ping_status":"","sticky":false,"template":"","format":"standard","meta":{"footnotes":""},"categories":[2817],"tags":[1111,11,1997,1777,674,1011,27,12,2219,25],"class_list":{"0":"post-353811","1":"post","2":"type-post","3":"status-publish","4":"format-standard","5":"has-post-thumbnail","7":"category-bordeaux","8":"tag-actu","9":"tag-actualites","10":"tag-bordeaux","11":"tag-eu","12":"tag-europe","13":"tag-fr","14":"tag-france","15":"tag-news","16":"tag-nouvelle-aquitaine","17":"tag-republique-francaise"},"share_on_mastodon":{"url":"https:\/\/pubeurope.com\/@fr\/115116005496761648","error":""},"_links":{"self":[{"href":"https:\/\/www.europesays.com\/fr\/wp-json\/wp\/v2\/posts\/353811","targetHints":{"allow":["GET"]}}],"collection":[{"href":"https:\/\/www.europesays.com\/fr\/wp-json\/wp\/v2\/posts"}],"about":[{"href":"https:\/\/www.europesays.com\/fr\/wp-json\/wp\/v2\/types\/post"}],"author":[{"embeddable":true,"href":"https:\/\/www.europesays.com\/fr\/wp-json\/wp\/v2\/users\/2"}],"replies":[{"embeddable":true,"href":"https:\/\/www.europesays.com\/fr\/wp-json\/wp\/v2\/comments?post=353811"}],"version-history":[{"count":0,"href":"https:\/\/www.europesays.com\/fr\/wp-json\/wp\/v2\/posts\/353811\/revisions"}],"wp:featuredmedia":[{"embeddable":true,"href":"https:\/\/www.europesays.com\/fr\/wp-json\/wp\/v2\/media\/353812"}],"wp:attachment":[{"href":"https:\/\/www.europesays.com\/fr\/wp-json\/wp\/v2\/media?parent=353811"}],"wp:term":[{"taxonomy":"category","embeddable":true,"href":"https:\/\/www.europesays.com\/fr\/wp-json\/wp\/v2\/categories?post=353811"},{"taxonomy":"post_tag","embeddable":true,"href":"https:\/\/www.europesays.com\/fr\/wp-json\/wp\/v2\/tags?post=353811"}],"curies":[{"name":"wp","href":"https:\/\/api.w.org\/{rel}","templated":true}]}}