{"id":353813,"date":"2025-08-30T05:13:16","date_gmt":"2025-08-30T05:13:16","guid":{"rendered":"https:\/\/www.europesays.com\/fr\/353813\/"},"modified":"2025-08-30T05:13:16","modified_gmt":"2025-08-30T05:13:16","slug":"ce-quartier-calme-de-toulouse-subit-de-gros-bouchons-combien-de-temps-cela-va-durer","status":"publish","type":"post","link":"https:\/\/www.europesays.com\/fr\/353813\/","title":{"rendered":"ce quartier calme de Toulouse subit de gros bouchons, combien de temps cela va durer?"},"content":{"rendered":"<p>            Par<br \/>\n        <strong><br \/>\n            <a href=\"https:\/\/actu.fr\/auteur\/enzo-legros\" title=\"Consulter tous les articles de Enzo Legros\" target=\"_blank\" rel=\"noopener\">Enzo Legros<\/a><br \/>\n        <\/strong><\/p>\n<p>        Publi\u00e9 le<\/p>\n<p>            30 ao\u00fbt 2025 \u00e0 7h02        <\/p>\n<p>Dans le quartier Soupetard, \u00e0 l\u2019est de <a href=\"https:\/\/actu.fr\/toulouse\/\" target=\"_blank\" rel=\"noopener\">Toulouse<\/a>, le calme est monnaie courante d\u2019ordinaire. Mais depuis le d\u00e9but de l\u2019\u00e9t\u00e9 2025, le bruit du vent qui caresse les grands arbres de la zone verte des Argoulets est domin\u00e9 par un son inhabituel. Tout pr\u00e8s de la rivi\u00e8re de l\u2019Hers, <strong>de longs bouchons et les klaxons<\/strong> se sont invit\u00e9s dans la vie du quartier aux heures de pointe, et les engins de chantier carburent d\u00e8s le matin. <strong>\u00ab\u2009\u00c7a commence d\u00e8s 6\u00a0heures\u2009\u00bb<\/strong>, ne manque pas de rappeler un riverain, habitant aux premi\u00e8res loges. La raison\u2009? Une <strong>accumulation de travaux<\/strong> sur la rue Louis Plana, un axe tr\u00e8s fr\u00e9quent\u00e9 reliant Soupetard \u00e0 la M112. Un <strong>feu temporaire<\/strong> a \u00e9t\u00e9 mis en place pour alterner la circulation sur la voie d\u00e9sormais unique. Combien de temps cela va-t-il durer?<\/p>\n<p>Un trafic tendu aux heures de pointe<\/p>\n<p class=\" wall-content\">En sortant <a href=\"https:\/\/actu.fr\/tag\/nouveaux-commerces-a-toulouse\" target=\"_blank\" rel=\"noopener\">des commerces<\/a> \u00e0 proximit\u00e9, les passants du secteur r\u00e9sidentiel de l\u2019est-Toulousain assistent \u00e0 un \u00ab\u00a0spectacle\u00a0\u00bb assez rare dans ce secteur de la ville. Jeudi 28 ao\u00fbt 2025, un <strong>bouchon de plusieurs centaines de m\u00e8tres<\/strong> bloque la rue Louis Plana dans le sens sud-nord, et l\u2019acc\u00e8s aux rues adjacentes. Au devant de la file, les premiers automobilistes patientent devant un feu rouge temporaire pos\u00e9 sur le trottoir depuis plusieurs jours, d\u00e9comptant 75 secondes avant de passer \u00e0 l\u2019orange.<\/p>\n<p>    <img   decoding=\"async\" loading=\"lazy\" id=\"exifviewer-img-2\" src=\"https:\/\/www.europesays.com\/fr\/wp-content\/uploads\/2025\/08\/1000049375-960x640.jpg\" alt=\"En raison d'une s\u00e9rie de travaux en cours, la circulation sur la rue Louis Plana est tr\u00e8s perturb\u00e9e. Aux heures de pointes, le rond-point en amont de la rue bouchonne tous les soirs.\" width=\"960\" height=\"640\"\/><br \/>\n    En raison d\u2019une s\u00e9rie de travaux en cours, la circulation sur la rue Louis Plana est tr\u00e8s perturb\u00e9e. Aux heures de pointes, le rond-point en amont de la rue bouchonne tous les soirs depuis l\u2019\u00e9t\u00e9. (\u00a9Enzo Legros\/Actu Toulouse)<\/p>\n<p class=\" wall-content\">Sur le rond-point de la place Soupetard, le vide est combl\u00e9 par les voitures en attente de pouvoir prendre la sortie dirigeant vers la M112. D\u2019autres perdent patience et bifurquent vers les voies \u00e9troites de la zone <a href=\"https:\/\/actu.fr\/occitanie\/toulouse_31555\/l-image-82-brebis-chargees-d-entretenir-cette-zone-verte-a-deux-pas-du-metro-de-toulouse_62503160.html\" target=\"_blank\" rel=\"noopener\">des Argoulets<\/a> pour contourner le probl\u00e8me. Tous ces d\u00e9sagr\u00e9ments sont caus\u00e9s par un projet men\u00e9 par la mairie de Toulouse.<\/p>\n<p>Un grand programme de travaux<\/p>\n<p class=\" wall-content\">Juste \u00e0 c\u00f4t\u00e9 du feu responsable du soupirement de beaucoup de conducteurs, un panneau indique les raisons pour laquelle les engins de chantier ont occup\u00e9 la moiti\u00e9 de la voirie cet \u00e9t\u00e9.<\/p>\n<p>    <img   decoding=\"async\" loading=\"lazy\" id=\"exifviewer-img-3\" src=\"https:\/\/www.europesays.com\/fr\/wp-content\/uploads\/2025\/08\/1000049377-960x640.jpg\" alt=\"Plusieurs projets sont en cours de r\u00e9alisation dans la rue Louis Plana.\" width=\"960\" height=\"640\"\/><br \/>\n    Plusieurs projets sont en cours de r\u00e9alisation dans la rue Louis Plana. (\u00a9Enzo Legros\/Actu Toulouse)<\/p>\n<p class=\" wall-content\">Dans le cadre de <a href=\"https:\/\/actu.fr\/occitanie\/toulouse_31555\/veritable-transversale-cette-nouvelle-ligne-raccordera-en-lineo-des-quartiers-mal-desservis-de-toulouse_62981467.html\" target=\"_blank\" rel=\"noopener\">l\u2019arriv\u00e9e de la ligne de bus Lin\u00e9o 12<\/a> et d\u2019un plan de refonte du quartier Soupetard, la rue Louis Plana fait l\u2019objet d\u2019un grand projet de r\u00e9am\u00e9nagement. La cr\u00e9ation d\u2019un quai bus et d\u2019un parvis v\u00e9g\u00e9talis\u00e9 a caus\u00e9 la mise en alternat de la rue Louis Plana.<\/p>\n<p>Votre r\u00e9gion, votre actu !<\/p>\n<p>Recevez chaque jour les infos qui comptent pour vous.<\/p>\n<p>\t<a href=\"https:\/\/actu.fr\/newsletter\" class=\"ac-btn ac-btn--corner ac-btn--medium ac-btn--blue800\" target=\"_blank\" rel=\"noopener\">S&rsquo;incrire<\/a><\/p>\n<p>    <img   decoding=\"async\" loading=\"lazy\" src=\"https:\/\/www.europesays.com\/fr\/wp-content\/uploads\/2025\/08\/1000049359-960x640.jpg\" alt=\"Un parvis v\u00e9g\u00e9talis\u00e9 doit na\u00eetre d'ici l'automne 2025, devant une future r\u00e9sidence.\" width=\"960\" height=\"640\"\/><br \/>\n    Un parvis v\u00e9g\u00e9talis\u00e9 doit na\u00eetre d\u2019ici l\u2019automne 2025, devant une future r\u00e9sidence. (\u00a9Enzo Legros\/Actu Toulouse)<\/p>\n<p class=\" wall-content\">Le parvis mesurera 6\u00a0m\u00e8tres de largeur, soit beaucoup plus que les 2\u00a0m\u00e8tres qui composaient l\u2019ancien trottoir de la rue.<\/p>\n<blockquote class=\"ac-article-quote wall-content\">\n<p>Cet espace comprendra un trottoir en b\u00e9ton d\u00e9polluant, dont la largeur variera de 2.50 m \u00e0 3 m, en int\u00e9grant le quai bus de l\u2019arr\u00eat Dinetard du bus Lin\u00e9o 12, qui entre en fonction d\u00e9but septembre. L\u2019espace restant sera d\u00e9min\u00e9ralis\u00e9 et v\u00e9g\u00e9talis\u00e9. 6 arbres seront ainsi plant\u00e9s, accompagn\u00e9s de massifs arbustifs sur une superficie totale de 120 m\u00b2.<\/p>\n<p>    <strong>Isabelle Ferrer<\/strong><br \/>\n        Maire de quartier    <\/p><\/blockquote>\n<p class=\" wall-content\">Une <strong>grande r\u00e9sidence<\/strong>, nomm\u00e9e <a href=\"https:\/\/www.toulouse-metropole-habitat.fr\/fr\/programme-rose-place-2-1_-f.html\" target=\"_blank\" rel=\"noopener\">Rose Place 2<\/a>, est en cours de construction. Elle contiendra d\u2019ici 2027 <strong>32 logements<\/strong>, ainsi qu\u2019un Local recevant du public (ERP) de 750m\u00b2. Ce dernier sera notamment un espace d\u00e9di\u00e9 \u00e0 la jeunesse et aux activit\u00e9s de plusieurs associations, dont le Lieu Initiatives Jeunesse du quartier.<\/p>\n<p>    <img   decoding=\"async\" loading=\"lazy\" id=\"exifviewer-img-4\" src=\"https:\/\/www.europesays.com\/fr\/wp-content\/uploads\/2025\/08\/1000049365-960x640.jpg\" alt=\"Une r\u00e9sidence est en cours de construction le long de la rue Louis Plana.\" width=\"960\" height=\"640\"\/><br \/>\n    Une r\u00e9sidence est en cours de construction le long de la rue Louis Plana. (\u00a9Enzo Legros\/. Actu Toulouse)Le sens unique sera retir\u00e9 pour la rentr\u00e9e<\/p>\n<p class=\" wall-content\">La <strong>naissance du parvis de Rose Place<\/strong> est pr\u00e9vue pour <strong>octobre\u00a02025<\/strong>. N\u00e9anmoins, la mairie de Toulouse souhaite soulager la circulation, qui devrait devenir encore plus dense avec le retour des vacanciers et de l\u2019ann\u00e9e scolaire. Les bouchons devraient dispara\u00eetre rapidement selon les plans de la municipalit\u00e9.<\/p>\n<blockquote class=\"ac-article-quote wall-content\">\n<p>La p\u00e9riode de chantier \u00e9tant initialement pr\u00e9vue jusqu\u2019\u00e0 la Toussaint, les travaux de reprise de la chauss\u00e9e seront, eux, effectu\u00e9s de nuit pour ne pas saturer le quartier, notamment \u00e0 l\u2019approche de la\u00a0rentr\u00e9e scolaire. Ainsi, l\u2019alternat doit \u00eatre supprim\u00e9 dans les prochains jours.<\/p>\n<p>    <strong>Isabelle Ferrer<\/strong><br \/>\n        Maire de quartier    <\/p><\/blockquote>\n<p class=\" wall-content\">L\u2019acc\u00e8s \u00e0 la rue Dinetard, lieu de sortie des engins du chantier de la future r\u00e9sidence, reste encore ferm\u00e9.<\/p>\n<p>\u00ab\u2009\u00c7a tra\u00eene sur la longueur\u2009\u00bb<\/p>\n<p class=\" wall-content\">Chez les habitants des rues les plus impact\u00e9es, l\u2019usure se fait ressentir. \u00ab\u2009\u00c7a tra\u00eene sur la longueur, \u00e7a devient long et on aimerait bien que \u00e7a redevienne comme avant\u2009\u00bb, peste l\u2019un d\u2019eux. Malgr\u00e9 le double vitrage, le bruit p\u00e9n\u00e8tre les chambres situ\u00e9es aux abords de la future r\u00e9sidence.<\/p>\n<p>    <img   decoding=\"async\" loading=\"lazy\" id=\"exifviewer-img-1\" src=\"https:\/\/www.europesays.com\/fr\/wp-content\/uploads\/2025\/08\/1000049357-960x640.jpg\" alt=\"La rue Dinetard est ferm\u00e9 au niveau de la future r\u00e9sidence.\" width=\"960\" height=\"640\"\/><br \/>\n    La rue Dinetard est ferm\u00e9e au niveau de la future r\u00e9sidence. (\u00a9Enzo Legros\/Actu Toulouse)<\/p>\n<p class=\" wall-content\">Pour les pi\u00e9tons, la situation n\u2019est pas simple. \u00ab\u2009On a plus de trottoirs, on doit marcher sur la route avec les voitures qui passent\u2009\u00bb, souffle une habitante marchant sur la chauss\u00e9e, ses courses dans un sac \u00e0 la main. Elle devra attendre encore plusieurs semaines pour profiter d\u2019un trottoir extra-large. Pour les automobilistes, <strong>le calme et la s\u00e9r\u00e9nit\u00e9 devraient donc revenir<\/strong> dans les premiers jours du mois de septembre.<\/p>\n<p class=\" wall-content\">Personnalisez votre actualit\u00e9 en ajoutant vos villes et m\u00e9dias en favori avec <a href=\"https:\/\/moncompte.actu.fr\" title=\"D\u00e9couvez Mon Actu\" rel=\"nofollow noopener\" data-trk=\"{&quot;cta&quot;:{&quot;action&quot;:&quot;https:\\\/\\\/moncompte.actu.fr&quot;,&quot;category&quot;:&quot;mon compte&quot;,&quot;from&quot;:&quot;article footer&quot;,&quot;name&quot;:&quot;Mon actu&quot;,&quot;type&quot;:&quot;cta&quot;}}\" target=\"_blank\">Mon Actu<\/a>.<\/p>\n","protected":false},"excerpt":{"rendered":"Par Enzo Legros Publi\u00e9 le 30 ao\u00fbt 2025 \u00e0 7h02 Dans le quartier Soupetard, \u00e0 l\u2019est de Toulouse,&hellip;\n","protected":false},"author":2,"featured_media":353814,"comment_status":"","ping_status":"","sticky":false,"template":"","format":"standard","meta":{"footnotes":""},"categories":[2816],"tags":[1111,11,3542,1777,674,1011,27,12,2680,25,104,2312,2086],"class_list":{"0":"post-353813","1":"post","2":"type-post","3":"status-publish","4":"format-standard","5":"has-post-thumbnail","7":"category-toulouse","8":"tag-actu","9":"tag-actualites","10":"tag-circulation","11":"tag-eu","12":"tag-europe","13":"tag-fr","14":"tag-france","15":"tag-news","16":"tag-occitanie","17":"tag-republique-francaise","18":"tag-societe","19":"tag-toulouse","20":"tag-travaux"},"share_on_mastodon":{"url":"https:\/\/pubeurope.com\/@fr\/115116009581136706","error":""},"_links":{"self":[{"href":"https:\/\/www.europesays.com\/fr\/wp-json\/wp\/v2\/posts\/353813","targetHints":{"allow":["GET"]}}],"collection":[{"href":"https:\/\/www.europesays.com\/fr\/wp-json\/wp\/v2\/posts"}],"about":[{"href":"https:\/\/www.europesays.com\/fr\/wp-json\/wp\/v2\/types\/post"}],"author":[{"embeddable":true,"href":"https:\/\/www.europesays.com\/fr\/wp-json\/wp\/v2\/users\/2"}],"replies":[{"embeddable":true,"href":"https:\/\/www.europesays.com\/fr\/wp-json\/wp\/v2\/comments?post=353813"}],"version-history":[{"count":0,"href":"https:\/\/www.europesays.com\/fr\/wp-json\/wp\/v2\/posts\/353813\/revisions"}],"wp:featuredmedia":[{"embeddable":true,"href":"https:\/\/www.europesays.com\/fr\/wp-json\/wp\/v2\/media\/353814"}],"wp:attachment":[{"href":"https:\/\/www.europesays.com\/fr\/wp-json\/wp\/v2\/media?parent=353813"}],"wp:term":[{"taxonomy":"category","embeddable":true,"href":"https:\/\/www.europesays.com\/fr\/wp-json\/wp\/v2\/categories?post=353813"},{"taxonomy":"post_tag","embeddable":true,"href":"https:\/\/www.europesays.com\/fr\/wp-json\/wp\/v2\/tags?post=353813"}],"curies":[{"name":"wp","href":"https:\/\/api.w.org\/{rel}","templated":true}]}}