{"id":353815,"date":"2025-08-30T05:14:12","date_gmt":"2025-08-30T05:14:12","guid":{"rendered":"https:\/\/www.europesays.com\/fr\/353815\/"},"modified":"2025-08-30T05:14:12","modified_gmt":"2025-08-30T05:14:12","slug":"dans-mon-cinema-je-me-permets-tous-les-reves-pierre-richard-a-presente-son-dernier-film-a-toulouse","status":"publish","type":"post","link":"https:\/\/www.europesays.com\/fr\/353815\/","title":{"rendered":"\u00ab\u00a0Dans mon cin\u00e9ma, je me permets tous les r\u00eaves\u00a0\u00bb\u00a0: Pierre Richard\u00a0a pr\u00e9sent\u00e9 son dernier film \u00e0 Toulouse"},"content":{"rendered":"<p>\n                                                                    l&rsquo;essentiel<br \/>\n                                                                Pour pr\u00e9senter son nouveau film \u00ab\u00a0L\u2019Homme qui a vu l\u2019ours qui a vu l\u2019homme\u00a0\u00bb, tourn\u00e9 dans l\u2019Aude, Pierre Richard \u00e9tait de passage au Path\u00e9 Wilson, hier soir, \u00e0 Toulouse. Bon pied bon \u0153il malgr\u00e9 ses 91 ans et des rumeurs sur sa sant\u00e9\u2026\n                            <\/p>\n<p>Depuis \u00ab\u00a0Droit dans le mur\u00a0\u00bb\u00a0en 1997, Pierre Richard n\u2019avait pas repris sa place derri\u00e8re la cam\u00e9ra. Absence d\u00e9sormais r\u00e9par\u00e9e gr\u00e2ce \u00e0 la sortie, le 17\u00a0septembre, de son huiti\u00e8me long-m\u00e9trage\u00a0\u00ab\u00a0L\u2019Homme qui a vu l\u2019ours qui a vu l\u2019homme\u00a0\u00bb\u00a0qu\u2019il pr\u00e9sentait, hier soir, au Path\u00e9 Wilson devant un large public enthousiaste.<\/p>\n<p>La popularit\u00e9 du jeune nonag\u00e9naire ne se d\u00e9mentant pas et la rumeur de sant\u00e9 chancelante colport\u00e9e par les r\u00e9seaux sociaux et une presse en manque de sensations mise \u00e0 mal, l\u2019acteur r\u00e9alisateur a bien voulu se pr\u00eater \u00e0 l\u2019exercice de l\u2019\u00e9change. \u00ab\u00a0Ah, vous avez lu toutes ces b\u00eatises\u00a0?\u00a0! C\u2019est fatigant de lire\u00a0: Il est accabl\u00e9, il va arr\u00eater\u2026 J\u2019ai tellement entendu \u00e7a\u00a0et \u00e7a fait trois fois qu\u2019on annonce ma mort\u00a0! Au moins je suis le seul qui sait ce qu\u2019on dira de lui quand il sera mort\u00a0!\u00a0\u00bb<\/p>\n<p class=\"std-elt__inline\">\n        <strong>\u00c0 lire aussi :<\/strong><br \/>\n        <a href=\"https:\/\/www.ladepeche.fr\/2025\/08\/21\/fifigrot-a-toulouse-un-cinema-decale-avec-un-gout-pour-labsurde-qui-peut-secouer-12876064.php\" rel=\"nofollow noopener\" target=\"_blank\">Fifigrot \u00e0 Toulouse\u00a0: \u00ab\u00a0Un cin\u00e9ma d\u00e9cal\u00e9, avec un go\u00fbt pour l\u2019absurde, qui peut secouer\u00a0\u00bb<\/a>\n    <\/p>\n<p>Mieux vaut parler du film qui prouve all\u00e8grement\u00a0que le plaisir de tourner et de s\u2019amuser est bel et bien l\u00e0. Parce que le cin\u00e9ma permet tout, m\u00eame d\u2019arr\u00eater le chant des cigales\u00a0! \u00ab\u00a0C\u2019est mon univers \u00e0 moi de tout arr\u00eater, de tout inventer, de me permettre d\u2019avoir des r\u00eaves \u00e9veill\u00e9s \u00e0 tout bout de champ selon les circonstances. Je rentre dans mon \u00ab\u00a0cin\u00e9moi\u00a0\u00bb, mon cin\u00e9ma \u00e0 moi. Il m\u2019est rest\u00e9 quelques bribes de go\u00fbt pour le burlesque, la com\u00e9die et l\u2019onirisme m\u00eame si je raconte une histoire plus grave ou plus profonde. Je me permets tout\u00a0!\u00a0\u00bb\u00a0M\u00eame de croiser Che Guevarra, le petit Chaperon Rouge, une tribu amazonienne, de lorgner vers \u00ab\u00a0Mad Max\u00a0\u00bb\u00a0et les westerns de Sergio Leone (sc\u00e8ne courte d\u00e9sopilante) qui permettent d\u2019aborder le fond des choses, en l\u2019occurrence la pression humaine exerc\u00e9e sur la nature\u00a0: \u00ab\u00a0Ce sont des r\u00eaves qui ont tout de m\u00eame une signification m\u00eame s\u2019ils sont dr\u00f4les. Comme vous vous en doutez, je suis contre le racisme, contre la d\u00e9vastation des for\u00eats. Je parle principalement de l\u2019Amazonie parce que \u00e7a me pr\u00e9occupe mais je dirais m\u00eame que j\u2019ai beaucoup souffert avec les 17\u00a0000 hectares de mes voisins qui ont br\u00fbl\u00e9 dans l\u2019Aude. \u00c0 cause de la b\u00eatise humaine en plus.\u00a0\u00bb<\/p>\n<p>Personnages extravagants<\/p>\n<p>Et l\u2019Aude on y arrive puisque c\u2019est \u00e0 Gruissan, Narbonne, Armissan, Ferrals-les-Montagnes que le tournage s\u2019est d\u00e9roul\u00e9. Car c\u2019est \u00e0 Gruissan, au Domaine de l\u2019\u00c9v\u00eaque, que l\u2019artiste a pos\u00e9 ses valises depuis quatre d\u00e9cennies et s\u2019est piqu\u00e9 d\u2019une passion pour le vin. Aussi, la r\u00e9gion montre-t-elle ses atours dans le film, mais ce sont ses habitants qui ont motiv\u00e9 l\u2019\u00e9criture de l\u2019histoire\u00a0: \u00ab\u00a0J\u2019ai commenc\u00e9 par \u00e9crire sur les personnages extravagants que je croise au village depuis 40 ans mais ce n\u2019est pas suffisant pour faire un film m\u00eame s\u2019ils sont tr\u00e8s dr\u00f4les ou originaux. Je me suis pench\u00e9 sur une histoire plus vaste qui aborde le th\u00e8me de l\u2019\u00e9cologie. Puis, en tournant, je me suis rendu compte de la beaut\u00e9 des choses, je me suis int\u00e9ress\u00e9 \u00e0 l\u2019image et m\u00eame au temps qui passe, au temps qui prend le temps.\u00a0\u00bb<\/p>\n<p class=\"std-elt__inline\">\n        <strong>\u00c0 lire aussi :<\/strong><br \/>\n        <a href=\"https:\/\/www.ladepeche.fr\/2025\/08\/27\/le-cinema-en-plein-air-est-un-spectacle-10-000-entrees-cet-ete-a-la-cinematheque-de-toulouse-qui-fait-sa-rentree-avec-agnes-jaoui-12895808.php\" rel=\"nofollow noopener\" target=\"_blank\">\u00ab\u00a0Le cin\u00e9ma en plein air est un spectacle\u00a0\u00bb\u00a0: 10\u00a0000 entr\u00e9es, cet \u00e9t\u00e9, \u00e0 la Cin\u00e9math\u00e8que de Toulouse qui fait sa rentr\u00e9e avec Agn\u00e8s Jaoui<\/a>\n    <\/p>\n<p>Avec le luxe de tourner \u00e0 la maison\u00a0: \u00ab\u00a0J\u2019\u00e9tais content de tourner en octobre-novembre parce que je suis l\u00e0 tout l\u2019\u00e9t\u00e9 en juillet-ao\u00fbt tous les ans depuis 40 ans mais rester en octobre-novembre ce n\u2019est pas pareil, ce n\u2019est pas la m\u00eame lumi\u00e8re, ce n\u2019est pas le m\u00eame ciel donc j\u2019\u00e9tais heureux de voir ce pays sous une autre couleur, sous un autre angle, et c\u2019est peut-\u00eatre aussi pour \u00e7a que le film est beau. Parce que sinon quand c\u2019est bleu, il n\u2019y a rien de plus con que le bleu, c\u2019est tout le temps bleu\u00a0! Tandis qu\u2019avec ce film, il y a du gris, il y a du bleu, il y a des couchers et des levers de soleil au-dessus des montagnes, \u00e0 travers les nuages.\u00a0\u00bb\u00a0Et le casting a fait le reste. \u00ab\u00a0J\u2019ai eu une chance inou\u00efe de tomber sur ce jeune de 19 ans, Timi-Joy Marbot, dont la pr\u00e9sence \u00e9tait \u00e9vidente. Sophie Barbero, Patrick Ligardes et les autres sont tous parfaits et m\u00eame les figurants, qui ne sont pas professionnels et ne se prennent pas pour des gens de cin\u00e9ma, \u00e9taient joyeux, heureux de faire \u00e7a. Ils se sont amus\u00e9s et je leur sais gr\u00e9 de m\u2019avoir apport\u00e9 le bonheur d\u2019\u00eatre ensemble.\u00a0\u00bb\u00a0Et celui de fabriquer un objet de cin\u00e9ma, un peu \u00e0 part, touchant, dr\u00f4le, engag\u00e9 et po\u00e9tique.<\/p>\n<p>\u00ab\u00a0L\u2019Homme qui a vu l\u2019ours qui a vu l\u2019homme\u00a0\u00bb de et avec Pierre Richard, Timi-Joy Marbot, Gustave Kerven, le 17\u00a0septembre au cin\u00e9ma.<\/p>\n<p>\u00a0<\/p>\n<p>    Un film sur la d\u00e9fense de la nature<\/p>\n<p>L\u2019amour de la nature rassemble Gr\u00e9goire (Pierre Richard) et Michel (Timi-Joy Marbot) malgr\u00e9 le foss\u00e9 des g\u00e9n\u00e9rations. Amis et r\u00eaveurs, ils s\u2019appliquent \u00e0 cacher un ours \u00e9chapp\u00e9 d\u2019un cirque et \u00e0 bien vivre dans les d\u00e9cors de r\u00eave de l\u2019Aude, de Gruissan et de sa r\u00e9gion. Et parmi les \u00ab\u00a0vrais personnages\u00a0\u00bb\u00a0que fr\u00e9quente l\u2019acteur-r\u00e9alisateur depuis plus de 40 ans qu\u2019il est install\u00e9 au Domaine de l\u2019\u00c9v\u00eaque dans le village. Le film magnifie les lieux et fait la part belle au cin\u00e9ma r\u00eaveur, burlesque mais engag\u00e9 de Pierre Richard. Une belle photo, des acteurs avec le v\u00e9ritable accent du Midi et le plaisir de voir le r\u00e9alisateur-acteur toujours actif \u00e0 91 printemps.<\/p>\n","protected":false},"excerpt":{"rendered":"l&rsquo;essentiel Pour pr\u00e9senter son nouveau film \u00ab\u00a0L\u2019Homme qui a vu l\u2019ours qui a vu l\u2019homme\u00a0\u00bb, tourn\u00e9 dans l\u2019Aude,&hellip;\n","protected":false},"author":2,"featured_media":353816,"comment_status":"","ping_status":"","sticky":false,"template":"","format":"standard","meta":{"footnotes":""},"categories":[2816],"tags":[1111,11,1777,674,1011,27,12,2680,25,2312],"class_list":{"0":"post-353815","1":"post","2":"type-post","3":"status-publish","4":"format-standard","5":"has-post-thumbnail","7":"category-toulouse","8":"tag-actu","9":"tag-actualites","10":"tag-eu","11":"tag-europe","12":"tag-fr","13":"tag-france","14":"tag-news","15":"tag-occitanie","16":"tag-republique-francaise","17":"tag-toulouse"},"share_on_mastodon":{"url":"https:\/\/pubeurope.com\/@fr\/115116013294896850","error":""},"_links":{"self":[{"href":"https:\/\/www.europesays.com\/fr\/wp-json\/wp\/v2\/posts\/353815","targetHints":{"allow":["GET"]}}],"collection":[{"href":"https:\/\/www.europesays.com\/fr\/wp-json\/wp\/v2\/posts"}],"about":[{"href":"https:\/\/www.europesays.com\/fr\/wp-json\/wp\/v2\/types\/post"}],"author":[{"embeddable":true,"href":"https:\/\/www.europesays.com\/fr\/wp-json\/wp\/v2\/users\/2"}],"replies":[{"embeddable":true,"href":"https:\/\/www.europesays.com\/fr\/wp-json\/wp\/v2\/comments?post=353815"}],"version-history":[{"count":0,"href":"https:\/\/www.europesays.com\/fr\/wp-json\/wp\/v2\/posts\/353815\/revisions"}],"wp:featuredmedia":[{"embeddable":true,"href":"https:\/\/www.europesays.com\/fr\/wp-json\/wp\/v2\/media\/353816"}],"wp:attachment":[{"href":"https:\/\/www.europesays.com\/fr\/wp-json\/wp\/v2\/media?parent=353815"}],"wp:term":[{"taxonomy":"category","embeddable":true,"href":"https:\/\/www.europesays.com\/fr\/wp-json\/wp\/v2\/categories?post=353815"},{"taxonomy":"post_tag","embeddable":true,"href":"https:\/\/www.europesays.com\/fr\/wp-json\/wp\/v2\/tags?post=353815"}],"curies":[{"name":"wp","href":"https:\/\/api.w.org\/{rel}","templated":true}]}}