{"id":353817,"date":"2025-08-30T05:15:09","date_gmt":"2025-08-30T05:15:09","guid":{"rendered":"https:\/\/www.europesays.com\/fr\/353817\/"},"modified":"2025-08-30T05:15:09","modified_gmt":"2025-08-30T05:15:09","slug":"pourquoi-cest-deja-lautomne-a-lille","status":"publish","type":"post","link":"https:\/\/www.europesays.com\/fr\/353817\/","title":{"rendered":"pourquoi c\u2019est d\u00e9j\u00e0 l\u2019automne \u00e0 Lille"},"content":{"rendered":"<p>            Par<br \/>\n        <strong><br \/>\n            <a href=\"https:\/\/actu.fr\/auteur\/annesophie-2\" title=\"Consulter tous les articles de Anne-Sophie Hourdeaux\" rel=\"nofollow noopener\" target=\"_blank\">Anne-Sophie Hourdeaux<\/a><br \/>\n        <\/strong><\/p>\n<p>        Publi\u00e9 le<\/p>\n<p>            30 ao\u00fbt 2025 \u00e0 6h06        <\/p>\n<p>C\u2019est un spectacle qu\u2019on voit plut\u00f4t en octobre ou novembre\u2009:<b> le sol jonch\u00e9 de feuilles mortes jaunies. Or, nous sommes en plein mois d\u2019ao\u00fbt\u2009! A <a href=\"https:\/\/actu.fr\/hauts-de-france\/lille_59350\" rel=\"nofollow noopener\" target=\"_blank\">Lille<\/a>,<\/b> ce spectacle est d\u2019autant plus visible\u00a0vers le Champ de Mars pr\u00e8s de la De\u00fble, o\u00f9 les arbres sont nombreux. Mais que se passe-t-il\u2009?<\/p>\n<p>Stress hydrique ou embolie gazeuse<\/p>\n<p class=\" wall-content\">Les feuilles des arbres qui tombent en plein \u00e9t\u00e9 ne sont pas le signe d\u2019une maladie, mais du <b>r\u00e9chauffement climatique<\/b>. certains parlent de \u00ab\u2009stress hydrique\u2009\u00bb ou encore d\u2019 \u00ab\u2009embolie gazeuse\u2009\u00bb. On l\u2019observe partout en France et notamment \u00e0 Lille.<\/p>\n<p>    <a href=\"https:\/\/www.facebook.com\/plugins\/post.php?href=https%3A%2F%2Fwww.facebook.com%2Farbobio.conseils.1%2Fposts%2Fpfbid06yP2APsQxxSK2pXRtrGXz1eLLrYa4TC5hrHWxSENmtnZfuTUJnejcy4fGHb21tN5l&amp;show_text=true&amp;width=350\" title=\"Ouvrie le lien\" rel=\"nofollow noopener\" target=\"_blank\">Cliquez ici pour visualiser le contenu<\/a><\/p>\n<p class=\" wall-content\"><a href=\"https:\/\/actu.fr\/societe\/les-arbres-souffrent-de-nombreuses-feuilles-mortes-tombees-par-terre-des-l-ete-faut-il-s-inquieter_63046412.html\" rel=\"nofollow noopener\" target=\"_blank\">Selon nos confr\u00e8res d\u2019Actu.fr <\/a>\u00ab\u2009quand l\u2019arbre sent qu\u2019il y a moins d\u2019eau dans le sol, il limite l\u2019ouverture des stomates pour \u00e9liminer moins d\u2019eau. Le v\u00e9g\u00e9tal sacrifie donc son feuillage pour \u00e9viter tout simplement de se dess\u00e9cher\u2009\u00bb.<\/p>\n<p>Se d\u00e9lester de ses feuilles pour rester en vie<\/p>\n<p class=\" wall-content\">Ils ont interrog\u00e9 l\u2019agroclimatologue Serge Zaka\u2009: \u00ab\u2009Les arbres se d\u00e9lestent de leur feuillage pour limiter l\u2019\u00e9vapotranspiration\u2009: l\u2019eau manque pour tout maintenir en vie. Les feuilles sont br\u00fbl\u00e9es par une semaine de records thermiques. Elles meurent\u2009\u00bb.<\/p>\n<p class=\" wall-content\">Les arbres n\u2019ont pu suffisamment transpirer pour refroidir leurs feuilles, \u00ab\u2009lesquelles sont comme br\u00fbl\u00e9es et sont donc tomb\u00e9es\u2009\u00bb, constate B\u00e9atrice Rizzo, du service de l\u2019arbre et des bois de la Ville de Paris\u00a0sur le site de la municipalit\u00e9.<\/p>\n<p class=\" wall-content\">La survie des arbres n\u2019est pas en jeu, mais r\u00e9v\u00e8le une d\u00e9shydratation qui peut \u00eatre grave si elle se prolonge.<\/p>\n<p>Votre r\u00e9gion, votre actu !<\/p>\n<p>Recevez chaque jour les infos qui comptent pour vous.<\/p>\n<p>\t<a href=\"https:\/\/actu.fr\/newsletter\" class=\"ac-btn ac-btn--corner ac-btn--medium ac-btn--blue800\" rel=\"nofollow noopener\" target=\"_blank\">S&rsquo;incrire<\/a><\/p>\n<p class=\" wall-content\">\u00ab\u00a0\u00c0 ce stade, les arbres souffrent du manque d\u2019eau, on peut alors parler de stress hydrique\u00a0\u00bb dit l\u2019Office national des for\u00eats.<\/p>\n<p class=\" wall-content\">Personnalisez votre actualit\u00e9 en ajoutant vos villes et m\u00e9dias en favori avec <a href=\"https:\/\/moncompte.actu.fr\" title=\"D\u00e9couvez Mon Actu\" rel=\"nofollow noopener\" data-trk=\"{&quot;cta&quot;:{&quot;action&quot;:&quot;https:\\\/\\\/moncompte.actu.fr&quot;,&quot;category&quot;:&quot;mon compte&quot;,&quot;from&quot;:&quot;article footer&quot;,&quot;name&quot;:&quot;Mon actu&quot;,&quot;type&quot;:&quot;cta&quot;}}\" target=\"_blank\">Mon Actu<\/a>.<\/p>\n","protected":false},"excerpt":{"rendered":"Par Anne-Sophie Hourdeaux Publi\u00e9 le 30 ao\u00fbt 2025 \u00e0 6h06 C\u2019est un spectacle qu\u2019on voit plut\u00f4t en octobre&hellip;\n","protected":false},"author":2,"featured_media":353818,"comment_status":"","ping_status":"","sticky":false,"template":"","format":"standard","meta":{"footnotes":""},"categories":[2815],"tags":[1111,11,1777,674,1011,27,811,1307,2357,12,25,104],"class_list":{"0":"post-353817","1":"post","2":"type-post","3":"status-publish","4":"format-standard","5":"has-post-thumbnail","7":"category-lille","8":"tag-actu","9":"tag-actualites","10":"tag-eu","11":"tag-europe","12":"tag-fr","13":"tag-france","14":"tag-hauts-de-france","15":"tag-lille","16":"tag-meteo-france","17":"tag-news","18":"tag-republique-francaise","19":"tag-societe"},"share_on_mastodon":{"url":"https:\/\/pubeurope.com\/@fr\/115116017214609050","error":""},"_links":{"self":[{"href":"https:\/\/www.europesays.com\/fr\/wp-json\/wp\/v2\/posts\/353817","targetHints":{"allow":["GET"]}}],"collection":[{"href":"https:\/\/www.europesays.com\/fr\/wp-json\/wp\/v2\/posts"}],"about":[{"href":"https:\/\/www.europesays.com\/fr\/wp-json\/wp\/v2\/types\/post"}],"author":[{"embeddable":true,"href":"https:\/\/www.europesays.com\/fr\/wp-json\/wp\/v2\/users\/2"}],"replies":[{"embeddable":true,"href":"https:\/\/www.europesays.com\/fr\/wp-json\/wp\/v2\/comments?post=353817"}],"version-history":[{"count":0,"href":"https:\/\/www.europesays.com\/fr\/wp-json\/wp\/v2\/posts\/353817\/revisions"}],"wp:featuredmedia":[{"embeddable":true,"href":"https:\/\/www.europesays.com\/fr\/wp-json\/wp\/v2\/media\/353818"}],"wp:attachment":[{"href":"https:\/\/www.europesays.com\/fr\/wp-json\/wp\/v2\/media?parent=353817"}],"wp:term":[{"taxonomy":"category","embeddable":true,"href":"https:\/\/www.europesays.com\/fr\/wp-json\/wp\/v2\/categories?post=353817"},{"taxonomy":"post_tag","embeddable":true,"href":"https:\/\/www.europesays.com\/fr\/wp-json\/wp\/v2\/tags?post=353817"}],"curies":[{"name":"wp","href":"https:\/\/api.w.org\/{rel}","templated":true}]}}