{"id":353819,"date":"2025-08-30T05:16:12","date_gmt":"2025-08-30T05:16:12","guid":{"rendered":"https:\/\/www.europesays.com\/fr\/353819\/"},"modified":"2025-08-30T05:16:12","modified_gmt":"2025-08-30T05:16:12","slug":"programme-complet-dates-et-horaires-nouveautes-a-ne-pas-rater-vous-saurez-tout","status":"publish","type":"post","link":"https:\/\/www.europesays.com\/fr\/353819\/","title":{"rendered":"programme complet, dates et horaires, nouveaut\u00e9s \u00e0 ne pas rater, vous saurez tout"},"content":{"rendered":"<p class=\"article__intro\">Lille s\u2019appr\u00eate \u00e0 vivre un week-end hors du commun les 6 et 7 septembre 2025. La ville se transforme en vaste march\u00e9 \u00e0 ciel ouvert, m\u00ealant ambiance festive, tr\u00e9sors \u00e0 d\u00e9nicher et rencontres chaleureuses. Un rendez-vous incontournable pour les amateurs de chine comme pour les curieux venus profiter de l\u2019effervescence lilloise.<\/p>\n<p>\n      L\u2019actu des r\u00e9gions\n    <\/p>\n<p>\n      Chaque jour, un tour d\u2019horizon des principales infos de toutes les r\u00e9gions.\n    <\/p>\n<p>    France T\u00e9l\u00e9visions utilise votre adresse e-mail afin de vous envoyer la newsletter \u00ab\u00a0L\u2019actu des r\u00e9gions\u00a0\u00bb. Vous pouvez vous d\u00e9sinscrire \u00e0 tout moment via le lien en bas de cette newsletter. <a target=\"_blank\" href=\"https:\/\/www.francetelevisions.fr\/groupe\/confidentialite\/politique-de-confidentialite\/politique-de-confidentialite-de-france-televisions-6503\" rel=\"nofollow noopener\">Notre politique de confidentialit\u00e9<\/a><\/p>\n<p>La c\u00e9l\u00e8bre braderie de Lille se tiendra les samedi 6 et dimanche 7 septembre 2025. Ce grand rendez-vous populaire attire chaque ann\u00e9e plus de deux millions de visiteurs, venus du monde entier pour arpenter les rues lilloises \u00e0 la recherche de bonnes affaires.<\/p>\n<p>Les horaires de la braderie restent bien encadr\u00e9s : les ventes d\u00e9buteront le samedi \u00e0 8h et se poursuivront jusqu\u2019au dimanche \u00e0 18h. Avant ce cr\u00e9neau, les exposants ne sont pas autoris\u00e9s \u00e0 installer ou vendre leurs objets, conform\u00e9ment au r\u00e8glement.<\/p>\n<p>Pour accompagner l\u2019effervescence du week-end, les bars et les restaurants b\u00e9n\u00e9ficient d\u2019horaires prolong\u00e9s, mais\u00a0doivent obligatoirement fermer de 5h \u00e0 7h du matin pour faciliter le nettoyage des rues.<\/p>\n<p>Tout au long de la braderie, Lille vivra au rythme de nombreuses animations organis\u00e9es dans ses diff\u00e9rents quartiers.<\/p>\n<p><strong>L\u2019axe de la chine : le royaume des brocanteurs<\/strong><\/p>\n<p>Ce secteur embl\u00e9matique r\u00e9serv\u00e9 aux antiquaires et professionnels de la brocante s\u2019\u00e9tendra de l\u2019Esplanade \u00e0 la rue Saint-Sauveur, en passant par le boulevard de la Libert\u00e9 et le boulevard Louis XIV.<\/p>\n<\/p>\n<p><strong>Broc\u2019 \u00e0 v\u00e9los : le bon plan deux-roues<\/strong><\/p>\n<p>Introduite en 2023, la brocante \u00e0 v\u00e9los se tiendra sur la place de la Nouvelle Aventure \u00e0 Wazemmes. Au programme : vente de v\u00e9los d\u2019occasion, de pi\u00e8ces d\u00e9tach\u00e9es, mais aussi stand de sensibilisation \u00e0 la mobilit\u00e9 douce anim\u00e9 par l\u2019association Droit au V\u00e9lo (ADAV), avec un service de marquage antivol \u00e0 6 \u20ac.<\/p>\n<p><strong>La braderie de la BD et des livres<\/strong><\/p>\n<p>Rendez-vous au Palais des Beaux-Arts pour la braderie de la bande dessin\u00e9e et des bouquinistes o\u00f9 une vingtaine de stands vous attendent de 10h \u00e0 18h le samedi 6 septembre.<\/p>\n<p><strong>Braderie des enfants : les plus jeunes aussi ont leur espace<\/strong><\/p>\n<p>\u00c0 la gare Saint-Sauveur, les enfants tiendront leur propre braderie sur deux jours, de 8h \u00e0 19h le samedi et de 8h \u00e0 16h le dimanche. Livres, jouets, v\u00eatements et cr\u00e9ations faites main seront mis en vente dans une ambiance conviviale. Ce rendez-vous, lanc\u00e9 en 2017, conna\u00eet chaque ann\u00e9e un beau succ\u00e8s.<\/p>\n<p><strong>&gt;&gt;&gt; \u00c0 lire aussi : <a href=\"https:\/\/france3-regions.franceinfo.fr\/hauts-de-france\/nord-0\/lille\/braderie-2025-ce-que-vous-ignorez-peut-etre-sur-l-histoire-du-plus-grand-vide-grenier-d-europe-3185124.html\" target=\"_blank\" rel=\"noopener nofollow\">Braderie de Lille 2025 : ce que vous ignorez (peut-\u00eatre) sur l\u2019histoire du plus grand vide-grenier d\u2019Europe<\/a><\/strong><\/p>\n<p><strong>Les villages \u00e0 d\u00e9couvrir<\/strong><\/p>\n<p>Plusieurs espaces th\u00e9matiques seront am\u00e9nag\u00e9s pour rythmer votre balade dans les rues de Lille :<\/p>\n<ul>\n<li>Place Rihour, les commer\u00e7ants ind\u00e9pendants vous accueilleront dans un village sp\u00e9cialement d\u00e9di\u00e9.<\/li>\n<li>Sur la place de la R\u00e9publique, un village mettra en lumi\u00e8re le r\u00e9emploi et la consommation responsable.<\/li>\n<li>\u00c0 la porte de Paris, les associations engag\u00e9es dans la transition \u00e9cologique seront \u00e0 l\u2019honneur.<\/li>\n<\/ul>\n<p><strong>Les march\u00e9s de plein air pendant la braderie<\/strong><\/p>\n<p>Les habituels march\u00e9s de Lille seront bien pr\u00e9sents :<\/p>\n<ul>\n<li>Samedi 6, de 8h \u00e0 14h, le march\u00e9 de la place S\u00e9bastopol accueillera les chineurs matinaux.<\/li>\n<li>Dimanche 7, de 8h \u00e0 18h, vous pourrez fl\u00e2ner sur les march\u00e9s des places du Concert et de la Nouvelle Aventure.<\/li>\n<\/ul>\n<p><strong>Foire aux man\u00e8ges : la f\u00eate continue<\/strong><\/p>\n<p>Et pour faire une pause entre deux stands, direction l\u2019Esplanade du Champ de Mars : la foire aux man\u00e8ges y prendra ses quartiers du 30 ao\u00fbt au 28 septembre, avec une ouverture nocturne exceptionnelle pendant le week-end de la Braderie avec pr\u00e8s de 180 attractions foraines pour petits et grands.<\/p>\n<p>                    Braderie de Lille 2025<\/p>\n<p>                        Du 6 septembre<br \/>\n                        au 7 septembre 2025<\/p>\n<p>Un \u00e9v\u00e9nement organis\u00e9 le week-end du 6 et 7 septembre 2025 dans la capitale des Flandres, \u00e0 Lille et totalisant pr\u00e8s de 80 km d&rsquo;\u00e9tals, c&rsquo;est tout simplement la plus grande braderie d&rsquo;Europe. Chineurs, brocanteurs et visiteurs du Nord, de Belgique et d&rsquo;ailleurs seront \u00e0 l&rsquo;affut de bonnes affaires dans ce bric-\u00e0-brac grandeur XXL, \u00e0 la rencontre des brocanteurs, sans oublier l&rsquo;immanquable moules frites toujours au rendez-vous. Photo : Sebastien Courdji \/ Xinhua News Agency\/Newscom\/MaxPPP<\/p>\n<p>                voir plus<\/p>\n<p>\n                Lieu de l\u2019\u00e9v\u00e9nement:<br \/>\n                Lille\n            <\/p>\n<p>\t\t\t\t\t\t\t\t\t\t\t\t\t\t\t\t\t\t\t\t\t\t\t\t\t<a class=\"btn btn--primary btn--large event_redirect btn--on-white\" href=\"https:\/\/france3-regions.franceinfo.fr\/sorties-loisirs\/evenements\/fetes-locales\/braderie-lille\" aria-label=\"Braderie de Lille 2025. Voir la page de l\u2019\u00e9v\u00e9nement\" rel=\"nofollow noopener\" target=\"_blank\"><\/p>\n<p>              Voir la page de l\u2019\u00e9v\u00e9nement<\/p>\n<p>\t<\/a><\/p>\n","protected":false},"excerpt":{"rendered":"Lille s\u2019appr\u00eate \u00e0 vivre un week-end hors du commun les 6 et 7 septembre 2025. La ville se&hellip;\n","protected":false},"author":2,"featured_media":353820,"comment_status":"","ping_status":"","sticky":false,"template":"","format":"standard","meta":{"footnotes":""},"categories":[2815],"tags":[1111,11,1777,674,1011,27,811,1307,12,25],"class_list":{"0":"post-353819","1":"post","2":"type-post","3":"status-publish","4":"format-standard","5":"has-post-thumbnail","7":"category-lille","8":"tag-actu","9":"tag-actualites","10":"tag-eu","11":"tag-europe","12":"tag-fr","13":"tag-france","14":"tag-hauts-de-france","15":"tag-lille","16":"tag-news","17":"tag-republique-francaise"},"share_on_mastodon":{"url":"https:\/\/pubeurope.com\/@fr\/115116021138673987","error":""},"_links":{"self":[{"href":"https:\/\/www.europesays.com\/fr\/wp-json\/wp\/v2\/posts\/353819","targetHints":{"allow":["GET"]}}],"collection":[{"href":"https:\/\/www.europesays.com\/fr\/wp-json\/wp\/v2\/posts"}],"about":[{"href":"https:\/\/www.europesays.com\/fr\/wp-json\/wp\/v2\/types\/post"}],"author":[{"embeddable":true,"href":"https:\/\/www.europesays.com\/fr\/wp-json\/wp\/v2\/users\/2"}],"replies":[{"embeddable":true,"href":"https:\/\/www.europesays.com\/fr\/wp-json\/wp\/v2\/comments?post=353819"}],"version-history":[{"count":0,"href":"https:\/\/www.europesays.com\/fr\/wp-json\/wp\/v2\/posts\/353819\/revisions"}],"wp:featuredmedia":[{"embeddable":true,"href":"https:\/\/www.europesays.com\/fr\/wp-json\/wp\/v2\/media\/353820"}],"wp:attachment":[{"href":"https:\/\/www.europesays.com\/fr\/wp-json\/wp\/v2\/media?parent=353819"}],"wp:term":[{"taxonomy":"category","embeddable":true,"href":"https:\/\/www.europesays.com\/fr\/wp-json\/wp\/v2\/categories?post=353819"},{"taxonomy":"post_tag","embeddable":true,"href":"https:\/\/www.europesays.com\/fr\/wp-json\/wp\/v2\/tags?post=353819"}],"curies":[{"name":"wp","href":"https:\/\/api.w.org\/{rel}","templated":true}]}}