{"id":353821,"date":"2025-08-30T05:17:11","date_gmt":"2025-08-30T05:17:11","guid":{"rendered":"https:\/\/www.europesays.com\/fr\/353821\/"},"modified":"2025-08-30T05:17:11","modified_gmt":"2025-08-30T05:17:11","slug":"marseille-apres-notre-dame-de-la-garde-dautres-monuments-historiques-seront-ils-renoves","status":"publish","type":"post","link":"https:\/\/www.europesays.com\/fr\/353821\/","title":{"rendered":"Marseille. Apr\u00e8s Notre-Dame de la Garde, d&rsquo;autres monuments historiques seront-ils\u00a0r\u00e9nov\u00e9s\u00a0?"},"content":{"rendered":"<p>            Par<br \/>\n        <strong><br \/>\n            <a href=\"https:\/\/actu.fr\/auteur\/thomas-blanc\" title=\"Consulter tous les articles de Thomas Blanc\" rel=\"nofollow noopener\" target=\"_blank\">Thomas Blanc<\/a><br \/>\n        <\/strong><\/p>\n<p>        Publi\u00e9 le<\/p>\n<p>            30 ao\u00fbt 2025 \u00e0 6h50        <\/p>\n<p>\u00c0 proximit\u00e9 de la <a href=\"https:\/\/actu.fr\/tag\/gare-saint-charles\" rel=\"nofollow noopener\" target=\"_blank\">gare Saint-Charles<\/a> (1er arrondissement), locaux et touristes arrivant ou quittant <a href=\"https:\/\/actu.fr\/marseille\/\" rel=\"nofollow noopener\" target=\"_blank\">Marseille<\/a> ont l\u2019honneur de passer devant la fontaine Fossati. Une fontaine du XVIIIe\u00a0si\u00e8cle class\u00e9e <strong>monument historique<\/strong>. Pourtant, elle fait une bien p\u00e2le figure. Son \u00e9tat d\u00e9grad\u00e9 ne donne envie \u00e0 aucun passant de s\u2019arr\u00eater pour la contempler. Face aux travaux \u00e0 <a href=\"https:\/\/actu.fr\/tag\/notre-dame-de-la-garde\" rel=\"nofollow noopener\" target=\"_blank\">Notre-Dame de la Garde<\/a>, l\u2019\u00e9tat de cette fontaine tricentenaire force \u00e0 se questionner sur le <strong>manque de r\u00e9novation<\/strong> des autres monuments de la ville.<\/p>\n<p>Un patrimoine riche mais en mauvais \u00e9tat<\/p>\n<p class=\" wall-content\">Longtemps \u00e0 la tra\u00eene en mati\u00e8re de <a href=\"https:\/\/actu.fr\/tag\/patrimoine\" rel=\"nofollow noopener\" target=\"_blank\">patrimoine<\/a>, la Ville de Marseille acc\u00e9l\u00e8re d\u00e9sormais la conservation de ses monuments historiques, alors qu\u2019elle ne comptait que <strong>100 \u00e9difices prot\u00e9g\u00e9s en 2020<\/strong>, loin derri\u00e8re les autres grandes villes fran\u00e7aises. Un retard criant, que la mairie, sous l\u2019impulsion de Perrine Prigent, adjointe au maire au patrimoine, entend combler.<\/p>\n<p class=\" wall-content\">La municipalit\u00e9 m\u00e8ne aujourd\u2019hui une politique active. \u00ab\u2009On ajoute cinq \u00e0 dix monuments par an \u00e0 la liste, c\u2019est un processus long de validation par plusieurs instances, r\u00e9gionales et nationales. Ces ajouts engendrent des obligations, notamment de conservation\u2009\u00bb, explique l\u2019\u00e9lue. Parmi les monuments r\u00e9cemment inscrits figurent par exemple les <strong>fontaines Estrangin et Cantini<\/strong>, bijoux d\u2019architecturaux locaux.<\/p>\n<p class=\" wall-content\">Pour assurer la pr\u00e9servation de ce \u00ab\u2009riche patrimoine\u2009\u00bb, la Ville a lanc\u00e9 un march\u00e9 de diagnostic d\u2019un montant de <strong>deux millions d\u2019euros<\/strong>\u2009: \u00ab\u2009L\u2019enjeu, c\u2019est d\u2019avoir un diagnostic avec un historique des monuments ainsi que des conseils de r\u00e9novation\u2009\u00bb, pr\u00e9cise Perrine Prigent. L\u2019objectif\u2009: avoir une \u00ab\u2009bonne vision d\u2019ensemble des travaux \u00e0 r\u00e9aliser\u2009\u00bb et mieux cibler les besoins. Pour cela, le march\u00e9 est divis\u00e9 en quatre lots.<\/p>\n<p>    <img   decoding=\"async\" loading=\"lazy\" src=\"https:\/\/www.europesays.com\/fr\/wp-content\/uploads\/2025\/08\/5da1841e-6566-44bb-9eb3-0920ea457704-960x640.jpg\" alt=\"La fontaine Fossati, place des Capucines, dans le 1er arrondissement de Marseille.\" width=\"960\" height=\"640\"\/><br \/>\n    La fontaine Fossati, place des Capucines, dans le 1er arrondissement de Marseille. (\u00a9Thomas Blanc \/ actu Marseille)Quatre lots distincts<\/p>\n<p class=\" wall-content\">Le premier r\u00e9unit les petits monuments, comme la colonne de la Peste, la fontaine Estrangin, la fontaine des Dana\u00efdes et la fontaine Fossati. La soci\u00e9t\u00e9 Fabienne Nabet Hugon est charg\u00e9e de ce segment.<\/p>\n<p class=\" wall-content\">Le deuxi\u00e8me lot concerne des \u00e9difices de taille moyenne tels que l\u2019\u00e9glise Saint-Ferr\u00e9ol, l\u2019\u00e9glise de la Mission de France et la <strong>fontaine Cantini<\/strong> de la place Castellane, suivi par Archigem. Le troisi\u00e8me, avec des monuments plus imposants, comprend la bastide la Magalone, l\u2019\u00e9glise Saint-Th\u00e9odore, l\u2019\u00e9glise des Chartreux et le mus\u00e9e Grobet Labadi\u00e9, attribu\u00e9 \u00e0 Archipape.<\/p>\n<p>Votre r\u00e9gion, votre actu !<\/p>\n<p>Recevez chaque jour les infos qui comptent pour vous.<\/p>\n<p>\t<a href=\"https:\/\/actu.fr\/newsletter\" class=\"ac-btn ac-btn--corner ac-btn--medium ac-btn--blue800\" rel=\"nofollow noopener\" target=\"_blank\">S&rsquo;incrire<\/a><\/p>\n<p class=\" wall-content\">Enfin, le dernier lot porte sur le <strong>Palais Carli<\/strong>, monument majeur de la ville et se sont les ateliers Codou qui en auront la charge.<\/p>\n<p>Les Journ\u00e9es du Patrimoine en septembre<\/p>\n<p class=\" wall-content\">\u00ab\u2009On a jug\u00e9 important d\u2019avoir de bons diagnostics, au vu de l\u2019\u00e9tat du patrimoine \u00e0 Marseille\u2009\u00bb, insiste Perrine Prigent. Elle souligne \u00e9galement la volont\u00e9 municipale d\u2019inscrire cette d\u00e9marche dans le <strong>temps long<\/strong> en entrant \u00ab\u2009dans une dynamique beaucoup plus r\u00e9guli\u00e8re de restauration et d\u2019entretien de l\u2019ensemble des sites municipaux par rapport \u00e0 avant\u2009\u00bb, conclut l\u2019adjointe.<\/p>\n<p class=\" wall-content\">En redonnant vie \u00e0 un patrimoine d\u00e9laiss\u00e9, les habitants retrouveront la beaut\u00e9 de leur ville. Si vous voulez d\u00e9couvrir la richesse patrimoniale de Marseille, les Journ\u00e9es du Patrimoine se tiendront d\u2019ailleurs les <strong>20 et 21\u00a0septembre prochains<\/strong>.<\/p>\n<p class=\" wall-content\">Personnalisez votre actualit\u00e9 en ajoutant vos villes et m\u00e9dias en favori avec <a href=\"https:\/\/moncompte.actu.fr\" title=\"D\u00e9couvez Mon Actu\" rel=\"nofollow noopener\" data-trk=\"{&quot;cta&quot;:{&quot;action&quot;:&quot;https:\\\/\\\/moncompte.actu.fr&quot;,&quot;category&quot;:&quot;mon compte&quot;,&quot;from&quot;:&quot;article footer&quot;,&quot;name&quot;:&quot;Mon actu&quot;,&quot;type&quot;:&quot;cta&quot;}}\" target=\"_blank\">Mon Actu<\/a>.<\/p>\n","protected":false},"excerpt":{"rendered":"Par Thomas Blanc Publi\u00e9 le 30 ao\u00fbt 2025 \u00e0 6h50 \u00c0 proximit\u00e9 de la gare Saint-Charles (1er arrondissement),&hellip;\n","protected":false},"author":2,"featured_media":353822,"comment_status":"","ping_status":"","sticky":false,"template":"","format":"standard","meta":{"footnotes":""},"categories":[2814],"tags":[1111,11,1777,674,1011,27,884,12,1177,2551,882,25,104],"class_list":{"0":"post-353821","1":"post","2":"type-post","3":"status-publish","4":"format-standard","5":"has-post-thumbnail","7":"category-marseille","8":"tag-actu","9":"tag-actualites","10":"tag-eu","11":"tag-europe","12":"tag-fr","13":"tag-france","14":"tag-marseille","15":"tag-news","16":"tag-notre-dame-de-la-garde","17":"tag-patrimoine","18":"tag-provence-alpes-cote-dazur","19":"tag-republique-francaise","20":"tag-societe"},"share_on_mastodon":{"url":"https:\/\/pubeurope.com\/@fr\/115116025194779422","error":""},"_links":{"self":[{"href":"https:\/\/www.europesays.com\/fr\/wp-json\/wp\/v2\/posts\/353821","targetHints":{"allow":["GET"]}}],"collection":[{"href":"https:\/\/www.europesays.com\/fr\/wp-json\/wp\/v2\/posts"}],"about":[{"href":"https:\/\/www.europesays.com\/fr\/wp-json\/wp\/v2\/types\/post"}],"author":[{"embeddable":true,"href":"https:\/\/www.europesays.com\/fr\/wp-json\/wp\/v2\/users\/2"}],"replies":[{"embeddable":true,"href":"https:\/\/www.europesays.com\/fr\/wp-json\/wp\/v2\/comments?post=353821"}],"version-history":[{"count":0,"href":"https:\/\/www.europesays.com\/fr\/wp-json\/wp\/v2\/posts\/353821\/revisions"}],"wp:featuredmedia":[{"embeddable":true,"href":"https:\/\/www.europesays.com\/fr\/wp-json\/wp\/v2\/media\/353822"}],"wp:attachment":[{"href":"https:\/\/www.europesays.com\/fr\/wp-json\/wp\/v2\/media?parent=353821"}],"wp:term":[{"taxonomy":"category","embeddable":true,"href":"https:\/\/www.europesays.com\/fr\/wp-json\/wp\/v2\/categories?post=353821"},{"taxonomy":"post_tag","embeddable":true,"href":"https:\/\/www.europesays.com\/fr\/wp-json\/wp\/v2\/tags?post=353821"}],"curies":[{"name":"wp","href":"https:\/\/api.w.org\/{rel}","templated":true}]}}