{"id":353823,"date":"2025-08-30T05:18:09","date_gmt":"2025-08-30T05:18:09","guid":{"rendered":"https:\/\/www.europesays.com\/fr\/353823\/"},"modified":"2025-08-30T05:18:09","modified_gmt":"2025-08-30T05:18:09","slug":"rtm-a-marseille-voici-tous-les-tres-grands-changements-prevus-pour-la-rentree","status":"publish","type":"post","link":"https:\/\/www.europesays.com\/fr\/353823\/","title":{"rendered":"RTM \u00e0 Marseille. Voici tous les tr\u00e8s grands changements pr\u00e9vus pour la rentr\u00e9e"},"content":{"rendered":"<p>            Par<br \/>\n        <strong><br \/>\n            <a href=\"https:\/\/actu.fr\/auteur\/thibault-nadal-actu-fr\" title=\"Consulter tous les articles de Thibault Nadal\" rel=\"nofollow noopener\" target=\"_blank\">Thibault Nadal<\/a><br \/>\n        <\/strong><\/p>\n<p>        Publi\u00e9 le<\/p>\n<p>            30 ao\u00fbt 2025 \u00e0 6h06        <\/p>\n<p>La rentr\u00e9e approche \u00e0 grands pas. Ce lundi 1er\u00a0septembre 2025, les \u00e9coliers de <a href=\"https:\/\/actu.fr\/marseille\/\" rel=\"nofollow noopener\" target=\"_blank\">Marseille<\/a> reprennent le chemin de l\u2019\u00e9cole et pour beaucoup de parents, celui du travail. Pour cela, ils pourront compter sur plusieurs <strong>nouveaut\u00e9s<\/strong> dans <a href=\"https:\/\/actu.fr\/tag\/rtm\" rel=\"nofollow noopener\" target=\"_blank\">le r\u00e9seau de la R\u00e9gie des transports m\u00e9tropolitains<\/a> (RTM).<\/p>\n<p class=\" wall-content\">Voici les d\u00e9tails.<\/p>\n<p>Les transports gratuits pour certaines personnes<\/p>\n<p class=\" wall-content\">C\u2019est sans aucun doute le plus grand changement de ces derni\u00e8res ann\u00e9es. D\u00e8s lundi, les transports en commun seront <strong>gratuits pour les moins de 11\u00a0ans et les plus de 65\u00a0ans<\/strong>.<\/p>\n<p class=\" wall-content\">Cela concerne \u00ab\u2009tous les r\u00e9seaux m\u00e9tropolitains\u2009\u00bb (bus, car, tram, m\u00e9tro, parking relais et bus \u00e0 la demande), ainsi que les navettes maritimes, le ferry-boat qui permet de traverser le <a href=\"https:\/\/actu.fr\/tag\/vieux-port\" rel=\"nofollow noopener\" target=\"_blank\">Vieux-Port<\/a> ainsi que les lignes reliant l\u2019<a href=\"https:\/\/actu.fr\/tag\/aeroport-de-marseille-provence\" rel=\"nofollow noopener\" target=\"_blank\">a\u00e9roport de Marignane<\/a> (40 et 91)<\/p>\n<p class=\" wall-content\">Cette mesure, <a href=\"https:\/\/actu.fr\/provence-alpes-cote-d-azur\/marseille_13055\/marseille-la-metropole-va-rendre-les-transports-de-la-rtm-gratuits-pour-certains_62192091.html\" rel=\"nofollow noopener\" target=\"_blank\">annonc\u00e9e d\u00e8s le mois de janvier par Martine Vassal<\/a>, la pr\u00e9sidente (DVD) de la <a href=\"https:\/\/actu.fr\/tag\/metropole-aix-marseille\" rel=\"nofollow noopener\" target=\"_blank\">M\u00e9tropole Aix-Marseille-Provence<\/a>, a \u00e9t\u00e9 valid\u00e9e lors du dernier conseil m\u00e9tropolitain, le 26 juin. Plus de <strong>120\u2009000\u00a0personnes<\/strong> seraient concern\u00e9es, selon La Provence.<\/p>\n<p class=\" wall-content\">Pour en b\u00e9n\u00e9ficier, trois choix s\u2019offrent \u00e0 vous\u2009:<\/p>\n<ul class=\" wall-content\">\n<li>si vous \u00eates d\u00e9j\u00e0 titulaire d\u2019un abonnement, la bascule a \u00e9t\u00e9 effectu\u00e9e si vous avez r\u00e9cemment valid\u00e9 votre titre de transport;<\/li>\n<li>si vous poss\u00e9dez une carte, mais que vous n\u2019avez pas d\u2019abonnement, il suffit de remplir <strong>un formulaire<\/strong> en ligne, sur <a href=\"https:\/\/www.rtm.fr\/\" rel=\"nofollow noopener\" target=\"_blank\">le site de la RTM<\/a>;<\/li>\n<li>si vous n\u2019avez pas de carte, il vous suffit l\u00e0 encore de vous rendre l\u00e0 encore sur le site de la R\u00e9gie des transports m\u00e9tropolitains.<\/li>\n<\/ul>\n<p>Votre r\u00e9gion, votre actu !<\/p>\n<p>Recevez chaque jour les infos qui comptent pour vous.<\/p>\n<p>\t<a href=\"https:\/\/actu.fr\/newsletter\" class=\"ac-btn ac-btn--corner ac-btn--medium ac-btn--blue800\" rel=\"nofollow noopener\" target=\"_blank\">S&rsquo;incrire<\/a><\/p>\n<p>    <a href=\"https:\/\/www.facebook.com\/plugins\/post.php?href=https%3A%2F%2Fwww.facebook.com%2FRTMinfos%2Fposts%2Fpfbid02kAPUU4jum3jmNoxMKTbHkGXZ1D4LWHmG51o7UTrGS6FfoCakEHRuCUvnLBF1JfmJl&amp;show_text=true&amp;width=350\" title=\"Ouvrie le lien\" rel=\"nofollow noopener\" target=\"_blank\">Cliquez ici pour visualiser le contenu<\/a><\/p>\n<p>Deux nouvelles lignes de bus cr\u00e9\u00e9es<\/p>\n<p class=\" wall-content\">Ce sont les habitants du quartier de La Fourrag\u00e8re qui vont avoir le sourire. D\u00e8s lundi, deux nouvelles lignes de bus vont voir le jour avec pour point commun, <strong>un d\u00e9part ou une arriv\u00e9e depuis le terminus de la ligne 1 du m\u00e9tro<\/strong>, situ\u00e9 dans le 11e arrondissement de Marseille.<\/p>\n<ul class=\" wall-content\">\n<li><strong>Ligne B4<\/strong>\u2009: du m\u00e9tro La G\u00e8ze (15e) au m\u00e9tro La Fourrag\u00e8re, avec <a href=\"https:\/\/www.rtm.fr\/sites\/default\/files\/docs\/rtm_plan_horaires_ligne_B4.pdf\" rel=\"nofollow noopener\" target=\"_blank\">plusieurs arr\u00eats d\u2019importance<\/a>, comme Picon Busserine (14e) ou Frais Vallon (13e). Elle circule de 4h30 \u00e0 1h du matin;<\/li>\n<li><strong>Ligne B5<\/strong>\u2009: du m\u00e9tro La Fourrag\u00e8re \u00e0 l\u2019arr\u00eat du futur arr\u00eat du T3 La Gaye (9e) avec <a href=\"https:\/\/www.rtm.fr\/sites\/default\/files\/docs\/rtm_plan_horaires_ligne_B5.pdf\" rel=\"nofollow noopener\" target=\"_blank\">d\u2019autres arr\u00eats notables<\/a>\u2009: le Centre commercial St Loup ou le lyc\u00e9e Jean Perrin. Elle circule de 5h30 (6h30 le dimanche) \u00e0 21h.<\/li>\n<\/ul>\n<p>Neuf lignes \u00ab\u2009am\u00e9lior\u00e9es\u2009\u00bb<\/p>\n<p class=\" wall-content\">En cette rentr\u00e9e 2025, la RTM annonce que neuf lignes vont \u00eatre \u00ab\u2009<strong>am\u00e9lior\u00e9es<\/strong>\u2009\u00bb et conna\u00eetre plusieurs changements.<\/p>\n<p>Voici les lignes concern\u00e9es\u2009:<\/p>\n<p class=\" wall-content\"><strong>Lignes 16 et 16S<\/strong>\u2009:<\/p>\n<ul class=\" wall-content\">\n<li>Une seule ligne reste exploit\u00e9e\u2009: la 16;<\/li>\n<li>La 16S, elle, dispara\u00eet, tout comme deux arr\u00eats, St-Tronc (report \u00e0 l\u2019arr\u00eat St-Tronc Clair Matin) et St-Tronc La Rose (report \u00e0 l\u2019arr\u00eat Toulouse Claudel).<\/li>\n<\/ul>\n<p class=\" wall-content\"><strong>Ligne 17<\/strong>\u2009:<\/p>\n<ul class=\" wall-content\">\n<li>La ligne 17 est prolong\u00e9e jusqu\u2019aux Caillols Centre Urbain et dessert les Hauts de St-Loup, St Thys ainsi que La Pomme;<\/li>\n<li>Le Parc des Bruy\u00e8res ne sera, lui, plus desservi par le bus 17, mais par le 16.<\/li>\n<\/ul>\n<p class=\" wall-content\"><strong>Ligne 72<\/strong>\u2009:<\/p>\n<ul class=\" wall-content\">\n<li>Elle est prolong\u00e9e jusqu\u2019au quartier d\u2019affaires d\u2019Arenc (2e) et renforc\u00e9e avec une fr\u00e9quence de dix minutes lors des heures de pointe en semaine;<\/li>\n<li>L\u2019arr\u00eat m\u00e9tro Bougainville (direction M\u00e9tro Rond point du Prado) est d\u00e9plac\u00e9 devant le Parc de Bougainville de l\u2019autre c\u00f4t\u00e9 du boulevard Ferdinand de Lesseps.<\/li>\n<\/ul>\n<p class=\" wall-content\"><strong>Lignes 82, 82S et 83<\/strong>\u2009:<\/p>\n<ul class=\" wall-content\">\n<li>La ligne 83 est prolong\u00e9e au nord jusqu\u2019au quartier d\u2019affaires d\u2019Arenc;<\/li>\n<li>La ligne 82 dispara\u00eet et devient la ligne 83;<\/li>\n<li>Son offre est aussi renforc\u00e9e lors des heures de pointe en semaine avec un passage toutes les dix minutes;<\/li>\n<li>La ligne 82S Pharo Catalans \u2013 Gare Saint-Charles reste inchang\u00e9e.<\/li>\n<\/ul>\n<p class=\" wall-content\"><strong>Ligne 84<\/strong>\u2009:<\/p>\n<ul class=\" wall-content\">\n<li>Elle circule d\u00e9sormais du lundi au samedi avec une fr\u00e9quence de 20\u00a0minutes de 7h \u00e0 19h.<\/li>\n<\/ul>\n<p class=\" wall-content\"><strong>Ligne 86<\/strong>\u2009:<\/p>\n<ul class=\" wall-content\">\n<li>Son offre est renforc\u00e9e du lundi au samedi avec un bus toutes les 30\u00a0minutes de 7h \u00e0 19h.<\/li>\n<\/ul>\n<p class=\" wall-content\"><strong>Ligne 88<\/strong>\u2009:<\/p>\n<ul class=\" wall-content\">\n<li>Elle est prolong\u00e9e jusqu\u2019aux 5 Avenues en passant par les Chutes Lavie, et jusqu\u2019au m\u00e9tro D\u00e9sir\u00e9e Clary.<\/li>\n<li>Un bus toutes les 20\u00a0minutes de 7h \u00e0 19h du lundi au samedi.<\/li>\n<\/ul>\n<p class=\" wall-content\"><strong>Ligne 535<\/strong>\u2009:<\/p>\n<ul class=\" wall-content\">\n<li>Le bus de soir\u00e9e 535 est prolong\u00e9 de Bougainville \u00e0 Arenc Eurom\u00e9diterran\u00e9e.<\/li>\n<li>L\u2019arr\u00eat m\u00e9tro Bougainville (direction Estaque Riaux) est d\u00e9plac\u00e9 devant le Parc de Bougainville de l\u2019autre c\u00f4t\u00e9 du boulevard Ferdinand de Lesseps.<\/li>\n<\/ul>\n<p class=\" wall-content\">Personnalisez votre actualit\u00e9 en ajoutant vos villes et m\u00e9dias en favori avec <a href=\"https:\/\/moncompte.actu.fr\" title=\"D\u00e9couvez Mon Actu\" rel=\"nofollow noopener\" data-trk=\"{&quot;cta&quot;:{&quot;action&quot;:&quot;https:\\\/\\\/moncompte.actu.fr&quot;,&quot;category&quot;:&quot;mon compte&quot;,&quot;from&quot;:&quot;article footer&quot;,&quot;name&quot;:&quot;Mon actu&quot;,&quot;type&quot;:&quot;cta&quot;}}\" target=\"_blank\">Mon Actu<\/a>.<\/p>\n","protected":false},"excerpt":{"rendered":"Par Thibault Nadal Publi\u00e9 le 30 ao\u00fbt 2025 \u00e0 6h06 La rentr\u00e9e approche \u00e0 grands pas. Ce lundi&hellip;\n","protected":false},"author":2,"featured_media":122489,"comment_status":"","ping_status":"","sticky":false,"template":"","format":"standard","meta":{"footnotes":""},"categories":[2814],"tags":[1111,11,1777,674,1011,27,884,6739,12,882,25,10783,104,2803],"class_list":{"0":"post-353823","1":"post","2":"type-post","3":"status-publish","4":"format-standard","5":"has-post-thumbnail","7":"category-marseille","8":"tag-actu","9":"tag-actualites","10":"tag-eu","11":"tag-europe","12":"tag-fr","13":"tag-france","14":"tag-marseille","15":"tag-metropole-aix-marseille","16":"tag-news","17":"tag-provence-alpes-cote-dazur","18":"tag-republique-francaise","19":"tag-rtm","20":"tag-societe","21":"tag-transport"},"share_on_mastodon":{"url":"https:\/\/pubeurope.com\/@fr\/115116029001528614","error":""},"_links":{"self":[{"href":"https:\/\/www.europesays.com\/fr\/wp-json\/wp\/v2\/posts\/353823","targetHints":{"allow":["GET"]}}],"collection":[{"href":"https:\/\/www.europesays.com\/fr\/wp-json\/wp\/v2\/posts"}],"about":[{"href":"https:\/\/www.europesays.com\/fr\/wp-json\/wp\/v2\/types\/post"}],"author":[{"embeddable":true,"href":"https:\/\/www.europesays.com\/fr\/wp-json\/wp\/v2\/users\/2"}],"replies":[{"embeddable":true,"href":"https:\/\/www.europesays.com\/fr\/wp-json\/wp\/v2\/comments?post=353823"}],"version-history":[{"count":0,"href":"https:\/\/www.europesays.com\/fr\/wp-json\/wp\/v2\/posts\/353823\/revisions"}],"wp:featuredmedia":[{"embeddable":true,"href":"https:\/\/www.europesays.com\/fr\/wp-json\/wp\/v2\/media\/122489"}],"wp:attachment":[{"href":"https:\/\/www.europesays.com\/fr\/wp-json\/wp\/v2\/media?parent=353823"}],"wp:term":[{"taxonomy":"category","embeddable":true,"href":"https:\/\/www.europesays.com\/fr\/wp-json\/wp\/v2\/categories?post=353823"},{"taxonomy":"post_tag","embeddable":true,"href":"https:\/\/www.europesays.com\/fr\/wp-json\/wp\/v2\/tags?post=353823"}],"curies":[{"name":"wp","href":"https:\/\/api.w.org\/{rel}","templated":true}]}}