{"id":353824,"date":"2025-08-30T05:19:11","date_gmt":"2025-08-30T05:19:11","guid":{"rendered":"https:\/\/www.europesays.com\/fr\/353824\/"},"modified":"2025-08-30T05:19:11","modified_gmt":"2025-08-30T05:19:11","slug":"les-axes-a-eviter-pour-le-dernier-chasse-croise-de-lete","status":"publish","type":"post","link":"https:\/\/www.europesays.com\/fr\/353824\/","title":{"rendered":"les axes \u00e0 \u00e9viter pour le dernier chass\u00e9-crois\u00e9 de l\u2019\u00e9t\u00e9"},"content":{"rendered":"<p itemprop=\"description\"><strong>La patience sera de mise.<\/strong><\/p>\n<p>Ce dernier week-end d\u2019ao\u00fbt, marqu\u00e9 par le retour des vacanciers avant la rentr\u00e9e scolaire, s\u2019annonce charg\u00e9 sur les routes fran\u00e7aises.\u00a0<\/p>\n<p>Selon Bison Fut\u00e9, la journ\u00e9e de ce samedi 30 ao\u00fbt sera particuli\u00e8rement difficile dans le sens des retours, notamment en Auvergne-Rh\u00f4ne-Alpes et sur les grands axes du quart Sud-Est.<\/p>\n<p>L\u2019autoroute A7 concentrera l\u2019essentiel des ralentissements : entre Marseille et Orange de 11h \u00e0 15h, et entre Orange et Lyon de 8h \u00e0 19h.<\/p>\n<p>Le trafic sera \u00e9galement tr\u00e8s dense sur l\u2019A6 entre Lyon et Beaune de 11h \u00e0 19h. Dans le sens des d\u00e9parts, l\u2019A7, la RN85 (Grenoble-Gap) et l\u2019acc\u00e8s au tunnel du Mont-Blanc devraient \u00e9galement conna\u00eetre de fortes perturbations.<\/p>\n<p><img loading=\"lazy\" decoding=\"async\" style=\"display: block; margin-left: auto; margin-right: auto;\" src=\"https:\/\/www.europesays.com\/fr\/wp-content\/uploads\/2025\/08\/capture-d-ecran-2025-08-29-a-23-43-21-83434.png\" alt=\"\" width=\"400\" height=\"283\"\/><\/p>\n<p>Bison Fut\u00e9 recommande d\u2019\u00e9viter certains cr\u00e9neaux pour limiter l\u2019attente : ne pas emprunter l\u2019A7 entre Lyon et Orange de 11h \u00e0 17h, ni l\u2019A75 entre Clermont-Ferrand et B\u00e9ziers entre 10h et 13h. Le contournement Est de Lyon (A46 et N346) est \u00e9galement \u00e0 \u00e9viter de 12h \u00e0 15h.<\/p>\n<p>Dimanche 31 ao\u00fbt, la situation s\u2019am\u00e9liorera nettement. Seul le nord-ouest du pays restera class\u00e9 en orange dans le sens des retours, avec des difficult\u00e9s attendues sur l\u2019A10, l\u2019A11 et l\u2019A13, notamment \u00e0 l\u2019approche de l\u2019\u00cele-de-France.<\/p>\n<p><img loading=\"lazy\" decoding=\"async\" style=\"display: block; margin-left: auto; margin-right: auto;\" src=\"https:\/\/www.europesays.com\/fr\/wp-content\/uploads\/2025\/08\/capture-d-ecran-2025-08-29-a-23-43-28-29455.png\" alt=\"\" width=\"400\" height=\"283\"\/><\/p>\n","protected":false},"excerpt":{"rendered":"La patience sera de mise. Ce dernier week-end d\u2019ao\u00fbt, marqu\u00e9 par le retour des vacanciers avant la rentr\u00e9e&hellip;\n","protected":false},"author":2,"featured_media":353825,"comment_status":"","ping_status":"","sticky":false,"template":"","format":"standard","meta":{"footnotes":""},"categories":[1889],"tags":[1111,11,2813,2190,2430,1109,251,1112,2811,1777,674,118,1011,27,1922,1110,1114,2428,2810,12,241,316,25,2812,517,800],"class_list":{"0":"post-353824","1":"post","2":"type-post","3":"status-publish","4":"format-standard","5":"has-post-thumbnail","7":"category-lyon","8":"tag-actu","9":"tag-actualites","10":"tag-article","11":"tag-asvel","12":"tag-auvergne-rhone-alpes","13":"tag-breves","14":"tag-culture","15":"tag-depeches","16":"tag-economique","17":"tag-eu","18":"tag-europe","19":"tag-faits-divers","20":"tag-fr","21":"tag-france","22":"tag-info","23":"tag-informations","24":"tag-infos","25":"tag-lyon","26":"tag-lyonmag","27":"tag-news","28":"tag-ol","29":"tag-politique","30":"tag-republique-francaise","31":"tag-sociale","32":"tag-sport","33":"tag-transports"},"share_on_mastodon":{"url":"https:\/\/pubeurope.com\/@fr\/115116032988546548","error":""},"_links":{"self":[{"href":"https:\/\/www.europesays.com\/fr\/wp-json\/wp\/v2\/posts\/353824","targetHints":{"allow":["GET"]}}],"collection":[{"href":"https:\/\/www.europesays.com\/fr\/wp-json\/wp\/v2\/posts"}],"about":[{"href":"https:\/\/www.europesays.com\/fr\/wp-json\/wp\/v2\/types\/post"}],"author":[{"embeddable":true,"href":"https:\/\/www.europesays.com\/fr\/wp-json\/wp\/v2\/users\/2"}],"replies":[{"embeddable":true,"href":"https:\/\/www.europesays.com\/fr\/wp-json\/wp\/v2\/comments?post=353824"}],"version-history":[{"count":0,"href":"https:\/\/www.europesays.com\/fr\/wp-json\/wp\/v2\/posts\/353824\/revisions"}],"wp:featuredmedia":[{"embeddable":true,"href":"https:\/\/www.europesays.com\/fr\/wp-json\/wp\/v2\/media\/353825"}],"wp:attachment":[{"href":"https:\/\/www.europesays.com\/fr\/wp-json\/wp\/v2\/media?parent=353824"}],"wp:term":[{"taxonomy":"category","embeddable":true,"href":"https:\/\/www.europesays.com\/fr\/wp-json\/wp\/v2\/categories?post=353824"},{"taxonomy":"post_tag","embeddable":true,"href":"https:\/\/www.europesays.com\/fr\/wp-json\/wp\/v2\/tags?post=353824"}],"curies":[{"name":"wp","href":"https:\/\/api.w.org\/{rel}","templated":true}]}}