{"id":353826,"date":"2025-08-30T05:20:16","date_gmt":"2025-08-30T05:20:16","guid":{"rendered":"https:\/\/www.europesays.com\/fr\/353826\/"},"modified":"2025-08-30T05:20:16","modified_gmt":"2025-08-30T05:20:16","slug":"lyon-le-prof-de-maths-de-ce-lycee-au-comportement-inapproprie-prive-de-rentree","status":"publish","type":"post","link":"https:\/\/www.europesays.com\/fr\/353826\/","title":{"rendered":"Lyon. Le prof de maths de ce lyc\u00e9e au \u00ab\u00a0comportement inappropri\u00e9\u00a0\u00bb priv\u00e9 de rentr\u00e9e"},"content":{"rendered":"<p>            Par<br \/>\n        <strong><br \/>\n            <a href=\"https:\/\/actu.fr\/auteur\/redaction-lyon\" title=\"Consulter tous les articles de R\u00e9daction Lyon\" rel=\"nofollow noopener\" target=\"_blank\">R\u00e9daction Lyon<\/a><br \/>\n        <\/strong><\/p>\n<p>        Publi\u00e9 le<\/p>\n<p>            30 ao\u00fbt 2025 \u00e0 6h26        <\/p>\n<p>La juge des r\u00e9f\u00e9r\u00e9s du tribunal administratif de Lyon a d\u00e9bout\u00e9 un professeur de math\u00e9matiques certifi\u00e9 du\u00a0<strong>lyc\u00e9e priv\u00e9 Saint-Marc<\/strong>, dans le 2e arrondissement de <a href=\"https:\/\/actu.fr\/lyon\/\" rel=\"nofollow noopener\" target=\"_blank\">Lyon<\/a> (Rh\u00f4ne), qui voulait faire suspendre en urgence la sanction que lui a inflig\u00e9e la rectrice de l\u2019acad\u00e9mie de Lyon suite \u00e0 ses \u00ab\u00a0retards\u00a0\u00bb et \u00ab\u00a0absences injustifi\u00e9es\u00a0\u00bb.<br \/>La rectrice Anne Bisagni-Faure avait en effet d\u00e9cid\u00e9 le 20 juin 2025 d\u2019exclure l\u2019int\u00e9ress\u00e9 de ses fonctions pendant un an ferme et un autre avec sursis apr\u00e8s qu\u2019il ait \u00ab\u00a0manqu\u00e9 \u00e0 son devoir d\u2019exemplarit\u00e9\u00a0\u00bb et qu\u2019il ait \u00ab\u00a0port\u00e9 atteinte \u00e0 la r\u00e9putation\u00a0\u00bb de son \u00e9tablissement.<\/p>\n<p class=\" wall-content\">Cette sanction s\u2019av\u00e9rait plus cl\u00e9mente qu\u2019une pr\u00e9c\u00e9dente, prise le 28 avril 2025 mais finalement \u00ab\u00a0retir\u00e9e\u00a0\u00bb entre-temps par l\u2019\u00c9ducation nationale : il avait en effet initialement \u00e9t\u00e9 <strong>d\u00e9cid\u00e9 d\u2019\u00e9carter le requ\u00e9rant<\/strong> de ses fonctions pendant \u00ab\u00a0deux ans sans sursis\u00a0\u00bb.<\/p>\n<p>Le prof de maths d\u00e9nonce une sanction \u00ab\u00a0disproportionn\u00e9e\u00a0\u00bb<\/p>\n<p class=\" wall-content\">Le prof de maths trouvait toutefois toujours cette sanction \u00ab\u00a0disproportionn\u00e9e\u00a0\u00bb et ses cons\u00e9quences \u00ab\u00a0excessives\u00a0\u00bb, au vu de la \u00ab\u00a0faiblesse\u00a0\u00bb des reproches qui lui \u00e9taient faits par l\u2019administration : elle le \u00ab\u00a0prive de toute r\u00e9mun\u00e9ration\u00a0\u00bb alors que sa situation financi\u00e8re avait d\u00e9j\u00e0 \u00e9t\u00e9 \u00ab\u00a0fragilis\u00e9e\u00a0\u00bb par <strong>sa suspension temporaire de fonctions \u00e0 la rentr\u00e9e de septembre 2024.<\/strong><\/p>\n<p class=\" wall-content\">\u00ab\u00a0Il n\u2019est plus en mesure de faire face aux charges courantes et indispensables \u00e0 sa vie quotidienne et \u00e0 celle de sa famille\u00a0\u00bb, s\u2019alarmait son avocat.<\/p>\n<p class=\" wall-content\">L\u2019enseignant avait donc saisi le tribunal administratif de Lyon le 16 juillet 2025 pour \u00eatre r\u00e9int\u00e9gr\u00e9 \u00ab\u00a0sous dix jours\u00a0\u00bb, avec si n\u00e9cessaire une p\u00e9nalit\u00e9 de \u00ab\u00a0100 \u20ac par jour de retard\u00a0\u00bb : cette d\u00e9cision entach\u00e9e d\u2019un \u00ab\u00a0d\u00e9faut de motivation\u00a0\u00bb et d\u2019un \u00ab\u00a0vice de proc\u00e9dure\u00a0\u00bb \u00e9tait contraire aux \u00ab\u00a0r\u00e8gles de prescription en mati\u00e8re disciplinaire\u00a0\u00bb, de son point de vue, et avait une \u00ab\u00a0port\u00e9e r\u00e9troactive\u00a0\u00bb ill\u00e9gale.<\/p>\n<p class=\" wall-content\">La \u00ab\u00a0mat\u00e9rialit\u00e9\u00a0\u00bb de son \u00ab\u00a0comportement g\u00e9n\u00e9ral pr\u00e9tendument incompatible avec ses obligations statutaires\u00a0\u00bb \u00e9tait aussi contest\u00e9e.<\/p>\n<p class=\" wall-content\">Cet enseignant depuis vingt ans reprochait enfin au lyc\u00e9e Saint-Marc de \u00ab\u00a0ne pas avoir suivi les pr\u00e9conisations du m\u00e9decin du travail\u00a0\u00bb sur les \u00ab\u00a0horaires am\u00e9nag\u00e9s\u00a0\u00bb que n\u00e9cessite sa \u00ab\u00a0pathologie\u00a0\u00bb.<\/p>\n<p>Votre r\u00e9gion, votre actu !<\/p>\n<p>Recevez chaque jour les infos qui comptent pour vous.<\/p>\n<p>\t<a href=\"https:\/\/actu.fr\/newsletter\" class=\"ac-btn ac-btn--corner ac-btn--medium ac-btn--blue800\" rel=\"nofollow noopener\" target=\"_blank\">S&rsquo;incrire<\/a><\/p>\n<p class=\" wall-content\">\u00ab\u00a0L\u2019\u00e9tablissement n\u2019a pas r\u00e9pondu non plus \u00e0 sa proposition de rattraper les cours \u00e0 la suite de ses retards et absences\u00a0\u00bb, soulignait son avocat.<\/p>\n<p>\u00ab\u00a0Il ne corrigeait pas les devoirs et donnait des \u00e9nonc\u00e9s erron\u00e9s\u00a0\u00bb<\/p>\n<p class=\" wall-content\">Probl\u00e8me : l\u2019int\u00e9ress\u00e9 avait d\u00e9j\u00e0 eu un \u00ab\u00a0rappel \u00e0 l\u2019ordre\u00a0\u00bb en novembre 2023 apr\u00e8s des \u00ab\u00a0signalements\u00a0\u00bb de familles d\u2019\u00e9l\u00e8ves sur ses \u00ab\u00a0nombreux retards\u00a0\u00bb, ses \u00ab\u00a0absences injustifi\u00e9es\u00a0\u00bb et son \u00ab\u00a0attitude<strong> humiliante vis-\u00e0-vis des \u00e9l\u00e8ves<\/strong> et de ses coll\u00e8gues\u00a0\u00bb, rappelle la juge des r\u00e9f\u00e9r\u00e9s du tribunal administratif de Lyon dans une ordonnance en date du 31 juillet 2025 qui vient d\u2019\u00eatre rendue publique.<\/p>\n<p class=\" wall-content\">Le 28 f\u00e9vrier 2024, il avait re\u00e7u cette fois-ci un \u00ab\u00a0avertissement\u00a0\u00bb pour avoir tenu des \u00ab\u00a0propos agressifs\u00a0\u00bb envers la directrice du centre scolaire Saint-Marc.<\/p>\n<p class=\" wall-content\">\u00ab\u00a0L\u2019engagement et l\u2019exemplarit\u00e9 des personnels de l\u2019\u00c9ducation nationale confortent leur autorit\u00e9 dans la classe (\u2026) et contribuent au lien de confiance qui doit unir les \u00e9l\u00e8ves et leur famille au service public de l\u2019\u00e9ducation\u00a0\u00bb, pr\u00e9voit \u00e0 ce titre de fa\u00e7on g\u00e9n\u00e9rale le code de l\u2019\u00e9ducation. \u00ab\u00a0Ce lien implique le respect des \u00e9l\u00e8ves et de leur famille \u00e0 l\u2019\u00e9gard des professeurs, de l\u2019ensemble des personnels et de l\u2019institution scolaire.\u00a0\u00bb<\/p>\n<p>Des propos violents, humiliants et intimidants envers les \u00e9l\u00e8ves<\/p>\n<p class=\" wall-content\">En l\u2019occurrence, il \u00e9tait reproch\u00e9 au requ\u00e9rant d\u2019avoir \u00ab\u00a0tenu \u00e0 plusieurs reprises et de mani\u00e8re r\u00e9it\u00e9r\u00e9e des propos violents, humiliants et intimidants envers les \u00e9l\u00e8ves\u00a0\u00bb, d\u2019avoir \u00ab\u00a0adopt\u00e9 des postures professionnelles inad\u00e9quates\u00a0\u00bb et d\u2019avoir \u00ab\u00a0failli \u00e0 sa mission d\u2019enseignant en <strong>ne corrigeant pas des devoirs,<\/strong> en donnant des \u00e9nonc\u00e9s erron\u00e9s et en refusant de r\u00e9expliquer des notions mal comprises\u00a0\u00bb, \u00e9num\u00e8re la juge.<\/p>\n<p class=\" wall-content\">De \u00ab\u00a0nombreux dysfonctionnements\u00a0\u00bb li\u00e9s \u00e0 son \u00ab\u00a0comportement inappropri\u00e9\u00a0\u00bb \u2013 comme ses \u00ab\u00a0retards r\u00e9guliers\u00a0\u00bb et ses \u00ab\u00a0absences r\u00e9p\u00e9t\u00e9es non annonc\u00e9es et pour certaines injustifi\u00e9es\u00a0\u00bb \u2013 avaient ainsi fait l\u2019objet de \u00ab\u00a0signalements\u00a0\u00bb de la part des familles, rappelle-t-elle.<\/p>\n<p class=\" wall-content\">\u00ab\u00a0Ils ont eu pour effet, au cours de l\u2019ann\u00e9e scolaire 2023-2024, de mettre en grande difficult\u00e9 des \u00e9l\u00e8ves d\u2019une classe de seconde ayant choisi les math\u00e9matiques comme enseignement de sp\u00e9cialit\u00e9 en classe de premi\u00e8re.\u00a0\u00bb<\/p>\n<p class=\" wall-content\">Le professeur de math\u00e9matiques avait enfin \u00ab\u00a0tenu des propos outrageants \u00e0 caract\u00e8re sexuel\u00a0\u00bb envers une coll\u00e8gue \u00ab\u00a0lors de la r\u00e9union de pr\u00e9-rentr\u00e9e du 30 ao\u00fbt 2024\u00a0\u00bb.<\/p>\n<p>La d\u00e9cision de la rectrice maintenue, mais\u2026<\/p>\n<p class=\" wall-content\">Dans ces conditions, \u00ab\u00a0aucun des moyens (\u2026) invoqu\u00e9s par Monsieur pour contester la d\u00e9cision (\u2026) n\u2019est de nature \u00e0 faire na\u00eetre un doute s\u00e9rieux sur la l\u00e9galit\u00e9 de cette d\u00e9cision\u00a0\u00bb, en conclut la magistrate.<\/p>\n<p class=\" wall-content\">Le tribunal administratif de Lyon r\u00e9examinera la l\u00e9galit\u00e9 de cette sanction disciplinaire par le biais d\u2019une formation coll\u00e9giale de trois juges, mais pas avant dix-huit mois \u00e0 deux ans. Si l\u2019enseignant venait \u00e0 obtenir cette fois-ci gain de cause, alors <strong>il serait en droit de demander des d\u00e9dommagements \u00e0 l\u2019\u00c9ducation nationale<\/strong>.<\/p>\n<p class=\" wall-content\"><strong>GF (PressPepper)<\/strong><\/p>\n<p class=\" wall-content\">Personnalisez votre actualit\u00e9 en ajoutant vos villes et m\u00e9dias en favori avec <a href=\"https:\/\/moncompte.actu.fr\" title=\"D\u00e9couvez Mon Actu\" rel=\"nofollow noopener\" data-trk=\"{&quot;cta&quot;:{&quot;action&quot;:&quot;https:\\\/\\\/moncompte.actu.fr&quot;,&quot;category&quot;:&quot;mon compte&quot;,&quot;from&quot;:&quot;article footer&quot;,&quot;name&quot;:&quot;Mon actu&quot;,&quot;type&quot;:&quot;cta&quot;}}\" target=\"_blank\">Mon Actu<\/a>.<\/p>\n","protected":false},"excerpt":{"rendered":"Par R\u00e9daction Lyon Publi\u00e9 le 30 ao\u00fbt 2025 \u00e0 6h26 La juge des r\u00e9f\u00e9r\u00e9s du tribunal administratif de&hellip;\n","protected":false},"author":2,"featured_media":353827,"comment_status":"","ping_status":"","sticky":false,"template":"","format":"standard","meta":{"footnotes":""},"categories":[1889],"tags":[1111,11,2430,1057,1777,674,118,1011,27,303,2428,12,25],"class_list":{"0":"post-353826","1":"post","2":"type-post","3":"status-publish","4":"format-standard","5":"has-post-thumbnail","7":"category-lyon","8":"tag-actu","9":"tag-actualites","10":"tag-auvergne-rhone-alpes","11":"tag-education","12":"tag-eu","13":"tag-europe","14":"tag-faits-divers","15":"tag-fr","16":"tag-france","17":"tag-justice","18":"tag-lyon","19":"tag-news","20":"tag-republique-francaise"},"share_on_mastodon":{"url":"https:\/\/pubeurope.com\/@fr\/115116036765796312","error":""},"_links":{"self":[{"href":"https:\/\/www.europesays.com\/fr\/wp-json\/wp\/v2\/posts\/353826","targetHints":{"allow":["GET"]}}],"collection":[{"href":"https:\/\/www.europesays.com\/fr\/wp-json\/wp\/v2\/posts"}],"about":[{"href":"https:\/\/www.europesays.com\/fr\/wp-json\/wp\/v2\/types\/post"}],"author":[{"embeddable":true,"href":"https:\/\/www.europesays.com\/fr\/wp-json\/wp\/v2\/users\/2"}],"replies":[{"embeddable":true,"href":"https:\/\/www.europesays.com\/fr\/wp-json\/wp\/v2\/comments?post=353826"}],"version-history":[{"count":0,"href":"https:\/\/www.europesays.com\/fr\/wp-json\/wp\/v2\/posts\/353826\/revisions"}],"wp:featuredmedia":[{"embeddable":true,"href":"https:\/\/www.europesays.com\/fr\/wp-json\/wp\/v2\/media\/353827"}],"wp:attachment":[{"href":"https:\/\/www.europesays.com\/fr\/wp-json\/wp\/v2\/media?parent=353826"}],"wp:term":[{"taxonomy":"category","embeddable":true,"href":"https:\/\/www.europesays.com\/fr\/wp-json\/wp\/v2\/categories?post=353826"},{"taxonomy":"post_tag","embeddable":true,"href":"https:\/\/www.europesays.com\/fr\/wp-json\/wp\/v2\/tags?post=353826"}],"curies":[{"name":"wp","href":"https:\/\/api.w.org\/{rel}","templated":true}]}}