{"id":353830,"date":"2025-08-30T05:23:10","date_gmt":"2025-08-30T05:23:10","guid":{"rendered":"https:\/\/www.europesays.com\/fr\/353830\/"},"modified":"2025-08-30T05:23:10","modified_gmt":"2025-08-30T05:23:10","slug":"avec-le-pfc-en-plus-du-psg-a-paris-les-riverains-du-parc-des-princes-en-quete-de-calme","status":"publish","type":"post","link":"https:\/\/www.europesays.com\/fr\/353830\/","title":{"rendered":"avec le PFC en plus du PSG, \u00e0 Paris les riverains du Parc des princes en qu\u00eate de calme"},"content":{"rendered":"<p>            Par<br \/>\n        <strong><br \/>\n            <a href=\"https:\/\/actu.fr\/auteur\/thomas-martin\" title=\"Consulter tous les articles de Thomas Martin\" rel=\"nofollow noopener\" target=\"_blank\">Thomas Martin<\/a><br \/>\n        <\/strong><\/p>\n<p>        Publi\u00e9 le<\/p>\n<p>            30 ao\u00fbt 2025 \u00e0 7h14        <\/p>\n<p>\u00c0 deux pas du <a href=\"https:\/\/actu.fr\/tag\/parc-des-princes\" rel=\"nofollow noopener\" target=\"_blank\">Parc des Princes<\/a>, l\u2019antre du <a href=\"https:\/\/actu.fr\/tag\/paris-saint-germain-psg\" rel=\"nofollow noopener\" target=\"_blank\">PSG<\/a> dans le 16e arrondissement de Paris, \u00c9velyne Margaroli verra d\u00e9barquer dimanche 31 ao\u00fbt le Paris FC dans le stade Jean-Bouin, face \u00e0 ses fen\u00eatres. \u00ab\u00a0On ne peut plus \u00eatre tranquille\u00a0\u00bb, soupire-t-elle, craignant pour le calme de son quartier, d\u00e9j\u00e0 bien anim\u00e9 les soirs de match. Ce dernier, situ\u00e9 dans le sud-ouest de la capitale, \u00e0 l\u2019or\u00e9e du <a href=\"https:\/\/actu.fr\/tag\/bois-de-boulogne\" rel=\"nofollow noopener\" target=\"_blank\">bois de Boulogne<\/a>, est un \u00ab\u00a0agr\u00e9able petit village\u00a0\u00bb la semaine, mais nettement moins le week-end, estime la retrait\u00e9e de 70 ans.<\/p>\n<p>Un vacarme assourdissant les jours de matches<\/p>\n<p class=\" wall-content\"><a href=\"https:\/\/actu.fr\/ile-de-france\/paris_75056\/ligue-1-psg-et-pfc-ne-se-marcheront-pas-sur-les-crampons-et-alterneront-les-matchs-a-domicile-sauf-un_62835722.html\" rel=\"nofollow noopener\" target=\"_blank\">Une semaine sur deux<\/a>, le Parc des Princes attire plus de 45 000 supporters pour les rencontres de Ligue 1 de football du Paris Saint-Germain, le champion d\u2019Europe. Le week-end suivant, 50 m\u00e8tres plus loin, le <a href=\"https:\/\/actu.fr\/ile-de-france\/paris_75056\/paris-fc-pourquoi-le-club-de-football-souhaite-s-installer-dans-le-stade-jean-bouin_62143079.html\" rel=\"nofollow noopener\" target=\"_blank\">stade Jean-Bouin<\/a>, avec ses quelque 20 000 places, accueille les matches de Top 14 de rugby du Stade fran\u00e7ais.<\/p>\n<p class=\" wall-content\">Dans les rues, la circulation est alors compliqu\u00e9e, mais \u00c9velyne Margaroli souffre surtout du bruit engendr\u00e9. Son appartement donne directement sur Jean-Bouin alors, pour un peu de silence, elle porte des bouchons d\u2019oreilles \u00ab\u00a0sur mesure\u00a0\u00bb, parfois m\u00eame \u00ab\u00a0un casque de chantier\u00a0\u00bb.<\/p>\n<p class=\" wall-content\">Dans une vid\u00e9o enregistr\u00e9e depuis son salon, visionn\u00e9e par l\u2019AFP, le vacarme de la sono dans le stade se r\u00e9v\u00e8le en effet assourdissant. La riveraine redoute que la situation s\u2019aggrave alors que jusqu\u2019\u00e0 deux matches auront lieu d\u00e9sormais chaque week-end dans le quartier de septembre \u00e0 mai.<\/p>\n<p class=\" wall-content\">Car le stade Jean-Bouin a dor\u00e9navant un second locataire: promu en Ligue 1, le Paris FC y disputera cette saison ses matches \u00e0 domicile, toutes les deux semaines, en alternance avec ceux de rugby.<\/p>\n<p class=\" wall-content\">Apr\u00e8s 18 saisons au stade Charl\u00e9ty (XIIIe arrondissement), le club inaugurera les lieux dimanche apr\u00e8s-midi en recevant Metz, dans le cadre de la 3e journ\u00e9e de L1.<br \/>\u00ab\u00a0Je ne sais pas \u00e0 quoi vont ressembler les supporters du PFC\u00a0\u00bb, souffle Evelyne Margaroli. \u00ab\u00a0Je crains le pire\u00a0\u00bb, poursuit-elle, estimant que la violence est \u00ab\u00a0beaucoup plus pr\u00e9sente dans le football\u00a0\u00bb que dans le rugby.<\/p>\n<p>\u00ab\u00a0Le probl\u00e8me c\u2019est la mani\u00e8re dont les footeux se comportent\u00a0\u00bb<\/p>\n<p class=\" wall-content\">Junelly Soan, 40 ans, semble moins pr\u00e9occup\u00e9e. \u00ab\u00a0\u00c7a ne nous d\u00e9range pas vraiment\u00a0\u00bb, glisse-t-elle, d\u2019autant que son jeune fils, passionn\u00e9 de football, \u00ab\u00a0adore lorsqu\u2019il y a match et du monde dans le quartier\u00a0\u00bb. Mais cette riveraine fait figure d\u2019exception.<\/p>\n<p>Votre r\u00e9gion, votre actu !<\/p>\n<p>Recevez chaque jour les infos qui comptent pour vous.<\/p>\n<p>\t<a href=\"https:\/\/actu.fr\/newsletter\" class=\"ac-btn ac-btn--corner ac-btn--medium ac-btn--blue800\" rel=\"nofollow noopener\" target=\"_blank\">S&rsquo;incrire<\/a><\/p>\n<p class=\" wall-content\">L\u00e9a Morra, 29 ans, styliste dans une grande maison de mode qui loue un appartement pr\u00e8s de la porte de Saint-Cloud, ne supporte plus, elle, \u00ab\u00a0ce sport qui s\u2019empare \u00e0 ce point de l\u2019espace public\u00a0\u00bb.<\/p>\n<p class=\" wall-content\">\u00ab\u00a0Le probl\u00e8me, c\u2019est pas le fait qu\u2019il y ait de l\u2019animation, c\u2019est la mani\u00e8re dont les footeux se comportent\u00a0\u00bb, regrette-t-elle, \u00e9voquant les bousculades dans le m\u00e9tro bond\u00e9 les soirs de match.<\/p>\n<p>Pas d\u2019inqui\u00e9tudes du c\u00f4t\u00e9 de la pr\u00e9fecture de police<\/p>\n<p class=\" wall-content\">Aux abords du Parc des Princes, les incidents se font rares depuis 2010 et la mise en place d\u2019un plan de s\u00e9curisation sp\u00e9cifique pour les matches du PSG.<br \/>C\u00f4t\u00e9 Paris FC, un groupe de supporters ultras a \u00e9t\u00e9 dissous en mai pour son implication dans des violences et des d\u00e9gradations, mais le club parisien ne le reconnaissait pas.<br \/>En outre, la <a href=\"https:\/\/actu.fr\/tag\/prefecture-de-police-de-paris\" rel=\"nofollow noopener\" target=\"_blank\">pr\u00e9fecture de police<\/a> ne se montre pas sp\u00e9cialement inqui\u00e8te, relevant notamment, qu\u2019\u00e0 ce stade, \u00ab\u00a0il n\u2019y a pas d\u2019antagonisme connu entre supporters du PFC et du PSG\u00a0\u00bb.<\/p>\n<p class=\" wall-content\">Avec l\u2019arriv\u00e9e du PFC \u00e0 Jean-Bouin, cafetiers et restaurateurs du coin, eux, se frottent les mains. \u00ab\u00a0Bien s\u00fbr, c\u2019est positif!\u00a0\u00bb, affirme Laurent Gilbert, 37 ans, responsable de la brasserie Aux 3 Obus situ\u00e9e porte de Saint-Cloud, pr\u00e8s des bouches de m\u00e9tro. \u00ab\u00a0On va avoir plus de monde, mais on a l\u2019habitude. On fera travailler plus d\u2019extras\u00a0\u00bb.<\/p>\n<p class=\" wall-content\">Le restaurant Les 2 Stades, un peu plus loin, aura \u00ab\u00a0moins de jours de repos\u00a0\u00bb, indique son directeur Patrick Lacoste, 54 ans. L\u2019\u00e9tablissement, o\u00f9 quand le PSG joue \u00ab\u00a0c\u2019est la folie, on n\u2019arr\u00eate pas\u00a0\u00bb, devra maintenant ouvrir ses portes chaque week-end.<\/p>\n<p class=\" wall-content\">Une bonne nouvelle pour le chiffre d\u2019affaires, mais \u00ab\u00a0on va voir si les supporters du PFC sont aussi bien que ceux du PSG. S\u2019ils sont consommateurs, ou plut\u00f4t spectateurs\u00a0\u00bb, dit-il.<br \/>\u00ab\u00a0\u00c7a va \u00eatre le bordel\u00a0\u00bb, estime pour sa part Daniel, 78 ans, qui n\u2019a pas souhait\u00e9 donner son nom. Ce Boulonnais habite le quartier depuis 1981 et a toujours pr\u00e9f\u00e9r\u00e9 les matches de tennis \u00e0 Roland-Garros car \u00ab\u00a0les gens sont beaucoup plus disciplin\u00e9s\u00a0\u00bb.\u00a0<br \/>Il a sa th\u00e9orie: \u00ab\u00a0Vous savez, plus les balles sont petites, moins les supporters sont emmerdants\u00a0\u00bb.<\/p>\n<p class=\" wall-content\"><strong>Avec AFP<\/strong><\/p>\n<p class=\" wall-content\">Personnalisez votre actualit\u00e9 en ajoutant vos villes et m\u00e9dias en favori avec <a href=\"https:\/\/moncompte.actu.fr\" title=\"D\u00e9couvez Mon Actu\" rel=\"nofollow noopener\" data-trk=\"{&quot;cta&quot;:{&quot;action&quot;:&quot;https:\\\/\\\/moncompte.actu.fr&quot;,&quot;category&quot;:&quot;mon compte&quot;,&quot;from&quot;:&quot;article footer&quot;,&quot;name&quot;:&quot;Mon actu&quot;,&quot;type&quot;:&quot;cta&quot;}}\" target=\"_blank\">Mon Actu<\/a>.<\/p>\n","protected":false},"excerpt":{"rendered":"Par Thomas Martin Publi\u00e9 le 30 ao\u00fbt 2025 \u00e0 7h14 \u00c0 deux pas du Parc des Princes, l\u2019antre&hellip;\n","protected":false},"author":2,"featured_media":353831,"comment_status":"","ping_status":"","sticky":false,"template":"","format":"standard","meta":{"footnotes":""},"categories":[1888],"tags":[1111,1928,11,1927,1777,674,1011,27,12,1926,2334,626,1925,2332,25,104],"class_list":{"0":"post-353830","1":"post","2":"type-post","3":"status-publish","4":"format-standard","5":"has-post-thumbnail","7":"category-paris","8":"tag-actu","9":"tag-actu-paris","10":"tag-actualites","11":"tag-actualites-paris","12":"tag-eu","13":"tag-europe","14":"tag-fr","15":"tag-france","16":"tag-news","17":"tag-news-paris","18":"tag-parc-des-princes","19":"tag-paris","20":"tag-paris-news","21":"tag-paris-saint-germain-psg","22":"tag-republique-francaise","23":"tag-societe"},"share_on_mastodon":{"url":"https:\/\/pubeurope.com\/@fr\/115116048641508282","error":""},"_links":{"self":[{"href":"https:\/\/www.europesays.com\/fr\/wp-json\/wp\/v2\/posts\/353830","targetHints":{"allow":["GET"]}}],"collection":[{"href":"https:\/\/www.europesays.com\/fr\/wp-json\/wp\/v2\/posts"}],"about":[{"href":"https:\/\/www.europesays.com\/fr\/wp-json\/wp\/v2\/types\/post"}],"author":[{"embeddable":true,"href":"https:\/\/www.europesays.com\/fr\/wp-json\/wp\/v2\/users\/2"}],"replies":[{"embeddable":true,"href":"https:\/\/www.europesays.com\/fr\/wp-json\/wp\/v2\/comments?post=353830"}],"version-history":[{"count":0,"href":"https:\/\/www.europesays.com\/fr\/wp-json\/wp\/v2\/posts\/353830\/revisions"}],"wp:featuredmedia":[{"embeddable":true,"href":"https:\/\/www.europesays.com\/fr\/wp-json\/wp\/v2\/media\/353831"}],"wp:attachment":[{"href":"https:\/\/www.europesays.com\/fr\/wp-json\/wp\/v2\/media?parent=353830"}],"wp:term":[{"taxonomy":"category","embeddable":true,"href":"https:\/\/www.europesays.com\/fr\/wp-json\/wp\/v2\/categories?post=353830"},{"taxonomy":"post_tag","embeddable":true,"href":"https:\/\/www.europesays.com\/fr\/wp-json\/wp\/v2\/tags?post=353830"}],"curies":[{"name":"wp","href":"https:\/\/api.w.org\/{rel}","templated":true}]}}