{"id":353834,"date":"2025-08-30T05:25:12","date_gmt":"2025-08-30T05:25:12","guid":{"rendered":"https:\/\/www.europesays.com\/fr\/353834\/"},"modified":"2025-08-30T05:25:12","modified_gmt":"2025-08-30T05:25:12","slug":"a-paris-cette-habitante-de-montmartre-nen-peut-plus-des-bus-symbole-du-surtourisme","status":"publish","type":"post","link":"https:\/\/www.europesays.com\/fr\/353834\/","title":{"rendered":"\u00e0 Paris, cette habitante de Montmartre n&rsquo;en peut plus des bus, symbole du surtourisme"},"content":{"rendered":"<p>            Par<br \/>\n        <strong><br \/>\n            <a href=\"https:\/\/actu.fr\/auteur\/thomas-martin\" title=\"Consulter tous les articles de Thomas Martin\" target=\"_blank\" rel=\"noopener\">Thomas Martin<\/a><br \/>\n        <\/strong><\/p>\n<p>        Publi\u00e9 le<\/p>\n<p>            30 ao\u00fbt 2025 \u00e0 6h50        <\/p>\n<p>Un coin de la capitale que les Parisiens fuient le plus souvent hormis peut-\u00eatre les runners en qu\u00eate de c\u00f4tes pour travailler leur cardio. Au pied de la <a href=\"https:\/\/actu.fr\/ile-de-france\/paris_75056\/la-butte-montmartre-le-coeur-sacre-des-amoureux-du-trail-cerne-de-beton-a-paris_63052977.html\" target=\"_blank\" rel=\"noopener\">butte Montmartre<\/a> \u00e0 Paris, des dizaines d\u2019autocars d\u00e9posent et collectent leurs flots de touristes, stationnant en double file ou tournant sur le boulevard. Une v\u00e9ritable \u00ab\u00a0invasion\u00a0\u00bb selon Julie Meynard, riveraine, et des nuisances qui alarment la <a href=\"https:\/\/actu.fr\/tag\/mairie-de-paris\" target=\"_blank\" rel=\"noopener\">mairie<\/a>.<\/p>\n<p>Plusieurs quartiers de Paris concern\u00e9s par ce fl\u00e9au<\/p>\n<p class=\" wall-content\">A proximit\u00e9 de cette habitante du quartier du nord de Paris depuis dix ans, un car stationne sur un passage pi\u00e9ton, bloquant l\u2019acc\u00e8s \u00e0 sa rue. \u00ab\u00a0Une illustration parfaite de ce qui arrive tout le temps\u00a0\u00bb, soupire la coach en entreprise qui a lanc\u00e9 en 2023 une p\u00e9tition sur la plateforme <a href=\"https:\/\/www.change.org\/p\/surtourisme-et-pollutions-%C3%A0-cause-des-bus-au-pied-de-la-butte-montmartre\" target=\"_blank\" rel=\"noopener\">change.org<\/a> pour essayer de faire bouger les pouvoirs publics sur ce qu\u2019elle consid\u00e8re comme une cons\u00e9quence du \u00ab\u00a0surtourisme\u00a0\u00bb. Avec un succ\u00e8s mitig\u00e9 puisqu\u2019elle a r\u00e9colt\u00e9 225 signatures \u00e0 ce jour.\u00a0<\/p>\n<p class=\" wall-content\">\u00ab\u00a0Il y a une pollution aussi atmosph\u00e9rique, mais surtout une pollution visuelle et une difficult\u00e9 pour circuler ensemble et cohabiter\u00a0\u00bb, r\u00e9sume-t-elle.\u00a0<br \/>Cet \u00e9t\u00e9, tandis que la capitale a retrouv\u00e9 son niveau de fr\u00e9quentation touristique pr\u00e9-pand\u00e9mie, la mairie de Paris a justement commenc\u00e9 \u00e0 pointer une \u00ab\u00a0surconcentration\u00a0\u00bb de celle-ci dans certains quartiers : Montmartre, les abords de la tour Eiffel, ceux du Panth\u00e9on dans le Quartier latin, les Champs-Elys\u00e9es\u2026<\/p>\n<p class=\" wall-content\">\u00ab\u00a0Il faut qu\u2019on stabilise le nombre de touristes \u00e0 Paris, il faut qu\u2019on r\u00e9gule\u00a0\u00bb, estime Fr\u00e9d\u00e9ric Hocquard, adjoint \u00e0 la maire de Paris en charge du tourisme et de la vie nocturne. Le Grand Paris, qui regroupe la capitale et sa petite couronne, a compt\u00e9 36,3 millions de visiteurs en 2024.<\/p>\n<p class=\" wall-content\">Dans la cible de la mairie : les autocars. \u00ab\u00a0Entre 500 et 600 bus de tours op\u00e9rateurs\u00a0\u00bb en moyenne acc\u00e8dent chaque jour \u00e0 la capitale, occasionnant \u00ab\u00a0une suractivit\u00e9 et une suroccupation de l\u2019espace\u00a0\u00bb, alerte l\u2019\u00e9lu, qui souhaite \u00e0 terme \u00ab\u00a0exclure les cars de tourisme\u00a0\u00bb de la ville.<\/p>\n<p>Des amendes \u00e0 135 euros<\/p>\n<p class=\" wall-content\">Ces autocars, dont 95% circulaient au diesel au 1er janvier 2024 selon les autorit\u00e9s, sont lou\u00e9s par des agences de voyage pour des tours de quelques jours \u00e0 travers la capitale.<br \/>Pour Mert Oz, guide touristique turc qui s\u2019exprime aupr\u00e8s de son car gar\u00e9 au pied de la butte Montmartre, impossible d\u2019utiliser les transports en commun. \u00ab\u00a0C\u2019est pas facile de voyager avec le m\u00e9tro parce que nous sommes 40 (\u2026), je peux oublier certaines personnes\u00a0\u00bb, rel\u00e8ve-t-il.<\/p>\n<p class=\" wall-content\">\u00ab\u00a0Seule, je ne sais pas comment voyager dans cette ville\u00a0\u00bb, affirme de son c\u00f4t\u00e9 Aiden Zhang, touriste chinoise tout juste descendue de son car un peu plus loin, tandis qu\u2019un de ses compatriotes montre des photos de Notre-Dame, l\u2019\u00e9tape pr\u00e9c\u00e9dente de leur parcours express de deux jours.<\/p>\n<p>Votre r\u00e9gion, votre actu !<\/p>\n<p>Recevez chaque jour les infos qui comptent pour vous.<\/p>\n<p>\t<a href=\"https:\/\/actu.fr\/newsletter\" class=\"ac-btn ac-btn--corner ac-btn--medium ac-btn--blue800\" target=\"_blank\" rel=\"noopener\">S&rsquo;incrire<\/a><\/p>\n<p class=\" wall-content\">Cette forme de tourisme dans la ville-lumi\u00e8re est fermement d\u00e9fendue par les autocaristes. \u00ab\u00a0Il ne faut pas du tout stigmatiser ce mode de transport qui est tr\u00e8s d\u00e9velopp\u00e9 \u00e0 l\u2019\u00e9tranger, et qui ferait un manque \u00e0 gagner tr\u00e8s important pour toute la cha\u00eene touristique\u00a0\u00bb, estime Ingrid Mareschal, d\u00e9l\u00e9gu\u00e9e g\u00e9n\u00e9rale de la F\u00e9d\u00e9ration nationale des transports de voyageurs.<\/p>\n<p class=\" wall-content\">Les nuisances v\u00e9cues par les riverains sont li\u00e9es, selon elle, \u00e0 une r\u00e9duction des places de stationnement par la mairie, poussant certains cars \u00e0 ne pas respecter la r\u00e9glementation.<br \/>Parmi les dizaines d\u2019autocars align\u00e9s sur le boulevard Haussmann, \u00e0 proximit\u00e9 des grands magasins, celui de Gilberto Almeida est en warnings au bord d\u2019une piste cyclable.<\/p>\n<p class=\" wall-content\">Le chauffeur de 58 ans vient d\u2019\u00e9coper d\u2019une amende de 135 euros pour stationnement interdit sur une voie de bus pr\u00e8s de l\u2019Olympia, c\u00e9l\u00e8bre music-hall, explique-t-il avant de s\u2019\u00e9clipser \u00e0 l\u2019arriv\u00e9e de ses passagers press\u00e9s.<\/p>\n<p class=\" wall-content\">\u00ab\u00a0Si on met en place un flux de transport, de circulation et de stationnement vertueux, les autocars ne seront plus g\u00eanants\u00a0\u00bb, assure Ingrid Mareschal au nom du secteur.\u00a0<br \/>Ce conflit entre autocars et mairie n\u2019est pas r\u00e9cent. Au moment de l\u2019entr\u00e9e en vigueur de la zone \u00e0 trafic limit\u00e9 du centre de Paris en novembre dernier, les autocars avaient \u00e9chapp\u00e9 in extremis \u00e0 une interdiction totale de circulation dans les quatre arrondissements concern\u00e9s.<\/p>\n<p class=\" wall-content\"><strong>Avec AFP<\/strong><\/p>\n<p class=\" wall-content\">Personnalisez votre actualit\u00e9 en ajoutant vos villes et m\u00e9dias en favori avec <a href=\"https:\/\/moncompte.actu.fr\" title=\"D\u00e9couvez Mon Actu\" rel=\"nofollow noopener\" data-trk=\"{&quot;cta&quot;:{&quot;action&quot;:&quot;https:\\\/\\\/moncompte.actu.fr&quot;,&quot;category&quot;:&quot;mon compte&quot;,&quot;from&quot;:&quot;article footer&quot;,&quot;name&quot;:&quot;Mon actu&quot;,&quot;type&quot;:&quot;cta&quot;}}\" target=\"_blank\">Mon Actu<\/a>.<\/p>\n","protected":false},"excerpt":{"rendered":"Par Thomas Martin Publi\u00e9 le 30 ao\u00fbt 2025 \u00e0 6h50 Un coin de la capitale que les Parisiens&hellip;\n","protected":false},"author":2,"featured_media":353835,"comment_status":"","ping_status":"","sticky":false,"template":"","format":"standard","meta":{"footnotes":""},"categories":[1888],"tags":[11,3542,1777,674,1011,27,7661,12,626,25,104,602],"class_list":{"0":"post-353834","1":"post","2":"type-post","3":"status-publish","4":"format-standard","5":"has-post-thumbnail","7":"category-paris","8":"tag-actualites","9":"tag-circulation","10":"tag-eu","11":"tag-europe","12":"tag-fr","13":"tag-france","14":"tag-montmartre","15":"tag-news","16":"tag-paris","17":"tag-republique-francaise","18":"tag-societe","19":"tag-tourisme"},"share_on_mastodon":{"url":"https:\/\/pubeurope.com\/@fr\/115116056477950269","error":""},"_links":{"self":[{"href":"https:\/\/www.europesays.com\/fr\/wp-json\/wp\/v2\/posts\/353834","targetHints":{"allow":["GET"]}}],"collection":[{"href":"https:\/\/www.europesays.com\/fr\/wp-json\/wp\/v2\/posts"}],"about":[{"href":"https:\/\/www.europesays.com\/fr\/wp-json\/wp\/v2\/types\/post"}],"author":[{"embeddable":true,"href":"https:\/\/www.europesays.com\/fr\/wp-json\/wp\/v2\/users\/2"}],"replies":[{"embeddable":true,"href":"https:\/\/www.europesays.com\/fr\/wp-json\/wp\/v2\/comments?post=353834"}],"version-history":[{"count":0,"href":"https:\/\/www.europesays.com\/fr\/wp-json\/wp\/v2\/posts\/353834\/revisions"}],"wp:featuredmedia":[{"embeddable":true,"href":"https:\/\/www.europesays.com\/fr\/wp-json\/wp\/v2\/media\/353835"}],"wp:attachment":[{"href":"https:\/\/www.europesays.com\/fr\/wp-json\/wp\/v2\/media?parent=353834"}],"wp:term":[{"taxonomy":"category","embeddable":true,"href":"https:\/\/www.europesays.com\/fr\/wp-json\/wp\/v2\/categories?post=353834"},{"taxonomy":"post_tag","embeddable":true,"href":"https:\/\/www.europesays.com\/fr\/wp-json\/wp\/v2\/tags?post=353834"}],"curies":[{"name":"wp","href":"https:\/\/api.w.org\/{rel}","templated":true}]}}