{"id":353842,"date":"2025-08-30T05:29:11","date_gmt":"2025-08-30T05:29:11","guid":{"rendered":"https:\/\/www.europesays.com\/fr\/353842\/"},"modified":"2025-08-30T05:29:11","modified_gmt":"2025-08-30T05:29:11","slug":"droits-de-douane-coup-dur-pour-donald-trump-ses-surtaxes-sur-les-produits-entrant-aux-etats-unis-juges-illegaux","status":"publish","type":"post","link":"https:\/\/www.europesays.com\/fr\/353842\/","title":{"rendered":"Droits de douane\u00a0: coup dur pour Donald Trump, ses surtaxes sur les produits entrant aux \u00c9tats-Unis jug\u00e9s ill\u00e9gaux"},"content":{"rendered":"<p>\n                                                                Cette d\u00e9cision rendue par une cour d\u2019appel am\u00e9ricaine devrait faire l\u2019objet d\u2019un recours aupr\u00e8s de la Cour supr\u00eame des \u00c9tats-Unis.\n                            <\/p>\n<p>Une cour d\u2019appel am\u00e9ricaine a jug\u00e9 vendredi que la plupart des droits de douane impos\u00e9s par le pr\u00e9sident Donald Trump \u00e9taient ill\u00e9gaux.<\/p>\n<p>Donald Trump a fait des droits de douane l\u2019une des pierres angulaires de la politique \u00e9trang\u00e8re de son second mandat, s\u2019en servant comme d\u2019un levier pour ren\u00e9gocier des accords commerciaux avec les pays qui exportent des biens aux \u00c9tats-Unis. Ces droits de douane ont permis \u00e0 l\u2019administration am\u00e9ricaine d\u2019obtenir des concessions \u00e9conomiques de la part de ses partenaires commerciaux, mais ils ont \u00e9galement augment\u00e9 la volatilit\u00e9 sur les march\u00e9s financiers.<\/p>\n<p>La cour d\u2019appel des \u00c9tats-Unis pour le circuit f\u00e9d\u00e9ral de Washington DC s\u2019est prononc\u00e9e sur la l\u00e9galit\u00e9 de ce que Donald Trump appelle les droits de douane \u00ab\u00a0r\u00e9ciproques\u00a0\u00bb, ainsi que sur les surtaxes douani\u00e8res impos\u00e9es en f\u00e9vrier \u00e0 la Chine, au Canada et au Mexique. La d\u00e9cision de la cour n\u2019a aucune incidence sur d\u2019autres droits de douane comme ceux visant les importations d\u2019acier et d\u2019aluminium.<\/p>\n<p>Donald Trump a estim\u00e9 vendredi que la d\u00e9cision de la cour d\u2019appel \u00e9tait \u00ab\u00a0erron\u00e9e\u00a0\u00bb et a pr\u00e9cis\u00e9 que les droits de douane \u00e9taient toujours en vigueur. \u00ab\u00a0TOUS LES DROITS DE DOUANE SONT TOUJOURS EN VIGUEUR\u00a0! Une cour d\u2019appel grandement partisane a dit aujourd\u2019hui de mani\u00e8re erron\u00e9e que nos droits de douane devraient \u00eatre lev\u00e9s, mais ils savent que les \u00c9tats-Unis d\u2019Am\u00e9rique finiront par gagner\u00a0\u00bb, a \u00e9crit le locataire de la Maison blanche sur son r\u00e9seau, Truth Social.<\/p>\n<p>Cette d\u00e9cision devrait faire l\u2019objet d\u2019un recours aupr\u00e8s de la Cour supr\u00eame des \u00c9tats-Unis.<\/p>\n","protected":false},"excerpt":{"rendered":"Cette d\u00e9cision rendue par une cour d\u2019appel am\u00e9ricaine devrait faire l\u2019objet d\u2019un recours aupr\u00e8s de la Cour supr\u00eame&hellip;\n","protected":false},"author":2,"featured_media":353843,"comment_status":"","ping_status":"","sticky":false,"template":"","format":"standard","meta":{"footnotes":""},"categories":[1589],"tags":[11,73,1866,12,1864,1865,1863,308],"class_list":{"0":"post-353842","1":"post","2":"type-post","3":"status-publish","4":"format-standard","5":"has-post-thumbnail","7":"category-etats-unis","8":"tag-actualites","9":"tag-etats-unis","10":"tag-etats-unis-damerique","11":"tag-news","12":"tag-united-states","13":"tag-united-states-of-america","14":"tag-us","15":"tag-usa"},"share_on_mastodon":{"url":"https:\/\/pubeurope.com\/@fr\/115116072270402314","error":""},"_links":{"self":[{"href":"https:\/\/www.europesays.com\/fr\/wp-json\/wp\/v2\/posts\/353842","targetHints":{"allow":["GET"]}}],"collection":[{"href":"https:\/\/www.europesays.com\/fr\/wp-json\/wp\/v2\/posts"}],"about":[{"href":"https:\/\/www.europesays.com\/fr\/wp-json\/wp\/v2\/types\/post"}],"author":[{"embeddable":true,"href":"https:\/\/www.europesays.com\/fr\/wp-json\/wp\/v2\/users\/2"}],"replies":[{"embeddable":true,"href":"https:\/\/www.europesays.com\/fr\/wp-json\/wp\/v2\/comments?post=353842"}],"version-history":[{"count":0,"href":"https:\/\/www.europesays.com\/fr\/wp-json\/wp\/v2\/posts\/353842\/revisions"}],"wp:featuredmedia":[{"embeddable":true,"href":"https:\/\/www.europesays.com\/fr\/wp-json\/wp\/v2\/media\/353843"}],"wp:attachment":[{"href":"https:\/\/www.europesays.com\/fr\/wp-json\/wp\/v2\/media?parent=353842"}],"wp:term":[{"taxonomy":"category","embeddable":true,"href":"https:\/\/www.europesays.com\/fr\/wp-json\/wp\/v2\/categories?post=353842"},{"taxonomy":"post_tag","embeddable":true,"href":"https:\/\/www.europesays.com\/fr\/wp-json\/wp\/v2\/tags?post=353842"}],"curies":[{"name":"wp","href":"https:\/\/api.w.org\/{rel}","templated":true}]}}