{"id":353844,"date":"2025-08-30T05:30:16","date_gmt":"2025-08-30T05:30:16","guid":{"rendered":"https:\/\/www.europesays.com\/fr\/353844\/"},"modified":"2025-08-30T05:30:16","modified_gmt":"2025-08-30T05:30:16","slug":"pourquoi-le-prince-harry-revient-il-au-royaume-uni","status":"publish","type":"post","link":"https:\/\/www.europesays.com\/fr\/353844\/","title":{"rendered":"Pourquoi le prince Harry revient-il au Royaume-Uni ?"},"content":{"rendered":"<p class=\"article-p mdl\">Le prince Harry est de retour au Royaume-Uni. Il y sera le 8 septembre pour assister \u00e0 une remise de prix dans le cadre de son action caritative. Cependant, cette date est loin d&rsquo;\u00eatre anodine.<\/p>\n<p class=\"article-p mdl\">Ce retour suscite toujours la curiosit\u00e9. Depuis sa rupture avec la famille royale en 2020, Harry vit\u00a0<a class=\"link\" href=\"https:\/\/www.rtl.fr\/actu\/international\/pourquoi-donald-trump-n-expulsera-pas-le-prince-harry-des-etats-unis-7900471016\" title=\"Pourquoi Donald Trump n&#039;expulsera pas le prince Harry des \u00c9tats-Unis\" target=\"_blank\" rel=\"nofollow noopener\">en Californie.<\/a>\u00a0Pourtant, le prince \u00ab\u00a0va assister \u00e0 la c\u00e9r\u00e9monie du 20\u1d49 anniversaire des WellChild Awards\u00a0\u00bb, a indiqu\u00e9 cette organisation qui aide les enfants malades.<\/p>\n<p class=\"article-p mdl\">Cette association lui tient \u00e0 c\u0153ur.\u00a0<a class=\"link\" href=\"https:\/\/www.rtl.fr\/actu\/international\/prince-harry-ce-que-l-on-sait-des-accusations-de-harcelement-contre-le-fils-cadet-de-charles-iii-7900488914\" title=\"Prince Harry : ce que l\u2019on sait des accusations de &quot;harc\u00e8lement&quot; contre le fils cadet de Charles III\" target=\"_blank\" rel=\"nofollow noopener\">Le duc de Sussex<\/a>\u00a0en est le parrain <strong>depuis 17 ans. <\/strong>\u00ab\u00a0Je me sens toujours privil\u00e9gi\u00e9 d\u2019assister aux WellChild Awards\u00a0\u00bb, a-t-il d\u00e9clar\u00e9, cit\u00e9 par l&rsquo;organisation caritative. Lors de la c\u00e9r\u00e9monie, il est pr\u00e9vu qu&rsquo;il rencontre des enfants gravement malades et leurs familles, et qu&rsquo;il remette un prix \u00e0 un jeune \u00ab\u00a0enfant inspirant\u00a0\u00bb.<\/p>\n<p>            Le souvenir d&rsquo;Elizabeth II plane<\/p>\n<p class=\"article-p mdl\">La date de ce voyage r\u00e9sonne \u00e9trangement puisque ce sera le jour du troisi\u00e8me anniversaire<strong> du d\u00e9c\u00e8s de sa grand-m\u00e8re <\/strong>Elizabeth II, morte le 8 septembre 2022 dans sa r\u00e9sidence de Balmoral en \u00c9cosse.\u00a0<\/p>\n<p class=\"article-p mdl\">Quelques jours plus tard, les princes William et Harry, avec leurs \u00e9pouses Kate et Meghan, \u00e9taient apparus c\u00f4te \u00e0 c\u00f4te, mais distants, en habits de deuil au ch\u00e2teau de Windsor. C&rsquo;est<a class=\"link\" href=\"https:\/\/www.rtl.fr\/actu\/international\/le-prince-harry-assure-qu-il-lui-est-impossible-de-revenir-avec-sa-femme-et-ses-enfants-7900500878\" title=\"Le prince Harry assure qu&#039;il lui est &quot;impossible&quot; de revenir au Royaume-Uni avec sa femme et ses enfants\" target=\"_blank\" rel=\"nofollow noopener\"> la derni\u00e8re fois<\/a>\u00a0qu&rsquo;ils ont \u00e9t\u00e9 vus ensemble.\u00a0<\/p>\n<p class=\"article-p mdl\">Le froid entre Harry et la famille royale s&rsquo;est encore aggrav\u00e9 d\u00e9but 2023, quand le prince a publi\u00e9 ses m\u00e9moires Le Suppl\u00e9ant, dans lesquels il cible particuli\u00e8rement son fr\u00e8re et <strong>la princesse Kate.\u00a0\u00a0<\/strong><\/p>\n<p>            R\u00e9conciliation en vue ?<\/p>\n<p class=\"article-p mdl\">Sa venue au Royaume-Uni promet d&rsquo;alimenter des sp\u00e9culations sur <strong>une \u00e9ventuelle r\u00e9conciliation<\/strong> avec la famille royale. Le prince de 40 ans a assur\u00e9 en mai vouloir\u00a0<a class=\"link\" href=\"https:\/\/www.rtl.fr\/actu\/international\/j-aimerais-me-reconcilier-avec-eux-le-prince-harry-evoque-la-famille-royale-7900500900\" title=\"&quot;J&#039;aimerais me r\u00e9concilier avec eux&quot; : le prince Harry \u00e9voque la famille royale\" target=\"_blank\" rel=\"nofollow noopener\">se r\u00e9concilier<\/a>\u00a0avec son p\u00e8re, le roi Charles III, dans un entretien \u00e0 la BBC.\u00a0<\/p>\n<p class=\"article-p mdl\">Harry a \u00e9t\u00e9 vu pour la derni\u00e8re fois au Royaume-Uni en mai, \u00e0 l&rsquo;occasion d&rsquo;<a class=\"link\" href=\"https:\/\/www.rtl.fr\/actu\/international\/prince-harry-quel-est-ce-recours-en-justice-concernant-sa-protection-qu-il-a-perdu-7900500829\" title=\"Prince Harry : quel est ce recours en justice concernant sa protection qu&#039;il a perdu ?\" target=\"_blank\" rel=\"nofollow noopener\">une audience judiciaire<\/a>\u00a0sur la prise en charge de sa s\u00e9curit\u00e9.\u00a0<\/p>\n<p class=\"article-p mdl\">Mais en juillet, le journal Mail on Sunday a publi\u00e9 des photos d&rsquo;une r\u00e9union de conseillers du roi et de Harry, pr\u00e9sent\u00e9e comme une premi\u00e8re \u00e9tape vers un rapprochement.\u00a0<\/p>\n<p>    La r\u00e9daction vous recommande<\/p>\n<p class=\"s-newsletter__title\">\n                L\u2019actualit\u00e9 par la r\u00e9daction de RTL dans votre bo\u00eete mail.\n            <\/p>\n<p class=\"s-newsletter__subtitle\">\n                Gr\u00e2ce \u00e0 votre compte RTL abonnez-vous \u00e0 la newsletter RTL info pour suivre toute l&rsquo;actualit\u00e9 au quotidien\n            <\/p>\n<p>\n                                    Lire la suite\n                                <\/p>\n","protected":false},"excerpt":{"rendered":"Le prince Harry est de retour au Royaume-Uni. Il y sera le 8 septembre pour assister \u00e0 une&hellip;\n","protected":false},"author":2,"featured_media":353845,"comment_status":"","ping_status":"","sticky":false,"template":"","format":"standard","meta":{"footnotes":""},"categories":[1588],"tags":[11,4708,1777,674,107,1922,908,12,267,2694,49012,473,1853,971,1851,1850,1852],"class_list":{"0":"post-353844","1":"post","2":"type-post","3":"status-publish","4":"format-standard","5":"has-post-thumbnail","7":"category-royaume-uni","8":"tag-actualites","9":"tag-angleterre","10":"tag-eu","11":"tag-europe","12":"tag-fil-info","13":"tag-info","14":"tag-meghan-markle","15":"tag-news","16":"tag-prince-harry","17":"tag-proces","18":"tag-reine-dangleterre","19":"tag-royaume-uni","20":"tag-royaume-uni-de-grande-bretagne-et-dirlande-du-nord","21":"tag-royaute","22":"tag-uk","23":"tag-united-kingdom","24":"tag-united-kingdom-of-great-britain-and-northern-ireland"},"share_on_mastodon":{"url":"https:\/\/pubeurope.com\/@fr\/115116076168564824","error":""},"_links":{"self":[{"href":"https:\/\/www.europesays.com\/fr\/wp-json\/wp\/v2\/posts\/353844","targetHints":{"allow":["GET"]}}],"collection":[{"href":"https:\/\/www.europesays.com\/fr\/wp-json\/wp\/v2\/posts"}],"about":[{"href":"https:\/\/www.europesays.com\/fr\/wp-json\/wp\/v2\/types\/post"}],"author":[{"embeddable":true,"href":"https:\/\/www.europesays.com\/fr\/wp-json\/wp\/v2\/users\/2"}],"replies":[{"embeddable":true,"href":"https:\/\/www.europesays.com\/fr\/wp-json\/wp\/v2\/comments?post=353844"}],"version-history":[{"count":0,"href":"https:\/\/www.europesays.com\/fr\/wp-json\/wp\/v2\/posts\/353844\/revisions"}],"wp:featuredmedia":[{"embeddable":true,"href":"https:\/\/www.europesays.com\/fr\/wp-json\/wp\/v2\/media\/353845"}],"wp:attachment":[{"href":"https:\/\/www.europesays.com\/fr\/wp-json\/wp\/v2\/media?parent=353844"}],"wp:term":[{"taxonomy":"category","embeddable":true,"href":"https:\/\/www.europesays.com\/fr\/wp-json\/wp\/v2\/categories?post=353844"},{"taxonomy":"post_tag","embeddable":true,"href":"https:\/\/www.europesays.com\/fr\/wp-json\/wp\/v2\/tags?post=353844"}],"curies":[{"name":"wp","href":"https:\/\/api.w.org\/{rel}","templated":true}]}}